{"id":66481,"date":"2024-12-29T12:54:47","date_gmt":"2024-12-29T12:54:47","guid":{"rendered":"https:\/\/www.ecoitaliano.com.ar\/?p=66481"},"modified":"2024-12-29T12:54:47","modified_gmt":"2024-12-29T12:54:47","slug":"gran-concerto-di-capodanno-orchestra-sinfonica-della-radio-e-televisione-di-kiev-camerata-musicale-di-sulmona-gran-concerto-di-capodanno-orchestra-sinfonica-della-radio-e-televisione-di-kiev","status":"publish","type":"post","link":"https:\/\/www.ecoitaliano.com.ar\/?p=66481","title":{"rendered":"GRAN CONCERTO DI CAPODANNO Orchestra Sinfonica della Radio e Televisione di Kiev &#8211; Camerata Musicale di Sulmona &#8211; GRAN CONCERTO DI CAPODANNO Orchestra Sinfonica della Radio e Televisione di Kiev"},"content":{"rendered":"\n<figure class=\"wp-block-image\"><img decoding=\"async\" src=\"https:\/\/mail.google.com\/mail\/u\/2?ui=2&amp;ik=a91c2962d6&amp;attid=0.0.2&amp;permmsgid=msg-f:1819779239712546785&amp;th=19412793b0b25fe1&amp;view=fimg&amp;fur=ip&amp;permmsgid=msg-f:1819779239712546785&amp;sz=s0-l75-ft&amp;attbid=ANGjdJ8exQgxA26he9bQufmY9DYkQyHR92dSCo1DWb8_jkL35eYUNifbrSP4FJqj9gESKxPV1IVGPMC-dKfXF7fOtX0lyRC07NckfA1nRsKp7K5BBmo5mh0FbjXkP-I&amp;disp=emb&amp;realattid=ii_m59ll39e1&amp;zw\" alt=\"OrchSinf.RTVKYEV.jpg\"\/><\/figure>\n\n\n\n<figure class=\"wp-block-image\"><img decoding=\"async\" src=\"https:\/\/mail.google.com\/mail\/u\/2?ui=2&amp;ik=a91c2962d6&amp;attid=0.0.1&amp;permmsgid=msg-f:1819779239712546785&amp;th=19412793b0b25fe1&amp;view=fimg&amp;fur=ip&amp;permmsgid=msg-f:1819779239712546785&amp;sz=s0-l75-ft&amp;attbid=ANGjdJ853AJnMM23PkMQil25-gotLfd3tiXcuwe62kuohCORwZYQwvMyMvjunnka7b8AvjsEs0L2z43QxJoOqtw1dSeErmFrUkpqz5hg0NOvkWLwstxVcY2se_f_L8M&amp;disp=emb&amp;realattid=ii_m59lk9mc0&amp;zw\" alt=\"image.png\"\/><\/figure>\n\n\n\n<p><strong>Camerata Musicale Stagione 2024 \u2013 2025<\/strong><\/p>\n\n\n\n<p><strong>Direttore Artistico M\u00b0Gaetano Di Bacco<\/strong><\/p>\n\n\n\n<p><strong>&nbsp;<\/strong><strong>GRAN CONCERTO DI CAPODANNO<\/strong><\/p>\n\n\n\n<p><strong>&nbsp;&nbsp;<\/strong><strong>Orchestra Sinfonica della Radio e Televisione di Kiev&nbsp;<\/strong><\/p>\n\n\n\n<p><strong>&nbsp;<\/strong><strong>Hobart Earle<\/strong>&nbsp;&nbsp;<em>direttore<\/em><\/p>\n\n\n\n<p><strong>Teatro Comunale \u201cMaria Caniglia\u201d di &nbsp;Sulmona<\/strong><\/p>\n\n\n\n<p><strong>mercoled\u00ec 1 gennaio 2025 &#8211; ore 17.30<\/strong><\/p>\n\n\n\n<p>Bollicine di auguri tra valzer e polka, un programma \u201cscoppiettante\u201d per salutare il nuovo anno in bellezza: \u00e8 la proposta della Camerata Musicale&nbsp;per il tradizionale Concerto di Capodanno al Teatro Comunale \u201cM.Caniglia\u201d di Sulmona,mercoled\u00ec 1 gennaio 2025 alle ore 17.30. Una serata scandita da un programma musicale&nbsp;stimolante e gioioso con una selezione di pagine di&nbsp;Strauss che si concluder\u00e0 con le immancabili notedel valze<em>r Sul Bel Danubio Blu<\/em>&nbsp;e il ritmo incalzante della&nbsp;&nbsp;<em>Radetzky Marsch.&nbsp;<\/em>Alla fine il&nbsp;pubblico potr\u00e0 scambiarsi gli auguri nel foyer, tra brindisi e panettone, insieme agli orchestrali, al Direttore Artistico della Camerata Gaetano Di Bacco e al Presidente Lando Sciuba.<\/p>\n\n\n\n<p>Sar\u00e0 l\u2019Orchestra Sinfonica della Radio e Televisione di Kiev diretta dal&nbsp; M\u00b0 Volodymyr Sheiko ad inaugurare il nuovo anno con l\u2019atmosfera delle grandi occasioni. Non sono nuovi, sia i musicisti che il direttore Earle, al pubblico di Sulmona che negli anni trascorsi dall\u2019inizio della guerra in Ucraina ha dimostrato loro, in varie occasioni,una grande solidariet\u00e0 anche concreta. La Camerata infatti, gi\u00e0 nelle prime settimane di guerra aveva deciso di&nbsp;offrire la sua Sala Concerti nella prestigiosa, storica sede in Vico dei Sardi, come accoglienza e punto di&nbsp;&nbsp; riferimento per i musicisti ucraini. Una sorta di gemellaggio tra chi coltiva la passione per la musica e chi la alimenta con il proprio lavoro. E da quel momento non \u00e8 mancata mai la presenza di artisti e orchestre ucraine nel programma annuale della Camerata Musicale.<\/p>\n\n\n\n<p>Tutto esaurito al Teatro Comunale M.Caniglia &nbsp;mercoled\u00ec 1gennaio &nbsp;per il concerto di capodanno&nbsp;affidato a questa prestigiosa formazione che&nbsp;ha una storia di oltre 85 anni di lavoro e di grandi successi in tourn\u00e9e realizzate in tutto il mondo. Il 5 ottobre 1929 \u00e8 iniziata l\u2019attivit\u00e0 concertistica &nbsp;con 45 musicisti stabili che proposero al pubblico di Kharkov (precedente capitale Ucraina) un ciclo con le sinfonie ed i poemi sinfonici composti da P.I Cajkovskij. In seguito la sede fu trasferita a Kiev ed i musicisti stabili divennero 60. Nel corso della sua pluridecennale attivit\u00e0, la RTV KIEV \u00e8 stata diretta dai pi\u00f9 importanti direttori russi e si \u00e8 contraddistinta per il rilievo dato nella conservazione e valorizzazione delle tradizioni musicali dell\u2019Europa orientale, con un archivio che comprende pi\u00f9 di 10.000 incisioni di composizioni orchestrali effettuate a Kiev &nbsp;in uno dei pi\u00f9 grandi studi di registrazione a livello europeo. L\u2019incessante attivit\u00e0 istituzionale in patria ed oltre confine, e la partecipazione a vari prestigiosi Festival musicali (anche con brani in prima esecuzione assoluta) ha consentito &nbsp;all\u2019 Orchestra di raggiungere lo status come migliore compagine strumentale dell\u2019Ucraina.<\/p>\n\n\n\n<p>Dal luglio 2005 il M\u00b0 Volodymyr Sheiko \u00e8 direttore principale e direttore artistico della RTV di KIEV. Nato a Kharkov, studia al Conservatorio di Kiev.&nbsp;Quindi \u00e8 Kappelmeister&nbsp;&nbsp;all\u2019Opera Nazionale di Kiev e si perfeziona al Teatro Bolshoj di Mosca sotto la guida di Fuat Mansurov. Con la direzione di Sheiko, la Orchestra Sinfonica della Radio Nazionale Ucraina realizza oltre 250 registrazioni a favore del Fondo Nazionale della Radio, e numerose tourn\u00e9e all\u2019estero (Italia, Spagna, Portogallo, Belgio, Olanda, Lussemburgo, Polonia, Bielorussia, Algeria, Iran, Corea del Sud). Nel corso della sua carriera, il M\u00b0 Sheiko \u00e8 stato insignito di varie onorificenze dallo Stato Ucraino per l\u2019intensa opera svolta a favore della diffusione musicale: dal \u00abDiploma Onorario del Parlamento\u00bb (2005), fino al recente titolo di \u201cArtista del Popolo\u201d (2015).&nbsp;<strong><em>&nbsp;<\/em><\/strong>&nbsp;<\/p>\n\n\n\n<p><em>programma<\/em><\/p>\n\n\n\n<p><strong>J. Strauss II<\/strong><\/p>\n\n\n\n<p><em>Il pipistrello, Ouverture Op. 362<\/em><\/p>\n\n\n\n<p><em>Sangue viennese, Valzer Op. 345<\/em><\/p>\n\n\n\n<p><em>Klipp Klapp Galop Op. 466<\/em><\/p>\n\n\n\n<p><em>Festa dei fiori Polka Op. 111<\/em><\/p>\n\n\n\n<p><em>Pizzicato Polka Op.234<\/em><\/p>\n\n\n\n<p><em>Kaiser walzer Op. 336<\/em><\/p>\n\n\n\n<p><em>Voci di primavera Op. 410<\/em><\/p>\n\n\n\n<p><em>Treno del piacere Polka, Op. 281<\/em><\/p>\n\n\n\n<p><em>Trisch-Trasch, Polka Op. 214<\/em><\/p>\n\n\n\n<p><strong>C. Offenbach<\/strong><\/p>\n\n\n\n<p><em>Orfeo all\u2019inferno<\/em><\/p>\n\n\n\n<p><strong>J. Strauss II<\/strong><\/p>\n\n\n\n<p><em>Sotto tuoni e fulmini, Polka Op. 324<\/em><\/p>\n\n\n\n<p><em>Sul Bel Danubio Blu Valzer Op. 314<\/em><\/p>\n\n\n\n<p><strong>J. Strauss I<\/strong><\/p>\n\n\n\n<p><em>Radetzky Marsch Op. 228<\/em><\/p>\n\n\n\n<p><strong>PROSSIMO APPUNTAMENTO<\/strong><\/p>\n\n\n\n<p><strong>domenica 12gennaio 2025 &nbsp;ore 17.30<\/strong><\/p>\n\n\n\n<p><strong>Russian Classical Ballet<\/strong><\/p>\n\n\n\n<p><strong>IL LAGO DEI CIGNI &nbsp;<\/strong><\/p>\n\n\n\n<p><strong>&nbsp;&nbsp;&nbsp;&nbsp;&nbsp;&nbsp;&nbsp;&nbsp;&nbsp;&nbsp;&nbsp;&nbsp;&nbsp;&nbsp;&nbsp;&nbsp;&nbsp;&nbsp;&nbsp;&nbsp;&nbsp;&nbsp;&nbsp;&nbsp;&nbsp;&nbsp;&nbsp;&nbsp;&nbsp;&nbsp;&nbsp;&nbsp;&nbsp;&nbsp;&nbsp;&nbsp;&nbsp;&nbsp;&nbsp;&nbsp;&nbsp;&nbsp;&nbsp;&nbsp;&nbsp;&nbsp;&nbsp;&nbsp;&nbsp;&nbsp;&nbsp;&nbsp;&nbsp;&nbsp;&nbsp;&nbsp;&nbsp;&nbsp;&nbsp;&nbsp;&nbsp;&nbsp;&nbsp;&nbsp;&nbsp;&nbsp;&nbsp;&nbsp;&nbsp;&nbsp;&nbsp;&nbsp;&nbsp;&nbsp;&nbsp;&nbsp;&nbsp;&nbsp;&nbsp;&nbsp;&nbsp;&nbsp;&nbsp;&nbsp;&nbsp;&nbsp;&nbsp;&nbsp;&nbsp;&nbsp;&nbsp;&nbsp;&nbsp;&nbsp;&nbsp;&nbsp;&nbsp;&nbsp;&nbsp;&nbsp;&nbsp;&nbsp;&nbsp;&nbsp;&nbsp;&nbsp;&nbsp;&nbsp;&nbsp;&nbsp;&nbsp;&nbsp;&nbsp;&nbsp;&nbsp;&nbsp;&nbsp;&nbsp;&nbsp; &nbsp;&nbsp;&nbsp;&nbsp;&nbsp;&nbsp;&nbsp;&nbsp;&nbsp;&nbsp;&nbsp;&nbsp;&nbsp;&nbsp;&nbsp;&nbsp;&nbsp;&nbsp;&nbsp;&nbsp;&nbsp;&nbsp;&nbsp;&nbsp;&nbsp;&nbsp;&nbsp;&nbsp;&nbsp;&nbsp;&nbsp; Biglietti:&nbsp; \u20ac&nbsp; 25-20-15<\/strong><\/p>\n\n\n\n<p><strong>Abbonamenti: \u20ac 200-160-60&nbsp; XCard \u20ac 60<\/strong><\/p>\n\n\n\n<p><strong>sottoscrizione 5Xmille Info:0864 212207<\/strong><\/p>\n\n\n\n<p>&nbsp;&nbsp;&nbsp;&nbsp;&nbsp;&nbsp;&nbsp;&nbsp;&nbsp;&nbsp;&nbsp;&nbsp;&nbsp;&nbsp;&nbsp;<a href=\"http:\/\/www.cameratamusicalesulmonese.it\/\" target=\"_blank\" rel=\"noreferrer noopener\"><strong>www.cameratamusicalesulmonese.it<\/strong><\/a>&nbsp;<\/p>\n\n\n\n<p><strong><em>Ufficio Stampa<\/em><\/strong><\/p>\n\n\n\n<p><strong><em>Fiorentina Galterio<\/em><\/strong><\/p>\n\n\n\n<p><strong><em>Tel. 338 5260654 &#8211; 349 7031924&nbsp;&nbsp;&nbsp;&nbsp;&nbsp;&nbsp;&nbsp;&nbsp;&nbsp;&nbsp;&nbsp;&nbsp;&nbsp;&nbsp;&nbsp;&nbsp;&nbsp;&nbsp;&nbsp;&nbsp;&nbsp;&nbsp;&nbsp;&nbsp;&nbsp;&nbsp;&nbsp;&nbsp;&nbsp;&nbsp;<\/em><\/strong><\/p>\n\n\n\n<p><a href=\"mailto:stampacameratamusic@gmail.com\" target=\"_blank\" rel=\"noreferrer noopener\"><strong><em>stampacameratamusic<\/em><\/strong>@g<strong><em>mail.com<\/em><\/strong><\/a><strong><em><u><\/u><\/em><\/strong><\/p>\n","protected":false},"excerpt":{"rendered":"<p>Camerata Musicale Stagione 2024 \u2013 2025 Direttore Artistico M\u00b0Gaetano Di Bacco &nbsp;GRAN CONCERTO DI CAPODANNO &nbsp;&nbsp;Orchestra Sinfonica della Radio e [&hellip;]<\/p>\n","protected":false},"author":1,"featured_media":0,"comment_status":"open","ping_status":"open","sticky":false,"template":"","format":"standard","meta":{"footnotes":""},"categories":[10,46],"tags":[],"class_list":["post-66481","post","type-post","status-publish","format-standard","hentry","category-italiano","category-musica"],"_links":{"self":[{"href":"https:\/\/www.ecoitaliano.com.ar\/index.php?rest_route=\/wp\/v2\/posts\/66481","targetHints":{"allow":["GET"]}}],"collection":[{"href":"https:\/\/www.ecoitaliano.com.ar\/index.php?rest_route=\/wp\/v2\/posts"}],"about":[{"href":"https:\/\/www.ecoitaliano.com.ar\/index.php?rest_route=\/wp\/v2\/types\/post"}],"author":[{"embeddable":true,"href":"https:\/\/www.ecoitaliano.com.ar\/index.php?rest_route=\/wp\/v2\/users\/1"}],"replies":[{"embeddable":true,"href":"https:\/\/www.ecoitaliano.com.ar\/index.php?rest_route=%2Fwp%2Fv2%2Fcomments&post=66481"}],"version-history":[{"count":0,"href":"https:\/\/www.ecoitaliano.com.ar\/index.php?rest_route=\/wp\/v2\/posts\/66481\/revisions"}],"wp:attachment":[{"href":"https:\/\/www.ecoitaliano.com.ar\/index.php?rest_route=%2Fwp%2Fv2%2Fmedia&parent=66481"}],"wp:term":[{"taxonomy":"category","embeddable":true,"href":"https:\/\/www.ecoitaliano.com.ar\/index.php?rest_route=%2Fwp%2Fv2%2Fcategories&post=66481"},{"taxonomy":"post_tag","embeddable":true,"href":"https:\/\/www.ecoitaliano.com.ar\/index.php?rest_route=%2Fwp%2Fv2%2Ftags&post=66481"}],"curies":[{"name":"wp","href":"https:\/\/api.w.org\/{rel}","templated":true}]}}