{"id":66625,"date":"2025-01-07T14:58:50","date_gmt":"2025-01-07T14:58:50","guid":{"rendered":"https:\/\/www.ecoitaliano.com.ar\/?p=66625"},"modified":"2025-01-07T14:58:50","modified_gmt":"2025-01-07T14:58:50","slug":"il-regista-internazionale-adriano-sinivia-torna-a-venezia-2","status":"publish","type":"post","link":"https:\/\/www.ecoitaliano.com.ar\/?p=66625","title":{"rendered":"Il regista internazionale Adriano Sinivia torna a Venezia"},"content":{"rendered":"\n<p><\/p>\n\n\n<div class=\"wp-block-image\">\n<figure class=\"aligncenter size-large\"><a href=\"http:\/\/www.ecoitaliano.com.ar\/wp-content\/uploads\/2025\/01\/Adriano-Sinivia.jpeg\"><img decoding=\"async\" width=\"680\" height=\"1024\" src=\"http:\/\/www.ecoitaliano.com.ar\/wp-content\/uploads\/2025\/01\/Adriano-Sinivia-680x1024.jpeg\" alt=\"\" class=\"wp-image-66626\" srcset=\"https:\/\/www.ecoitaliano.com.ar\/wp-content\/uploads\/2025\/01\/Adriano-Sinivia-680x1024.jpeg 680w, https:\/\/www.ecoitaliano.com.ar\/wp-content\/uploads\/2025\/01\/Adriano-Sinivia-199x300.jpeg 199w, https:\/\/www.ecoitaliano.com.ar\/wp-content\/uploads\/2025\/01\/Adriano-Sinivia-100x150.jpeg 100w, https:\/\/www.ecoitaliano.com.ar\/wp-content\/uploads\/2025\/01\/Adriano-Sinivia.jpeg 684w\" sizes=\"(max-width: 680px) 100vw, 680px\" \/><\/a><\/figure><\/div>\n\n\n<figure class=\"wp-block-gallery has-nested-images columns-default is-cropped wp-block-gallery-1 is-layout-flex wp-block-gallery-is-layout-flex\">\n<figure class=\"wp-block-image size-large\"><a href=\"https:\/\/www.ecoitaliano.com.ar\/wp-content\/uploads\/2025\/01\/Adriano-Sinivia-1-scaled.jpeg\"><img decoding=\"async\" width=\"768\" height=\"1024\" data-id=\"66627\" src=\"https:\/\/www.ecoitaliano.com.ar\/wp-content\/uploads\/2025\/01\/Adriano-Sinivia-1-768x1024.jpeg\" alt=\"\" class=\"wp-image-66627\" srcset=\"https:\/\/www.ecoitaliano.com.ar\/wp-content\/uploads\/2025\/01\/Adriano-Sinivia-1-768x1024.jpeg 768w, https:\/\/www.ecoitaliano.com.ar\/wp-content\/uploads\/2025\/01\/Adriano-Sinivia-1-225x300.jpeg 225w, https:\/\/www.ecoitaliano.com.ar\/wp-content\/uploads\/2025\/01\/Adriano-Sinivia-1-1152x1536.jpeg 1152w, https:\/\/www.ecoitaliano.com.ar\/wp-content\/uploads\/2025\/01\/Adriano-Sinivia-1-1536x2048.jpeg 1536w, https:\/\/www.ecoitaliano.com.ar\/wp-content\/uploads\/2025\/01\/Adriano-Sinivia-1-113x150.jpeg 113w, https:\/\/www.ecoitaliano.com.ar\/wp-content\/uploads\/2025\/01\/Adriano-Sinivia-1-scaled.jpeg 1920w\" sizes=\"(max-width: 768px) 100vw, 768px\" \/><\/a><\/figure>\n\n\n\n<figure class=\"wp-block-image size-large\"><a href=\"https:\/\/www.ecoitaliano.com.ar\/wp-content\/uploads\/2025\/01\/Adriano-Sinivia-con-Cecilia-Bartoli-direttrice-opera-di-Montecarlo.jpg\"><img decoding=\"async\" width=\"1024\" height=\"683\" data-id=\"66628\" src=\"https:\/\/www.ecoitaliano.com.ar\/wp-content\/uploads\/2025\/01\/Adriano-Sinivia-con-Cecilia-Bartoli-direttrice-opera-di-Montecarlo-1024x683.jpg\" alt=\"\" class=\"wp-image-66628\" srcset=\"https:\/\/www.ecoitaliano.com.ar\/wp-content\/uploads\/2025\/01\/Adriano-Sinivia-con-Cecilia-Bartoli-direttrice-opera-di-Montecarlo-1024x683.jpg 1024w, https:\/\/www.ecoitaliano.com.ar\/wp-content\/uploads\/2025\/01\/Adriano-Sinivia-con-Cecilia-Bartoli-direttrice-opera-di-Montecarlo-300x200.jpg 300w, https:\/\/www.ecoitaliano.com.ar\/wp-content\/uploads\/2025\/01\/Adriano-Sinivia-con-Cecilia-Bartoli-direttrice-opera-di-Montecarlo-768x512.jpg 768w, https:\/\/www.ecoitaliano.com.ar\/wp-content\/uploads\/2025\/01\/Adriano-Sinivia-con-Cecilia-Bartoli-direttrice-opera-di-Montecarlo-1536x1025.jpg 1536w, https:\/\/www.ecoitaliano.com.ar\/wp-content\/uploads\/2025\/01\/Adriano-Sinivia-con-Cecilia-Bartoli-direttrice-opera-di-Montecarlo-150x100.jpg 150w, https:\/\/www.ecoitaliano.com.ar\/wp-content\/uploads\/2025\/01\/Adriano-Sinivia-con-Cecilia-Bartoli-direttrice-opera-di-Montecarlo.jpg 2000w\" sizes=\"(max-width: 1024px) 100vw, 1024px\" \/><\/a><figcaption class=\"wp-element-caption\">Amis de l&#8217;Op\u00e9ra<\/figcaption><\/figure>\n\n\n\n<figure class=\"wp-block-image size-large\"><a href=\"https:\/\/www.ecoitaliano.com.ar\/wp-content\/uploads\/2025\/01\/Capture-decran-2024-12-27-a-16.11.43.png\"><img decoding=\"async\" width=\"1024\" height=\"606\" data-id=\"66629\" src=\"https:\/\/www.ecoitaliano.com.ar\/wp-content\/uploads\/2025\/01\/Capture-decran-2024-12-27-a-16.11.43-1024x606.png\" alt=\"\" class=\"wp-image-66629\" srcset=\"https:\/\/www.ecoitaliano.com.ar\/wp-content\/uploads\/2025\/01\/Capture-decran-2024-12-27-a-16.11.43-1024x606.png 1024w, https:\/\/www.ecoitaliano.com.ar\/wp-content\/uploads\/2025\/01\/Capture-decran-2024-12-27-a-16.11.43-300x177.png 300w, https:\/\/www.ecoitaliano.com.ar\/wp-content\/uploads\/2025\/01\/Capture-decran-2024-12-27-a-16.11.43-768x454.png 768w, https:\/\/www.ecoitaliano.com.ar\/wp-content\/uploads\/2025\/01\/Capture-decran-2024-12-27-a-16.11.43-150x89.png 150w, https:\/\/www.ecoitaliano.com.ar\/wp-content\/uploads\/2025\/01\/Capture-decran-2024-12-27-a-16.11.43.png 1212w\" sizes=\"(max-width: 1024px) 100vw, 1024px\" \/><\/a><\/figure>\n<\/figure>\n\n\n\n<p><a><\/a> COMUNICATO STAMPA<\/p>\n\n\n\n<p><strong>Adriano Sinivia, un veneziano di successo internazionale <\/strong><strong>torna a vivere nella sua Citt\u00e0&nbsp;<\/strong><\/p>\n\n\n\n<p>Venezia, la citt\u00e0 meravigliosa, ha fra i problemi che la affliggono quello del crollo demografico. A prescindere dallo snaturamento socioeconomico che ne deriva e dalle scelte politiche e amministrative che hanno portato a questa situazione, \u00e8 importante segnalare qualche isolato caso di chi decide, dopo aver seminato arte e cultura con successo all\u2019estero, di tornare.&nbsp;Fra queste personalit\u00e0 controtendenza c\u2019\u00e8 Adriano Sinivia, il cui \u00abL\u2019Elisir d\u2019Amore\u00bb continua ad incantare da ben 12 anni il pubblico dei teatri fra i pi\u00f9 prestigiosi d\u2019Europa e che attualmente \u00e8 stato in cartellone all\u2019Opera di Montecarlo fino al 31 dicembre.<\/p>\n\n\n\n<p>Nato a Venezia,&nbsp;Adriano Sinivia,&nbsp;giovanissimo, era gi\u00e0 molto attratto dal mondo delle arti. Inizia la sua ricerca espressiva dedicandosi alla pittura e alla danza. Nonostante il suo amore per la pittura, che gli permise di esporre in diverse gallerie, le arti dello spettacolo lo affascinano sempre di pi\u00f9.&nbsp; Studia scenografia all&#8217;Accademia di Belle Arti di Venezia e, allo stesso tempo, si dedica con un gruppo all\u2019animazione teatrale al servizio di cause sociali come il femminismo, i quartieri disagiati ed i centri psichiatrici.&nbsp; Appena diplomato lascia la sua citt\u00e0 natale per iscriversi alla Scuola Nazionale di Circo Annie Fratellini di Parigi.&nbsp;L&#8217;anno successivo si iscrive alla Scuola Internazionale di Mimodramma di Marcel Marceau, si diploma nel 1981 e diventa suo partner di scena con il quale intraprende una tourn\u00e9e mondiale. Nel 1982 la Biennale di Venezia gli offre per la prima volta l&#8217;opportunit\u00e0 di scrivere e dirigere i suoi spettacoli. \u201cMezz&#8217;Ora Di Luna\u201d e \u201cUna Delle Ultime Sere di Carnovale\u201d quest\u2019ultimo avr\u00e0 un grande successo e sar\u00e0 rappresentato a Napoli, a Pompei e poi successivamente a Parigi ed in altre citt\u00e0 francesi.&nbsp;Nello stesso anno fonda e dirige a Parigi una compagnia di ricerca teatrale e creazione coreografica con la quale realizza diversi spettacoli.&nbsp; Viene notato dall&#8217;Opera di Parigi, che gli chiede di mettere in scena una delle sue produzioni.&nbsp;<\/p>\n\n\n\n<p>Da allora \u00e8 stato chiamato a mettere in scena opere liriche nei luoghi pi\u00f9 prestigiosi teatri d\u2019Europa. Parallelamente insegna teatro al CDAS di Parigi ed \u00e8 invitato a tenere diversi workshop in scuole come la TNS di Strasburgo, l&#8217;Atelier Lyrique de l&#8217;Op\u00e9ra de Lyon, la Haute \u00e9cole de Musique de Gen\u00e8ve o ancora Stage Entertainment France.<\/p>\n\n\n\n<p>\u00ab Sono tornato da poco a vivere nella mia citt\u00e0 natale \u2013 dice Adriano che, nonostante i molti anni passati all\u2019estero, ha molti amici e gode di grande stima e simpatia fra calli e campielli \u2013 e desidero poter creare a Venezia un laboratorio di ricerca teatrale e gestuale con persone la cui passione \u00e8 l\u2019arte della scena; grazie a mio figlio (Alvise Sinivia), che ha vissuto recentemente qualche anno a Venezia, ho potuto incontrare giovani talentuosi in diverse discipline, che spaziano dai video alla musica sperimentale e con cui non mi dispiacerebbe collaborare \u00bb.<\/p>\n\n\n\n<p>I primi contatti sono cominciati. \u00ab Ora \u2013 continua Sinivia \u2013 mi rendo conto che \u00e8 mio compito quantomeno fare sapere che sono qui e che il mio obiettivo \u00e8 poter trasmettere un po\u2019 del mio bagaglio finch\u00e9 il mio corpo me lo permette.&nbsp;Riprendere, inoltre, con maggior impeto il dialogo con amici come l\u2019attore e regista, Gianni De Luigi, di cui ho grande stima, Giannantonio de Vincenzo carissimo amico di lunga data e fondatore della Scuola di musica \u00ab&nbsp;Suono improvviso&nbsp;\u00bb, con istituzioni dedicate ai giovani come l\u2019Accademia di Belle Arti di Venezia, Ca\u2019 Foscari, il Conservatorio o con luoghi con una grande storia alle spalle come il Teatro dell\u2019Avogaria&nbsp;\u00bb.<\/p>\n\n\n\n<p>Poi, come regista d\u2019opera, Sinivia \u00e8 alla Fenice che amerebbe presentarsi al pubblico veneziano\u2026 \u00ab L\u00e0 dove 45 anni fa in calzamaglia da mimo inaugurato il Carnevale, accanto all\u2019immenso Marcel Marceau!!!&nbsp;\u00bb.<\/p>\n\n\n\n<p><strong>Maggiori informazioni: <\/strong><a href=\"http:\/\/www.adrianosinivia.com\/\"><u><strong>www.adrianosinivia.com<\/strong><\/u><\/a><\/p>\n\n\n\n<p><strong>U fficio Stampa e comunicazione:<\/strong><\/p>\n\n\n\n<p><strong>Davide Federici | +39 331 526 5149 | <\/strong><a href=\"mailto:info@davidefederici.it\"><u><strong>info@davidefederici.it<\/strong><\/u><\/a><strong> | h<\/strong><a href=\"https:\/\/www.davidefederici.it\/\"><u><strong>ttps:\/\/www.davidefederici.it\/<\/strong><\/u><\/a><\/p>\n","protected":false},"excerpt":{"rendered":"<p>COMUNICATO STAMPA Adriano Sinivia, un veneziano di successo internazionale torna a vivere nella sua Citt\u00e0&nbsp; Venezia, la citt\u00e0 meravigliosa, ha [&hellip;]<\/p>\n","protected":false},"author":1,"featured_media":0,"comment_status":"open","ping_status":"open","sticky":false,"template":"","format":"standard","meta":{"footnotes":""},"categories":[33,10],"tags":[],"class_list":["post-66625","post","type-post","status-publish","format-standard","hentry","category-espectaculo","category-italiano"],"_links":{"self":[{"href":"https:\/\/www.ecoitaliano.com.ar\/index.php?rest_route=\/wp\/v2\/posts\/66625","targetHints":{"allow":["GET"]}}],"collection":[{"href":"https:\/\/www.ecoitaliano.com.ar\/index.php?rest_route=\/wp\/v2\/posts"}],"about":[{"href":"https:\/\/www.ecoitaliano.com.ar\/index.php?rest_route=\/wp\/v2\/types\/post"}],"author":[{"embeddable":true,"href":"https:\/\/www.ecoitaliano.com.ar\/index.php?rest_route=\/wp\/v2\/users\/1"}],"replies":[{"embeddable":true,"href":"https:\/\/www.ecoitaliano.com.ar\/index.php?rest_route=%2Fwp%2Fv2%2Fcomments&post=66625"}],"version-history":[{"count":0,"href":"https:\/\/www.ecoitaliano.com.ar\/index.php?rest_route=\/wp\/v2\/posts\/66625\/revisions"}],"wp:attachment":[{"href":"https:\/\/www.ecoitaliano.com.ar\/index.php?rest_route=%2Fwp%2Fv2%2Fmedia&parent=66625"}],"wp:term":[{"taxonomy":"category","embeddable":true,"href":"https:\/\/www.ecoitaliano.com.ar\/index.php?rest_route=%2Fwp%2Fv2%2Fcategories&post=66625"},{"taxonomy":"post_tag","embeddable":true,"href":"https:\/\/www.ecoitaliano.com.ar\/index.php?rest_route=%2Fwp%2Fv2%2Ftags&post=66625"}],"curies":[{"name":"wp","href":"https:\/\/api.w.org\/{rel}","templated":true}]}}