{"id":66673,"date":"2025-01-09T18:20:56","date_gmt":"2025-01-09T18:20:56","guid":{"rendered":"https:\/\/www.ecoitaliano.com.ar\/?p=66673"},"modified":"2025-01-09T18:20:56","modified_gmt":"2025-01-09T18:20:56","slug":"serena-conduce-operaclassica-eco-italiano-3957","status":"publish","type":"post","link":"https:\/\/www.ecoitaliano.com.ar\/?p=66673","title":{"rendered":"Serena conduce operaclassica eco italiano"},"content":{"rendered":"<div class=\"wp-block-image\">\n<figure class=\"aligncenter size-full\"><a href=\"http:\/\/www.ecoitaliano.com.ar\/wp-content\/uploads\/2025\/01\/ghjk-1.jpg\"><img decoding=\"async\" width=\"244\" height=\"119\" src=\"http:\/\/www.ecoitaliano.com.ar\/wp-content\/uploads\/2025\/01\/ghjk-1.jpg\" alt=\"\" class=\"wp-image-66674\" srcset=\"https:\/\/www.ecoitaliano.com.ar\/wp-content\/uploads\/2025\/01\/ghjk-1.jpg 244w, https:\/\/www.ecoitaliano.com.ar\/wp-content\/uploads\/2025\/01\/ghjk-1-150x73.jpg 150w\" sizes=\"(max-width: 244px) 100vw, 244px\" \/><\/a><\/figure><\/div>\n\n\n<p><strong>Comunicato Stampa<\/strong><\/p>\n\n\n\n<p><strong>Lisette Oropesa al Teatro di San Carlo<\/strong><\/p>\n\n\n\n<p><strong>Il recital con il pianista Alessandro Pratic\u00f2<\/strong><\/p>\n\n\n\n<p><strong>Teatro di San Carlo &#8211; Gioved\u00ec 9 gennaio, ore 19.00<\/strong><br><br><a><\/a><\/p>\n\n\n\n<p>Proseguono i grandi recital al <strong>Teatro di San Carlo<\/strong>: <strong>Lisette Oropesa<\/strong> \u00e8 la protagonista del prossimo appuntamento della <strong>Stagione di Concerti 2024-25<\/strong>, in calendario <strong>gioved\u00ec 9 gennaio <\/strong>alle ore <strong>19.00<\/strong>.<\/p>\n\n\n\n<p>La accompagna al pianoforte <strong>Alessandro Pratic\u00f2<\/strong> in un programma che, restando sospeso tra la Francia e l\u2019Italia, annovera <strong>Maurice<\/strong> <strong>Ravel, Leo D\u00e9libes, Jules Massenet <\/strong>e<strong> Georges Bizet, <\/strong>e ancora<strong> Gioachino Rossini, Saverio Mercadante <\/strong>e<strong> Giuseppe Verdi.<\/strong><\/p>\n\n\n\n<p>In apertura, le <em>m\u00e9lodies<\/em> restituiscono i colori e le sonorit\u00e0 della Spagna. \u00c8 il fascino per l\u2019esotismo iberico quello che ammalia la cultura francese nella seconda met\u00e0 del XIX secolo e che si ritrova nella prima parte del programma. A<strong> Ravel<\/strong>, di cui si propone la \u201cChanson Espagnole\u201d dai \u201cChants Populaires\u201d e \u201cVocalise \u00c9tude en forme de Habanera\u201d, segue \u201cLes filles de Cadix\u201ddi <strong>D\u00e9libes<\/strong>. Due le proposte anche per <strong>Jules<\/strong> <strong>Massenet<\/strong>, con \u201cChanson andalouse\u201de \u201cA&nbsp;S\u00e9ville, belles Se\u00f1oras\u201d, e <strong>Georges&nbsp;Bizet<\/strong>, con \u201cOeuvre ton c\u0153ur\u201d&nbsp;e \u201cAdieux de l\u2019h\u00f4tesse arabe\u201d.<\/p>\n\n\n\n<p>\u00c8 un seducente bolero quello che, nel programma, segna il passaggio in Italia: \u201cL\u2019invito\u201d di <strong>Rossini<\/strong>, nella raccolta \u201cSoir\u00e9es musicales\u201d. Incursione napoletana con <strong>Mercadante<\/strong> e le sue due romanze \u201cLa stella\u201d e \u201cLa primavera\u201d, prima di approdare a una scelta di arie da camera di <strong>Giuseppe Verdi<\/strong>: \u201c\u00c8 la vita un mar d\u2019affanni\u201d, \u201cStornello\u201d, \u201cChi i bei d\u00ec m\u2019adduce ancora\u201d e \u201cPerduta ho la pace\u201d. Trait d\u2019union tra le due anime del concerto \u00e8 il brano in chiusura: il bolero \u201cMerci, jeunes amies\u201d da \u201cLes v\u00eapres siciliennes\u201d.<\/p>\n\n\n\n<p><strong>Lisette Oropesa<\/strong>, soprano lirico di coloratura, \u00e8 una delle artiste pi\u00f9 richieste a livello internazionale e si esibisce nei pi\u00f9 importanti teatri d\u2019opera, tra cui la Metropolitan Opera, il Teatro alla Scala, la Wiener Staatsoper e la Royal Opera House &#8211; Covent Garden. Contraddistinta dal suo perfetto legato, dalla tecnica impeccabile e da eccezionale abilit\u00e0 linguistica, Lisette interpreta un ampio repertorio che spazia dal Bel Canto a Mozart, H\u00e4ndel e i compositori francesi. Le sue interpretazioni di Violetta ne <em>La traviata<\/em> le sono valse grandi riconoscimenti al Met, al Covent Garden, al Teatro Real, al Gran Teatre del Liceu, all\u2019Arena di Verona e alla Wiener Staatsoper, tra gli altri.<\/p>\n\n\n\n<p><strong>Alessandro Pratic\u00f2<\/strong>, nato a Reggio Calabria, si diploma in Pianoforte Principale al Conservatorio Francesco Cilea della sua citt\u00e0, sotto la guida del Maestro Rosa Inarta, con il massimo dei voti, lode e menzione d&#8217;onore. Successivamente si perfeziona a Parigi, in repertorio solistico, operistico e cameristico, sotto la guida del Maestro Jean-Marc Bouget. Ha collaborato con importanti direttori d\u2019orchestra, tra i quali Vladimir Jurovskij, Donato Renzetti, Francesco Ivan Ciampa, Massimo Zanetti, Andrea Battistoni, Daniele Rustioni, Fran\u00e7ois Xavier Roth e Giacomo Sagripanti. Accompagna regolarmente nei recital di Lisette Oropesa e Ludovic T\u00e9zier.<\/p>\n\n\n\n<p>\/ Concerto<\/p>\n\n\n\n<p>9 Gennaio 2025<\/p>\n\n\n\n<p><strong>Lisette Oropesa<\/strong><\/p>\n\n\n\n<p>Soprano |&nbsp;<strong>Lisette Oropesa<br><\/strong>Pianoforte |&nbsp;<strong>Alessandro Pratic\u00f2<\/strong>\u266d<\/p>\n\n\n\n<p>Programma<br><strong>Maurice Ravel,<\/strong>&nbsp;<em>Chants Populaires<\/em>&nbsp;\u201cChanson Espagnole\u201d \/ Vocalise \u00c9tude en forme de Habanera<strong>Leo D\u00e9libes,<\/strong>&nbsp;<em>Bol\u00e9ro<\/em>: \u201cLes filles de Cadix\u201d<strong>Jules Massenet,<\/strong>&nbsp;<em>Chanson andalouse \/&nbsp;<\/em>Sevillana: \u201cA&nbsp;S\u00e9ville, belles Se\u00f1oras\u201d<br><strong>Georges Bizet,<\/strong>&nbsp;\u201cOeuvre ton c\u0153ur\u201d&nbsp; \/ \u201cAdieux de l\u2019h\u00f4tesse arabe\u201d<strong>Gioachino Rossini,&nbsp;<\/strong>da&nbsp;<em>Soir\u00e9es musicales,&nbsp;<\/em>\u201cL\u2019invito\u201d<strong>Saverio Mercadante,<\/strong>&nbsp;\u201cLa stella\u201d \/ \u201cLa primavera\u201d<strong>Giuseppe Verdi<br><\/strong>\u201c\u00c8 la vita un mar d\u2019affanni\u201d<br>\u201cStornello\u201d<br>\u201cChi i bei d\u00ec m\u2019adduce ancora\u201d<br>\u201cPerduta ho la pace\u201dda&nbsp;<em>Les v\u00eapres Siciliennes<\/em>, \u201cMerci, jeunes amies\u201d<\/p>\n\n\n\n<p><strong>\u266d<\/strong><strong> debutto al Teatro di San Carlo<\/strong><\/p>\n\n\n\n<p><strong>Teatro di San Carlo | CREMISI<br><\/strong>gioved\u00ec 9 gennaio 2025, ore 19:00 \u2013 S\/P \u2013 BLU \u2013 VIII<\/p>\n\n\n\n<p>Durata: 1 ora e 20 minuti circa, con intervallo<\/p>\n\n\n\n<p><strong><em>Con gentile preghiera di pubblicazione e\/o diffusione<\/em><\/strong><\/p>\n\n\n\n<p><strong>Rossana Russo<\/strong>,<\/p>\n\n\n\n<p>Responsabile della comunicazione creativa e strategica e relazioni con la Stampa<\/p>\n\n\n\n<p><a href=\"mailto:r.russo@teatrosancarlo.it\">r.russo@teatrosancarlo.it<\/a><\/p>\n\n\n\n<p>cell 3357431980<\/p>\n\n\n\n<p><strong>Dipartimento Ricerca, Editoria e Comunicazione<\/strong><strong><\/strong><\/p>\n\n\n\n<p><a href=\"mailto:dipartimentocomunicazione@teatrosancarlo.it\">dipartimentocomunicazione@teatrosancarlo.it<\/a><\/p>\n\n\n\n<p>0817972301<\/p>\n\n\n\n<p>foto<\/p>\n\n\n\n<figure class=\"wp-block-gallery has-nested-images columns-default is-cropped wp-block-gallery-1 is-layout-flex wp-block-gallery-is-layout-flex\">\n<figure class=\"wp-block-image size-large\"><a href=\"https:\/\/www.ecoitaliano.com.ar\/wp-content\/uploads\/2025\/01\/Alessandro-Pratico.jpg\"><img decoding=\"async\" width=\"787\" height=\"525\" data-id=\"66675\" src=\"https:\/\/www.ecoitaliano.com.ar\/wp-content\/uploads\/2025\/01\/Alessandro-Pratico.jpg\" alt=\"\" class=\"wp-image-66675\" srcset=\"https:\/\/www.ecoitaliano.com.ar\/wp-content\/uploads\/2025\/01\/Alessandro-Pratico.jpg 787w, https:\/\/www.ecoitaliano.com.ar\/wp-content\/uploads\/2025\/01\/Alessandro-Pratico-300x200.jpg 300w, https:\/\/www.ecoitaliano.com.ar\/wp-content\/uploads\/2025\/01\/Alessandro-Pratico-768x512.jpg 768w, https:\/\/www.ecoitaliano.com.ar\/wp-content\/uploads\/2025\/01\/Alessandro-Pratico-150x100.jpg 150w\" sizes=\"(max-width: 787px) 100vw, 787px\" \/><\/a><\/figure>\n\n\n\n<figure class=\"wp-block-image size-large\"><a href=\"https:\/\/www.ecoitaliano.com.ar\/wp-content\/uploads\/2025\/01\/Lisette-Oropesa-c-Steven-Harris-scaled.jpg\"><img decoding=\"async\" width=\"1024\" height=\"683\" data-id=\"66676\" src=\"https:\/\/www.ecoitaliano.com.ar\/wp-content\/uploads\/2025\/01\/Lisette-Oropesa-c-Steven-Harris-1024x683.jpg\" alt=\"\" class=\"wp-image-66676\" srcset=\"https:\/\/www.ecoitaliano.com.ar\/wp-content\/uploads\/2025\/01\/Lisette-Oropesa-c-Steven-Harris-1024x683.jpg 1024w, https:\/\/www.ecoitaliano.com.ar\/wp-content\/uploads\/2025\/01\/Lisette-Oropesa-c-Steven-Harris-300x200.jpg 300w, https:\/\/www.ecoitaliano.com.ar\/wp-content\/uploads\/2025\/01\/Lisette-Oropesa-c-Steven-Harris-768x512.jpg 768w, https:\/\/www.ecoitaliano.com.ar\/wp-content\/uploads\/2025\/01\/Lisette-Oropesa-c-Steven-Harris-1536x1024.jpg 1536w, https:\/\/www.ecoitaliano.com.ar\/wp-content\/uploads\/2025\/01\/Lisette-Oropesa-c-Steven-Harris-2048x1365.jpg 2048w, https:\/\/www.ecoitaliano.com.ar\/wp-content\/uploads\/2025\/01\/Lisette-Oropesa-c-Steven-Harris-150x100.jpg 150w\" sizes=\"(max-width: 1024px) 100vw, 1024px\" \/><\/a><\/figure>\n<\/figure>\n","protected":false},"excerpt":{"rendered":"<p>Comunicato Stampa Lisette Oropesa al Teatro di San Carlo Il recital con il pianista Alessandro Pratic\u00f2 Teatro di San Carlo [&hellip;]<\/p>\n","protected":false},"author":1,"featured_media":0,"comment_status":"open","ping_status":"open","sticky":false,"template":"","format":"standard","meta":{"footnotes":""},"categories":[1],"tags":[],"class_list":["post-66673","post","type-post","status-publish","format-standard","hentry","category-sin-categoria"],"_links":{"self":[{"href":"https:\/\/www.ecoitaliano.com.ar\/index.php?rest_route=\/wp\/v2\/posts\/66673","targetHints":{"allow":["GET"]}}],"collection":[{"href":"https:\/\/www.ecoitaliano.com.ar\/index.php?rest_route=\/wp\/v2\/posts"}],"about":[{"href":"https:\/\/www.ecoitaliano.com.ar\/index.php?rest_route=\/wp\/v2\/types\/post"}],"author":[{"embeddable":true,"href":"https:\/\/www.ecoitaliano.com.ar\/index.php?rest_route=\/wp\/v2\/users\/1"}],"replies":[{"embeddable":true,"href":"https:\/\/www.ecoitaliano.com.ar\/index.php?rest_route=%2Fwp%2Fv2%2Fcomments&post=66673"}],"version-history":[{"count":0,"href":"https:\/\/www.ecoitaliano.com.ar\/index.php?rest_route=\/wp\/v2\/posts\/66673\/revisions"}],"wp:attachment":[{"href":"https:\/\/www.ecoitaliano.com.ar\/index.php?rest_route=%2Fwp%2Fv2%2Fmedia&parent=66673"}],"wp:term":[{"taxonomy":"category","embeddable":true,"href":"https:\/\/www.ecoitaliano.com.ar\/index.php?rest_route=%2Fwp%2Fv2%2Fcategories&post=66673"},{"taxonomy":"post_tag","embeddable":true,"href":"https:\/\/www.ecoitaliano.com.ar\/index.php?rest_route=%2Fwp%2Fv2%2Ftags&post=66673"}],"curies":[{"name":"wp","href":"https:\/\/api.w.org\/{rel}","templated":true}]}}