{"id":66749,"date":"2025-01-10T15:56:53","date_gmt":"2025-01-10T15:56:53","guid":{"rendered":"https:\/\/www.ecoitaliano.com.ar\/?p=66749"},"modified":"2025-01-10T15:56:53","modified_gmt":"2025-01-10T15:56:53","slug":"serena-conduce-operaclassica-eco-italiano-3966","status":"publish","type":"post","link":"https:\/\/www.ecoitaliano.com.ar\/?p=66749","title":{"rendered":"Serena conduce operaclassica eco italiano"},"content":{"rendered":"<div class=\"wp-block-image\">\n<figure class=\"aligncenter size-full is-resized\"><a href=\"https:\/\/www.ecoitaliano.com.ar\/wp-content\/uploads\/2025\/01\/image-8.png\"><img decoding=\"async\" width=\"131\" height=\"78\" src=\"https:\/\/www.ecoitaliano.com.ar\/wp-content\/uploads\/2025\/01\/image-8.png\" alt=\"\" class=\"wp-image-66750\" style=\"width:176px;height:auto\"\/><\/a><\/figure><\/div>\n\n\n<p><strong>TCBO: \u201cPARLIAMO D\u2019OPERA\u201d RIPARTE CON<\/strong><\/p>\n\n\n\n<p><strong>PAOLO ROSSI ASPETTANDO \u201cLA FANCIULLA DEL WEST\u201d<\/strong><\/p>\n\n\n\n<p><strong><em>L\u2019attore \u00e8 ospite del primo appuntamento dell\u2019anno, dedicato all\u2019opera di Puccini che inaugura la Stagione lirica &nbsp;<\/em><\/strong><\/p>\n\n\n\n<p><em>Marted\u00ec 14 gennaio all\u2019Auditorium Biagi di Salaborsa, alle 18.30<\/em><\/p>\n\n\n\n<p>\u00c8 l\u2019attore e comico Paolo Rossi il primo ospite dell\u2019edizione 2025 di \u201cParliamo d\u2019Opera\u201d, la rassegna che anche quest\u2019anno accompagna i titoli della Stagione lirica del Teatro Comunale di Bologna, collegando fra loro le trame e i temi ricorrenti degli spettacoli in cartellone e riflettendo &#8211; insieme a personalit\u00e0 della cultura di oggi &#8211; sulla societ\u00e0 attuale, svelando cos\u00ec la perenne contemporaneit\u00e0&nbsp;di questi capolavori.&nbsp;L\u2019appuntamento &#8211; in programma marted\u00ec 14 gennaio alle 18.30 all\u2019Auditorium Biagi di Salaborsa &#8211; esplora&nbsp;<em>La<\/em>&nbsp;f<em>anciulla del West<\/em>&nbsp;di Giacomo Puccini, opera inaugurale in scena al Comunale Nouveau dal 24 al 30 gennaio.<\/p>\n\n\n\n<p>Paolo Rossi, intrattenitore dalla vena poetica e surreale e dalla comicit\u00e0 aggressiva, oltraggiosa e beffarda, ha affiancato alla carriera teatrale quella nell\u2019ambito cinematografico, televisivo e musicale, collaborando con artisti come Dario Fo, Enzo Jannacci, Giorgio Gaber, e si \u00e8 recentemente aggiudicato il Premio di Satira Politica di Forte dei Marmi per la sua ultra-quarantennale carriera teatrale e per l&#8217;interpretazione nel film&nbsp;<em>Gloria!<\/em>&nbsp;di Margherita Vicario<em>.&nbsp;<\/em>In dialogo con i giornalisti Pierfrancesco Pacoda, curatore di \u201cParliamo d\u2019Opera\u201d, e Luca Baccolini, l\u2019artista racconter\u00e0 il suo rapporto con la lirica e ragioner\u00e0 su alcune suggestioni tratte dal capolavoro \u201cwestern\u201d di Puccini.<\/p>\n\n\n\n<p>La rassegna si prepara inoltre quest\u2019anno ad accogliere ospiti come la cantautrice e regista Margherita Vicario, il cantante Lodo Guenzi, il divulgatore letterario Edoardo Prati, il cantautore Raiz, il frontman della band \u201cFast Animals and Slow Kids\u201d Aimone Romizi, il rapper Dutch Nazari e altri.<\/p>\n\n\n\n<p>Gli incontri di \u201cParliamo d\u2019Opera\u201d sono realizzati con il sostegno di&nbsp;Rekeep e in collaborazione con il Settore Cultura e Creativit\u00e0 e il Settore Biblioteche e Welfare culturale del Comune di Bologna, nell\u2019ambito delle azioni di Bologna Citt\u00e0 della Musica Unesco. \u00abSosteniamo \u00abParliamo d&#8217;Opera\u00bb da ormai sei stagioni, \u00e8 proprio a partire da questa iniziativa che \u00e8 cominciata la nostra collaborazione con il Teatro Comunale e rimane il progetto a cui teniamo di pi\u00f9. Adesso come allora siamo convinti che sia importante avvicinare all&#8217;opera nuovo pubblico attraverso la \u00abcontaminazione\u00bb tra generi musicali e generazioni diverse. Siamo, dunque, ancora una volta, felici per questa nuova edizione che inizia e certi che continuer\u00e0 ad attrarre numerosi appassionati spettatori\u00bbha commentato Claudio Levorato, Presidente di Rekeep.<\/p>\n\n\n\n<p>L\u2019ingresso \u00e8 gratuito con prenotazione su&nbsp;<a target=\"_blank\" href=\"https:\/\/www.eventbrite.it\/e\/biglietti-parliamo-de-la-fanciulla-del-west-con-paolo-rossi-1141011850159\" rel=\"noreferrer noopener\">Eventbrite<\/a>. Info:&nbsp;<a href=\"https:\/\/www.tcbo.it\/eventi\/parliamo-dopera-2025-la-fanciulla-del-west\/\" target=\"_blank\" rel=\"noreferrer noopener\">https:\/\/www.tcbo.it\/eventi\/parliamo-dopera-2025-la-fanciulla-del-west\/<\/a>&nbsp;<\/p>\n\n\n\n<p>10.01.2025<\/p>\n\n\n\n<p><strong>Skill&amp;Music<\/strong><\/p>\n\n\n\n<p>Irene Sala \u2013 referente ufficio stampa<\/p>\n\n\n\n<p>Alice Castelnuovo \u2013 assistente ufficio stampa<\/p>\n\n\n\n<p>Fondazione Teatro Comunale di Bologna&nbsp;<\/p>\n\n\n\n<p>Largo Respighi, 1 &#8211; 40126 Bologna&nbsp;<\/p>\n\n\n\n<p>T. +39 051 529947&nbsp;<\/p>\n\n\n\n<p>e-mail:&nbsp;<strong><a href=\"mailto:ufficiostampa@comunalebologna.it\" target=\"_blank\" rel=\"noreferrer noopener\">ufficiostampa@comunalebologna.it<\/a><\/strong><\/p>\n\n\n\n<p><strong><a target=\"_blank\" href=\"http:\/\/www.tcbo.it\/\" rel=\"noreferrer noopener\">www.tcbo.it<\/a><\/strong><\/p>\n\n\n\n<figure class=\"wp-block-table\"><table><tbody><tr><td colspan=\"3\"><strong>Ufficio Stampa Teatro Comunale di Bologna<\/strong><\/td><\/tr><tr><td rowspan=\"2\"><\/td><td rowspan=\"2\"><\/td><td><strong>Fondazione Teatro Comunale di Bologna<\/strong><br>Largo Respighi,1 &#8211; 40126 Bologna<br>Telefono:&nbsp;<a href=\"tel:051529947\" rel=\"noreferrer noopener\" target=\"_blank\">051529947<\/a><br>Fax: 051529995<br><a target=\"_blank\" href=\"http:\/\/www.tcbo.it\/\" rel=\"noreferrer noopener\">www.tcbo.it<\/a>&nbsp;<\/td><\/tr><\/tbody><\/table><\/figure>\n","protected":false},"excerpt":{"rendered":"<p>TCBO: \u201cPARLIAMO D\u2019OPERA\u201d RIPARTE CON PAOLO ROSSI ASPETTANDO \u201cLA FANCIULLA DEL WEST\u201d L\u2019attore \u00e8 ospite del primo appuntamento dell\u2019anno, dedicato [&hellip;]<\/p>\n","protected":false},"author":1,"featured_media":0,"comment_status":"open","ping_status":"open","sticky":false,"template":"","format":"standard","meta":{"footnotes":""},"categories":[1],"tags":[],"class_list":["post-66749","post","type-post","status-publish","format-standard","hentry","category-sin-categoria"],"_links":{"self":[{"href":"https:\/\/www.ecoitaliano.com.ar\/index.php?rest_route=\/wp\/v2\/posts\/66749","targetHints":{"allow":["GET"]}}],"collection":[{"href":"https:\/\/www.ecoitaliano.com.ar\/index.php?rest_route=\/wp\/v2\/posts"}],"about":[{"href":"https:\/\/www.ecoitaliano.com.ar\/index.php?rest_route=\/wp\/v2\/types\/post"}],"author":[{"embeddable":true,"href":"https:\/\/www.ecoitaliano.com.ar\/index.php?rest_route=\/wp\/v2\/users\/1"}],"replies":[{"embeddable":true,"href":"https:\/\/www.ecoitaliano.com.ar\/index.php?rest_route=%2Fwp%2Fv2%2Fcomments&post=66749"}],"version-history":[{"count":0,"href":"https:\/\/www.ecoitaliano.com.ar\/index.php?rest_route=\/wp\/v2\/posts\/66749\/revisions"}],"wp:attachment":[{"href":"https:\/\/www.ecoitaliano.com.ar\/index.php?rest_route=%2Fwp%2Fv2%2Fmedia&parent=66749"}],"wp:term":[{"taxonomy":"category","embeddable":true,"href":"https:\/\/www.ecoitaliano.com.ar\/index.php?rest_route=%2Fwp%2Fv2%2Fcategories&post=66749"},{"taxonomy":"post_tag","embeddable":true,"href":"https:\/\/www.ecoitaliano.com.ar\/index.php?rest_route=%2Fwp%2Fv2%2Ftags&post=66749"}],"curies":[{"name":"wp","href":"https:\/\/api.w.org\/{rel}","templated":true}]}}