{"id":67255,"date":"2025-01-24T10:04:45","date_gmt":"2025-01-24T10:04:45","guid":{"rendered":"https:\/\/www.ecoitaliano.com.ar\/?p=67255"},"modified":"2025-01-24T10:04:45","modified_gmt":"2025-01-24T10:04:45","slug":"premio-nazionale-di-poesia-sulle-ali-della-liberta-v-edizione-premiazione-il-19-dicembre-2025-al-castello-normanno-svevo-di-sannicandro-di-bari","status":"publish","type":"post","link":"https:\/\/www.ecoitaliano.com.ar\/?p=67255","title":{"rendered":"Premio nazionale di Poesia \u201cSulle ali della libert\u00e0\u201d, V Edizione &#8211; Premiazione il 19 dicembre 2025 al Castello Normanno-Svevo di Sannicandro di Bari"},"content":{"rendered":"\n<figure class=\"wp-block-image size-full\"><a href=\"http:\/\/www.ecoitaliano.com.ar\/wp-content\/uploads\/2025\/01\/premio-poesia-alessandro-fariello-2025.jpg\"><img decoding=\"async\" width=\"547\" height=\"800\" src=\"http:\/\/www.ecoitaliano.com.ar\/wp-content\/uploads\/2025\/01\/premio-poesia-alessandro-fariello-2025.jpg\" alt=\"\" class=\"wp-image-67256\" srcset=\"https:\/\/www.ecoitaliano.com.ar\/wp-content\/uploads\/2025\/01\/premio-poesia-alessandro-fariello-2025.jpg 547w, https:\/\/www.ecoitaliano.com.ar\/wp-content\/uploads\/2025\/01\/premio-poesia-alessandro-fariello-2025-205x300.jpg 205w, https:\/\/www.ecoitaliano.com.ar\/wp-content\/uploads\/2025\/01\/premio-poesia-alessandro-fariello-2025-103x150.jpg 103w\" sizes=\"(max-width: 547px) 100vw, 547px\" \/><\/a><\/figure>\n\n\n\n<p>Associazione ODV \u201cAngeli senza Frontiere\u201d<\/p>\n\n\n\n<p><strong>Premio nazionale di Poesia \u201cSulle ali della libert\u00e0\u201d<\/strong><\/p>\n\n\n\n<p><strong>in memoria di Alessandro Fariello \u2013 5<\/strong><sup><strong>a<\/strong><\/sup><strong> Edizione<\/strong><\/p>\n\n\n\n<p>BARI &#8211; Un premio di poesia in nome e in memoria di <strong>Alessandro Fariello<\/strong>, giovane di <strong>Grumo Appula<\/strong> affetto da SMA, scomparso il 9 marzo 2021 a soli 36 anni. Alessandro \u00e8 stato un ragazzo dalla sensibilit\u00e0 fuori dal comune, definito \u201cil poeta guerriero\u201d per la capacit\u00e0 di poter sfidare anche la sua crudele malattia con quella sensibilit\u00e0 stessa, esplicitata con il ricorso ai versi. Il concorso letterario \u00e8 sembrato il modo pi\u00f9 giusto di ricordarlo, in rispetto della sua personalit\u00e0, del suo cuore, delle sue enormi capacit\u00e0 espressive. Alessandro comunicava con lo sguardo, con la potenza del suo pensiero che diventava parola e poesia.<\/p>\n\n\n\n<p>Grazie proprio a questo premio, il Comitato organizzatore del concorso si augura che l\u2019espressivit\u00e0 di <strong>Alessandro<\/strong> trovi ancora terreno fertile, magari attraverso la creativit\u00e0 e la fantasia di chi parteciper\u00e0 alla speciale \u2018gara\u2019 ed eterner\u00e0 il suo ricordo. L\u2019evento \u00e8 a cura dell\u2019Associazione Angeli senza Frontiere OdV di <strong>Bitonto<\/strong> e del comitato organizzatore messo a punto per dare concretezza ad un\u2019idea subito sembrata quasi naturale agli amici di Alessandro, a chi negli ultimi anni gli \u00e8 stato vicino.<\/p>\n\n\n\n<p>Il premio si compone di una sezione senior, denominata \u201cPoesia inedita\u201d, con un unico testo in lingua italiana avente per tema \u201c<strong>IL SILENZIO<\/strong>\u201d. Su questo concetto si eserciteranno i partecipanti maggiorenni, in un premio aperto a tutti gli autori, senza alcun tipo di distinzione culturale ed economica. E\u2019 prevista anche una sezione \u201cJunior\u201d, con un unico testo in lingua italiana avente per tema \u201c<strong>LA SPERANZA<\/strong>\u201d, dedicata ai ragazzi dagli 11 ai 17 anni.<\/p>\n\n\n\n<p>L\u2019<strong>iscrizione \u00e8 gratuita<\/strong>, non essendoci vincite in denaro. Il testo dovr\u00e0 essere tassativamente inedito (fino al giorno della cerimonia di consegna), cio\u00e8 non aver ricevuto regolare pubblicazione editoriale, n\u00e9 essere stato premiato in altri concorsi letterari, pena l\u2019esclusione. Ogni autore, inoltre, potr\u00e0 partecipare con una sola poesia in lingua italiana (versi liberi o in metrica), che dovr\u00e0 attenersi al tema proposto. Le poesie dovranno essere inviate, a <a href=\"mailto:premioalessandrofariello5@gmail.com\">premioalessandrofariello5@gmail.com<\/a> e\/o angelisenzafrontiere2018@gmail.com. Altri aspetti tecnici, quali il regolamento, la scheda iscrizione e liberatoria per minorenni sono reperibili su: <a href=\"https:\/\/www.facebook.com\/premioalessandrofariello\">https:\/\/www.facebook.com\/premioalessandrofariello<\/a>.<\/p>\n\n\n\n<p>Il comitato organizzatore e l\u2019<strong>Associazione Angeli senza Frontiere OdV <\/strong>lasciano libert\u00e0 di espressione, chiedendo comunque il rispetto del senso civile e pertanto si riservano il diritto (a loro insindacabile giudizio) di rifiutare poesie a contenuto blasfemo o non conformi alla propria morale. La giuria valuter\u00e0 e selezioner\u00e0 le opere vincitrici. La cerimonia di premiazione si svolger\u00e0 venerd\u00ec <strong>19 dicembre 2025 alle ore 17:30<\/strong> nella citt\u00e0 di <strong>Sannicandro di Bari<\/strong> nel Castello Normanno-Svevo. Condurr\u00e0 la serata <strong>Chiara LONGO<\/strong>.<\/p>\n\n\n\n<p><a><\/a> <strong>COMPONENTI DELLA GIURIA<\/strong><\/p>\n\n\n\n<p><strong>Presidente<\/strong><\/p>\n\n\n\n<p><strong>Mario SICOLO &#8211; <\/strong><em>docente, giornalista, direttore del notiziario mensile Da Bitonto<\/em><\/p>\n\n\n\n<p><strong>Membri<\/strong><\/p>\n\n\n\n<p><strong>Francesca MISASI &#8211; <\/strong>Poetessa e scrittrice<\/p>\n\n\n\n<p><strong>Rossella GIUGLIANO &#8211; <\/strong>attrice, regista<\/p>\n\n\n\n<p><strong>Antonio CALISI &#8211; <\/strong>Dottore in teologia, Diacono della Chiesa cattolica di rito bizantino<\/p>\n\n\n\n<p><strong>Caterina FALCIGLIA &#8211; <\/strong>Autrice di libri per l\u2019infanzia, poetessa<\/p>\n\n\n\n<p><strong>Vito PLANTAMURA &#8211; <\/strong>docente, Presidente Associazione Angeli senza Frontiere.<\/p>\n","protected":false},"excerpt":{"rendered":"<p>Associazione ODV \u201cAngeli senza Frontiere\u201d Premio nazionale di Poesia \u201cSulle ali della libert\u00e0\u201d in memoria di Alessandro Fariello \u2013 5a [&hellip;]<\/p>\n","protected":false},"author":1,"featured_media":0,"comment_status":"open","ping_status":"open","sticky":false,"template":"","format":"standard","meta":{"footnotes":""},"categories":[10,22],"tags":[],"class_list":["post-67255","post","type-post","status-publish","format-standard","hentry","category-italiano","category-libros-y-revistas-literatura"],"_links":{"self":[{"href":"https:\/\/www.ecoitaliano.com.ar\/index.php?rest_route=\/wp\/v2\/posts\/67255","targetHints":{"allow":["GET"]}}],"collection":[{"href":"https:\/\/www.ecoitaliano.com.ar\/index.php?rest_route=\/wp\/v2\/posts"}],"about":[{"href":"https:\/\/www.ecoitaliano.com.ar\/index.php?rest_route=\/wp\/v2\/types\/post"}],"author":[{"embeddable":true,"href":"https:\/\/www.ecoitaliano.com.ar\/index.php?rest_route=\/wp\/v2\/users\/1"}],"replies":[{"embeddable":true,"href":"https:\/\/www.ecoitaliano.com.ar\/index.php?rest_route=%2Fwp%2Fv2%2Fcomments&post=67255"}],"version-history":[{"count":0,"href":"https:\/\/www.ecoitaliano.com.ar\/index.php?rest_route=\/wp\/v2\/posts\/67255\/revisions"}],"wp:attachment":[{"href":"https:\/\/www.ecoitaliano.com.ar\/index.php?rest_route=%2Fwp%2Fv2%2Fmedia&parent=67255"}],"wp:term":[{"taxonomy":"category","embeddable":true,"href":"https:\/\/www.ecoitaliano.com.ar\/index.php?rest_route=%2Fwp%2Fv2%2Fcategories&post=67255"},{"taxonomy":"post_tag","embeddable":true,"href":"https:\/\/www.ecoitaliano.com.ar\/index.php?rest_route=%2Fwp%2Fv2%2Ftags&post=67255"}],"curies":[{"name":"wp","href":"https:\/\/api.w.org\/{rel}","templated":true}]}}