{"id":67258,"date":"2025-01-24T10:07:16","date_gmt":"2025-01-24T10:07:16","guid":{"rendered":"https:\/\/www.ecoitaliano.com.ar\/?p=67258"},"modified":"2025-01-24T10:07:16","modified_gmt":"2025-01-24T10:07:16","slug":"antona-domenica-26-gennaio-2025-evento-culturale-tra-storia-e-leggenda","status":"publish","type":"post","link":"https:\/\/www.ecoitaliano.com.ar\/?p=67258","title":{"rendered":"Antona domenica 26 gennaio 2025: evento culturale tra storia e leggenda"},"content":{"rendered":"\n<figure class=\"wp-block-gallery has-nested-images columns-default is-cropped wp-block-gallery-1 is-layout-flex wp-block-gallery-is-layout-flex\">\n<figure class=\"wp-block-image size-large\"><a href=\"https:\/\/www.ecoitaliano.com.ar\/wp-content\/uploads\/2025\/01\/fiab.jpg\"><img decoding=\"async\" width=\"1024\" height=\"668\" data-id=\"67259\" src=\"https:\/\/www.ecoitaliano.com.ar\/wp-content\/uploads\/2025\/01\/fiab-1024x668.jpg\" alt=\"\" class=\"wp-image-67259\" srcset=\"https:\/\/www.ecoitaliano.com.ar\/wp-content\/uploads\/2025\/01\/fiab-1024x668.jpg 1024w, https:\/\/www.ecoitaliano.com.ar\/wp-content\/uploads\/2025\/01\/fiab-300x196.jpg 300w, https:\/\/www.ecoitaliano.com.ar\/wp-content\/uploads\/2025\/01\/fiab-768x501.jpg 768w, https:\/\/www.ecoitaliano.com.ar\/wp-content\/uploads\/2025\/01\/fiab-1536x1002.jpg 1536w, https:\/\/www.ecoitaliano.com.ar\/wp-content\/uploads\/2025\/01\/fiab-150x98.jpg 150w, https:\/\/www.ecoitaliano.com.ar\/wp-content\/uploads\/2025\/01\/fiab.jpg 1759w\" sizes=\"(max-width: 1024px) 100vw, 1024px\" \/><\/a><\/figure>\n\n\n\n<figure class=\"wp-block-image size-large\"><a href=\"https:\/\/www.ecoitaliano.com.ar\/wp-content\/uploads\/2025\/01\/fiaba-tamb.jpg\"><img decoding=\"async\" width=\"1024\" height=\"951\" data-id=\"67260\" src=\"https:\/\/www.ecoitaliano.com.ar\/wp-content\/uploads\/2025\/01\/fiaba-tamb-1024x951.jpg\" alt=\"\" class=\"wp-image-67260\" srcset=\"https:\/\/www.ecoitaliano.com.ar\/wp-content\/uploads\/2025\/01\/fiaba-tamb-1024x951.jpg 1024w, https:\/\/www.ecoitaliano.com.ar\/wp-content\/uploads\/2025\/01\/fiaba-tamb-300x279.jpg 300w, https:\/\/www.ecoitaliano.com.ar\/wp-content\/uploads\/2025\/01\/fiaba-tamb-768x713.jpg 768w, https:\/\/www.ecoitaliano.com.ar\/wp-content\/uploads\/2025\/01\/fiaba-tamb-150x139.jpg 150w, https:\/\/www.ecoitaliano.com.ar\/wp-content\/uploads\/2025\/01\/fiaba-tamb.jpg 1165w\" sizes=\"(max-width: 1024px) 100vw, 1024px\" \/><\/a><\/figure>\n\n\n\n<figure class=\"wp-block-image size-large\"><a href=\"https:\/\/www.ecoitaliano.com.ar\/wp-content\/uploads\/2025\/01\/monte-tambura-.jpg\"><img decoding=\"async\" width=\"834\" height=\"1024\" data-id=\"67261\" src=\"https:\/\/www.ecoitaliano.com.ar\/wp-content\/uploads\/2025\/01\/monte-tambura--834x1024.jpg\" alt=\"\" class=\"wp-image-67261\" srcset=\"https:\/\/www.ecoitaliano.com.ar\/wp-content\/uploads\/2025\/01\/monte-tambura--834x1024.jpg 834w, https:\/\/www.ecoitaliano.com.ar\/wp-content\/uploads\/2025\/01\/monte-tambura--244x300.jpg 244w, https:\/\/www.ecoitaliano.com.ar\/wp-content\/uploads\/2025\/01\/monte-tambura--768x943.jpg 768w, https:\/\/www.ecoitaliano.com.ar\/wp-content\/uploads\/2025\/01\/monte-tambura--1251x1536.jpg 1251w, https:\/\/www.ecoitaliano.com.ar\/wp-content\/uploads\/2025\/01\/monte-tambura--122x150.jpg 122w, https:\/\/www.ecoitaliano.com.ar\/wp-content\/uploads\/2025\/01\/monte-tambura-.jpg 1636w\" sizes=\"(max-width: 834px) 100vw, 834px\" \/><\/a><\/figure>\n<\/figure>\n\n\n\n<p><br>Antona domenica 26 gennaio 2025: evento culturale tra storia e leggenda<\/p>\n\n\n\n<p>Antona e Modena tra fiaba, storia e leggenda. Antona si prepara per festeggiare San Gemignano Vescovo, protettore dell\u2019antico borgo e patrono di Modena. Da un millennio, in ambito sacro, il 31 gennaio viene riproposta la ricorrenza del santo, di origini modenesi, la cui morte \u00e8 datata il 31 gennaio 397 d.c. all\u2019et\u00e0 di 85 anni. Le campane dell\u2019antica chiesa di Antona sono gi\u00e0 sciolte per la novena e gi\u00e0 si respira aria di festa, accolta con un triduo di preparazione. Domenica 26 gennaio 2025 alle ore 18, nella chiesa di san Gemignano verr\u00e0 proposta la lettura animata dal libro \u201cLa fiaba del monte Tambura\u201d di Angela Maria Fruzzetti (Tara editoria), un percorso che affonda le radici dentro la storia della nostra terra, sulle tracce della settecentesca via Vandelli. Le letture animate saranno a cura di Giorgia Minchella e Laura Manfredi mentre \u201cstrani\u201d personaggi in costume si aggireranno tra le colonne della chiesa: Guido Bertuccelli nella veste del brigante della via Vandelli, Donatella Capp\u00e8 che rappresenter\u00e0 la strega delle Apuane mentre Sara Chiara Strenta interpreter\u00e0 la principessa Maria Teresa Cybo Malaspina, protagonista della fiaba. I protagonisti faranno rivivere le vicende della via Vandelli, dal sogno iniziale di unire Modena al mare all\u2019abbandono del tracciato, impraticabile per il ghiaccio e perch\u00e9 infestato da briganti, fino al suo utilizzo nella seconda guerra mondiale da file di donne sulla via del sale, salvezza della popolazione apuana. La fiaba \u00e8 stata scelta da don Primiero Scortini, parroco della parrocchia di Antona, perch\u00e9 ripercorre le tracce del nostro passato, necessario per affrontare meglio il futuro. San Gemignano \u00e8 ricordato anche per il suo potere sui demoni e tra le leggende si narra che, quando era Vescovo di Modena, custodisse nella sua canonica un tamburo pieno di spiriti maligni. Part\u00ec per una missione e lasci\u00f2 il tamburo in custodia alla madre con la raccomandazione di non toccarlo. La madre non riusc\u00ec a trattenersi, con un ago fece un forellino nella pelle del tamburo e gli spiriti se ne andarono. Al suo ritorno, rendendosi conto dell\u2019accaduto, Gemignano rimase impietrito. Quando part\u00ec per una nuova missione, salut\u00f2 la madre con una stretta di mano e questa si ritrov\u00f2 con due dita del figlio staccatesi dall\u2019arto. Quelle due dita, indice e medio, pare siano state collocate in una reliquia conservata tutt\u2019oggi nella chiesa di Antona. L\u2019evento, che ha il patrocinio dell\u2019associazione Insieme e Tara editoria, \u00e8 aperto a tutti. Il libro \u00e8 stato illustrato dagli alunni della scuola suore Maria Missionarie, oggi Istituto Giacinto Bianchi.<\/p>\n\n\n\n<blockquote class=\"wp-block-quote is-layout-flow wp-block-quote-is-layout-flow\">\n<blockquote class=\"wp-block-quote is-layout-flow wp-block-quote-is-layout-flow\">\n<p><em>Ufficio stampa Taraeditoria&amp;Comunicazione&nbsp;<\/em><\/p>\n<\/blockquote>\n<\/blockquote>\n","protected":false},"excerpt":{"rendered":"<p>Antona domenica 26 gennaio 2025: evento culturale tra storia e leggenda Antona e Modena tra fiaba, storia e leggenda. Antona [&hellip;]<\/p>\n","protected":false},"author":1,"featured_media":0,"comment_status":"open","ping_status":"open","sticky":false,"template":"","format":"standard","meta":{"footnotes":""},"categories":[4,10],"tags":[],"class_list":["post-67258","post","type-post","status-publish","format-standard","hentry","category-cultura","category-italiano"],"_links":{"self":[{"href":"https:\/\/www.ecoitaliano.com.ar\/index.php?rest_route=\/wp\/v2\/posts\/67258","targetHints":{"allow":["GET"]}}],"collection":[{"href":"https:\/\/www.ecoitaliano.com.ar\/index.php?rest_route=\/wp\/v2\/posts"}],"about":[{"href":"https:\/\/www.ecoitaliano.com.ar\/index.php?rest_route=\/wp\/v2\/types\/post"}],"author":[{"embeddable":true,"href":"https:\/\/www.ecoitaliano.com.ar\/index.php?rest_route=\/wp\/v2\/users\/1"}],"replies":[{"embeddable":true,"href":"https:\/\/www.ecoitaliano.com.ar\/index.php?rest_route=%2Fwp%2Fv2%2Fcomments&post=67258"}],"version-history":[{"count":0,"href":"https:\/\/www.ecoitaliano.com.ar\/index.php?rest_route=\/wp\/v2\/posts\/67258\/revisions"}],"wp:attachment":[{"href":"https:\/\/www.ecoitaliano.com.ar\/index.php?rest_route=%2Fwp%2Fv2%2Fmedia&parent=67258"}],"wp:term":[{"taxonomy":"category","embeddable":true,"href":"https:\/\/www.ecoitaliano.com.ar\/index.php?rest_route=%2Fwp%2Fv2%2Fcategories&post=67258"},{"taxonomy":"post_tag","embeddable":true,"href":"https:\/\/www.ecoitaliano.com.ar\/index.php?rest_route=%2Fwp%2Fv2%2Ftags&post=67258"}],"curies":[{"name":"wp","href":"https:\/\/api.w.org\/{rel}","templated":true}]}}