{"id":67265,"date":"2025-01-24T15:51:53","date_gmt":"2025-01-24T15:51:53","guid":{"rendered":"https:\/\/www.ecoitaliano.com.ar\/?p=67265"},"modified":"2025-01-24T15:51:53","modified_gmt":"2025-01-24T15:51:53","slug":"picello-bros-duo-violoncello-e-pianoforte-castel-di-sangro-teatro-comunale-paolo-francesco-tosti-iv-stagione-concertistica-domenica-26-gennaio-ore-17-30","status":"publish","type":"post","link":"https:\/\/www.ecoitaliano.com.ar\/?p=67265","title":{"rendered":"PICELLO BROS &#8211; DUO violoncello\u2028 e pianoforte &#8211; Castel di Sangro Teatro Comunale \u201cPaolo Francesco Tosti\u201d- IV STAGIONE CONCERTISTICA domenica 26 gennaio ore 17.30\u00a0"},"content":{"rendered":"\n<figure class=\"wp-block-image\"><img decoding=\"async\" src=\"https:\/\/mail.google.com\/mail\/u\/2?ui=2&amp;ik=a91c2962d6&amp;attid=0.0.1&amp;permmsgid=msg-f:1822145982968043590&amp;th=1949901e0bb71846&amp;view=fimg&amp;fur=ip&amp;permmsgid=msg-f:1822145982968043590&amp;sz=s0-l75-ft&amp;attbid=ANGjdJ8TZwvH4tP6R_izIcx2biucqA93hf-WqHbYlHoj90lj1nEYac0-ZSJFmx-FaEbvI4pDEXkXsiMcde3xJnNrkTBoq3vH963y6GAegaS16nUzb4fk-aT_CCTOYEk&amp;disp=emb&amp;realattid=ii_m6axbl0e2&amp;zw\" alt=\"04 - Duo Pepicelli 26.01.2025.jpg\"\/><\/figure>\n\n\n\n<p><strong>CAMERATA MUSICALE SULMONESE &nbsp;<\/strong><\/p>\n\n\n\n<p><strong>Comune di Castel di Sangro<\/strong><\/p>\n\n\n\n<p><strong>Associazione Turistica Pro Loco &nbsp;<\/strong><\/p>\n\n\n\n<p><strong>Teatro Comunale \u201cPaolo Francesco Tosti\u201d- Castel di Sangro<\/strong><\/p>\n\n\n\n<p><strong>IV&nbsp; STAGIONE CONCERTISTICA<\/strong><strong>&nbsp;<\/strong><strong><\/strong><\/p>\n\n\n\n<p><strong>PICELLO BROS \u2013 Specchi deformanti<\/strong><\/p>\n\n\n\n<p><strong>Francesco Pepicelli<\/strong>&nbsp;<em>violoncello<\/em>\u2028<strong>Angelo Pepicelli<\/strong>&nbsp;<em>pianoforte<\/em><strong><em><\/em><\/strong><\/p>\n\n\n\n<p><strong>&nbsp;<\/strong><strong>domenica 26 gennaio ore 17.30<\/strong><\/p>\n\n\n\n<p>Al &nbsp;Teatro &nbsp;Comunale \u201cPaolo Francesco Tosti\u201d&nbsp;di Castel di Sangro prosegue la stagione&nbsp;concertistica&nbsp;della Camerata Musicale di Sulmona proposta ormai da quattro anni e realizzata&nbsp;in collaborazione con il Comune di Castel di Sangro (AQ), l\u2019Associazione Turistica Pro Loco , la Regione Abruzzo, la Provincia dell\u2019Aquila e grazie anche al Ministero della Cultura.<\/p>\n\n\n\n<p>Per l\u2019appuntamento di domenica 26 gennaio alle ore 17.30 il palcoscenico \u00e8 riservato ai PiCello Bross, un duo formato da violoncello e pianoforte.<\/p>\n\n\n\n<p>PiCello Bros \u00e8 il nome che i fratelli Francesco (violoncello) e Angelo Pepicelli (pianoforte) hanno dato al loro cinquantennale sodalizio artistico. Dell\u2019\u2018essere due\u2019\u2019 i PiCello Bros hanno fatto la loro cifra e la loro forza: \u201cl\u2019unione di due anime che si specchiano l\u2019una nell\u2019altra\u201d.<\/p>\n\n\n\n<p>\u201cSpecchi deformanti\u201d \u00e8 il titolo della serata, &nbsp;un concerto in due parti in un confronto tra Beethoven e Schnittke, con l\u2019ascolto nella seconda parte di una recente composizione di Molinelli ispirata a Schnittke e dedicata proprio ai PiCello Bros.<\/p>\n\n\n\n<p>Il programma si apre con&nbsp;la&nbsp;<em>Romanza in fa maggiore op.50&nbsp;<\/em>di Beethoven&nbsp;(resa popolare da una nota pubblicit\u00e0 tv)&nbsp;nella&nbsp;trascrizione per violoncello e pianoforte di F. Gr\u00fctzmacher&nbsp;&nbsp;e la &nbsp;<em>Sonata in sol minore op. 5 n.2,&nbsp;<\/em>entrambe le opere del musicista tedesco composte nel 1796<em>.<\/em><\/p>\n\n\n\n<p>Nella seconda parte invece verr\u00e0 eseguita la&nbsp;<em>Sonata n.2<\/em><strong>&nbsp;<\/strong>scritta&nbsp; tra il 1993 e 1994 da Alfred Schnittke, compositore russo nato il 1934 e vissuto fino al 1998. Il&nbsp;brano \u00e8 stato eseguito in Prima esecuzione italiana dai PiCelloBros&nbsp;a Foligno nel 2023.<\/p>\n\n\n\n<p>Il programma della serata si conclude con una composizione del 2024 del giovane musicista contemporaneo Roberto Molinelli, &nbsp;dedicata ai PiCello Bros e dal titolo&nbsp;<em>Presenze Riflesse, Omaggio a &nbsp;Schnittke,&nbsp;<\/em>scritto su commissione&nbsp; delle Associazioni &nbsp;Amici della Musica di Foligno e Amici della Musica di Modena e presentato a Foligno in Prima esecuzione assoluta &nbsp;dal Duo di violoncello e pianoforte di Francesco e Angelo Pepicelli.&nbsp;&nbsp;&nbsp;&nbsp;&nbsp;&nbsp;<\/p>\n\n\n\n<p>Si tratta di un&nbsp;<em>omaggio al brio creativo dell\u2019eclettico e raffinato compositore di musica contemporanea Alfred Schnittke<\/em>&nbsp;-dice lo steso Molinelli-&nbsp;<em>attraverso un viaggio suggestivo ed emozionante di suoni che raccontano storie e immagini, ricreando una sorta di colonna sonora a lui ispirata, dove il genere cinematografico fu una delle chiavi di svolta che gli consent\u00ec di avvicinarsi a ci\u00f2 che defin\u00ec \u201cLo scopo della mia vita\u2026 unificare musica colta e leggera, anche se per farlo dovessi rompermi l\u2019osso del collo\u201d.<\/em><\/p>\n\n\n\n<p>\u201cNon \u00e8 fondamentale dove suoniamo &nbsp;-scrivono Angelo e Francesco Pepicelli- Quello che conta \u00e8 il piacere di &nbsp;un\u2019azione insieme per vivere emozioni e divertimento, valorizzando le qualit\u00e0 di entrambi.&nbsp; L\u2019importante per noi \u00e8 la relazione che creiamo con un pubblico interessato, partecipe, entusiasta, che entra insieme a noi nella musica che stiamo suonando, per viverla tutti &nbsp;&nbsp;in un\u2019unione ogni volta straordinaria\u201d.<\/p>\n\n\n\n<p>Francesco Pepicelli, &nbsp;dalla tourn\u00e9e come primo violoncello solista dell\u2019Orchestra Mahler diretta da Claudio Abbado al Concerto di Schumann con la direzione di Daniele Gatti, dal premio al prestigioso Concorso Gui con il Duo Pepicelli, fino ad oggi: quarant\u2019anni di duo con il fratello Angelo, quasi vent\u2019anni con il Trio Metamorphosi, 20 CD di cui 7 per DECCA, centinaia di allievi violoncellisti e cameristi formatisi alla sua scuola nei Conservatori italiani negli ultimi 35 anni, 1000 concerti cameristici in tutto il mondo per arrivare oggi agli innovativi progetti dei PiCello Bros &nbsp;e dello spettacolo&nbsp;<em>Beethoven in Vermont<\/em>&nbsp;in cui si cimenta come MusicistAttore<em>. &nbsp;<\/em><\/p>\n\n\n\n<p>Il pianista Angelo Pepicelli esibitosi in molte delle pi\u00f9 prestigiose sale del mondo, dal Carnegie Hall di New York al Suntory Hall di Tokyo e Salle Gaveau di Parigi, ha vinto&nbsp;premi internazionali di prima classe. Con una attivit\u00e0 discografica mirata al repertorio italiano fra Ottocento e Novecento, negli ultimi anni si \u00e8 focalizzato sulle integrali per trio di Beethoven e Schumann. Ha pubblicato con DECCA, Naxos, Dynamic, Bongiovanni e la rivista Amadeus una ventina di CD molti dei<\/p>\n\n\n\n<p>quali sono edizioni di riferimento. Impegnato&nbsp;nella didattica&nbsp;da oltre quarant&#8217;anni &nbsp;a Terni, ha tenuto masterclass in altri Conservatori italiani e prestigiose istituzioni in Austria, Polonia, Giappone. Da vent\u2019anni \u00e8 presidente dell\u2019Associazione Filarmonica Umbra. Con il Duo PiCelli Bros \u00e8 un sodalizio stabile e di lunga durata con progetti innovativi come la recentemente produzione&nbsp;<em>Beethoven in Vermont<\/em>&nbsp;in cui, come il fratello, ha esordito&nbsp;come MusicistAttore.<\/p>\n\n\n\n<p><em>programma<\/em><\/p>\n\n\n\n<p><strong><em>L. van Beethoven Romanza in fa maggiore op.50&nbsp;<\/em><\/strong><em>(1770-1827)<\/em><\/p>\n\n\n\n<p><em>&nbsp;(trascrizione per violoncello e pianoforte di F. Gr\u00fctzmacher)<\/em><\/p>\n\n\n\n<p><strong><em>L. van Beethoven Sonata in sol minore op. 5 n.&nbsp;<\/em><\/strong><em>(1770-1827)<\/em><\/p>\n\n\n\n<p><em>Adagio sostenuto e espressivo Allegro molto piu\u2019 tosto presto Rondo Allegro<\/em><\/p>\n\n\n\n<p><strong><em>A. Schnittke Sonata n.2&nbsp;<\/em><\/strong><em>(1934-1998)<\/em><\/p>\n\n\n\n<p><em>Senza tempo Allegro Largo Allegro Lento<\/em><\/p>\n\n\n\n<p><strong><em>Roberto Molinelli<\/em><\/strong><em>(1963)&nbsp;<\/em><\/p>\n\n\n\n<p><strong><em>Presenze Riflesse&nbsp;<\/em><\/strong><em>(2024)&nbsp;<\/em><em>Omaggio a Schnittke<\/em><\/p>\n\n\n\n<p><em>Vivacissimo &#8211; Andante &#8211; Fake Marcetta &#8211; Ironico &#8211; Jazzy \u2013<\/em><\/p>\n\n\n\n<p><em>Molto sostenuto &#8211; Valzer &#8211; Allegretto marcato (\u00e0 la klezmer)<\/em><\/p>\n\n\n\n<p><strong><em>dedicato ai PiCello Bros<\/em><\/strong><\/p>\n\n\n\n<p><strong>Prossimo appuntamento domenica 9 Febbraio 2025<\/strong><\/p>\n\n\n\n<p><strong>MUSICA &amp; SHOAH &#8211; QUARTETTO DAVI\u2019<\/strong><\/p>\n\n\n\n<p><strong>Daniela Marinela Stancu&nbsp;<\/strong><em>violino &nbsp;&#8211;<\/em><strong>Viola D\u2019Ambrosio&nbsp;<\/strong><em>violino<\/em><\/p>\n\n\n\n<p><strong>Adriana Violeta Stancu&nbsp;<\/strong><em>viola &#8211;&nbsp;<\/em><strong>Orlando Federico&nbsp;<\/strong><em>Violoncello<\/em><strong><\/strong><em><\/em><\/p>\n\n\n\n<p>Ingresso&nbsp;\u20ac 10 ridotto \u20ac 5<\/p>\n\n\n\n<p>Info prevendita: 3929879738 &nbsp;<\/p>\n\n\n\n<p>Abbonamento \u20ac 50 ridotto 30<\/p>\n\n\n\n<p>Info Prevendita: Ciaotickets e cell 3929879738<\/p>\n\n\n\n<p>Camerata Musicale Sulmonese 0864212207<\/p>\n\n\n\n<p><a href=\"http:\/\/www.cameratamusicalesulmonese.it\/\" target=\"_blank\" rel=\"noreferrer noopener\">www.cameratamusicalesulmonese.it<\/a><\/p>\n\n\n\n<p><strong>Ufficio Stampa<\/strong><\/p>\n\n\n\n<p><strong>Fiorentina Galterio<\/strong><\/p>\n\n\n\n<p><a href=\"mailto:stampacameratamusic@gmail.com\" target=\"_blank\" rel=\"noreferrer noopener\"><strong>stampacameratamusic<\/strong><strong>@gmail.com<\/strong><\/a><\/p>\n\n\n\n<p><strong>Tel.<\/strong><strong>&nbsp;349 7031924<\/strong><\/p>\n","protected":false},"excerpt":{"rendered":"<p>CAMERATA MUSICALE SULMONESE &nbsp; Comune di Castel di Sangro Associazione Turistica Pro Loco &nbsp; Teatro Comunale \u201cPaolo Francesco Tosti\u201d- Castel [&hellip;]<\/p>\n","protected":false},"author":1,"featured_media":0,"comment_status":"open","ping_status":"open","sticky":false,"template":"","format":"standard","meta":{"footnotes":""},"categories":[10,46],"tags":[],"class_list":["post-67265","post","type-post","status-publish","format-standard","hentry","category-italiano","category-musica"],"_links":{"self":[{"href":"https:\/\/www.ecoitaliano.com.ar\/index.php?rest_route=\/wp\/v2\/posts\/67265","targetHints":{"allow":["GET"]}}],"collection":[{"href":"https:\/\/www.ecoitaliano.com.ar\/index.php?rest_route=\/wp\/v2\/posts"}],"about":[{"href":"https:\/\/www.ecoitaliano.com.ar\/index.php?rest_route=\/wp\/v2\/types\/post"}],"author":[{"embeddable":true,"href":"https:\/\/www.ecoitaliano.com.ar\/index.php?rest_route=\/wp\/v2\/users\/1"}],"replies":[{"embeddable":true,"href":"https:\/\/www.ecoitaliano.com.ar\/index.php?rest_route=%2Fwp%2Fv2%2Fcomments&post=67265"}],"version-history":[{"count":0,"href":"https:\/\/www.ecoitaliano.com.ar\/index.php?rest_route=\/wp\/v2\/posts\/67265\/revisions"}],"wp:attachment":[{"href":"https:\/\/www.ecoitaliano.com.ar\/index.php?rest_route=%2Fwp%2Fv2%2Fmedia&parent=67265"}],"wp:term":[{"taxonomy":"category","embeddable":true,"href":"https:\/\/www.ecoitaliano.com.ar\/index.php?rest_route=%2Fwp%2Fv2%2Fcategories&post=67265"},{"taxonomy":"post_tag","embeddable":true,"href":"https:\/\/www.ecoitaliano.com.ar\/index.php?rest_route=%2Fwp%2Fv2%2Ftags&post=67265"}],"curies":[{"name":"wp","href":"https:\/\/api.w.org\/{rel}","templated":true}]}}