{"id":67267,"date":"2025-01-24T16:47:38","date_gmt":"2025-01-24T16:47:38","guid":{"rendered":"https:\/\/www.ecoitaliano.com.ar\/?p=67267"},"modified":"2025-01-24T16:47:38","modified_gmt":"2025-01-24T16:47:38","slug":"pierfranco-bruni-ripubblica-il-suo-primo-libro-dopo-50-anni","status":"publish","type":"post","link":"https:\/\/www.ecoitaliano.com.ar\/?p=67267","title":{"rendered":"Pierfranco Bruni ripubblica il suo primo libro dopo 50 anni"},"content":{"rendered":"\n<figure class=\"wp-block-gallery has-nested-images columns-default is-cropped wp-block-gallery-1 is-layout-flex wp-block-gallery-is-layout-flex\">\n<figure class=\"wp-block-image size-large\"><a href=\"https:\/\/www.ecoitaliano.com.ar\/wp-content\/uploads\/2025\/01\/bruni.png\"><img decoding=\"async\" width=\"1024\" height=\"576\" data-id=\"67268\" src=\"https:\/\/www.ecoitaliano.com.ar\/wp-content\/uploads\/2025\/01\/bruni-1024x576.png\" alt=\"\" class=\"wp-image-67268\" srcset=\"https:\/\/www.ecoitaliano.com.ar\/wp-content\/uploads\/2025\/01\/bruni-1024x576.png 1024w, https:\/\/www.ecoitaliano.com.ar\/wp-content\/uploads\/2025\/01\/bruni-300x169.png 300w, https:\/\/www.ecoitaliano.com.ar\/wp-content\/uploads\/2025\/01\/bruni-768x432.png 768w, https:\/\/www.ecoitaliano.com.ar\/wp-content\/uploads\/2025\/01\/bruni-1536x864.png 1536w, https:\/\/www.ecoitaliano.com.ar\/wp-content\/uploads\/2025\/01\/bruni-2048x1152.png 2048w, https:\/\/www.ecoitaliano.com.ar\/wp-content\/uploads\/2025\/01\/bruni-150x84.png 150w\" sizes=\"(max-width: 1024px) 100vw, 1024px\" \/><\/a><\/figure>\n\n\n\n<figure class=\"wp-block-image size-large\"><a href=\"https:\/\/www.ecoitaliano.com.ar\/wp-content\/uploads\/2025\/01\/copertina.png\"><img decoding=\"async\" width=\"500\" height=\"500\" data-id=\"67269\" src=\"https:\/\/www.ecoitaliano.com.ar\/wp-content\/uploads\/2025\/01\/copertina.png\" alt=\"\" class=\"wp-image-67269\" srcset=\"https:\/\/www.ecoitaliano.com.ar\/wp-content\/uploads\/2025\/01\/copertina.png 500w, https:\/\/www.ecoitaliano.com.ar\/wp-content\/uploads\/2025\/01\/copertina-300x300.png 300w, https:\/\/www.ecoitaliano.com.ar\/wp-content\/uploads\/2025\/01\/copertina-150x150.png 150w\" sizes=\"(max-width: 500px) 100vw, 500px\" \/><\/a><\/figure>\n\n\n\n<figure class=\"wp-block-image size-large\"><a href=\"https:\/\/www.ecoitaliano.com.ar\/wp-content\/uploads\/2025\/01\/copertina-editoriale.jpeg\"><img decoding=\"async\" width=\"1024\" height=\"885\" data-id=\"67270\" src=\"https:\/\/www.ecoitaliano.com.ar\/wp-content\/uploads\/2025\/01\/copertina-editoriale-1024x885.jpeg\" alt=\"\" class=\"wp-image-67270\" srcset=\"https:\/\/www.ecoitaliano.com.ar\/wp-content\/uploads\/2025\/01\/copertina-editoriale-1024x885.jpeg 1024w, https:\/\/www.ecoitaliano.com.ar\/wp-content\/uploads\/2025\/01\/copertina-editoriale-300x259.jpeg 300w, https:\/\/www.ecoitaliano.com.ar\/wp-content\/uploads\/2025\/01\/copertina-editoriale-768x664.jpeg 768w, https:\/\/www.ecoitaliano.com.ar\/wp-content\/uploads\/2025\/01\/copertina-editoriale-150x130.jpeg 150w, https:\/\/www.ecoitaliano.com.ar\/wp-content\/uploads\/2025\/01\/copertina-editoriale.jpeg 1500w\" sizes=\"(max-width: 1024px) 100vw, 1024px\" \/><\/a><\/figure>\n<\/figure>\n\n\n\n<p><strong>COMUNICATO STAMPA<\/strong><\/p>\n\n\n\n<p><strong>PIERFRANCO BRUNI TORNA IN LIBRERIA CON LA SUA PRIMA PUBBLICAZIONE PER CELEBRARNE IL CINQUANTESIMO COMPLEANNO<\/strong><\/p>\n\n\n\n<p>Pierfranco Bruni torna in libreria con la sua prima pubblicazione a ben cinquant\u2019anni di distanza e in occasione del compimento dei suoi settanta.<\/p>\n\n\n\n<p>Il libro si intitola<em><strong> Ricordi di passi di segni sulla sabbia sulle onde\u2026 Fili di luna stelle di vento\u2026 Ritagli di tempo <\/strong><\/em>ed \u00e8 la nuova edizionedella sua prima raccolta poetica pubblicata proprio cinquant\u2019anni fa da Pellegrini e che oggi torna alle stampe in una veste nuova e con un\u2019appendice ricca di riscritture e sperimentazioni inedite che ridanno nuova vita ai versi giovanili di Bruni. In aggiunta anche la prima poesia del poeta risalente addirittura al 1966.<\/p>\n\n\n\n<p><strong>Ma perch\u00e9 ristampare la prima opera di uno scrittore in un mondo sempre pi\u00f9 in fermento e in costante richiesta di novit\u00e0 di effimera durata?<\/strong><\/p>\n\n\n\n<p>Lo racconta l\u2019editore Walter Pellegrini nella sua nota introduttiva:<\/p>\n\n\n\n<p><em>\u00abEra il 1975 quando Pierfranco Bruni entrava nella famiglia della nostra Casa Editrice. Portava con s\u00e9 una cartellina con una ventina di fogli. Eravamo giovanissimi. Lasci\u00f2 le sue pagine in lettura a mio padre. Erano poesie, versi, scritti tra i diciotto e i vent\u2019anni. Mio padre pubblic\u00f2 in una plaquette le poesie di Pierfranco. [\u2026] \u00c8 importante che uno scrittore, dopo decenni, lasci coraggiosamente che si riproponga il suo primo testo dopo la pubblicazione di numerosi libri di poesia, narrativa e saggistica. Il pregio di Pierfranco \u00e8 quello di non rinnegare mai o di non abiurare testi che sono datati. In questo caso sembrerebbe datato, ma non lo \u00e8 assoluta mente.\u00bb<\/em><\/p>\n\n\n\n<p>Un\u2019ottima occasione, dunque, per celebrare questo anniversario e per permettere ai lettori pi\u00f9 curiosi di <strong>recuperare il primo approccio alla scrittura<\/strong> di un autore prolifico e pluritradotto come Pierfranco Bruni.<br>Non mancheranno, per i lettori abituali dello scrittore calabrese, <strong>i temi ricorrenti<\/strong> della sua poetica come l\u2019amore per le radici, la famiglia, l\u2019amore sensuale, la nostalgia e il valore salvifico della memoria.<\/p>\n\n\n\n<p>Un\u2019interessante operazione editoriale e culturale di cui lo scrittore ha parlato cos\u00ec alla vigilia della pubblicazione:<\/p>\n\n\n\n<p><em>\u00abFumo il mio solito sigaro. So che fa male. Molto. Seduto sulla mia antica poltrona sfoglio il tempo vissuto. L\u2019ho vissuto intensamente. Intensamente senza mai cedere al ricatto degli anni\u2026 Eppure, gli anni pesano. Sono 50 anni dalla mia prima pubblicazione\u2026<br>Non ho malinconie. Ma le malinconie invadono la scena. Ci sono macerie che diventano rovine. Crolli di anime che sembravano frontiere. Ci sono orizzonti spezzati dai confini di un tramonto sbattuto sulla linea immaginaria che solo i nostri occhi riescono a fissare.<br>Non credo pi\u00f9 che la bellezza potr\u00e0 salvarci. Gli amori hanno le distanze di un frammento disegnato oltre il mosaico.<\/em><\/p>\n\n\n\n<p><em>Se Cristo rester\u00e0 in Croce ci sar\u00e0 mai la possibilit\u00e0 di toccare la Grazia con un sorriso?<br>Non cercate parole se la resurrezione non superer\u00e0 i labirinti. Soltanto la paura potr\u00e0 farci camminare un nuovo cammino. Gli uomini soli non hanno paura perch\u00e9 sono dei ribelli e i ribelli portano dentro il cuore la pazienza. Ma gli uomini non vogliono restare soli.\u00bb<\/em><\/p>\n","protected":false},"excerpt":{"rendered":"<p>COMUNICATO STAMPA PIERFRANCO BRUNI TORNA IN LIBRERIA CON LA SUA PRIMA PUBBLICAZIONE PER CELEBRARNE IL CINQUANTESIMO COMPLEANNO Pierfranco Bruni torna [&hellip;]<\/p>\n","protected":false},"author":1,"featured_media":0,"comment_status":"open","ping_status":"open","sticky":false,"template":"","format":"standard","meta":{"footnotes":""},"categories":[10,22],"tags":[],"class_list":["post-67267","post","type-post","status-publish","format-standard","hentry","category-italiano","category-libros-y-revistas-literatura"],"_links":{"self":[{"href":"https:\/\/www.ecoitaliano.com.ar\/index.php?rest_route=\/wp\/v2\/posts\/67267","targetHints":{"allow":["GET"]}}],"collection":[{"href":"https:\/\/www.ecoitaliano.com.ar\/index.php?rest_route=\/wp\/v2\/posts"}],"about":[{"href":"https:\/\/www.ecoitaliano.com.ar\/index.php?rest_route=\/wp\/v2\/types\/post"}],"author":[{"embeddable":true,"href":"https:\/\/www.ecoitaliano.com.ar\/index.php?rest_route=\/wp\/v2\/users\/1"}],"replies":[{"embeddable":true,"href":"https:\/\/www.ecoitaliano.com.ar\/index.php?rest_route=%2Fwp%2Fv2%2Fcomments&post=67267"}],"version-history":[{"count":0,"href":"https:\/\/www.ecoitaliano.com.ar\/index.php?rest_route=\/wp\/v2\/posts\/67267\/revisions"}],"wp:attachment":[{"href":"https:\/\/www.ecoitaliano.com.ar\/index.php?rest_route=%2Fwp%2Fv2%2Fmedia&parent=67267"}],"wp:term":[{"taxonomy":"category","embeddable":true,"href":"https:\/\/www.ecoitaliano.com.ar\/index.php?rest_route=%2Fwp%2Fv2%2Fcategories&post=67267"},{"taxonomy":"post_tag","embeddable":true,"href":"https:\/\/www.ecoitaliano.com.ar\/index.php?rest_route=%2Fwp%2Fv2%2Ftags&post=67267"}],"curies":[{"name":"wp","href":"https:\/\/api.w.org\/{rel}","templated":true}]}}