{"id":67797,"date":"2025-02-11T16:40:55","date_gmt":"2025-02-11T16:40:55","guid":{"rendered":"https:\/\/www.ecoitaliano.com.ar\/?p=67797"},"modified":"2025-02-11T16:40:55","modified_gmt":"2025-02-11T16:40:55","slug":"approvata-la-proposta-di-delibera-su-protocollo-dintesa-tra-roma-e-laquila","status":"publish","type":"post","link":"https:\/\/www.ecoitaliano.com.ar\/?p=67797","title":{"rendered":"APPROVATA LA PROPOSTA DI DELIBERA SU PROTOCOLLO D&#8217;INTESA TRA ROMA E L\u2019AQUILA*"},"content":{"rendered":"\n<figure class=\"wp-block-image size-full\"><a href=\"http:\/\/www.ecoitaliano.com.ar\/wp-content\/uploads\/2025\/02\/Dario-Nanni.jpg\"><img decoding=\"async\" width=\"206\" height=\"195\" src=\"http:\/\/www.ecoitaliano.com.ar\/wp-content\/uploads\/2025\/02\/Dario-Nanni.jpg\" alt=\"\" class=\"wp-image-67798\" srcset=\"https:\/\/www.ecoitaliano.com.ar\/wp-content\/uploads\/2025\/02\/Dario-Nanni.jpg 206w, https:\/\/www.ecoitaliano.com.ar\/wp-content\/uploads\/2025\/02\/Dario-Nanni-150x142.jpg 150w\" sizes=\"(max-width: 206px) 100vw, 206px\" \/><\/a><\/figure>\n\n\n\n<p><strong><br>APPROVATA LA PROPOSTA DI DELIBERA SU PROTOCOLLO D&#8217;INTESA TRA ROMA E L\u2019AQUILA<\/strong>ROMA &#8211;&nbsp;Oggi in&nbsp;Consiglio comunale abbiamo approvato la proposta di delibera che ho presentato e che prevede un&nbsp;<strong>Protocollo d\u2019Intesa tra Roma e la citt\u00e0 dell\u2019Aquila<\/strong>&nbsp;per saldare il legame profondo tra le due citt\u00e0 attraverso iniziative culturali, turistiche e di mobilit\u00e0 sostenibile, in vista del&nbsp;<strong>Giubileo&nbsp;<\/strong>e dei prossimi anni.Cos\u00ec in una nota&nbsp;<strong>Dario Nanni<\/strong>, consigliere comunale e Presidente della Commissione Capitolina Giubileo.L\u2019atto approvato oggi in aula contiene linee di indirizzo finalizzate a promuovere iniziative turistiche e culturali sia a Roma che all\u2019Aquila, alla valorizzazione del paesaggio rurale e del patrimonio artistico, culturale ed architettonico di entrambe le citt\u00e0 e al potenziamento dei collegamenti tra i due territori con misure di mobilit\u00e0 sostenibile.Ringrazio la delegazione del capoluogo abruzzese composta dal Sindaco dell\u2019Aquila&nbsp;<strong>Pierluigi Biondi<\/strong>, dall\u2019Assessora&nbsp;<strong>Ersilia Lancia<\/strong>&nbsp;e dal consigliere comunale&nbsp;<strong>Daniele Ferella&nbsp;<\/strong>oggi presente in aula.Questo atto vuole essere un modo per rafforzare questo rapporto storico ma anche un riconoscimento alla citt\u00e0 dell\u2019Aquila per il grande esempio di resilienza che ha dimostrato dopo il tragico evento del terremoto del 2009.Ricordo che la citt\u00e0 dell\u2019Aquila \u00e8 il capoluogo di regione pi\u00f9 vicino a&nbsp;<strong>Roma<\/strong>&nbsp;e che proprio questa vicinanza rappresenta il primo importante legame tra i due territori anche per aver favorito nel tempo gli spostamenti di oltre&nbsp;<strong>300.000 abruzzesi a Roma&nbsp;<\/strong>e i flussi turistici tra le due citt\u00e0.Ma&nbsp;<strong>L\u2019Aquila<\/strong>&nbsp;\u00e8 anche la citt\u00e0 del rito della&nbsp;<strong>Perdonanza Celestiniana&nbsp;<\/strong>che si celebra ogni anno ad Agosto nel capoluogo abruzzese, istituito da&nbsp;<strong>Papa Celestino V<\/strong>&nbsp;e precursore del primo Giubileo della storia, oltre ad essere stata definita nel 2022 da&nbsp;<strong>Papa Francesco<\/strong>&nbsp;come la capitale del perdono, della pace e della riconciliazione.Ed \u00e8 proprio in occasione del&nbsp;<strong>Giubileo<\/strong>&nbsp;che si sta celebrando quest\u2019anno nella citt\u00e0 di Roma che questo legame spirituale e religioso tra le due citt\u00e0 si rafforza ulteriormente e pu\u00f2 diventare una concreta opportunit\u00e0 per organizzare iniziative culturali, religiose ed artistiche condivise.<strong>Roma<\/strong>&nbsp;e&nbsp;<strong>L\u2019Aquila<\/strong>&nbsp;hanno in comune anche un patrimonio storico, culturale ed architettonico di inestimabile valore, tanto che&nbsp;<strong>L<\/strong><strong>\u2019Aquila&nbsp;<\/strong>ha ricevuto la nomina di&nbsp;<strong>Capitale italiana della Cultura 2026<\/strong>, motivo in pi\u00f9 per promuovere iniziative ed eventi per tutto il periodo del&nbsp;<strong>Giubileo 2025<\/strong>&nbsp;e per tutto il 2026 a testimonianza di una sinergia comune per la promozione condivisa del patrimonio artistico e culturale delle due citt\u00e0.Ringrazio tutti i consiglieri di maggioranza e di minoranza che hanno approvato questa proposta ed il Sindaco di Roma&nbsp;<strong>Roberto Gualtieri<\/strong>&nbsp;per essere intervenuto in aula e per la condivisione di questo atto, che verr\u00e0 discusso e votato anche dal consiglio comunale del capoluogo abruzzese \u2013 conclude&nbsp;<strong>Nanni<\/strong>&nbsp;\u2013 per poi iniziare con l\u2019attuazione di questa importante collaborazione tra&nbsp;<strong>Roma<\/strong>&nbsp;e&nbsp;<strong>L\u2019Aquila<\/strong>&nbsp;in funzione del&nbsp;<strong>Giubileo<\/strong>&nbsp;e per i prossimi anni per valorizzare i due territori e rafforzare il connubio storico, culturale e spirituale tra le due citt\u00e0.<\/p>\n\n\n\n<figure class=\"wp-block-image\"><img decoding=\"async\" src=\"https:\/\/mail.google.com\/mail\/u\/2?ui=2&amp;ik=a91c2962d6&amp;attid=0.0.1&amp;permmsgid=msg-f:1823778369469692956&amp;th=194f5cc3a5483c1c&amp;view=fimg&amp;fur=ip&amp;permmsgid=msg-f:1823778369469692956&amp;sz=s0-l75-ft&amp;attbid=ANGjdJ-DlqPnaFewCS5-_Evk-Jk5nfNFbAbLw5IMRWF5F07H6HBB7C1H5fz0YrG4doiGuw_14eCbeobBn-hZvczBZCybvtqe3jz52oew9XP05DZuHFSEINPDQlbEyrs&amp;disp=emb&amp;realattid=ii_194f5ba84b048e3fc031&amp;zw\" alt=\"\"\/><\/figure>\n\n\n\n<p>Assemblea Capitolina<\/p>\n\n\n\n<p>Commissione Capitolina Speciale&nbsp;\u00abGiubileo 2025\u00bb<\/p>\n\n\n\n<p>Il Presidente&nbsp;<\/p>\n\n\n\n<p>Viale G. D&#8217;annunzio&nbsp;<\/p>\n\n\n\n<p>00187 &#8211; Roma<\/p>\n","protected":false},"excerpt":{"rendered":"<p>APPROVATA LA PROPOSTA DI DELIBERA SU PROTOCOLLO D&#8217;INTESA TRA ROMA E L\u2019AQUILAROMA &#8211;&nbsp;Oggi in&nbsp;Consiglio comunale abbiamo approvato la proposta di [&hellip;]<\/p>\n","protected":false},"author":1,"featured_media":0,"comment_status":"open","ping_status":"open","sticky":false,"template":"","format":"standard","meta":{"footnotes":""},"categories":[10,14],"tags":[],"class_list":["post-67797","post","type-post","status-publish","format-standard","hentry","category-italiano","category-regiones-de-italia"],"_links":{"self":[{"href":"https:\/\/www.ecoitaliano.com.ar\/index.php?rest_route=\/wp\/v2\/posts\/67797","targetHints":{"allow":["GET"]}}],"collection":[{"href":"https:\/\/www.ecoitaliano.com.ar\/index.php?rest_route=\/wp\/v2\/posts"}],"about":[{"href":"https:\/\/www.ecoitaliano.com.ar\/index.php?rest_route=\/wp\/v2\/types\/post"}],"author":[{"embeddable":true,"href":"https:\/\/www.ecoitaliano.com.ar\/index.php?rest_route=\/wp\/v2\/users\/1"}],"replies":[{"embeddable":true,"href":"https:\/\/www.ecoitaliano.com.ar\/index.php?rest_route=%2Fwp%2Fv2%2Fcomments&post=67797"}],"version-history":[{"count":0,"href":"https:\/\/www.ecoitaliano.com.ar\/index.php?rest_route=\/wp\/v2\/posts\/67797\/revisions"}],"wp:attachment":[{"href":"https:\/\/www.ecoitaliano.com.ar\/index.php?rest_route=%2Fwp%2Fv2%2Fmedia&parent=67797"}],"wp:term":[{"taxonomy":"category","embeddable":true,"href":"https:\/\/www.ecoitaliano.com.ar\/index.php?rest_route=%2Fwp%2Fv2%2Fcategories&post=67797"},{"taxonomy":"post_tag","embeddable":true,"href":"https:\/\/www.ecoitaliano.com.ar\/index.php?rest_route=%2Fwp%2Fv2%2Ftags&post=67797"}],"curies":[{"name":"wp","href":"https:\/\/api.w.org\/{rel}","templated":true}]}}