{"id":68011,"date":"2025-02-14T19:02:36","date_gmt":"2025-02-14T19:02:36","guid":{"rendered":"https:\/\/www.ecoitaliano.com.ar\/?p=68011"},"modified":"2025-02-14T19:02:36","modified_gmt":"2025-02-14T19:02:36","slug":"serena-conduce-operaclassica-eco-italiano-4059","status":"publish","type":"post","link":"https:\/\/www.ecoitaliano.com.ar\/?p=68011","title":{"rendered":"Serena conduce operaclassica eco italiano"},"content":{"rendered":"<div class=\"wp-block-image\">\n<figure class=\"aligncenter size-full\"><a href=\"http:\/\/www.ecoitaliano.com.ar\/wp-content\/uploads\/2025\/02\/ghjk.jpg\"><img decoding=\"async\" width=\"244\" height=\"119\" src=\"http:\/\/www.ecoitaliano.com.ar\/wp-content\/uploads\/2025\/02\/ghjk.jpg\" alt=\"\" class=\"wp-image-67677\" srcset=\"https:\/\/www.ecoitaliano.com.ar\/wp-content\/uploads\/2025\/02\/ghjk.jpg 244w, https:\/\/www.ecoitaliano.com.ar\/wp-content\/uploads\/2025\/02\/ghjk-150x73.jpg 150w\" sizes=\"(max-width: 244px) 100vw, 244px\" \/><\/a><\/figure><\/div>\n\n\n<p><strong>Comunicato Stampa<\/strong><\/p>\n\n\n\n<p><strong>Per la prima volta al Teatro di San Carlo<\/strong><\/p>\n\n\n\n<p><strong><em>Rom\u00e9o et Juliette<\/em><\/strong><strong> di Charles Gounod<\/strong><\/p>\n\n\n\n<p><strong>Firma la regia Giorgia Guerra, sul podio Sesto Quatrini<\/strong><\/p>\n\n\n\n<p><strong>Nel cast vocale Nadine Sierra e Javier Camarena<\/strong><\/p>\n\n\n\n<p>Sabato 15 febbraio alle ore 20:00<\/p>\n\n\n\n<p>Repliche fino al 25 febbraio<\/p>\n\n\n\n<p>Il <strong>Teatro di San Carlo<\/strong> scrive una nuova pagina della sua storia con il prossimo titolo della <strong>Stagione d\u2019Opera 2024-25<\/strong>:<strong> <em>Rom\u00e9o et Juliette <\/em><\/strong>di <strong>Charles Gounod<\/strong>, su libretto di <strong>Jules Barbier<\/strong> e <strong>Michel Carr\u00e9<\/strong>, sar\u00e0 per la prima volta al Lirico di Napoli domani <strong>sabato 15 febbraio<\/strong> alle ore <strong>20:00<\/strong>. Quattro le successive repliche in cartellone,fino a <strong>marted\u00ec 25 febbraio<\/strong><em>.<\/em><\/p>\n\n\n\n<p>La serie di debutti al <strong>Teatro di San Carlo<\/strong> prosegue. Lo sar\u00e0 anche per <strong>Giorgia Guerra<\/strong>, che firma la regia dell\u2019<strong>allestimento<\/strong> dell\u2019<strong>ABAO<\/strong> <strong>Opera Bilbao <\/strong>e dell\u2019<strong>\u00d3pera de Oviedo, <\/strong>e per <strong>Sesto Quatrini<\/strong>, che sar\u00e0 sul podio per dirigere l\u2019<strong>Orchestra<\/strong> e il <strong>Coro <\/strong>del Massimo napoletano. Maestro del Coro \u00e8 <strong>Fabrizio Cassi<\/strong>.<\/p>\n\n\n\n<p>Le scene sono di <strong>Federica Parolini <\/strong>e i costumi di <strong>Lorena Mar\u00edn, <\/strong>mentre <strong>Fiammetta Baldiserri<\/strong> firma le luci. <strong>Imaginarium Studio <\/strong>cura, infine, il video.<\/p>\n\n\n\n<p><strong>Nadine Sierra<\/strong> e <strong>Javier Camarena<\/strong> sono gli sfortunati amanti nati dalla penna di William Shakespeare. <strong>Gianluca Buratto<\/strong> \u00e8 Fr\u00e8re Laurent, mentre <strong>Alessio Arduini<\/strong> interpreta Mercutio e <strong>Caterina Piva<\/strong> St\u00e9phano. Si aggiungono <strong>Mark Kurmanbayev<\/strong> (Capulet), <strong>Marco Ciaponi<\/strong> (Tybalt) e <strong>Annunziata Vestri<\/strong> (Gertrude). Nel cast vocale, anche gli allievi dell\u2019<strong>Accademia di Canto del Teatro di San Carlo<\/strong>: <strong>Yunho Kim<\/strong> (Le duc de V\u00e9ron), <strong>Antimo Dell\u02bcOmo<\/strong> (P\u00e2ris), <strong>Sun Tianxuefei<\/strong> (Benvolio) e <strong>Maurizio Bove<\/strong> (Gr\u00e9gorio).<\/p>\n\n\n\n<p>La scena concepita per l\u2019azione \u00e8 \u201cuna cassa atemporale &#8211; afferma <strong>Giorgia Guerra<\/strong> &#8211; perch\u00e9 il mito di Romeo e Giulietta ci accompagna da centinaia di anni. Ma i costumi sono d&#8217;epoca e ci riportano a quella che \u00e8 l&#8217;ambientazione della storia voluta da Shakespeare\u201d.&nbsp;Un contenitore in cui \u00e8 presente \u201cun elemento molto importante che \u00e8 visivamente una torre &#8211; spiega &#8211; che a livello drammatico rappresenta la famiglia, il monolite della famiglia, la presenza costante di queste famiglie rivali che determinano tutta la storia di Romeo e Giulietta. All&#8217;inizio sono molto incombenti e in maniera anche poderosa. Ho voluto quindi che apparisse pesante anche la scenografia, come se fosse cemento.&nbsp;Questa torre per\u00f2 viene \u2018profanata\u2019 dai giovani, con i loro dubbi e poi con le loro scelte\u201d. La&nbsp;scatola scenica \u00e8 completata \u201ctramite le proiezioni. C\u2019\u00e8 un grande lavoro di proiezioni che chiamo <em>musicali<\/em>, perch\u00e9 danno un segno visivo di quello che la musica ci dice\u201d.<\/p>\n\n\n\n<p>\u00c8 fin dagli anni della formazione che Charles Gounod rimase colpito dal dramma di Romeo e Giulietta. Ne scrive nelle sue <em>M\u00e9moires d\u2019un artiste<\/em>, dove ricorda il primo incontro con l\u2019opera shakesperiana: in una delle sale del Conservatorio di Parigi, vide Hector Berlioz impegnato nelle prove della sua trasposizione musicale: \u00abL\u00ec, m\u2019inebriavo di questa musica strana, appassionata, emozionata, che mi apriva degli orizzonti cos\u00ec nuovi e dei colori cos\u00ec intensi.\u00bb<\/p>\n\n\n\n<p>Lavorer\u00e0 sulla tragedia nel 1865 con i librettisti Barbier e Carr\u00e9, che avevano gi\u00e0 dato vita al <em>Faust<\/em>. L\u2019opera andr\u00e0 in scena nel 1867 al Th\u00e9\u00e2tre-Lyrique di Parigi e riscosse straordinario successo. Eug\u00e8ne Tarbet, su \u00abLe Figaro\u00bb, ne dir\u00e0: \u201cIn questa nuova opera Gounod \u2013 molto ben assistito dai suoi librettisti che questa volta hanno fatto con straordinaria abilit\u00e0 il libretto \u2013 ha superato se stesso. Regna su questo caos, che vi resta nella testa dopo un solo ascolto di una simile opera, un ricordo di grandezza che domina tutto.\u201d&nbsp;<\/p>\n\n\n\n<p><strong><em>Con gentile preghiera di pubblicazione e\/o diffusione<\/em><\/strong><\/p>\n\n\n\n<p><strong>Rossana Russo<\/strong>,<\/p>\n\n\n\n<p>Responsabile della Comunicazione creativa e strategica e Relazioni con la stampa<\/p>\n\n\n\n<p><a href=\"mailto:r.russo@teatrosancarlo.it\">r.russo@teatrosancarlo.it<\/a><\/p>\n\n\n\n<p>cell. 3357431980<\/p>\n\n\n\n<p><strong>Dipartimento Comunicazione del Teatro di San Carlo<\/strong><\/p>\n\n\n\n<p><a href=\"mailto:dipartimentocomunicazione@teatrosancarlo.it\">dipartimentocomunicazione@teatrosancarlo.it<\/a><\/p>\n\n\n\n<p>081 7972301<\/p>\n\n\n\n<p>Opera<\/p>\n\n\n\n<p>Dal 15 Febbraio al 25 Febbraio<\/p>\n\n\n\n<p><strong>Rom\u00e9o et Juliette<\/strong><\/p>\n\n\n\n<p>Opera in cinque atti<br>Musica di Charles Gounod<br>Libretto di Jules Barbier e Michel Carr\u00e9<\/p>\n\n\n\n<p>Direttore&nbsp;|&nbsp;<strong>Sesto Quatrini&nbsp;<\/strong>\u266d<br>Regia&nbsp;|&nbsp;<strong>Giorgia Guerra<\/strong>\u266d<br>Scene |&nbsp;<strong>Federica Parolini<\/strong>\u266d<br>Costumi |&nbsp;<strong>Lorena Mar\u00edn<\/strong>\u266d<br>Luci&nbsp;|&nbsp;<strong>Fiammetta Baldiserri<br><\/strong>Video |&nbsp;<strong>Imaginarium Studio<\/strong><\/p>\n\n\n\n<p>Interpreti<br>Juliette |&nbsp;<strong>Nadine Sierra<br><\/strong>Rom\u00e9o |&nbsp;<strong>Javier Camarena<br><\/strong>Fr\u00e8re Laurent |&nbsp;<strong>Gianluca Buratto<br><\/strong>Mercutio |&nbsp;<strong>Alessio Arduini<br><\/strong>St\u00e9phano |&nbsp;<strong>Caterina Piva<br><\/strong>Capulet&nbsp; |&nbsp;<strong>Mark Kurmanbayev<\/strong>\u266d<br>Tybalt |&nbsp;<strong>Marco Ciaponi<br><\/strong>Gertrude |&nbsp;<strong>Annunziata Vestri<\/strong><br>Le duc de V\u00e9rone |&nbsp;<strong>Yunho Kim&nbsp;<\/strong>#<br>P\u00e2ris |&nbsp;<strong>Antimo Dell\u2019Omo&nbsp;<\/strong>#<br>Benvolio |&nbsp;<strong>Sun Tianxuefei&nbsp;<\/strong>#<br>Gregorio |&nbsp;<strong>Maurizio Bove&nbsp;<\/strong>#<\/p>\n\n\n\n<p><strong>Orchestra e Coro del Teatro di San Carlo<br><\/strong>Maestro del Coro |&nbsp;<strong>Fabrizio Cassi<\/strong><\/p>\n\n\n\n<p><strong>Produzione di ABAO Bilbao Opera, \u00d3pera de Oviedo<\/strong><\/p>\n\n\n\n<p><strong>\u266d<\/strong><strong> debutto al Teatro di San Carlo<br># Accademia del Teatro di San Carlo<\/strong><\/p>\n\n\n\n<p><strong>Teatro di San Carlo | BLU<br><\/strong>sabato 15 febbraio 2025, ore 20:00 \u2013 A \u2013 BLU \u2013 III<br>marted\u00ec 18 febbraio 2025, ore 20:00 \u2013 C\/D \u2013 BLU \u2013 IV<br>venerd\u00ec 21 febbraio 2025, ore 20:00 \u2013 F.A. \u2013 BLU \u2013 IV<br>domenica 23 febbraio 2025, ore 17:00 \u2013 F \u2013 BLU \u2013 III<br>marted\u00ec 25 febbraio 2025, ore 20:00 \u2013 B \u2013 BLU \u2013 IV<\/p>\n\n\n\n<p>Opera in francese con sovratitoli in italiano e inglese<br>Durata: 3 ore e 10 minuti circa, con intervallo<\/p>\n\n\n\n<p>foto<\/p>\n\n\n\n<figure class=\"wp-block-gallery has-nested-images columns-default is-cropped wp-block-gallery-1 is-layout-flex wp-block-gallery-is-layout-flex\">\n<figure class=\"wp-block-image size-large\"><a href=\"https:\/\/www.ecoitaliano.com.ar\/wp-content\/uploads\/2025\/02\/ABAO-Bilbao-Opera.-Romeo-et-Juliette.-Octubre-2023-\u00a9E.-Moreno-Esquibel_0021-scaled.jpg\"><img decoding=\"async\" width=\"1024\" height=\"683\" data-id=\"68012\" src=\"https:\/\/www.ecoitaliano.com.ar\/wp-content\/uploads\/2025\/02\/ABAO-Bilbao-Opera.-Romeo-et-Juliette.-Octubre-2023-\u00a9E.-Moreno-Esquibel_0021-1024x683.jpg\" alt=\"\" class=\"wp-image-68012\" srcset=\"https:\/\/www.ecoitaliano.com.ar\/wp-content\/uploads\/2025\/02\/ABAO-Bilbao-Opera.-Romeo-et-Juliette.-Octubre-2023-\u00a9E.-Moreno-Esquibel_0021-1024x683.jpg 1024w, https:\/\/www.ecoitaliano.com.ar\/wp-content\/uploads\/2025\/02\/ABAO-Bilbao-Opera.-Romeo-et-Juliette.-Octubre-2023-\u00a9E.-Moreno-Esquibel_0021-300x200.jpg 300w, https:\/\/www.ecoitaliano.com.ar\/wp-content\/uploads\/2025\/02\/ABAO-Bilbao-Opera.-Romeo-et-Juliette.-Octubre-2023-\u00a9E.-Moreno-Esquibel_0021-768x512.jpg 768w, https:\/\/www.ecoitaliano.com.ar\/wp-content\/uploads\/2025\/02\/ABAO-Bilbao-Opera.-Romeo-et-Juliette.-Octubre-2023-\u00a9E.-Moreno-Esquibel_0021-1536x1024.jpg 1536w, https:\/\/www.ecoitaliano.com.ar\/wp-content\/uploads\/2025\/02\/ABAO-Bilbao-Opera.-Romeo-et-Juliette.-Octubre-2023-\u00a9E.-Moreno-Esquibel_0021-2048x1365.jpg 2048w, https:\/\/www.ecoitaliano.com.ar\/wp-content\/uploads\/2025\/02\/ABAO-Bilbao-Opera.-Romeo-et-Juliette.-Octubre-2023-\u00a9E.-Moreno-Esquibel_0021-150x100.jpg 150w\" sizes=\"(max-width: 1024px) 100vw, 1024px\" \/><\/a><figcaption class=\"wp-element-caption\">ROMEO JULIETA<\/figcaption><\/figure>\n\n\n\n<figure class=\"wp-block-image size-large\"><a href=\"https:\/\/www.ecoitaliano.com.ar\/wp-content\/uploads\/2025\/02\/ABAO-Bilbao-Opera.-Romeo-et-Juliette.-Octubre-2023-\u00a9E.-Moreno-Esquibel_0045-scaled.jpg\"><img decoding=\"async\" width=\"1024\" height=\"683\" data-id=\"68013\" src=\"https:\/\/www.ecoitaliano.com.ar\/wp-content\/uploads\/2025\/02\/ABAO-Bilbao-Opera.-Romeo-et-Juliette.-Octubre-2023-\u00a9E.-Moreno-Esquibel_0045-1024x683.jpg\" alt=\"\" class=\"wp-image-68013\" srcset=\"https:\/\/www.ecoitaliano.com.ar\/wp-content\/uploads\/2025\/02\/ABAO-Bilbao-Opera.-Romeo-et-Juliette.-Octubre-2023-\u00a9E.-Moreno-Esquibel_0045-1024x683.jpg 1024w, https:\/\/www.ecoitaliano.com.ar\/wp-content\/uploads\/2025\/02\/ABAO-Bilbao-Opera.-Romeo-et-Juliette.-Octubre-2023-\u00a9E.-Moreno-Esquibel_0045-300x200.jpg 300w, https:\/\/www.ecoitaliano.com.ar\/wp-content\/uploads\/2025\/02\/ABAO-Bilbao-Opera.-Romeo-et-Juliette.-Octubre-2023-\u00a9E.-Moreno-Esquibel_0045-768x512.jpg 768w, https:\/\/www.ecoitaliano.com.ar\/wp-content\/uploads\/2025\/02\/ABAO-Bilbao-Opera.-Romeo-et-Juliette.-Octubre-2023-\u00a9E.-Moreno-Esquibel_0045-1536x1024.jpg 1536w, https:\/\/www.ecoitaliano.com.ar\/wp-content\/uploads\/2025\/02\/ABAO-Bilbao-Opera.-Romeo-et-Juliette.-Octubre-2023-\u00a9E.-Moreno-Esquibel_0045-2048x1365.jpg 2048w, https:\/\/www.ecoitaliano.com.ar\/wp-content\/uploads\/2025\/02\/ABAO-Bilbao-Opera.-Romeo-et-Juliette.-Octubre-2023-\u00a9E.-Moreno-Esquibel_0045-150x100.jpg 150w\" sizes=\"(max-width: 1024px) 100vw, 1024px\" \/><\/a><figcaption class=\"wp-element-caption\">ROMEO JULIETA<\/figcaption><\/figure>\n\n\n\n<figure class=\"wp-block-image size-large\"><a href=\"https:\/\/www.ecoitaliano.com.ar\/wp-content\/uploads\/2025\/02\/ABAO-Bilbao-Opera.-Romeo-et-Juliette.-Octubre-2023-\u00a9E.-Moreno-Esquibel_7818-scaled.jpg\"><img decoding=\"async\" width=\"1024\" height=\"622\" data-id=\"68014\" src=\"https:\/\/www.ecoitaliano.com.ar\/wp-content\/uploads\/2025\/02\/ABAO-Bilbao-Opera.-Romeo-et-Juliette.-Octubre-2023-\u00a9E.-Moreno-Esquibel_7818-1024x622.jpg\" alt=\"\" class=\"wp-image-68014\" srcset=\"https:\/\/www.ecoitaliano.com.ar\/wp-content\/uploads\/2025\/02\/ABAO-Bilbao-Opera.-Romeo-et-Juliette.-Octubre-2023-\u00a9E.-Moreno-Esquibel_7818-1024x622.jpg 1024w, https:\/\/www.ecoitaliano.com.ar\/wp-content\/uploads\/2025\/02\/ABAO-Bilbao-Opera.-Romeo-et-Juliette.-Octubre-2023-\u00a9E.-Moreno-Esquibel_7818-300x182.jpg 300w, https:\/\/www.ecoitaliano.com.ar\/wp-content\/uploads\/2025\/02\/ABAO-Bilbao-Opera.-Romeo-et-Juliette.-Octubre-2023-\u00a9E.-Moreno-Esquibel_7818-768x466.jpg 768w, https:\/\/www.ecoitaliano.com.ar\/wp-content\/uploads\/2025\/02\/ABAO-Bilbao-Opera.-Romeo-et-Juliette.-Octubre-2023-\u00a9E.-Moreno-Esquibel_7818-1536x933.jpg 1536w, https:\/\/www.ecoitaliano.com.ar\/wp-content\/uploads\/2025\/02\/ABAO-Bilbao-Opera.-Romeo-et-Juliette.-Octubre-2023-\u00a9E.-Moreno-Esquibel_7818-2048x1244.jpg 2048w, https:\/\/www.ecoitaliano.com.ar\/wp-content\/uploads\/2025\/02\/ABAO-Bilbao-Opera.-Romeo-et-Juliette.-Octubre-2023-\u00a9E.-Moreno-Esquibel_7818-150x91.jpg 150w\" sizes=\"(max-width: 1024px) 100vw, 1024px\" \/><\/a><figcaption class=\"wp-element-caption\">Rom\u00e9o et Juliette EG<\/figcaption><\/figure>\n\n\n\n<figure class=\"wp-block-image size-large\"><a href=\"https:\/\/www.ecoitaliano.com.ar\/wp-content\/uploads\/2025\/02\/Romeo-et-Juliette_ph.Luciano-Romano_Teatro-di-San-Carlo-2025-2111.jpeg\"><img decoding=\"async\" width=\"1024\" height=\"683\" data-id=\"68015\" src=\"https:\/\/www.ecoitaliano.com.ar\/wp-content\/uploads\/2025\/02\/Romeo-et-Juliette_ph.Luciano-Romano_Teatro-di-San-Carlo-2025-2111-1024x683.jpeg\" alt=\"\" class=\"wp-image-68015\" srcset=\"https:\/\/www.ecoitaliano.com.ar\/wp-content\/uploads\/2025\/02\/Romeo-et-Juliette_ph.Luciano-Romano_Teatro-di-San-Carlo-2025-2111-1024x683.jpeg 1024w, https:\/\/www.ecoitaliano.com.ar\/wp-content\/uploads\/2025\/02\/Romeo-et-Juliette_ph.Luciano-Romano_Teatro-di-San-Carlo-2025-2111-300x200.jpeg 300w, https:\/\/www.ecoitaliano.com.ar\/wp-content\/uploads\/2025\/02\/Romeo-et-Juliette_ph.Luciano-Romano_Teatro-di-San-Carlo-2025-2111-768x512.jpeg 768w, https:\/\/www.ecoitaliano.com.ar\/wp-content\/uploads\/2025\/02\/Romeo-et-Juliette_ph.Luciano-Romano_Teatro-di-San-Carlo-2025-2111-150x100.jpeg 150w, https:\/\/www.ecoitaliano.com.ar\/wp-content\/uploads\/2025\/02\/Romeo-et-Juliette_ph.Luciano-Romano_Teatro-di-San-Carlo-2025-2111.jpeg 1280w\" sizes=\"(max-width: 1024px) 100vw, 1024px\" \/><\/a><\/figure>\n<\/figure>\n","protected":false},"excerpt":{"rendered":"<p>Comunicato Stampa Per la prima volta al Teatro di San Carlo Rom\u00e9o et Juliette di Charles Gounod Firma la regia [&hellip;]<\/p>\n","protected":false},"author":1,"featured_media":0,"comment_status":"open","ping_status":"open","sticky":false,"template":"","format":"standard","meta":{"footnotes":""},"categories":[1],"tags":[],"class_list":["post-68011","post","type-post","status-publish","format-standard","hentry","category-sin-categoria"],"_links":{"self":[{"href":"https:\/\/www.ecoitaliano.com.ar\/index.php?rest_route=\/wp\/v2\/posts\/68011","targetHints":{"allow":["GET"]}}],"collection":[{"href":"https:\/\/www.ecoitaliano.com.ar\/index.php?rest_route=\/wp\/v2\/posts"}],"about":[{"href":"https:\/\/www.ecoitaliano.com.ar\/index.php?rest_route=\/wp\/v2\/types\/post"}],"author":[{"embeddable":true,"href":"https:\/\/www.ecoitaliano.com.ar\/index.php?rest_route=\/wp\/v2\/users\/1"}],"replies":[{"embeddable":true,"href":"https:\/\/www.ecoitaliano.com.ar\/index.php?rest_route=%2Fwp%2Fv2%2Fcomments&post=68011"}],"version-history":[{"count":0,"href":"https:\/\/www.ecoitaliano.com.ar\/index.php?rest_route=\/wp\/v2\/posts\/68011\/revisions"}],"wp:attachment":[{"href":"https:\/\/www.ecoitaliano.com.ar\/index.php?rest_route=%2Fwp%2Fv2%2Fmedia&parent=68011"}],"wp:term":[{"taxonomy":"category","embeddable":true,"href":"https:\/\/www.ecoitaliano.com.ar\/index.php?rest_route=%2Fwp%2Fv2%2Fcategories&post=68011"},{"taxonomy":"post_tag","embeddable":true,"href":"https:\/\/www.ecoitaliano.com.ar\/index.php?rest_route=%2Fwp%2Fv2%2Ftags&post=68011"}],"curies":[{"name":"wp","href":"https:\/\/api.w.org\/{rel}","templated":true}]}}