{"id":68475,"date":"2025-02-22T15:01:27","date_gmt":"2025-02-22T15:01:27","guid":{"rendered":"https:\/\/www.ecoitaliano.com.ar\/?p=68475"},"modified":"2025-02-22T15:01:27","modified_gmt":"2025-02-22T15:01:27","slug":"serena-conduce-operaclassica-eco-italiano-4084","status":"publish","type":"post","link":"https:\/\/www.ecoitaliano.com.ar\/?p=68475","title":{"rendered":"Serena conduce operaclassica eco italiano"},"content":{"rendered":"<div class=\"wp-block-image\">\n<figure class=\"aligncenter size-full is-resized\"><a href=\"https:\/\/www.ecoitaliano.com.ar\/wp-content\/uploads\/2025\/02\/image-49.png\"><img decoding=\"async\" width=\"332\" height=\"70\" src=\"https:\/\/www.ecoitaliano.com.ar\/wp-content\/uploads\/2025\/02\/image-49.png\" alt=\"\" class=\"wp-image-68476\" style=\"width:248px;height:auto\" srcset=\"https:\/\/www.ecoitaliano.com.ar\/wp-content\/uploads\/2025\/02\/image-49.png 332w, https:\/\/www.ecoitaliano.com.ar\/wp-content\/uploads\/2025\/02\/image-49-300x63.png 300w, https:\/\/www.ecoitaliano.com.ar\/wp-content\/uploads\/2025\/02\/image-49-150x32.png 150w\" sizes=\"(max-width: 332px) 100vw, 332px\" \/><\/a><\/figure><\/div>\n\n\n<p><a><\/a><strong>Ufficio Stampa&nbsp;&nbsp;&nbsp;&nbsp;&nbsp;&nbsp;&nbsp;&nbsp;&nbsp;&nbsp;&nbsp;&nbsp;&nbsp;&nbsp;&nbsp;&nbsp;&nbsp;&nbsp;&nbsp;&nbsp;&nbsp;&nbsp;&nbsp;&nbsp;&nbsp;&nbsp;&nbsp;&nbsp;&nbsp;&nbsp;&nbsp;&nbsp;&nbsp;&nbsp;&nbsp;&nbsp;&nbsp;&nbsp;&nbsp;&nbsp;&nbsp;&nbsp;&nbsp;&nbsp;&nbsp;&nbsp;&nbsp;&nbsp;&nbsp;&nbsp;&nbsp;&nbsp;&nbsp;&nbsp;&nbsp;&nbsp;&nbsp;&nbsp;&nbsp;&nbsp;&nbsp;&nbsp;&nbsp;&nbsp;&nbsp;&nbsp;&nbsp;&nbsp;&nbsp;&nbsp;&nbsp;&nbsp;&nbsp;&nbsp;&nbsp;&nbsp;&nbsp;&nbsp;&nbsp;&nbsp;&nbsp;&nbsp;&nbsp;&nbsp;&nbsp;&nbsp;&nbsp;&nbsp;&nbsp;&nbsp;&nbsp;&nbsp;&nbsp;&nbsp;&nbsp;&nbsp;&nbsp;&nbsp;&nbsp;&nbsp;&nbsp;&nbsp;&nbsp;&nbsp;&nbsp;&nbsp;&nbsp;&nbsp;&nbsp;&nbsp;&nbsp;&nbsp;&nbsp;&nbsp;&nbsp;&nbsp;&nbsp;&nbsp;&nbsp;&nbsp;&nbsp;&nbsp;&nbsp;&nbsp;&nbsp;&nbsp;&nbsp;&nbsp;&nbsp;&nbsp;&nbsp;&nbsp;&nbsp;&nbsp;&nbsp;&nbsp;&nbsp;&nbsp;&nbsp;&nbsp; &nbsp;&nbsp;&nbsp;&nbsp;&nbsp;&nbsp;&nbsp;&nbsp;&nbsp;&nbsp;&nbsp;&nbsp;&nbsp; 22\/02\/2025<\/strong><\/p>\n\n\n\n<p><strong>FONDAZIONE ARENA PROTAGONISTA A HOLLYWOOD<\/strong><\/p>\n\n\n\n<p><strong>E POI IN TOUR NEGLI STATI UNITI<\/strong><\/p>\n\n\n\n<p><strong>L\u2019<em>Aida<\/em> \u2018di cristallo\u2019 sar\u00e0 proiettata al Los Angeles &#8211; Italia Film Festival, che precede gli Oscar. A marzo, concerti promozionali a Miami, Boston e New York<\/strong><\/p>\n\n\n\n<p>L\u2019Arena \u2018vola\u2019 oltreoceano, dalla West alla East Coast. Dopo un lungo tour in Asia, Fondazione Arena di Verona si appresta a conquistare gli Stati Uniti d\u2019America, quinto Paese per numero di spettatori stranieri in Arena. Sono stati, infatti quasi 11 mila le presenze \u2018stelle e strisce\u2019 all\u2019Opera Festival 2024.<\/p>\n\n\n\n<p>L\u2019<em>Aida<\/em> \u2018di cristallo\u2019 registrata da Rai Cultura nel 2023, per l\u2019inaugurazione del Centesimo Festival, e firmata da Stefano Poda, sar\u00e0 proiettata il 24 febbraio alle ore 10 al Chinese Theatre, lo stesso comprensorio che qualche giorno dopo ospiter\u00e0 la cerimonia degli Oscar. Appassionati di cinema e musica, giornalisti e addetti ai lavori presenti a Hollywood proprio per gli Academy Awards potranno rivedere le immagini di <em>Aida<\/em> che quest\u2019estate torner\u00e0 dal vivo sul palcoscenico del teatro d\u2019opera all\u2019aperto pi\u00f9 grande del mondo. Un\u2019occasione anche per la grande comunit\u00e0 italo-americana che vive a Los Angeles.<\/p>\n\n\n\n<p>Un appuntamento che precede di un mese il tour promozionale del 102\u00b0 Arena Opera Festival negli Usa. Fondazione Arena sar\u00e0, infatti, il 31 marzo a <strong>Miami<\/strong>, il 2 aprile a <strong>Boston<\/strong> e il 4 aprile a <strong>New York<\/strong>. Tre tappe lungo tutta la East Coast per far conoscere il Festival areniano e portare fuori dai confini nazionali il Canto lirico, patrimonio dell\u2019Umanit\u00e0. In tutte le tre citt\u00e0 il sovrintendente Cecilia Gasdia si esibir\u00e0 al pianoforte, accompagnando quattro cantanti che eseguiranno le pi\u00f9 belle arie dell\u2019Opera. Al fianco di Fondazione Arena gli Istituti di Cultura che hanno sede nelle diverse metropoli, ma anche Consolati, Ambasciate e sponsor. Oltre alla Regione Veneto che sostiene gli eventi internazionali.<\/p>\n\n\n\n<p>Ovviamente non mancher\u00e0 la promozione europea. Prima del tour negli Stati Uniti, Fondazione Arena atterrer\u00e0 per la prima volta in Irlanda, con un evento a <strong>Dublino<\/strong> il 12 marzo, e a seguire sar\u00e0 a <strong>Praga<\/strong> il 19 marzo.<\/p>\n\n\n\n<p><em>\u201cI tour internazionali ci permettono di far conoscere non solo l\u2019offerta culturale di Fondazione Arena e l\u2019eccellenza musicale, ma anche le esperienze esclusive che il nostro anfiteatro offre durante il Festival lirico, sempre pi\u00f9 ricercate soprattutto dal pubblico internazionale \u2013 spiega <strong>Cecilia Gasdia, Sovrintendente della Fondazione Arena<\/strong> -. Un\u2019occasione di grande visibilit\u00e0 anche per i mecenati dell\u2019Arena, sostenitori che spesso ci affiancano durante questi eventi\u201d.<\/em><\/p>\n\n\n\n<p><em>\u201cIl nostro Festival conta quasi il 60 per cento di spettatori stranieri, la promozione internazionale \u00e8 fondamentale per incrementare questo continuo flusso di presenze estere \u2013 afferma <strong>Stefano Trespidi, Vicedirettore artistico della Fondazione Arena<\/strong> -. Gli Stati Uniti rappresentano un bacino enorme ed \u00e8 strategico portare sul loro territorio il nostro \u2018prodotto culturale\u2019 affinch\u00e8 possano conoscerlo ed apprezzarlo prima di scegliere di viverlo in prima persona\u201d.<\/em><\/p>\n\n\n\n<p><em>\u201cQuesti appuntamenti hanno un grande obiettivo commerciale grazie anche alla sinergia con ENIT, Ente nazionale italiano per il Turismo che, ogni anno, ci supporta nell&#8217;incontro con i tour operator di tutto il mondo \u2013 conclude <strong>Andrea Compagnucci, Marketing Principal Consultant di Fondazione Arena<\/strong> -. Saranno oltre 100 quelli che parteciperanno agli eventi negli USA ai quali si aggiungono le migliaia che ciclicamente incontriamo alle fiere di settore il cui calendario non conosce sosta di anno in anno\u201d.<\/em><\/p>\n\n\n\n<p><strong>Informazioni<\/strong><strong>&nbsp;<\/strong><\/p>\n\n\n\n<p><strong>Ufficio Stampa Fondazione Arena di Verona<\/strong><\/p>\n\n\n\n<p>Via Roma 7\/D, 37121 Verona<\/p>\n\n\n\n<p>tel. (+39) 045 805.1861-1905-1891-1939-1847<\/p>\n\n\n\n<p><a href=\"mailto:ufficio.stampa@arenadiverona.it\">ufficio.stampa@arenadiverona.it<\/a>&nbsp;<\/p>\n","protected":false},"excerpt":{"rendered":"<p>Ufficio Stampa&nbsp;&nbsp;&nbsp;&nbsp;&nbsp;&nbsp;&nbsp;&nbsp;&nbsp;&nbsp;&nbsp;&nbsp;&nbsp;&nbsp;&nbsp;&nbsp;&nbsp;&nbsp;&nbsp;&nbsp;&nbsp;&nbsp;&nbsp;&nbsp;&nbsp;&nbsp;&nbsp;&nbsp;&nbsp;&nbsp;&nbsp;&nbsp;&nbsp;&nbsp;&nbsp;&nbsp;&nbsp;&nbsp;&nbsp;&nbsp;&nbsp;&nbsp;&nbsp;&nbsp;&nbsp;&nbsp;&nbsp;&nbsp;&nbsp;&nbsp;&nbsp;&nbsp;&nbsp;&nbsp;&nbsp;&nbsp;&nbsp;&nbsp;&nbsp;&nbsp;&nbsp;&nbsp;&nbsp;&nbsp;&nbsp;&nbsp;&nbsp;&nbsp;&nbsp;&nbsp;&nbsp;&nbsp;&nbsp;&nbsp;&nbsp;&nbsp;&nbsp;&nbsp;&nbsp;&nbsp;&nbsp;&nbsp;&nbsp;&nbsp;&nbsp;&nbsp;&nbsp;&nbsp;&nbsp;&nbsp;&nbsp;&nbsp;&nbsp;&nbsp;&nbsp;&nbsp;&nbsp;&nbsp;&nbsp;&nbsp;&nbsp;&nbsp;&nbsp;&nbsp;&nbsp;&nbsp;&nbsp;&nbsp;&nbsp;&nbsp;&nbsp;&nbsp;&nbsp;&nbsp;&nbsp;&nbsp;&nbsp;&nbsp;&nbsp;&nbsp;&nbsp;&nbsp;&nbsp;&nbsp;&nbsp;&nbsp;&nbsp;&nbsp;&nbsp;&nbsp;&nbsp;&nbsp;&nbsp;&nbsp;&nbsp;&nbsp;&nbsp;&nbsp;&nbsp;&nbsp; &nbsp;&nbsp;&nbsp;&nbsp;&nbsp;&nbsp;&nbsp;&nbsp;&nbsp;&nbsp;&nbsp;&nbsp;&nbsp; 22\/02\/2025 FONDAZIONE ARENA PROTAGONISTA A HOLLYWOOD E POI IN TOUR NEGLI STATI UNITI L\u2019Aida \u2018di cristallo\u2019 sar\u00e0 [&hellip;]<\/p>\n","protected":false},"author":1,"featured_media":0,"comment_status":"open","ping_status":"open","sticky":false,"template":"","format":"standard","meta":{"footnotes":""},"categories":[1],"tags":[],"class_list":["post-68475","post","type-post","status-publish","format-standard","hentry","category-sin-categoria"],"_links":{"self":[{"href":"https:\/\/www.ecoitaliano.com.ar\/index.php?rest_route=\/wp\/v2\/posts\/68475","targetHints":{"allow":["GET"]}}],"collection":[{"href":"https:\/\/www.ecoitaliano.com.ar\/index.php?rest_route=\/wp\/v2\/posts"}],"about":[{"href":"https:\/\/www.ecoitaliano.com.ar\/index.php?rest_route=\/wp\/v2\/types\/post"}],"author":[{"embeddable":true,"href":"https:\/\/www.ecoitaliano.com.ar\/index.php?rest_route=\/wp\/v2\/users\/1"}],"replies":[{"embeddable":true,"href":"https:\/\/www.ecoitaliano.com.ar\/index.php?rest_route=%2Fwp%2Fv2%2Fcomments&post=68475"}],"version-history":[{"count":0,"href":"https:\/\/www.ecoitaliano.com.ar\/index.php?rest_route=\/wp\/v2\/posts\/68475\/revisions"}],"wp:attachment":[{"href":"https:\/\/www.ecoitaliano.com.ar\/index.php?rest_route=%2Fwp%2Fv2%2Fmedia&parent=68475"}],"wp:term":[{"taxonomy":"category","embeddable":true,"href":"https:\/\/www.ecoitaliano.com.ar\/index.php?rest_route=%2Fwp%2Fv2%2Fcategories&post=68475"},{"taxonomy":"post_tag","embeddable":true,"href":"https:\/\/www.ecoitaliano.com.ar\/index.php?rest_route=%2Fwp%2Fv2%2Ftags&post=68475"}],"curies":[{"name":"wp","href":"https:\/\/api.w.org\/{rel}","templated":true}]}}