{"id":69140,"date":"2025-03-07T15:13:48","date_gmt":"2025-03-07T15:13:48","guid":{"rendered":"https:\/\/www.ecoitaliano.com.ar\/?p=69140"},"modified":"2025-03-07T15:13:48","modified_gmt":"2025-03-07T15:13:48","slug":"bustric-e-il-duo-pianistico-paola-biondi-e-debora-brunialti-il-circo-delle-pulci-del-professor-bustric-musiche-dai-film-di-walt-disney-camerata-musicale-sulmona-teatro-comunale","status":"publish","type":"post","link":"https:\/\/www.ecoitaliano.com.ar\/?p=69140","title":{"rendered":"Bustric e il duo pianistico Paola Biondi e Debora Brunialti-\u201cIL CIRCO DELLE PULCI DEL PROFESSOR BUSTRIC\u201d musiche dai film di Walt Disney- CAMERATA MUSICALE SULMONA- Teatro Comunale \u201cMaria Caniglia\u201d domenica 9 marzo ore 17,30"},"content":{"rendered":"\n<p><\/p>\n\n\n\n<figure class=\"wp-block-image\"><img decoding=\"async\" src=\"https:\/\/mail.google.com\/mail\/u\/2?ui=2&amp;ik=a91c2962d6&amp;attid=0.0.1&amp;permmsgid=msg-f:1825948559380299969&amp;th=1957128a5bffc0c1&amp;view=fimg&amp;fur=ip&amp;permmsgid=msg-f:1825948559380299969&amp;sz=s0-l75-ft&amp;attbid=ANGjdJ8RI5o9cjzUOsMPBeDgo2vd4ecHc7PBntJye1arQjzhHsrCdEOegzFVmpD_PI5jLVLnMlXjilM4arehXYsNrs-BvlD-u2QAGNm35aGrLoCGcCITq589q7jjrPM&amp;disp=emb&amp;realattid=ii_m7yvsg121&amp;zw\" alt=\"1a1dbcb2-e469-4e87-b05b-cdced3e67fea.png\"\/><\/figure>\n\n\n\n<p><strong>Direttore Artistico M\u00b0Gaetano Di Bacco<\/strong><strong><\/strong><\/p>\n\n\n\n<p><strong>&nbsp;<\/strong><strong>Bustric e il duo pianistico Paola Biondi e Debora Brunialti<\/strong><\/p>\n\n\n\n<p><strong>presentano<\/strong><\/p>\n\n\n\n<p><strong>\u201cIL CIRCO DELLE PULCI DEL PROFESSOR BUSTRIC\u201d<\/strong><strong><\/strong><\/p>\n\n\n\n<p><em>musiche dai film di Walt Disney<\/em><\/p>\n\n\n\n<p><strong>Teatro Comunale \u201cMaria Caniglia\u201d- Sulmona<\/strong><\/p>\n\n\n\n<p><strong>domenica 9 marzo &#8211; ore 17.30<\/strong><\/p>\n\n\n\n<p>La magia e l\u2019illusionismo entrano in campo nello spettacolo di domenica 9 marzo al Teatro Caniglia di Sulmona, per la 72a stagione della Camerata Musicale che si avvia a conclusione. Bustric con il duo pianistico composto da Paola Biondi e Debora Brunialti, propongono \u201cIl circo delle pulci del professor Bustric\u201d. La magia del circo, &nbsp;l\u2019illusione creata dal mondo invisibile delle pulci e le magiche musiche prese in prestito dai film<strong>&nbsp;<\/strong>di Walt Disney sono gli \u201cingredienti\u201d per questo speciale spettacolo che sapr\u00e0 coinvolgere un pubblico di ogni et\u00e0.<\/p>\n\n\n\n<p>\u201cIl Circo delle Pulci\u201d nato storicamente nell\u2019ottocento, \u00e8 una forma di spettacolo popolare, che meraviglia e stupisce ancora pi\u00f9 di un normale circo in quanto ad esibirsi nei vari ruoli di acrobata, funambolo o fachiro sono proprio loro&#8230;. le pulci.<\/p>\n\n\n\n<p>\u201cCerto \u00e8 difficilissimo vederle, soprattutto da lontano \u2013 dice il mago Bustric- &nbsp;per questo serve la magia che, per definizione, mostra l\u2019impossibile diventare reale e, alla domanda legittima: ma le pulci esistono? .. ovvero.. c\u2019\u00e8 il trucco? &#8211; si pu\u00f2 rispondere, altrettanto legittimamente: se non c\u2019\u00e8 trucco \u00e8 incredibile, ma se il trucco c\u2019\u00e8&#8230;. lo \u00e8 ancor di pi\u00f9!\u201d.<\/p>\n\n\n\n<p>Nel circo delle pulci la magia non \u00e8 solamente quella del Mago, ma anche del Teatro,&nbsp; dove l\u2019attore pu\u00f2 creare ogni tipo d\u2019illusione. &nbsp;<\/p>\n\n\n\n<p>Il Circo delle Pulci \u00e8 gioco di prospettive tra l\u2019infinitamente piccolo e l\u2019infinitamente grande: pu\u00f2 accadere che se una pulce si tuffa in una tazzina di caff\u00e8 tanto piccola per noi, ma grande come un mare per lei&#8230; che la scena si trasformi in abisso marino, svelando segreti e misteri.<\/p>\n\n\n\n<p>Magia di trucchi semplici eppure incomprensibili e sorprendenti e piccoli colpi di genio, con la leggerezza e quel senso dell\u2019assurdo tipici del teatro di Bustric, suscitano nel pubblico la meraviglia.<\/p>\n\n\n\n<p><strong>Sergio Bini, in arte Bustric<\/strong>,&nbsp;&nbsp;autore, attore e regista, laureato all\u2019Universit\u00e0 di Bologna, come artista si forma a Parigi alla scuola di circo e quella di pantomima di Etienne Decroux &nbsp;poi a Roma con Roy Bosier &nbsp;e infine all\u2019Actor Studio con John Strasberg.<\/p>\n\n\n\n<p>Bustric mette in scena i suoi spettacoli usando varie tecniche: dal gioco di prestigio, alla pantomima, al canto e alla recitazione, in un ritmo narrativo che riempie le sue storie di sorprese, di cose buffe e inattese. Con la sua compagnia ha girato in tutta Europa ed oltreoceano. Personaggio, attore, intrattenitore e conduttore di alcuni programmi televisivi, &nbsp;ha lavorato per il cinema con Silvano Agosti, Comencini, Ricky Tognazzi, e con Benigni nel \u201cLa vita \u00e8 bella\u201d.<\/p>\n\n\n\n<p>Dal 1975 ad oggi ha realizzato spettacoli teatrali e di teatro musicale (<em>La Meravigliosa arte dell\u2019inganno, Atterraggio di Fortuna, Napoleone magico Imperatore, Nuvolo, Variet\u00e8 degli animali<\/em>, musiche di Saint-Saens;&nbsp;<em>Pinocchio<\/em>, musiche di Fiorenzo Carpi,&nbsp;<em>Nuvolo e Musica,&nbsp;<\/em>&nbsp;<em>Il Libro della giungla<\/em>&nbsp; musiche di Mikl\u00f3s R\u00f3zsa<em>, Pierino (Bustric) e il Lupo<\/em>&nbsp;musiche di Prokof\u2019ev) . Dirige e scrive a quattro mani con Piero Pel\u00f9 il suo spettacolo teatrale&nbsp;<em>Fenomeni<\/em>.<\/p>\n\n\n\n<p>La sua collaborazione con il duo pianistico Paola Biondi e Debora Brunialti risale al 2004.<\/p>\n\n\n\n<p>Il suo \u00e8 stato definito&nbsp;&nbsp;teatro \u201ccolorato e comico, a volte poetico, certamente unico.\u201d<\/p>\n\n\n\n<p>Conosciute nel panorama musicale nazionale e internazionale per il loro grande potere comunicativo e le loro performance sempre innovative e dinamiche,&nbsp;<strong>Paola Biondi e Debora Brunialti&nbsp;<\/strong>si sono diplomate al Conservatorio \u201cN. Paganini \u201d di Genova dove attualmente insegnano ed hanno avviato un laboratorio di duo pianistico.&nbsp; Di loro hanno scritto: \u201cNel duo l\u2019intesa sembra esistere a priori, quasi connaturata. Quando si ascoltano si ha la sensazione che stia suonando un unico pianista\u201d. Numerose sono le collaborazioni con &nbsp;compositori contemporanei. Amano interagire con teatro, danza e poesia per creare una sinergia delle arti.&nbsp; Recente \u00e8 la produzione de \u201cIl Ricordo Che Se Ne Ha\u201c, ispirato al libro della giornalista Mariza D\u2019Anna, con musiche di Carla Magnan e Carla Rebora, su libretto di Guido Barbieri. Tra le ultime produzioni anche&nbsp;<em>Clara,Fanny e le altre.<\/em>.un progetto musicale dedicato alle donne compositrici, creato in collaborazione con gli \u201cAmici della Musica di Palermo\u201d. Dal 2004 nasce una collaborazione con con Bustric con cui interpretano una serie di spettacoli. In ambito jazzistico sono interpreti di Stefano Bollani, Uri Caine, Giorgio Gaslini e &nbsp;Paolo Silvestri che dedica loro&nbsp;<em>Anime Verde Speranza &nbsp;<\/em>dall\u2019omonima composizione per grande orchestra.&nbsp; Hanno inciso per la Dynamic composizioni del ventesimo secolo con apprezzamenti da riviste musicali importanti (Diapason, Le Monde De La Musique); per Amadeus hanno registrato il concerto per due pianoforti e orchestra di F. Poulenc con l\u2019Orchestra della Radio Svizzera Italiana diretta da Tito Ceccherini. Del 2016 \u00e8 il cd<em>&nbsp;Between Earth and Heaven &nbsp;<\/em>della Continuo Records, con musiche di A.Canonici . In collaborazione con il Cidim realizzano un cd con musiche di Mozart, Grieg, Debussy,Ravel e Gershwin, con la copertina (\u201cIl Terzo Paradiso\u201ddi Michelangelo Pistoletto) che interpreta il messaggio di pace presente nel loro percorso artistico caratterizzato da una profonda attenzione ai progetti di carattere umanitario. &nbsp;<\/p>\n\n\n\n<p><strong>PROSSIMO APPUNTAMENTO<\/strong><\/p>\n\n\n\n<p><strong>Domenica 16 marzo 2025 &nbsp;ore 17.30<\/strong><\/p>\n\n\n\n<p><strong>Mulas Tershana De Angelis Trio<\/strong><\/p>\n\n\n\n<p><em>violino, violoncello, pianoforte<\/em><\/p>\n\n\n\n<p><strong>&nbsp;&nbsp;&nbsp;&nbsp;&nbsp;&nbsp;&nbsp;&nbsp;&nbsp;&nbsp;&nbsp;&nbsp;&nbsp;&nbsp;&nbsp;&nbsp;&nbsp;&nbsp;&nbsp;&nbsp;&nbsp;&nbsp;&nbsp;&nbsp;&nbsp;&nbsp;&nbsp;&nbsp;&nbsp;&nbsp;&nbsp;&nbsp;&nbsp;&nbsp;&nbsp;&nbsp;&nbsp;&nbsp;&nbsp;&nbsp;&nbsp;&nbsp;&nbsp;&nbsp;&nbsp;&nbsp;&nbsp;&nbsp;&nbsp;&nbsp;&nbsp;&nbsp;&nbsp;&nbsp;&nbsp;&nbsp;&nbsp;&nbsp;&nbsp;&nbsp;&nbsp;&nbsp;&nbsp;&nbsp;&nbsp;&nbsp;&nbsp;&nbsp;&nbsp;&nbsp;&nbsp;&nbsp;&nbsp;&nbsp;&nbsp;&nbsp;&nbsp;&nbsp;&nbsp;&nbsp;&nbsp;&nbsp;&nbsp;&nbsp;&nbsp;&nbsp;&nbsp;&nbsp;&nbsp;&nbsp;&nbsp;&nbsp;&nbsp;&nbsp;&nbsp;&nbsp;&nbsp;&nbsp;&nbsp;&nbsp;&nbsp;&nbsp;&nbsp;&nbsp;&nbsp;&nbsp;&nbsp;&nbsp;&nbsp;&nbsp;&nbsp;&nbsp;&nbsp;&nbsp;&nbsp;&nbsp;&nbsp;&nbsp;&nbsp; &nbsp;&nbsp;&nbsp;&nbsp;&nbsp;&nbsp;&nbsp;&nbsp;&nbsp;&nbsp;&nbsp;&nbsp;&nbsp;&nbsp;&nbsp;&nbsp;&nbsp;&nbsp;&nbsp;&nbsp;&nbsp;&nbsp;&nbsp;&nbsp;&nbsp;&nbsp;&nbsp;&nbsp;&nbsp;&nbsp;&nbsp; Biglietti:&nbsp; \u20ac 15-10<\/strong><\/p>\n\n\n\n<p><strong>sottoscrizione 5Xmille Info:0864 212207<\/strong><\/p>\n\n\n\n<p>&nbsp;&nbsp;&nbsp;&nbsp;&nbsp;&nbsp;&nbsp;&nbsp;&nbsp;&nbsp;&nbsp;&nbsp;&nbsp;&nbsp;&nbsp;<a href=\"http:\/\/www.cameratamusicalesulmonese.it\/\" target=\"_blank\" rel=\"noreferrer noopener\"><strong>www.cameratamusicalesulmonese.it<\/strong><\/a>&nbsp;<\/p>\n\n\n\n<p><strong><em>Ufficio Stampa<\/em><\/strong><\/p>\n\n\n\n<p><strong><em>Fiorentina Galterio<\/em><\/strong><\/p>\n\n\n\n<p><strong><em>Tel.349 7031924&nbsp;&nbsp;&nbsp;&nbsp;&nbsp;&nbsp;&nbsp;&nbsp;&nbsp;&nbsp;&nbsp;&nbsp;&nbsp;&nbsp;&nbsp;&nbsp;&nbsp;&nbsp;&nbsp;&nbsp;&nbsp;&nbsp;&nbsp;&nbsp;&nbsp;&nbsp;&nbsp;&nbsp;&nbsp;&nbsp;<\/em><\/strong><\/p>\n\n\n\n<p><strong><em>stampacameratamusic<\/em><\/strong>@g<strong><em><a href=\"http:\/\/mail.com\/\" target=\"_blank\" rel=\"noreferrer noopener\">mail.com<\/a><\/em><\/strong><strong><\/strong><\/p>\n","protected":false},"excerpt":{"rendered":"<p>Direttore Artistico M\u00b0Gaetano Di Bacco &nbsp;Bustric e il duo pianistico Paola Biondi e Debora Brunialti presentano \u201cIL CIRCO DELLE PULCI [&hellip;]<\/p>\n","protected":false},"author":1,"featured_media":0,"comment_status":"open","ping_status":"open","sticky":false,"template":"","format":"standard","meta":{"footnotes":""},"categories":[10,46],"tags":[],"class_list":["post-69140","post","type-post","status-publish","format-standard","hentry","category-italiano","category-musica"],"_links":{"self":[{"href":"https:\/\/www.ecoitaliano.com.ar\/index.php?rest_route=\/wp\/v2\/posts\/69140","targetHints":{"allow":["GET"]}}],"collection":[{"href":"https:\/\/www.ecoitaliano.com.ar\/index.php?rest_route=\/wp\/v2\/posts"}],"about":[{"href":"https:\/\/www.ecoitaliano.com.ar\/index.php?rest_route=\/wp\/v2\/types\/post"}],"author":[{"embeddable":true,"href":"https:\/\/www.ecoitaliano.com.ar\/index.php?rest_route=\/wp\/v2\/users\/1"}],"replies":[{"embeddable":true,"href":"https:\/\/www.ecoitaliano.com.ar\/index.php?rest_route=%2Fwp%2Fv2%2Fcomments&post=69140"}],"version-history":[{"count":0,"href":"https:\/\/www.ecoitaliano.com.ar\/index.php?rest_route=\/wp\/v2\/posts\/69140\/revisions"}],"wp:attachment":[{"href":"https:\/\/www.ecoitaliano.com.ar\/index.php?rest_route=%2Fwp%2Fv2%2Fmedia&parent=69140"}],"wp:term":[{"taxonomy":"category","embeddable":true,"href":"https:\/\/www.ecoitaliano.com.ar\/index.php?rest_route=%2Fwp%2Fv2%2Fcategories&post=69140"},{"taxonomy":"post_tag","embeddable":true,"href":"https:\/\/www.ecoitaliano.com.ar\/index.php?rest_route=%2Fwp%2Fv2%2Ftags&post=69140"}],"curies":[{"name":"wp","href":"https:\/\/api.w.org\/{rel}","templated":true}]}}