{"id":69270,"date":"2025-03-10T17:42:36","date_gmt":"2025-03-10T17:42:36","guid":{"rendered":"https:\/\/www.ecoitaliano.com.ar\/?p=69270"},"modified":"2025-03-10T17:42:36","modified_gmt":"2025-03-10T17:42:36","slug":"premio-internazionale-divinamente-donna-2025-leccellenza-femminile-celebrata-il-6-marzo-scorso-nella-sala-zuccari-del-senato-della-repubblica","status":"publish","type":"post","link":"https:\/\/www.ecoitaliano.com.ar\/?p=69270","title":{"rendered":"PREMIO INTERNAZIONALE \u201cDIVINAMENTE DONNA\u201d 2025 &#8211; L\u2019Eccellenza femminile celebrata il 6 marzo scorso nella Sala Zuccari del Senato della Repubblica"},"content":{"rendered":"\n<figure class=\"wp-block-image size-large\"><a href=\"http:\/\/www.ecoitaliano.com.ar\/wp-content\/uploads\/2025\/03\/Divinamente-Donna-2025-1.jpg\"><img decoding=\"async\" width=\"724\" height=\"1024\" src=\"http:\/\/www.ecoitaliano.com.ar\/wp-content\/uploads\/2025\/03\/Divinamente-Donna-2025-1-724x1024.jpg\" alt=\"\" class=\"wp-image-69269\" srcset=\"https:\/\/www.ecoitaliano.com.ar\/wp-content\/uploads\/2025\/03\/Divinamente-Donna-2025-1-724x1024.jpg 724w, https:\/\/www.ecoitaliano.com.ar\/wp-content\/uploads\/2025\/03\/Divinamente-Donna-2025-1-212x300.jpg 212w, https:\/\/www.ecoitaliano.com.ar\/wp-content\/uploads\/2025\/03\/Divinamente-Donna-2025-1-768x1086.jpg 768w, https:\/\/www.ecoitaliano.com.ar\/wp-content\/uploads\/2025\/03\/Divinamente-Donna-2025-1-106x150.jpg 106w, https:\/\/www.ecoitaliano.com.ar\/wp-content\/uploads\/2025\/03\/Divinamente-Donna-2025-1.jpg 905w\" sizes=\"(max-width: 724px) 100vw, 724px\" \/><\/a><\/figure>\n\n\n\n<figure class=\"wp-block-gallery has-nested-images columns-default is-cropped wp-block-gallery-1 is-layout-flex wp-block-gallery-is-layout-flex\">\n<figure class=\"wp-block-image size-large\"><a href=\"https:\/\/www.ecoitaliano.com.ar\/wp-content\/uploads\/2025\/03\/481083341-scaled.jpg\"><img decoding=\"async\" width=\"1024\" height=\"504\" data-id=\"69271\" src=\"https:\/\/www.ecoitaliano.com.ar\/wp-content\/uploads\/2025\/03\/481083341-1024x504.jpg\" alt=\"\" class=\"wp-image-69271\" srcset=\"https:\/\/www.ecoitaliano.com.ar\/wp-content\/uploads\/2025\/03\/481083341-1024x504.jpg 1024w, https:\/\/www.ecoitaliano.com.ar\/wp-content\/uploads\/2025\/03\/481083341-300x148.jpg 300w, https:\/\/www.ecoitaliano.com.ar\/wp-content\/uploads\/2025\/03\/481083341-768x378.jpg 768w, https:\/\/www.ecoitaliano.com.ar\/wp-content\/uploads\/2025\/03\/481083341-1536x756.jpg 1536w, https:\/\/www.ecoitaliano.com.ar\/wp-content\/uploads\/2025\/03\/481083341-2048x1008.jpg 2048w, https:\/\/www.ecoitaliano.com.ar\/wp-content\/uploads\/2025\/03\/481083341-150x74.jpg 150w\" sizes=\"(max-width: 1024px) 100vw, 1024px\" \/><\/a><\/figure>\n\n\n\n<figure class=\"wp-block-image size-large\"><a href=\"https:\/\/www.ecoitaliano.com.ar\/wp-content\/uploads\/2025\/03\/481206735.jpg\"><img decoding=\"async\" width=\"642\" height=\"1024\" data-id=\"69272\" src=\"https:\/\/www.ecoitaliano.com.ar\/wp-content\/uploads\/2025\/03\/481206735-642x1024.jpg\" alt=\"\" class=\"wp-image-69272\" srcset=\"https:\/\/www.ecoitaliano.com.ar\/wp-content\/uploads\/2025\/03\/481206735-642x1024.jpg 642w, https:\/\/www.ecoitaliano.com.ar\/wp-content\/uploads\/2025\/03\/481206735-188x300.jpg 188w, https:\/\/www.ecoitaliano.com.ar\/wp-content\/uploads\/2025\/03\/481206735-768x1226.jpg 768w, https:\/\/www.ecoitaliano.com.ar\/wp-content\/uploads\/2025\/03\/481206735-94x150.jpg 94w, https:\/\/www.ecoitaliano.com.ar\/wp-content\/uploads\/2025\/03\/481206735.jpg 792w\" sizes=\"(max-width: 642px) 100vw, 642px\" \/><\/a><\/figure>\n\n\n\n<figure class=\"wp-block-image size-large\"><a href=\"https:\/\/www.ecoitaliano.com.ar\/wp-content\/uploads\/2025\/03\/481564993.jpg\"><img decoding=\"async\" width=\"1024\" height=\"731\" data-id=\"69273\" src=\"https:\/\/www.ecoitaliano.com.ar\/wp-content\/uploads\/2025\/03\/481564993-1024x731.jpg\" alt=\"\" class=\"wp-image-69273\" srcset=\"https:\/\/www.ecoitaliano.com.ar\/wp-content\/uploads\/2025\/03\/481564993-1024x731.jpg 1024w, https:\/\/www.ecoitaliano.com.ar\/wp-content\/uploads\/2025\/03\/481564993-300x214.jpg 300w, https:\/\/www.ecoitaliano.com.ar\/wp-content\/uploads\/2025\/03\/481564993-768x548.jpg 768w, https:\/\/www.ecoitaliano.com.ar\/wp-content\/uploads\/2025\/03\/481564993-1536x1096.jpg 1536w, https:\/\/www.ecoitaliano.com.ar\/wp-content\/uploads\/2025\/03\/481564993-150x107.jpg 150w, https:\/\/www.ecoitaliano.com.ar\/wp-content\/uploads\/2025\/03\/481564993.jpg 2048w\" sizes=\"(max-width: 1024px) 100vw, 1024px\" \/><\/a><\/figure>\n\n\n\n<figure class=\"wp-block-image size-large\"><a href=\"https:\/\/www.ecoitaliano.com.ar\/wp-content\/uploads\/2025\/03\/481709413.jpg\"><img decoding=\"async\" width=\"1024\" height=\"580\" data-id=\"69274\" src=\"https:\/\/www.ecoitaliano.com.ar\/wp-content\/uploads\/2025\/03\/481709413-1024x580.jpg\" alt=\"\" class=\"wp-image-69274\" srcset=\"https:\/\/www.ecoitaliano.com.ar\/wp-content\/uploads\/2025\/03\/481709413-1024x580.jpg 1024w, https:\/\/www.ecoitaliano.com.ar\/wp-content\/uploads\/2025\/03\/481709413-300x170.jpg 300w, https:\/\/www.ecoitaliano.com.ar\/wp-content\/uploads\/2025\/03\/481709413-768x435.jpg 768w, https:\/\/www.ecoitaliano.com.ar\/wp-content\/uploads\/2025\/03\/481709413-1536x870.jpg 1536w, https:\/\/www.ecoitaliano.com.ar\/wp-content\/uploads\/2025\/03\/481709413-150x85.jpg 150w, https:\/\/www.ecoitaliano.com.ar\/wp-content\/uploads\/2025\/03\/481709413.jpg 1675w\" sizes=\"(max-width: 1024px) 100vw, 1024px\" \/><\/a><\/figure>\n\n\n\n<figure class=\"wp-block-image size-large\"><a href=\"https:\/\/www.ecoitaliano.com.ar\/wp-content\/uploads\/2025\/03\/481919573.jpg\"><img decoding=\"async\" width=\"450\" height=\"600\" data-id=\"69275\" src=\"https:\/\/www.ecoitaliano.com.ar\/wp-content\/uploads\/2025\/03\/481919573.jpg\" alt=\"\" class=\"wp-image-69275\" srcset=\"https:\/\/www.ecoitaliano.com.ar\/wp-content\/uploads\/2025\/03\/481919573.jpg 450w, https:\/\/www.ecoitaliano.com.ar\/wp-content\/uploads\/2025\/03\/481919573-225x300.jpg 225w, https:\/\/www.ecoitaliano.com.ar\/wp-content\/uploads\/2025\/03\/481919573-113x150.jpg 113w\" sizes=\"(max-width: 450px) 100vw, 450px\" \/><\/a><\/figure>\n\n\n\n<figure class=\"wp-block-image size-large\"><a href=\"https:\/\/www.ecoitaliano.com.ar\/wp-content\/uploads\/2025\/03\/481939534.jpg\"><img decoding=\"async\" width=\"1024\" height=\"768\" data-id=\"69276\" src=\"https:\/\/www.ecoitaliano.com.ar\/wp-content\/uploads\/2025\/03\/481939534-1024x768.jpg\" alt=\"\" class=\"wp-image-69276\" srcset=\"https:\/\/www.ecoitaliano.com.ar\/wp-content\/uploads\/2025\/03\/481939534-1024x768.jpg 1024w, https:\/\/www.ecoitaliano.com.ar\/wp-content\/uploads\/2025\/03\/481939534-300x225.jpg 300w, https:\/\/www.ecoitaliano.com.ar\/wp-content\/uploads\/2025\/03\/481939534-768x576.jpg 768w, https:\/\/www.ecoitaliano.com.ar\/wp-content\/uploads\/2025\/03\/481939534-1536x1152.jpg 1536w, https:\/\/www.ecoitaliano.com.ar\/wp-content\/uploads\/2025\/03\/481939534-150x113.jpg 150w, https:\/\/www.ecoitaliano.com.ar\/wp-content\/uploads\/2025\/03\/481939534.jpg 2048w\" sizes=\"(max-width: 1024px) 100vw, 1024px\" \/><\/a><\/figure>\n\n\n\n<figure class=\"wp-block-image size-large\"><a href=\"https:\/\/www.ecoitaliano.com.ar\/wp-content\/uploads\/2025\/03\/481962748.jpg\"><img decoding=\"async\" width=\"1024\" height=\"760\" data-id=\"69277\" src=\"https:\/\/www.ecoitaliano.com.ar\/wp-content\/uploads\/2025\/03\/481962748-1024x760.jpg\" alt=\"\" class=\"wp-image-69277\" srcset=\"https:\/\/www.ecoitaliano.com.ar\/wp-content\/uploads\/2025\/03\/481962748-1024x760.jpg 1024w, https:\/\/www.ecoitaliano.com.ar\/wp-content\/uploads\/2025\/03\/481962748-300x223.jpg 300w, https:\/\/www.ecoitaliano.com.ar\/wp-content\/uploads\/2025\/03\/481962748-768x570.jpg 768w, https:\/\/www.ecoitaliano.com.ar\/wp-content\/uploads\/2025\/03\/481962748-1536x1140.jpg 1536w, https:\/\/www.ecoitaliano.com.ar\/wp-content\/uploads\/2025\/03\/481962748-150x111.jpg 150w, https:\/\/www.ecoitaliano.com.ar\/wp-content\/uploads\/2025\/03\/481962748.jpg 2048w\" sizes=\"(max-width: 1024px) 100vw, 1024px\" \/><\/a><\/figure>\n\n\n\n<figure class=\"wp-block-image size-large\"><a href=\"https:\/\/www.ecoitaliano.com.ar\/wp-content\/uploads\/2025\/03\/481975718.jpg\"><img decoding=\"async\" width=\"600\" height=\"450\" data-id=\"69278\" src=\"https:\/\/www.ecoitaliano.com.ar\/wp-content\/uploads\/2025\/03\/481975718.jpg\" alt=\"\" class=\"wp-image-69278\" srcset=\"https:\/\/www.ecoitaliano.com.ar\/wp-content\/uploads\/2025\/03\/481975718.jpg 600w, https:\/\/www.ecoitaliano.com.ar\/wp-content\/uploads\/2025\/03\/481975718-300x225.jpg 300w, https:\/\/www.ecoitaliano.com.ar\/wp-content\/uploads\/2025\/03\/481975718-150x113.jpg 150w\" sizes=\"(max-width: 600px) 100vw, 600px\" \/><\/a><\/figure>\n\n\n\n<figure class=\"wp-block-image size-large\"><a href=\"https:\/\/www.ecoitaliano.com.ar\/wp-content\/uploads\/2025\/03\/FB_IMG_1741351372322.jpg\"><img decoding=\"async\" width=\"690\" height=\"690\" data-id=\"69280\" src=\"https:\/\/www.ecoitaliano.com.ar\/wp-content\/uploads\/2025\/03\/FB_IMG_1741351372322.jpg\" alt=\"\" class=\"wp-image-69280\" srcset=\"https:\/\/www.ecoitaliano.com.ar\/wp-content\/uploads\/2025\/03\/FB_IMG_1741351372322.jpg 690w, https:\/\/www.ecoitaliano.com.ar\/wp-content\/uploads\/2025\/03\/FB_IMG_1741351372322-300x300.jpg 300w, https:\/\/www.ecoitaliano.com.ar\/wp-content\/uploads\/2025\/03\/FB_IMG_1741351372322-150x150.jpg 150w\" sizes=\"(max-width: 690px) 100vw, 690px\" \/><\/a><\/figure>\n<\/figure>\n\n\n\n<p>7 marzo 2025<\/p>\n\n\n\n<p><a><\/a> <strong>PREMIO INTERNAZIONALE \u201cDIVINAMENTE DONNA\u201d 2025<\/strong><\/p>\n\n\n\n<p><strong>L\u2019Eccellenza femminile celebrata il 6 marzo nella Sala Zuccari del Senato della Repubblica<\/strong><\/p>\n\n\n\n<p>ROMA \u2013 Celebrata degnamente con una cerimonia sobria e intensa, nella splendida <strong>Sala Zuccari del Senato<\/strong>, l\u2019Eccellenza femminile con la consegna del<strong> 2\u00b0 Premio internazionale \u201cDivinaMente Donna\u201d<\/strong>, promosso ed organizzato dall\u2019associazione <strong>VerbumlandiArt.<\/strong> Il meraviglioso contesto d\u2019arte, prezioso degli affreschi di Federico Zuccari, ha visto il pieno di presenze delle insignite del premio d\u2019Eccellenza e del Premio letterario, con un parterre di prestigiosi ospiti dall\u2019Italia e dall\u2019estero per questa singolare manifestazione, le cui motivazioni sono state espresse nel saluto della Presidente di VerbumlandiArt, <strong>Regina Resta<\/strong>, della Presidente onoraria del Premio <strong>Marisa Manzini<\/strong>, sostituto Procuratore Generale di Catanzaro, che ha inviato un videomessaggio, e nell\u2019apertura dell\u2019evento, condotto egregiamente da <strong>Pino Nazio<\/strong>, giornalista Rai. Sono seguiti i saluti dei Parlamentari presenti, <strong>Sen. Manfredi Potenti<\/strong>, <strong>Sen. Tilde Minasi<\/strong> e <strong>On. Laura Ravetto<\/strong>.<\/p>\n\n\n\n<p>\u201c<em>Autorit\u00e0, ospiti illustri, care vincitrici, signore e signori, \u00e8 per me un grande onore darvi il benvenuto a questa edizione del Premio <\/em><strong><em>DivinaMente Donna<\/em><\/strong>&nbsp;\u2013 cos\u00ec <strong>Regina Resta<\/strong> nel suo saluto -, <em>un riconoscimento che celebra il talento, la determinazione e il valore delle donne in ogni ambito della societ\u00e0. Un sentito ringraziamento va alle autorit\u00e0 presenti, che con la loro partecipazione testimoniano l&#8217;importanza di iniziative come questa, volte a promuovere l&#8217;eccellenza e l&#8217;impegno femminile. Grazie per il vostro sostegno e per la vostra vicinanza a questa causa. Desidero inoltre esprimere la mia profonda gratitudine alle straordinarie donne che oggi premiamo. Ognuna di voi \u00e8 un esempio di passione, competenza e resilienza. Il vostro percorso \u00e8 fonte di ispirazione per tutti noi e dimostra quanto sia fondamentale continuare a valorizzare il contributo femminile in ogni settore. Il Premio <\/em><strong><em>DivinaMente Donna<\/em><\/strong><em> non \u00e8 solo un riconoscimento, ma un simbolo di impegno collettivo per una societ\u00e0 pi\u00f9 equa e inclusiva, in cui il merito e il talento possono brillare senza barriere. A nome di tutti i componenti dello staff organizzativo e del Comitato scientifico della nostra associazione Verbumlandiart Aps ringrazio tutti per essere qui e per condividere con noi questa serata speciale.<\/em><\/p>\n\n\n\n<p><a><\/a><a><\/a> <em>Ringrazio il Comitato di Giuria, cos\u00ec composto: <\/em><em><strong>Graziano Perria<\/strong><\/em><em>,<\/em><em>gi\u00e0 Primo Dirigente della Polizia di Stato (Presidente per la relazioni istituzionali); <\/em><em><strong>Hafez Haidar<\/strong><\/em><em>, docente di Letteratura araba, scrittore e traduttore, candidato al Nobel per la Pace e la Letteratura (Presidente di rappresentanza per la Cultura); chi vi parla <\/em><em><strong>Regina Resta<\/strong><\/em><em>, Presidente VerbumlandiArt e del progetto Divinamente Donna (Presidente del Premio);<\/em><em><strong> Maria Pia Turiello<\/strong><\/em><em>, criminologa forense (Presidente del Comitato scientifico); <\/em><em><strong>On. Mirella Cristina<\/strong><\/em><em>, avvocato, gi\u00e0 Parlamentare (Madrina del Premio); <\/em><em><strong>Goffredo Palmerini<\/strong><\/em><em>, giornalista e scrittore (Presidente della Giuria). Ringrazio inoltre i membri della Giuria: <\/em><em><strong>Angela Kosta<\/strong><\/em><em>, poetessa, scrittrice, giornalista; <\/em><em><strong>Eugenio Bisceglia<\/strong><\/em><em>, avvocato; <\/em><em><strong>Francesco Nigri<\/strong><\/em><em>, founder &amp; CEO iBusiness Srls, poeta; <\/em><em><strong>Hebe Mu\u00f1oz<\/strong><\/em><em>, poetessa, scrittrice, traduttrice; <\/em><em><strong>Maria Cristina Pensovecchio<\/strong><\/em><em>, poetessa e scrittrice; <\/em><em><strong>Mirjana Dobrilla<\/strong><\/em><em>, autrice, traduttrice; <\/em><em><strong>Roberta Vitelli<\/strong><\/em><em>,<\/em><em>psicologa e psicoterapeuta; <\/em><em><strong>Rosella Murano<\/strong><\/em><em>, docente, scrittrice, poetessa; <\/em><em><strong>Stefania Romito<\/strong><\/em><em>, giornalista, scrittrice, poetessa. Ringrazio il <\/em><em><strong>Sen. Manfredi Potenti<\/strong><\/em><em> per l\u2019attenzione che riserva al Premio e alle tematiche che affronta e le parlamentari presenti. Infine ringrazio il Main sponsor<\/em><em><strong> RIABIZ&amp;PARTNERS <\/strong><\/em><em>e l\u2019artista<\/em><em><strong> Tommaso Filieri<\/strong><\/em><em>,<\/em><em>che ha realizzato le splendide opere Premio per le insignite.\u201d<\/em><\/p>\n\n\n\n<p>A questo punto la cerimonia ha preso il largo sotto la curata regia di <strong>Pino Nazio<\/strong> che, chiamando le Personalit\u00e0 insignite, ha illustrato di volta in volta le motivazioni del Premio. Tra gli ospiti presenti in sala l<strong>\u2019Ambasciatore Gaetano Cortese<\/strong>, autore di 34 preziosi volumi che documentano le meraviglie artistiche e architettoniche delle sedi diplomatiche dell\u2019Italia nel mondo, curatore della speciale Collana per l\u2019editore Carlo Colombo di Roma. Le immagini ufficiali della cerimonia di premiazione sono state scattate da <strong>Mario Giannini<\/strong>, grande professionista dell\u2019arte fotografica.<\/p>\n\n\n\n<p><strong>INSIGNITE DEL PREMIO D<\/strong><strong>&#8216;ECCELL<\/strong><strong>ENZA \u00abDIVINAMENTE DONNA\u00bb 2025<\/strong><\/p>\n\n\n\n<ul class=\"wp-block-list\">\n<li><strong>Premio d&#8217;Eccellenza \u00abDivinamente Donna\u00bb ad ALESSANDRA NIGRO, Prefetto di Nuoro<\/strong><\/li>\n<\/ul>\n\n\n\n<p>Il Premio d&#8217;Eccellenza <em>Divinamente Donna<\/em>&nbsp;2025 viene conferito ad <strong>Alessandra Nigro<\/strong>, Prefetto di Nuoro, per il suo straordinario impegno nel servizio allo Stato, la dedizione alla tutela dei diritti e la costante vicinanza alle comunit\u00e0 che ha rappresentato con autorevolezza e sensibilit\u00e0. Nel corso della sua prestigiosa carriera, Alessandra Nigro ha saputo coniugare competenza istituzionale e umanit\u00e0, affrontando con determinazione e pragmatismo le sfide della sicurezza, dell&#8217;inclusione sociale e dello sviluppo territoriale. Il suo operato, caratterizzato da un forte senso dello Stato e una visione lungimirante, ha contribuito al rafforzamento della legalit\u00e0, alla promozione della coesione sociale e al sostegno delle amministrazioni locali, con particolare attenzione alle esigenze delle fasce pi\u00f9 fragili della popolazione. La sua recente nomina a Prefetto di Nuoro ha ulteriormente evidenziato il suo spirito di servizio, attraverso un&#8217;azione incisiva nella gestione delle emergenze territoriali, la valorizzazione delle tradizioni culturali e il supporto ai sindaci nell&#8217;attuazione dei progetti del Piano Nazionale di Ripresa e Resilienza.Per il suo esempio di leadership femminile nel panorama istituzionale italiano, per la sua capacit\u00e0 di coniugare fermezza e dialogo e per il suo costante impegno nella costruzione di una societ\u00e0 pi\u00f9 giusta e solidale, Alessandra Nigro rappresenta un modello di eccellenza e ispirazione per tutte le donne<strong>. <\/strong>Con gratitudine e ammirazione, <em>Divinamente Donna<\/em> 2025.<\/p>\n\n\n\n<p><strong>Consegnano il Premio: <\/strong><strong>Graziano Perria, Sen. Manfredi Potenti, Sen. Tilde Minasi<\/strong>.<\/p>\n\n\n\n<ul class=\"wp-block-list\">\n<li><strong>Premio d&#8217;Eccellenza \u00abDivinamente Donna\u00bb a TERESA REGGIO, Magistrato membro del CSM<\/strong>\u00a0<\/li>\n<\/ul>\n\n\n\n<p>Il Premio d&#8217;Eccellenza&nbsp;<em>Divinamente Donna<\/em>&nbsp;2025 viene conferito a Teresa Reggio, Magistrato addetto alla Segreteria Generale del CSM, per il suo straordinario contributo alla giustizia italiana, la difesa dei principi costituzionali e il suo impegno instancabile nella tutela dei diritti fondamentali. Nel corso della sua illustre carriera, Teresa Reggio ha saputo distinguersi per rigore, indipendenza e sensibilit\u00e0, affrontando con fermezza e dedizione le sfide poste dall\u2019amministrazione della giustizia. La sua azione, sempre ispirata ai pi\u00f9 alti valori etici e deontologici, ha contribuito a rafforzare la fiducia dei cittadini nelle istituzioni, promuovendo un sistema giudiziario equo, trasparente ed efficiente. Nel suo ruolo di Magistrato opera con equilibrio e determinazione per garantire l&#8217;autonomia della magistratura, valorizzando il merito e la professionalit\u00e0 e ponendo al centro della sua azione la tutela dei pi\u00f9 deboli, il contrasto alla criminalit\u00e0 organizzata e il rafforzamento delle garanzie democratiche. Per la sua esemplare dedizione al servizio dello Stato, per la sua capacit\u00e0 di incarnare i pi\u00f9 alti ideali di giustizia e per il suo ruolo di guida e ispirazione per le donne nel mondo della magistratura e delle istituzioni, Teresa Reggiorappresenta un faro di integrit\u00e0 e coraggio nel panorama giuridico italiano. Con gratitudine e stima, <em>Divinamente Donna<\/em> 2025.<\/p>\n\n\n\n<p><strong>Consegnano il Premio: <\/strong><strong>Sen. Tilde Minasi e Maria Pia Turiello, Presidente del Comitato scientifico.<\/strong><\/p>\n\n\n\n<ul class=\"wp-block-list\">\n<li><strong>Premio d&#8217;Eccellenza \u00abDivinamente Donna\u00bb a PAOLA INVERARDI, Rettrice del GSSI<\/strong><\/li>\n<\/ul>\n\n\n\n<p>Il Premio d\u2019Eccellenza&nbsp;<em>Divinamente Donna<\/em>&nbsp;2025 viene conferito a Paola Inverardi, Rettrice del Gran Sasso Science Institute, per il suo straordinario contributo al progresso scientifico, all\u2019innovazione accademica e alla valorizzazione del ruolo delle donne nella ricerca e nell\u2019alta formazione. Figura di riferimento nel panorama accademico e scientifico italiano, Paola Inverardi si \u00e8 distinta per la sua eccellenza nella ricerca informatica, con particolare attenzione all\u2019ingegneria del software, e per il suo impegno nella formazione di nuove generazioni di studiosi e scienziati. La sua carriera, segnata da prestigiosi incarichi e riconoscimenti, testimonia una leadership illuminata, capace di coniugare rigore scientifico, visione strategica e profondo senso di responsabilit\u00e0 istituzionale. Alla guida del Gran Sasso Science Institute, ha promosso un ambiente di studio e ricerca d\u2019eccellenza, contribuendo a rafforzare il ruolo dell\u2019Italia nella comunit\u00e0 scientifica internazionale e favorendo il dialogo tra scienza, tecnologia e societ\u00e0. Il suo costante impegno per l\u2019inclusione e la parit\u00e0 di genere nel mondo accademico rappresenta un modello di ispirazione per le donne che ambiscono a percorsi di eccellenza nella ricerca e nelle STEM. Per la sua instancabile dedizione alla conoscenza, per il suo contributo alla crescita del sapere scientifico e per la sua capacit\u00e0 di guidare con autorevolezza e visione il futuro dell\u2019istruzione e della ricerca,&nbsp;Paola Inverardi incarna un esempio di eccellenza e determinazione, ispirando le nuove generazioni a credere nel valore della scienza e della cultura. Con ammirazione e gratitudine,&nbsp;<em>Divinamente Donna<\/em>&nbsp;2025.<\/p>\n\n\n\n<p><strong>Consegnano il Premio: <\/strong><strong>Regina Resta, Presidente del Premio, e Goffredo Palmerini, Presidente della Giuria.<\/strong><\/p>\n\n\n\n<ul class=\"wp-block-list\">\n<li><strong>Premio d&#8217;Eccellenza \u00abDivinamente Donna\u00bb 2025\u00a0a INCORONATA BOCCIA, Vicedirettore del TG1<\/strong><\/li>\n<\/ul>\n\n\n\n<p>Il Premio d\u2019Eccellenza&nbsp;<em>Divinamente Donna<\/em>&nbsp;2025 viene conferito a Incoronata Boccia, Vicedirettore del TG1, per il suo straordinario impegno nel giornalismo, la sua capacit\u00e0 di raccontare la realt\u00e0 con autorevolezza e sensibilit\u00e0, e il suo contributo alla difesa della libert\u00e0 di informazione. Professionista di grande esperienza e competenza, Incoronata Boccia ha saputo interpretare il ruolo del giornalista con rigore, passione e integrit\u00e0, contribuendo a rendere il TG1 un punto di riferimento per l&#8217;informazione italiana. La sua carriera \u00e8 segnata da un costante impegno nella ricerca della verit\u00e0, nel racconto equilibrato e approfondito dei fatti e nella promozione di un\u2019informazione trasparente e accessibile a tutti. Nel suo ruolo di Vicedirettore, ha mostrato straordinarie doti di leadership e visione strategica, contribuendo all\u2019innovazione del linguaggio giornalistico e alla valorizzazione del servizio pubblico. Con il suo lavoro ha dato voce a tematiche di grande rilevanza sociale, portando alla luce storie di coraggio, giustizia e cambiamento, e diventando un modello per le giovani generazioni di giornalisti. Per la sua instancabile dedizione al giornalismo, per la sua capacit\u00e0 di raccontare il mondo con profondit\u00e0 e rispetto e per il suo ruolo di guida e ispirazione nel panorama dell\u2019informazione italiana, Incoronata Boccia incarna l\u2019eccellenza del giornalismo al servizio della verit\u00e0 e della democrazia. Con ammirazione e gratitudine, <em>Divinamente Donna<\/em> 2025.<\/p>\n\n\n\n<p><strong>Consegnano il Premio:<\/strong><strong> Nico Spuntoni, giornalista vaticanista, e la Sen. Tilde Minasi.<\/strong><\/p>\n\n\n\n<ul class=\"wp-block-list\">\n<li><strong>Premio d&#8217;Eccellenza \u00abDivinamente Donna\u00bb 2025 a MARIAGRAZIA CALANDRONE, scrittrice<\/strong><\/li>\n<\/ul>\n\n\n\n<p>Il Premio d\u2019Eccellenza <em>Divinamente Donna<\/em> 2025 viene conferito a Mariagrazia Calandrone, scrittrice, poetessa e intellettuale di straordinaria sensibilit\u00e0, per il suo contributo alla letteratura italiana e per la sua capacit\u00e0 di dare voce, attraverso la parola, alle emozioni, alle storie dimenticate e ai grandi temi del nostro tempo. Autrice di opere intense e profonde, Mariagrazia Calandrone ha saputo intrecciare poesia e narrativa con una scrittura potente e visionaria, capace di toccare le corde pi\u00f9 intime dell\u2019animo umano. Il suo lavoro esplora le tematiche dell\u2019identit\u00e0, della memoria, della giustizia sociale e dell\u2019amore, restituendo al lettore un\u2019esperienza letteraria densa di significato e bellezza. Con la sua voce limpida e autorevole, ha saputo oltrepassare i confini della pagina scritta, portando la letteratura nei contesti pi\u00f9 diversi, dalle scuole ai festival, dai programmi radiofonici agli incontri con i lettori, con l\u2019obiettivo di rendere la poesia e la scrittura strumenti di dialogo, riflessione e cambiamento. Per la sua straordinaria capacit\u00e0 di narrare l\u2019umanit\u00e0 in tutte le sue sfumature, per il suo impegno culturale e civile e per l\u2019esempio che rappresenta per le donne che aspirano a farsi ascoltare attraverso la scrittura, Mariagrazia Calandrone incarna l\u2019eccellenza della letteratura contemporanea e il potere trasformativo della parola. Con ammirazione e gratitudine, <em>Divinamente Donna<\/em> 2025.<\/p>\n\n\n\n<p><strong>Consegnano il Premio: <\/strong><strong>Regina Resta e Goffredo Palmerini.<\/strong><\/p>\n\n\n\n<ul class=\"wp-block-list\">\n<li><strong>Premio d&#8217;Eccellenza \u00abDivinamente Donna\u00bb a VALERIA MORELLI, Ceo di Private Engineering Company<\/strong><\/li>\n<\/ul>\n\n\n\n<p>Il Premio D\u2019Eccellenza&nbsp;<em>Divinamente Donna<\/em> 2025 viene conferito a Valeria Morelli, CEO di Private Engineering Company Italia, per il suo straordinario contributo nel campo dell\u2019ingegneria e dell\u2019innovazione, la sua visione imprenditoriale e la sua capacit\u00e0 di guidare con eccellenza e determinazione un settore strategico per lo sviluppo tecnologico del Paese. Figura di riferimento nel mondo dell\u2019ingegneria e della leadership aziendale, Valeria Morelli ha saputo distinguersi per competenza, lungimiranza e capacit\u00e0 di innovare, portando la sua azienda ai vertici del settore. Il suo percorso professionale \u00e8 caratterizzato da un impegno costante nella ricerca di soluzioni all\u2019avanguardia, nella sostenibilit\u00e0 e nell\u2019applicazione delle tecnologie pi\u00f9 avanzate, contribuendo alla crescita e alla competitivit\u00e0 del settore ingegneristico in Italia e nel panorama internazionale. Con la sua leadership inclusiva e ispiratrice, ha promosso una cultura aziendale fondata sul merito, sulla valorizzazione del talento e sulla parit\u00e0 di genere, diventando un esempio per tutte le donne che aspirano a ruoli di responsabilit\u00e0 nelle discipline STEM e nell\u2019industria tecnologica. Per il suo impegno nel promuovere l\u2019eccellenza tecnologica, per il suo contributo alla trasformazione digitale e per la sua capacit\u00e0 di guidare con visione e determinazione un settore chiave per il futuro, Valeria Morelli rappresenta un modello di leadership femminile innovativa e di successo. Con ammirazione e gratitudine, <em>Divinamente Donna<\/em> 2025.<\/p>\n\n\n\n<p><strong>Consegna il Premio: Sen. Manfredi Potenti.<\/strong><\/p>\n\n\n\n<ul class=\"wp-block-list\">\n<li><strong>Premio d&#8217;Eccellenza \u00abDivinamente Donna\u00bb a FRANCESCA QUAIA, imprenditrice<\/strong><\/li>\n<\/ul>\n\n\n\n<p>Il Premio D\u2019Eccellenza&nbsp;<em>Divinamente Donna<\/em>&nbsp;2025 viene conferito a&nbsp;Francesca Quaia, imprenditrice di talento e visione, per il suo straordinario contributo al mondo dell\u2019imprenditoria, la sua capacit\u00e0 di innovare e creare valore e il suo impegno nel promuovere una leadership al femminile forte e ispiratrice. Nel suo percorso professionale, Francesca Quaia ha dimostrato una straordinaria determinazione nel trasformare le sfide in opportunit\u00e0, contribuendo alla crescita del settore in cui opera con passione, creativit\u00e0 e competenza. La sua visione imprenditoriale si \u00e8 distinta per l\u2019attenzione alla sostenibilit\u00e0, all\u2019innovazione e alla valorizzazione del capitale umano, dimostrando che il successo aziendale pu\u00f2 e deve essere accompagnato da responsabilit\u00e0 sociale e inclusione. Con la sua guida, ha ispirato e supportato nuove generazioni di imprenditrici, promuovendo una cultura aziendale basata sul merito, sull\u2019etica e sulla valorizzazione delle competenze. Il suo esempio rappresenta un punto di riferimento per tutte le donne che desiderano affermarsi nel mondo dell\u2019impresa, superando barriere e pregiudizi con determinazione e visione strategica. Per la sua capacit\u00e0 di innovare e di creare valore, per il suo impegno nella promozione dell\u2019imprenditoria femminile e per la sua straordinaria dedizione nel coniugare crescita economica e responsabilit\u00e0 sociale, Francesca Quaia incarna l\u2019eccellenza e la forza dell\u2019imprenditoria moderna. Con ammirazione e gratitudine,&nbsp;<em>Divinamente Donna<\/em> 2025.<\/p>\n\n\n\n<p><strong>Consegna il Premio: Graziano Perria.<\/strong><\/p>\n\n\n\n<ul class=\"wp-block-list\">\n<li><strong>Premio d&#8217;Eccellenza \u00abDivinamente Donna\u00bb a ELISA DI FRANCISCA, Medaglia Olimpica di Scherma<\/strong><\/li>\n<\/ul>\n\n\n\n<p>Il Premio D\u2019Eccellenza&nbsp;<em>Divinamente Donna<\/em>&nbsp;2025 viene conferito a Elisa Di Francisca, straordinaria campionessa olimpica di scherma, per il suo talento, la sua determinazione e il suo impegno nel promuovere i valori dello sport come strumento di crescita personale e sociale. Atleta dal palmar\u00e8s straordinario, Elisa Di Francisca ha scritto pagine indelebili nella storia della scherma italiana e mondiale, conquistando titoli olimpici, mondiali ed europei con grinta, tecnica e passione. La sua carriera \u00e8 il simbolo di una dedizione assoluta, di sacrificio e di un&#8217;inesauribile voglia di migliorarsi, diventando un modello di ispirazione per le giovani generazioni. Oltre ai successi sportivi, ha saputo farsi portavoce di importanti battaglie sociali, promuovendo la parit\u00e0 di genere, il rispetto e la lotta contro la violenza sulle donne, dimostrando che lo sport pu\u00f2 essere un potente strumento di cambiamento e consapevolezza. Per la sua straordinaria carriera sportiva, per il suo esempio di determinazione e resilienza e per il suo impegno nel diffondere i valori dello sport dentro e fuori dalla pedana, Elisa Di Francisca rappresenta l\u2019eccellenza dello sport al femminile e un simbolo di forza e coraggio. Con ammirazione e gratitudine, D<em>ivinamente Donna <\/em>2025.<\/p>\n\n\n\n<p><strong>Consegnano il Premio: <\/strong><strong>Claudio <\/strong><strong>De Camillis, responsabile nazionale arbitri e giudice olimpico, e Graziano Perria.<\/strong><\/p>\n\n\n\n<ul class=\"wp-block-list\">\n<li><strong>Premio d&#8217;Eccellenza \u00abDivinamente Donna\u00bb 2025 a MARIELA MAGALLANES<\/strong><strong>, <\/strong><strong>Membro dell\u2019Assemblea Nazionale del Venezuela e Ambasciatrice per la Difesa Internazionale dei Diritti Umani.<\/strong><\/li>\n<\/ul>\n\n\n\n<p>Il Premio D\u2019Eccellenza&nbsp;<em>Divinamente Donna<\/em>&nbsp;2025 viene conferito a Mariela Magallanes, per il suo straordinario impegno nella difesa dei diritti umani, della democrazia e della libert\u00e0, e per il coraggio con cui ha lottato per la giustizia e la dignit\u00e0 del popolo venezuelano. In qualit\u00e0 di Membro dell\u2019Assemblea Nazionale del Venezuela e Ambasciatrice per la Difesa Internazionale dei Diritti Umani, Mariela Magallanes ha dedicato la sua vita alla tutela dei diritti fondamentali, opponendosi con determinazione alle ingiustizie e alle violazioni delle libert\u00e0 civili. Con il suo operato, ha dato voce a chi non ne ha, denunciando gli abusi di potere e difendendo con fermezza i principi democratici, spesso a rischio della propria sicurezza personale. La sua lotta instancabile per la giustizia, il rispetto della legalit\u00e0 e la protezione dei pi\u00f9 vulnerabili l\u2019ha resa un simbolo di resistenza e speranza per il Venezuela e per tutte le donne che, nel mondo, si battono per i diritti e la libert\u00e0. Il suo esempio di coraggio e dedizione dimostra che la politica pu\u00f2 e deve essere al servizio della verit\u00e0 e del bene comune. Per il suo impegno incondizionato nella difesa dei diritti umani, per la sua tenacia e per il suo straordinario contributo alla costruzione di un mondo pi\u00f9 giusto e libero, Mariela Magallanes rappresenta un simbolo di forza, resilienza e ispirazione per le donne di tutto il mondo.Con ammirazione e gratitudine,&nbsp;<em>Divinamente Donna<\/em>&nbsp;2025.<\/p>\n\n\n\n<p><strong>Consegnano il Premio:<\/strong><strong> Sen. Manfredi Potenti-e Sen. Tilde Minasi<\/strong><\/p>\n\n\n\n<p><strong>PREMIO SPECIALE D\u2019ECCELLENZA DIVINAMENTE DONNA 2025<\/strong><\/p>\n\n\n\n<ul class=\"wp-block-list\">\n<li><strong>LORENA BIANCHETTI, giornalista Rai<\/strong><\/li>\n<\/ul>\n\n\n\n<p>Il Premio speciale d\u2019Eccellenza Divinamente Donna 2025 viene conferito con profonda stima a Lorena Bianchetti, giornalista Rai di straordinaria professionalit\u00e0 e sensibilit\u00e0, per il suo eccezionale contributo nel mondo dell\u2019informazione e della comunicazione. Da anni volto autorevole e riconosciuto del giornalismo televisivo, Lorena Bianchetti ha saputo coniugare competenza, passione e rigore etico nella divulgazione di tematiche di grande rilevanza sociale e culturale. Con uno stile inconfondibile e una narrazione attenta e rispettosa, ha dato voce alle storie e alle problematiche che toccano il cuore della societ\u00e0, promuovendo il dialogo, la comprensione e la consapevolezza collettiva. La sua capacit\u00e0 di trattare argomenti complessi con equilibrio e profondit\u00e0 l\u2019ha resa un punto di riferimento nel panorama mediatico italiano, contribuendo significativamente alla crescita di un\u2019informazione trasparente, accessibile e inclusiva. La sua dedizione nel valorizzare la dimensione umana dietro ogni notizia e nel dare spazio alle testimonianze pi\u00f9 autentiche e significative la rendono un esempio luminoso di professionalit\u00e0 e integrit\u00e0. Per la sua straordinaria carriera, per il suo impegno nel promuovere un giornalismo di qualit\u00e0 e per il suo contributo nel diffondere conoscenza e consapevolezza, Lorena Bianchetti \u00e8 una meritevole destinataria del Premio d\u2019Eccellenza Divinamente Donna 2025. Un riconoscimento che celebra non solo il suo talento e la sua dedizione, ma anche il suo inestimabile contributo alla costruzione di un\u2019informazione responsabile e profondamente umana.<\/p>\n\n\n\n<p><strong>Consegnano il Premio:<\/strong><strong> Sen. Tilde Minasi e Nico Spuntoni<\/strong><\/p>\n\n\n\n<ul class=\"wp-block-list\">\n<li><strong>MICAELA PIREDDA \u2013 <\/strong><strong>Sostituto Procuratore della Repubblica, Roma<\/strong><\/li>\n<\/ul>\n\n\n\n<p>Il Premio speciale d\u2019Eccellenza Divinamente Donna 2025 viene conferito con grande rispetto e ammirazione a Micaela Piredda, Sostituto Procuratore della Repubblica presso il Tribunale di Roma, per il suo instancabile impegno nella tutela della giustizia e della legalit\u00e0. Attraverso la sua opera quotidiana, Micaela Piredda ha dimostrato una dedizione straordinaria nella difesa dei diritti fondamentali, affrontando con coraggio e determinazione casi di rilevante importanza per la collettivit\u00e0. Il suo lavoro si distingue per la costante ricerca della verit\u00e0 e per il suo instancabile impegno nel contrastare ogni forma di illegalit\u00e0, contribuendo alla costruzione di una societ\u00e0 pi\u00f9 equa e sicura. Il suo spirito di servizio e la sua professionalit\u00e0 hanno reso la sua figura un punto di riferimento nel mondo della giustizia, ispirando colleghi e cittadini con il suo senso di responsabilit\u00e0 e integrit\u00e0. La sua passione per il diritto e la sua capacit\u00e0 di affrontare le sfide pi\u00f9 complesse con fermezza e umanit\u00e0 rappresentano un esempio luminoso del valore della presenza femminile nelle istituzioni. Per la sua encomiabile carriera, per il suo impegno instancabile nella tutela dei diritti delle donne vittime di violenza e dei minori e per il suo contributo alla crescita di una giustizia giusta e accessibile a tutti, Micaela Piredda \u00e8 una meritevole destinataria del Premio d\u2019Eccellenza Divinamente Donna 2025. Un riconoscimento che celebra il suo straordinario operato e il suo inestimabile contributo alla difesa della legalit\u00e0 e della giustizia.<\/p>\n\n\n\n<p><strong>Consegnano il Premio:<\/strong><strong> Sen. Tilde Minasi e Maria Pia Turiello<\/strong><\/p>\n\n\n\n<ul class=\"wp-block-list\">\n<li><strong>ANNA MANNA, <\/strong><strong>poetessa, scrittrice<\/strong><\/li>\n<\/ul>\n\n\n\n<p>Il Premio d\u2019Eccellenza Divinamente Donna 2025 viene conferito con grande stima e ammirazione a Anna Manna, poetessa e scrittrice di straordinaria sensibilit\u00e0 e talento, per il suo ineguagliabile contributo alla letteratura e alla cultura. Attraverso la sua parola poetica e narrativa, Anna Manna ha saputo toccare le corde pi\u00f9 profonde dell\u2019anima umana, regalando ai lettori emozioni autentiche e riflessioni profonde sulla vita, l\u2019amore e la societ\u00e0. La sua produzione letteraria, caratterizzata da una raffinatezza stilistica e da un\u2019impeccabile ricerca espressiva, rappresenta un patrimonio culturale di inestimabile valore. Con la sua opera, ha dato voce alle emozioni, ai sentimenti e alle storie che spesso restano inascoltate, diventando un faro di ispirazione per chi cerca bellezza e verit\u00e0 nella scrittura. Il suo impegno nel promuovere la poesia e la letteratura come strumenti di crescita interiore e collettiva \u00e8 testimoniato dal suo costante dialogo con il pubblico e dal suo instancabile lavoro nel mondo culturale. Per la sua straordinaria carriera, per la sua passione nel diffondere la cultura e per il suo contributo nel valorizzare l\u2019arte della parola scritta, Anna Manna \u00e8 una meritevole destinataria del Premio d\u2019Eccellenza Divinamente Donna 2025. Un riconoscimento che celebra non solo la sua eccezionale arte poetica e narrativa, ma anche il suo instancabile impegno nel rendere la letteratura un mezzo di elevazione e bellezza per l\u2019umanit\u00e0 intera.<\/p>\n\n\n\n<p><strong>Consegnano il Premio: <\/strong><strong>Regina Resta e Goffredo Palmerini.<\/strong><\/p>\n\n\n\n<ul class=\"wp-block-list\">\n<li><strong>MARINA CORAZZIARI<\/strong><strong>, stilista, designer di gioielli, imprenditrice<\/strong><\/li>\n<\/ul>\n\n\n\n<p>Il Premio speciale d\u2019Eccellenza Divinamente Donna 2025 viene conferito con profonda ammirazione a Marina Corazziari, stilista, designer di gioielli e imprenditrice di straordinario talento, per il suo eccezionale contributo all\u2019arte, alla moda e al design. Con la sua creativit\u00e0 senza confini e il suo spirito innovativo, Marina Corazziari ha saputo trasformare il gioiello in un\u2019opera d\u2019arte, coniugando tradizione e modernit\u00e0, raffinatezza ed espressivit\u00e0. Le sue creazioni, caratterizzate da un\u2019estetica ricercata e una profonda sensibilit\u00e0 artistica, sono il frutto di una ricerca continua tra materiali preziosi, forme evocative e ispirazioni culturali. Nel suo percorso di stilista e imprenditrice, ha saputo imporsi nel panorama internazionale con un\u2019identit\u00e0 distintiva e una visione innovativa, valorizzando l\u2019artigianalit\u00e0 italiana e portando la bellezza e l\u2019eleganza delle sue opere in tutto il mondo. La sua passione e il suo impegno nel promuovere il made in Italy e la sostenibilit\u00e0 nel settore del design la rendono un esempio di eccellenza e dedizione. Per il suo straordinario contributo all\u2019arte orafa, per la sua capacit\u00e0 di raccontare storie attraverso la bellezza e per il suo impegno nel valorizzare la creativit\u00e0 femminile, Marina Corazziari \u00e8 una meritevole destinataria del Premio d\u2019Eccellenza Divinamente Donna 2025. Un riconoscimento che celebra non solo il suo talento e la sua visione artistica, ma anche la sua capacit\u00e0 di trasformare la moda e il design in una forma d\u2019arte capace di emozionare e ispirare.<\/p>\n\n\n\n<p><strong>Consegnano il Premio: <\/strong><strong>Francesco Lenoci, docente Universit\u00e0 Cattolica di Milano, e Regina Resta.<\/strong><\/p>\n\n\n\n<ul class=\"wp-block-list\">\n<li><strong>IRMA TESTA,<\/strong><strong> pugile medaglia bronzo Tokio 2020<\/strong><\/li>\n<\/ul>\n\n\n\n<p>Il Premio speciale d\u2019Eccellenza Divinamente Donna 2025 viene conferito con grande ammirazione a Irma Testa, pugile di straordinario talento e determinazione, prima donna italiana a conquistare una medaglia olimpica nella boxe, con il bronzo ai Giochi di Tokyo 2020. Con la sua forza, disciplina e passione, Irma Testa ha saputo abbattere barriere e pregiudizi, affermandosi come simbolo di coraggio e resilienza. Il suo percorso sportivo \u00e8 un esempio di dedizione e sacrificio, dimostrando che con il duro lavoro e la determinazione \u00e8 possibile raggiungere traguardi straordinari. Oltre ai successi sul ring, Irma Testa \u00e8 diventata un\u2019icona per le giovani atlete, ispirando le nuove generazioni a inseguire i propri sogni senza paura. La sua storia \u00e8 un messaggio di empowerment e di forza, che risuona ben oltre il mondo dello sport. Per il suo contributo eccezionale allo sport italiano, per la sua capacit\u00e0 di incarnare i valori di impegno e determinazione, e per il suo ruolo di esempio per le donne di ogni et\u00e0, Irma Testa \u00e8 una meritevole destinataria del Premio d\u2019Eccellenza Divinamente Donna 2025. Un riconoscimento che celebra non solo i suoi successi agonistici, ma anche la sua straordinaria capacit\u00e0 di ispirare e motivare attraverso lo sport e la vita.<\/p>\n\n\n\n<p><strong>Consegnano il Premio: <\/strong><strong>Claudio <\/strong><strong>De Camillis, giudice olimpico di pugilato, e Graziano Perria<\/strong><\/p>\n\n\n\n<p><strong>INSIGNITE STRANIERE<\/strong><strong> &#8211; PREMIO SPECIALE D&#8217;ECCELLENZA \u00abDIVINAMENTE DONNA\u00bb 2025<\/strong><\/p>\n\n\n\n<p><strong>Consegnano il Premio: Roberta Vitelli \u2013 Eugenio Bisceglia, componenti del Comitato scientifico<\/strong><\/p>\n\n\n\n<ul class=\"wp-block-list\">\n<li><strong>NATALIE BISSO<\/strong><strong> (Russia) &#8211; poetessa, scrittrice, saggista, novellista, cantautrice.<\/strong><\/li>\n<\/ul>\n\n\n\n<p>Il Premio Speciale d&#8217;Eccellenza \u00abDivinamente Donna\u00bb 2025 viene conferito a Natalie Bisso. Per il suo grande talento poliedrico che spazia tra poesia, narrativa, saggistica e musica, contribuendo con profondit\u00e0 e sensibilit\u00e0 alla diffusione della cultura e dell\u2019arte. Poetessa, scrittrice, saggista, novellista e cantautrice, Natalie Bisso ha saputo trasformare la parola in emozione, riflessione e ispirazione, toccando le corde pi\u00f9 intime dell\u2019animo umano. Con il suo impegno artistico e letterario, ha dato voce a sentimenti universali, raccontando storie che attraversano i confini e uniscono le persone nella bellezza della parola e della musica. La sua opera rappresenta un esempio di eccellenza creativa, capace di lasciare un segno profondo nella cultura contemporanea.<\/p>\n\n\n\n<ul class=\"wp-block-list\">\n<li><strong>GORDANA SARIC<\/strong><strong> (Montenegro) &#8211; poetessa, Ambasciatrice di pace<\/strong><\/li>\n<\/ul>\n\n\n\n<p>Il Premio Speciale d&#8217;Eccellenza \u00abDivinamente Donna\u00bb 2025 viene conferito a Gordana Saric per la sua straordinaria sensibilit\u00e0 poetica e il suo instancabile impegno nella promozione della pace e del dialogo tra i popoli. Poetessa di grande talento e Ambasciatrice di Pace, Gordana Saric ha saputo trasformare la parola in uno strumento di armonia e comprensione, diffondendo messaggi di speranza, unit\u00e0 e solidariet\u00e0. Attraverso la sua poesia, ha dato voce alle emozioni pi\u00f9 profonde dell\u2019animo umano, ispirando cambiamento e costruendo ponti tra culture e nazioni. Il suo impegno nel diffondere valori di fratellanza e rispetto la rende una figura di riferimento nel panorama letterario e umanitario.<\/p>\n\n\n\n<ul class=\"wp-block-list\">\n<li><strong>MAJA HERMAN SEKULI\u0106 (<\/strong><strong>Serbia) &#8211; poetessa, Ambasciatrice di pace<\/strong><\/li>\n<\/ul>\n\n\n\n<p>Il Premio Speciale d&#8217;Eccellenza \u00abDivinamente Donna\u00bb 2025 viene conferito a Maja Herman Sekulic per il suo straordinario contributo alla letteratura e alla promozione della pace attraverso la forza della parola. Poetessa di grande profondit\u00e0 e Ambasciatrice di Pace, Maja Herman Sekuli\u0107 ha saputo trasformare la poesia in uno strumento di dialogo, comprensione e unione tra i popoli. La sua opera riflette un impegno costante per la diffusione di valori di tolleranza, armonia e rispetto reciproco, offrendo al mondo un messaggio di speranza e bellezza. Con la sua voce poetica ha saputo ispirare generazioni, contribuendo alla costruzione di un ponte tra culture diverse.<\/p>\n\n\n\n<p><strong>PREMI SPECIALI D\u2019ECCELLENZA PER IL SOCIALE<\/strong><\/p>\n\n\n\n<p><strong>Premio speciale d&#8217;Eccellenza \u00abDivinamente Donna\u00bb 2025 ad<\/strong> <strong>ANDREINA MORETTI<\/strong>, autrice, poetessa, scrittrice, regista, Presidente dell\u2019associazione \u201cIl guscio\u201d, per il suo contributo nel campo della letteratura, della poesia e delle arti, che l&#8217;ha resa una figura di riferimento nel panorama culturale italiano. Autrice, poetessa, scrittrice e regista di grande sensibilit\u00e0, Andreina Moretti ha saputo trasformare le parole in strumenti di grandi emozioni. Come Presidente dell&#8217;Associazione &#8216;Il Guscio&#8217;, ha promosso con instancabile dedizione iniziative volte a valorizzare il talento femminile ea sostenere l&#8217;inclusione sociale attraverso l&#8217;arte e la cultura. La sua passione, il suo impegno e la sua capacit\u00e0 di dare voce a storie e sentimenti universali rappresentano un esempio di eccellenza e ispirazione per le donne di oggi e di domani.<\/p>\n\n\n\n<p><strong>Consegna il Premio: Francesco Nigri, componente della Giuria.<\/strong><\/p>\n\n\n\n<p><strong>Premio speciale d&#8217;Eccellenza \u00abDivinamente Donna\u00bb 2025 a<\/strong> <strong>BARBARA GAI<\/strong><strong>, <\/strong>Presidente dell\u2019associazione onlus \u201cMarco Manzao\u201d. Per il suo instancabile impegno nel sociale e per la sua dedizione nel promuovere valori di solidariet\u00e0 e sostegno attraverso l&#8217;Associazione Onlus &#8216;Marco Manzao&#8217;. In qualit\u00e0 di Presidente, Barbara Gai ha saputo trasformare il dolore in forza, offrendo aiuto concreto a chi si trova in situazioni di difficolt\u00e0 e portando avanti con passione e determinazione progetti di grande impatto umano e sociale. La sua azione costante a favore della comunit\u00e0 e il suo spirito di servizio rappresentano un esempio di altruismo e coraggio, incarnando i valori di eccellenza e ispirazione che questo riconoscimento intende celebrare.<\/p>\n\n\n\n<p><strong>Consegnano il Premio: Regina Resta e Maria Pia Turiello.<\/strong><\/p>\n\n\n\n<p><strong>Premio speciale d&#8217;Eccellenza \u00abDivinamente Donna\u00bb 2025 a<\/strong>Centri Odontoiatrici AKOS DENTAL CARE nella persona del titolare<strong>RAFFAELE FRIGO<\/strong>, per l\u2019eccellenza e la professionalit\u00e0 nel settore odontoiatrico, uniti a un costante impegno nell\u2019innovazione e nella cura del paziente. I Centri Odontoiatrici AKOS si distinguono per l\u2019alta qualit\u00e0 dei servizi, l\u2019attenzione alla salute e il benessere complessivo della persona. Innanzitutto per il Sostegno Medico di AKOS alle Donne di Parma e Provincia Centri vittime di violenza e in situazioni di bisogno.<\/p>\n\n\n\n<p><strong>Consegnano il Premio: Francesco Lenoci e Francesco Nigri.<\/strong><\/p>\n\n\n\n<p><strong>PREMI SPECIALI D\u2019ECCELLENZA LIBRI<\/strong><\/p>\n\n\n\n<p><strong>Consegnano il Premio: Regina Resta, Hafez Haidar, Rosella Murano<\/strong><\/p>\n\n\n\n<p><strong>Premio Speciale d&#8217;Eccellenza Divinamente Donna 2025<\/strong><strong>a <\/strong><strong>MARTA TARANTINO<\/strong> per il libro \u201c<em>Uomini nuovi. Ripensare le mascolinit\u00e0 nel mondo arabo<\/em>\u201d Astarte Edizioni, per l&#8217;originalit\u00e0 e il valore del suo contributo nella riflessione sulle trasformazioni delle identit\u00e0 di genere nel mondo arabo, analizzando con rigore e sensibilit\u00e0 il modo in cui uomini e attivisti stanno ridefinendo la mascolinit\u00e0 oltre i modelli patriarcali tradizionali. Attraverso una ricerca approfondita e un racconto attento delle realt\u00e0 di paesi come Marocco, Libano e Giordania, l&#8217;autrice offre uno sguardo innovativo sulle dinamiche sociali e culturali in evoluzione, contribuendo a una maggiore consapevolezza e dialogo sulla parit\u00e0 di genere. &nbsp;<\/p>\n\n\n\n<p><strong>Premio Speciale d&#8217;Eccellenza \u00abDivinamente Donna\u00bb 2025 a<\/strong> <strong>VALENTINA MEOLA<\/strong>, per la sua straordinaria capacit\u00e0 narrativa, che attraverso le opere <em>Una domenica particolare<\/em> e <em>Gli Immortali<\/em> edite da Aletti Editore, ha saputo emozionare e coinvolgere i lettori con storie profonde e autentiche. Con una scrittura intensa e raffinata, Valentina Meola esplora le sfumature dell\u2019animo umano, regalando pagine di grande impatto emotivo e riflessione. La sua voce letteraria si distingue per sensibilit\u00e0 e originalit\u00e0, offrendo al pubblico racconti che lasciano un segno indelebile. Per il suo talento, la sua passione per la scrittura e il suo contributo alla letteratura contemporanea, le viene conferito questo prestigioso riconoscimento.<\/p>\n\n\n\n<p><strong>Premio Speciale d&#8217;Eccellenza Divinamente Donna 2025 a<\/strong> <strong>VINICIO LEONETTI<\/strong>per il romanzo <em>\u00ab<\/em><em>Eroine\u00bb<\/em>, per la straordinaria capacit\u00e0 narrativa con cui d\u00e0 voce alle donne, raccontandone la forza, il coraggio e la resilienza in un mondo spesso ostile. Con <em>Eroine<\/em>, Vinicio Leonetti intreccia storie potenti e intense, restituendo dignit\u00e0 e spessore a figure femminili che diventano simbolo di lotta, determinazione e speranza. Un&#8217;opera che non solo emoziona, ma invita alla riflessione, contribuendo a un cambiamento culturale necessario e attuale.<\/p>\n\n\n\n<p>Infine un<strong>Premio Speciale d&#8217;Eccellenza Divinamente Donna 2025 <\/strong>\u00e8 conferito alla<strong>Scuola Secondaria di 1\u00b0 grado \u201cG. Mezzanotte\u201d di Chieti <\/strong>e consegnato nelle mani dellaDirigente scolastica<strong> EMILIA GALANTE<\/strong> e della docente<strong> MARILISA PALAZZONE<\/strong>, per l\u2019attenzione della Scuola alle tematiche di genere e all\u2019impegno profuso contro il bullismo e la violenza verso le donne. Questi i nomi degli alunni premiati per i loro lavori: <strong>Muzafar Zainab<\/strong>,<strong> Emma Di Camillo<\/strong>,<strong> Carla Di Giamberardino<\/strong>,<strong> Martina Malandra<\/strong>, <strong>Nicole Santospago.<\/strong><\/p>\n\n\n\n<p>Anche questa seconda edizione del <strong>Premio internazionale Divinamente Donna &#8211; Eccellenza Femminile <\/strong><em><strong>\u201cCelebrando le Donne che ispirano\u201d<\/strong><\/em>coglie nel segno e si connota, attraverso testimonianze di vita, per la sua capacit\u00e0 d\u2019espressione nel rendere palese il percorso tenace e coraggioso delle Donne e per affermare il senso e il valore del \u201cfemminile\u201d nel progresso sociale, civile e culturale nelle societ\u00e0 di tutto il mondo. \u00c8 poi seguita la consegna dei riconoscimenti del Premio letterario Divinamente Donna, del quale \u00e8 stato gi\u00e0 dato conto dei vincitori. <strong>VerbumlandArt<\/strong>, con viva soddisfazione, aggiunge questa gemma all\u2019archivio delle sue iniziative culturali di pi\u00f9 alto significato.<\/p>\n\n\n\n<p><em>a cura di <\/em><em><strong>Goffredo Palmerini<\/strong><\/em><\/p>\n","protected":false},"excerpt":{"rendered":"<p>7 marzo 2025 PREMIO INTERNAZIONALE \u201cDIVINAMENTE DONNA\u201d 2025 L\u2019Eccellenza femminile celebrata il 6 marzo nella Sala Zuccari del Senato della [&hellip;]<\/p>\n","protected":false},"author":1,"featured_media":0,"comment_status":"open","ping_status":"open","sticky":false,"template":"","format":"standard","meta":{"footnotes":""},"categories":[2,10],"tags":[],"class_list":["post-69270","post","type-post","status-publish","format-standard","hentry","category-informacion","category-italiano"],"_links":{"self":[{"href":"https:\/\/www.ecoitaliano.com.ar\/index.php?rest_route=\/wp\/v2\/posts\/69270","targetHints":{"allow":["GET"]}}],"collection":[{"href":"https:\/\/www.ecoitaliano.com.ar\/index.php?rest_route=\/wp\/v2\/posts"}],"about":[{"href":"https:\/\/www.ecoitaliano.com.ar\/index.php?rest_route=\/wp\/v2\/types\/post"}],"author":[{"embeddable":true,"href":"https:\/\/www.ecoitaliano.com.ar\/index.php?rest_route=\/wp\/v2\/users\/1"}],"replies":[{"embeddable":true,"href":"https:\/\/www.ecoitaliano.com.ar\/index.php?rest_route=%2Fwp%2Fv2%2Fcomments&post=69270"}],"version-history":[{"count":1,"href":"https:\/\/www.ecoitaliano.com.ar\/index.php?rest_route=\/wp\/v2\/posts\/69270\/revisions"}],"predecessor-version":[{"id":69281,"href":"https:\/\/www.ecoitaliano.com.ar\/index.php?rest_route=\/wp\/v2\/posts\/69270\/revisions\/69281"}],"wp:attachment":[{"href":"https:\/\/www.ecoitaliano.com.ar\/index.php?rest_route=%2Fwp%2Fv2%2Fmedia&parent=69270"}],"wp:term":[{"taxonomy":"category","embeddable":true,"href":"https:\/\/www.ecoitaliano.com.ar\/index.php?rest_route=%2Fwp%2Fv2%2Fcategories&post=69270"},{"taxonomy":"post_tag","embeddable":true,"href":"https:\/\/www.ecoitaliano.com.ar\/index.php?rest_route=%2Fwp%2Fv2%2Ftags&post=69270"}],"curies":[{"name":"wp","href":"https:\/\/api.w.org\/{rel}","templated":true}]}}