{"id":69439,"date":"2025-03-13T10:04:17","date_gmt":"2025-03-13T10:04:17","guid":{"rendered":"https:\/\/www.ecoitaliano.com.ar\/?p=69439"},"modified":"2025-03-13T10:04:17","modified_gmt":"2025-03-13T10:04:17","slug":"e-uscito-il-libro-di-poesie-ricordi-lievi-ed-oltre-di-albino-barresi","status":"publish","type":"post","link":"https:\/\/www.ecoitaliano.com.ar\/?p=69439","title":{"rendered":"\u00c8 uscito il libro di poesie: RICORDI LIEVI ED OLTRE di ALBINO BARRESI"},"content":{"rendered":"\n<p><strong>GUIDO MIANO EDITORE<\/strong><\/p>\n\n\n\n<p><strong>NOVIT\u00c0 EDITORIALE<\/strong><\/p>\n\n\n\n<p><em><strong>con prefazione di Michele Miano<\/strong><\/em><\/p>\n\n\n\n<figure class=\"wp-block-gallery has-nested-images columns-default is-cropped wp-block-gallery-1 is-layout-flex wp-block-gallery-is-layout-flex\">\n<figure class=\"wp-block-image size-large\"><a href=\"https:\/\/www.ecoitaliano.com.ar\/wp-content\/uploads\/2025\/03\/Barresi-Albino-Ricordi-lievi-ed-oltre-fronte3D.png\"><img decoding=\"async\" width=\"591\" height=\"1024\" data-id=\"69440\" src=\"https:\/\/www.ecoitaliano.com.ar\/wp-content\/uploads\/2025\/03\/Barresi-Albino-Ricordi-lievi-ed-oltre-fronte3D-591x1024.png\" alt=\"\" class=\"wp-image-69440\" srcset=\"https:\/\/www.ecoitaliano.com.ar\/wp-content\/uploads\/2025\/03\/Barresi-Albino-Ricordi-lievi-ed-oltre-fronte3D-591x1024.png 591w, https:\/\/www.ecoitaliano.com.ar\/wp-content\/uploads\/2025\/03\/Barresi-Albino-Ricordi-lievi-ed-oltre-fronte3D-173x300.png 173w, https:\/\/www.ecoitaliano.com.ar\/wp-content\/uploads\/2025\/03\/Barresi-Albino-Ricordi-lievi-ed-oltre-fronte3D-87x150.png 87w, https:\/\/www.ecoitaliano.com.ar\/wp-content\/uploads\/2025\/03\/Barresi-Albino-Ricordi-lievi-ed-oltre-fronte3D.png 741w\" sizes=\"(max-width: 591px) 100vw, 591px\" \/><\/a><\/figure>\n\n\n\n<figure class=\"wp-block-image size-large\"><a href=\"https:\/\/www.ecoitaliano.com.ar\/wp-content\/uploads\/2025\/03\/Barresi-Albino-Ricordi-lievi-ed-oltre-fronte.jpg\"><img decoding=\"async\" width=\"663\" height=\"1024\" data-id=\"69441\" src=\"https:\/\/www.ecoitaliano.com.ar\/wp-content\/uploads\/2025\/03\/Barresi-Albino-Ricordi-lievi-ed-oltre-fronte-663x1024.jpg\" alt=\"\" class=\"wp-image-69441\" srcset=\"https:\/\/www.ecoitaliano.com.ar\/wp-content\/uploads\/2025\/03\/Barresi-Albino-Ricordi-lievi-ed-oltre-fronte-663x1024.jpg 663w, https:\/\/www.ecoitaliano.com.ar\/wp-content\/uploads\/2025\/03\/Barresi-Albino-Ricordi-lievi-ed-oltre-fronte-194x300.jpg 194w, https:\/\/www.ecoitaliano.com.ar\/wp-content\/uploads\/2025\/03\/Barresi-Albino-Ricordi-lievi-ed-oltre-fronte-768x1186.jpg 768w, https:\/\/www.ecoitaliano.com.ar\/wp-content\/uploads\/2025\/03\/Barresi-Albino-Ricordi-lievi-ed-oltre-fronte-995x1536.jpg 995w, https:\/\/www.ecoitaliano.com.ar\/wp-content\/uploads\/2025\/03\/Barresi-Albino-Ricordi-lievi-ed-oltre-fronte-97x150.jpg 97w, https:\/\/www.ecoitaliano.com.ar\/wp-content\/uploads\/2025\/03\/Barresi-Albino-Ricordi-lievi-ed-oltre-fronte.jpg 1100w\" sizes=\"(max-width: 663px) 100vw, 663px\" \/><\/a><\/figure>\n<\/figure>\n\n\n\n<p>Pubblicato il libro di poesie dal titolo \u201cRicordi lievi ed oltre\u201ddi Albino Barresi, con prefazione di Michele Miano, nella prestigiosa collana \u201cAlcyone 2000\u201d, Guido Miano Editore, Milano 2025.<\/p>\n\n\n\n<p>Di origine calabrese, Albino Barresi si dedica all\u2019insegnamento dopo avere esercitato per qualche tempo l\u2019attivit\u00e0 forense. Menzionato in vari premi di poesia, sue liriche sono state editate in repertori letterari. Ha pubblicato nel 1991 il volume di poesia <em>Il dolore dell\u2019uomo. <\/em>Ha al suo attivo anche pubblicazioni in campo scolastico.<\/p>\n\n\n\n<p><em>\u00ab<\/em>Una vita<\/p>\n\n\n\n<p>solo una vita<\/p>\n\n\n\n<p>vorr\u00f2 sentire<\/p>\n\n\n\n<p>perch\u00e9 il profumo della zagara<\/p>\n\n\n\n<p>non resti un sogno di una terra<\/p>\n\n\n\n<p>di un ideale<\/p>\n\n\n\n<p>di un essere che non c\u2019\u00e8\u2026\u00bb (<em>Solo una vita<\/em>).<\/p>\n\n\n\n<p>Gi\u00e0 il titolo della silloge d\u2019esordio racchiude quel sentimento ineluttabile in chiave ungarettiana che \u00e8 poi quel substrato che sta alla base dell\u2019ispirazione poetica di Albino Barresi.<\/p>\n\n\n\n<p>Una poesia che sa di aerea luce, aggiungiamo, reduci dalla lettura delle sue liriche, terse di quell\u2019aria che penetra nel profondo, col suo profumo d\u2019azzurro, certe mattine d\u2019inverno e che ti fa ricordare che sei vivo. \u00c8 una poesia che porta in s\u00e9 il raro dono dell\u2019immediatezza, che si spinge oltre l\u2019attitudine figurativa, intrinseca ad ogni atto genuinamente poetico, per farsi voce delle cose pi\u00f9 semplici per modularsi in versi di consistenza impalpabile. Immagini che lievitano sulle trame dei pensieri, quasi a confondersi con essi in tenui dissolvenze. Nel fluire dei suoi versi emerge il senso profondo di una corrispondenza simpatetica con la natura, che rifugge gli oscuramenti che si lascia inondare dalla luce del sole. Il suo verso si rivolge proprio alle estreme resistenze dell\u2019animo umano a quel guizzo d\u2019infanzia represso che improvviso risignifica lo squallore della totale alienazione assurda della nostra quotidianit\u00e0. Si leggano i seguenti versi emblematici:<\/p>\n\n\n\n<p>\u00ab\u2026 uomini che vivono nonostante tutto<\/p>\n\n\n\n<p>nel magma di un\u2019umanit\u00e0 cancrenosa<\/p>\n\n\n\n<p>incandescente ed utopica dentro&#8230;\u00bb (<em>Sentieri interiori<\/em>).<\/p>\n\n\n\n<p>E ancora:<\/p>\n\n\n\n<p>\u00ab\u2026 In quest\u2019orgia<\/p>\n\n\n\n<p>di illusioni<\/p>\n\n\n\n<p>alti e bassi di emozioni<\/p>\n\n\n\n<p>naufragando mi cullo<\/p>\n\n\n\n<p>nel mare infinito\u00bb (<em>Un giorno<\/em>).<\/p>\n\n\n\n<p>Ma se il poeta si dimostra a disagio nelle ristrettezze dell\u2019esistenza, lo stesso dedica un canto che nascendo dal cuore intende privilegiare la mente e lo spirito.<\/p>\n\n\n\n<p>\u00ab\u2026 Oggi cos\u00ec viviamo<\/p>\n\n\n\n<p>come in attesa<\/p>\n\n\n\n<p>in bilico tra un mare di sogni<\/p>\n\n\n\n<p>e una realt\u00e0 costellata<\/p>\n\n\n\n<p>di amari drammi\u2026\u00bb (<em>Flebile luce<\/em>).<\/p>\n\n\n\n<p>Albino Barresi cerca nel tessuto del pensiero di giungere a conoscere il mistero della vita, tentando di coglierne quella essenza che spesso sfugge al controllo razionale. Il poeta si riallaccia a canoni culturali sempre presenti nella poesia di ogni tempo, confermando che nell\u2019uomo taluni valori non possono essere perduti. Questo accade quando il poeta cerca negli abissi delle propria coscienza una risposta alle proprie speranze, come in <em>Amico<\/em>:<\/p>\n\n\n\n<p>\u00ab\u2026Voglia di sentimenti forti<\/p>\n\n\n\n<p>affetti diffusamente sentiti<\/p>\n\n\n\n<p>dentro le vie del cuore<\/p>\n\n\n\n<p>eternamente racchiusi\u00bb<\/p>\n\n\n\n<p>o <em>Dentro il mio cuore<\/em>:<\/p>\n\n\n\n<p>\u00ab\u2026Dentro il mio cuore<\/p>\n\n\n\n<p>dissonanti armonie<\/p>\n\n\n\n<p>hanno crogiolato<\/p>\n\n\n\n<p>i pensieri<\/p>\n\n\n\n<p>che affollano<\/p>\n\n\n\n<p>e si disperdono\u2026\u00bb.<\/p>\n\n\n\n<p>L\u2019intensit\u00e0 del sentimento in alcune liriche lascia il posto ad immagini piene di <em>pathos <\/em>dove i contenuti assumono una certa consistenza e che trascendono il dato reale. La sua poesia \u00e8 un libro aperto dell\u2019anima cos\u00ec sensibile e traboccante di desiderio di conoscenza ma anche di volont\u00e0 di creare attingendo ad una esperienza di vita vissuta. Egli trae dalla viva realt\u00e0 del vissuto gran parte della sua opera, ma non disdegna le istanze del pensiero quando i versi nascono da una profonda meditazione sugli eventi e sui fatti umani. Severo con se stesso, il poeta spesso infonde nel verso i segni di una profonda spiritualit\u00e0.<\/p>\n\n\n\n<p>In sintesi la poesia di Albino Barresi porta un messaggio pienamente costruttivo: assume una pienezza di vita non fine a se stessa ma aperta a richiami che portano a pensare e a meditare sulle fondamentali ragioni dell\u2019esistenza. Una poesia che scava nel profondo quale parametro del mondo esterno e che indaga nella speranza di capirsi meglio.<\/p>\n\n\n\n<p>E di questi tempi dobbiamo solo trarne ammonimento.<\/p>\n\n\n\n<p>Michele Miano<\/p>\n\n\n\n<p>Albino Barresi, <em>Ricordi lievi ed oltre<\/em>, prefazione di Michele Miano, Guido Miano Editore, Milano 2025, pp. 64, isbn 979-12-81351-58-5, mianoposta@gmail.com.<\/p>\n\n\n\n<p>______________________<\/p>\n\n\n\n<p>L\u2019AUTORE<\/p>\n\n\n\n<p><strong>Albino Barresi<\/strong>, nato a Villa San Giovanni (R.C.), ha una lunga carriera nel Ministero dell\u2019Istruzione come docente, preside, dirigente scolastico e dirigente dell\u2019Ufficio Scolastico Territoriale di Verona per un triennio. Ha al suo attivo numerose esperienze amministrative, ge\u00adstionali e formative nel Comparto Scuola per conto del MIUR. Ha pubblicato vari testi in ambito scolastico e la raccolta di poesie <em>Il dolore dell\u2019uomo <\/em>(1991).<\/p>\n\n\n\n<p>______________________<\/p>\n","protected":false},"excerpt":{"rendered":"<p>GUIDO MIANO EDITORE NOVIT\u00c0 EDITORIALE con prefazione di Michele Miano Pubblicato il libro di poesie dal titolo \u201cRicordi lievi ed [&hellip;]<\/p>\n","protected":false},"author":1,"featured_media":0,"comment_status":"open","ping_status":"open","sticky":false,"template":"","format":"standard","meta":{"footnotes":""},"categories":[10,22],"tags":[],"class_list":["post-69439","post","type-post","status-publish","format-standard","hentry","category-italiano","category-libros-y-revistas-literatura"],"_links":{"self":[{"href":"https:\/\/www.ecoitaliano.com.ar\/index.php?rest_route=\/wp\/v2\/posts\/69439","targetHints":{"allow":["GET"]}}],"collection":[{"href":"https:\/\/www.ecoitaliano.com.ar\/index.php?rest_route=\/wp\/v2\/posts"}],"about":[{"href":"https:\/\/www.ecoitaliano.com.ar\/index.php?rest_route=\/wp\/v2\/types\/post"}],"author":[{"embeddable":true,"href":"https:\/\/www.ecoitaliano.com.ar\/index.php?rest_route=\/wp\/v2\/users\/1"}],"replies":[{"embeddable":true,"href":"https:\/\/www.ecoitaliano.com.ar\/index.php?rest_route=%2Fwp%2Fv2%2Fcomments&post=69439"}],"version-history":[{"count":1,"href":"https:\/\/www.ecoitaliano.com.ar\/index.php?rest_route=\/wp\/v2\/posts\/69439\/revisions"}],"predecessor-version":[{"id":69442,"href":"https:\/\/www.ecoitaliano.com.ar\/index.php?rest_route=\/wp\/v2\/posts\/69439\/revisions\/69442"}],"wp:attachment":[{"href":"https:\/\/www.ecoitaliano.com.ar\/index.php?rest_route=%2Fwp%2Fv2%2Fmedia&parent=69439"}],"wp:term":[{"taxonomy":"category","embeddable":true,"href":"https:\/\/www.ecoitaliano.com.ar\/index.php?rest_route=%2Fwp%2Fv2%2Fcategories&post=69439"},{"taxonomy":"post_tag","embeddable":true,"href":"https:\/\/www.ecoitaliano.com.ar\/index.php?rest_route=%2Fwp%2Fv2%2Ftags&post=69439"}],"curies":[{"name":"wp","href":"https:\/\/api.w.org\/{rel}","templated":true}]}}