{"id":69714,"date":"2025-03-17T23:14:56","date_gmt":"2025-03-17T23:14:56","guid":{"rendered":"https:\/\/www.ecoitaliano.com.ar\/?p=69714"},"modified":"2025-03-17T23:14:56","modified_gmt":"2025-03-17T23:14:56","slug":"in-memoria-di-sergio-camellini-un-premio-internazionale-di-poesia-verbumlandiart-annuncia-la-prima-edizione-si-terra-a-modena-il-22-novembre-2025","status":"publish","type":"post","link":"https:\/\/www.ecoitaliano.com.ar\/?p=69714","title":{"rendered":"IN MEMORIA DI SERGIO CAMELLINI UN PREMIO INTERNAZIONALE DI POESIA &#8211; VerbumlandiArt annuncia la prima edizione, si terr\u00e0 a Modena il 22 novembre 2025"},"content":{"rendered":"\n<figure class=\"wp-block-gallery has-nested-images columns-default is-cropped wp-block-gallery-1 is-layout-flex wp-block-gallery-is-layout-flex\">\n<figure class=\"wp-block-image size-large\"><a href=\"https:\/\/www.ecoitaliano.com.ar\/wp-content\/uploads\/2025\/03\/Premio-Sergio-Camellini.jpg\"><img decoding=\"async\" width=\"724\" height=\"1024\" data-id=\"69715\" src=\"https:\/\/www.ecoitaliano.com.ar\/wp-content\/uploads\/2025\/03\/Premio-Sergio-Camellini-724x1024.jpg\" alt=\"\" class=\"wp-image-69715\" srcset=\"https:\/\/www.ecoitaliano.com.ar\/wp-content\/uploads\/2025\/03\/Premio-Sergio-Camellini-724x1024.jpg 724w, https:\/\/www.ecoitaliano.com.ar\/wp-content\/uploads\/2025\/03\/Premio-Sergio-Camellini-212x300.jpg 212w, https:\/\/www.ecoitaliano.com.ar\/wp-content\/uploads\/2025\/03\/Premio-Sergio-Camellini-768x1086.jpg 768w, https:\/\/www.ecoitaliano.com.ar\/wp-content\/uploads\/2025\/03\/Premio-Sergio-Camellini-106x150.jpg 106w, https:\/\/www.ecoitaliano.com.ar\/wp-content\/uploads\/2025\/03\/Premio-Sergio-Camellini.jpg 905w\" sizes=\"(max-width: 724px) 100vw, 724px\" \/><\/a><\/figure>\n\n\n\n<figure class=\"wp-block-image size-large\"><a href=\"https:\/\/www.ecoitaliano.com.ar\/wp-content\/uploads\/2025\/03\/Sergio-Camellini.png\"><img decoding=\"async\" width=\"768\" height=\"1024\" data-id=\"69716\" src=\"https:\/\/www.ecoitaliano.com.ar\/wp-content\/uploads\/2025\/03\/Sergio-Camellini.png\" alt=\"\" class=\"wp-image-69716\" srcset=\"https:\/\/www.ecoitaliano.com.ar\/wp-content\/uploads\/2025\/03\/Sergio-Camellini.png 768w, https:\/\/www.ecoitaliano.com.ar\/wp-content\/uploads\/2025\/03\/Sergio-Camellini-225x300.png 225w, https:\/\/www.ecoitaliano.com.ar\/wp-content\/uploads\/2025\/03\/Sergio-Camellini-113x150.png 113w\" sizes=\"(max-width: 768px) 100vw, 768px\" \/><\/a><\/figure>\n<\/figure>\n\n\n\n<figure class=\"wp-block-gallery has-nested-images columns-default is-cropped wp-block-gallery-2 is-layout-flex wp-block-gallery-is-layout-flex\">\n<figure class=\"wp-block-image size-large\"><a href=\"https:\/\/www.ecoitaliano.com.ar\/wp-content\/uploads\/2025\/03\/Borgo-Serrazzone-Casa-Museo-Civilta-contadina-e-dei-Mestieri.jpg\"><img decoding=\"async\" width=\"1024\" height=\"768\" data-id=\"69717\" src=\"https:\/\/www.ecoitaliano.com.ar\/wp-content\/uploads\/2025\/03\/Borgo-Serrazzone-Casa-Museo-Civilta-contadina-e-dei-Mestieri-1024x768.jpg\" alt=\"\" class=\"wp-image-69717\" srcset=\"https:\/\/www.ecoitaliano.com.ar\/wp-content\/uploads\/2025\/03\/Borgo-Serrazzone-Casa-Museo-Civilta-contadina-e-dei-Mestieri-1024x768.jpg 1024w, https:\/\/www.ecoitaliano.com.ar\/wp-content\/uploads\/2025\/03\/Borgo-Serrazzone-Casa-Museo-Civilta-contadina-e-dei-Mestieri-300x225.jpg 300w, https:\/\/www.ecoitaliano.com.ar\/wp-content\/uploads\/2025\/03\/Borgo-Serrazzone-Casa-Museo-Civilta-contadina-e-dei-Mestieri-768x576.jpg 768w, https:\/\/www.ecoitaliano.com.ar\/wp-content\/uploads\/2025\/03\/Borgo-Serrazzone-Casa-Museo-Civilta-contadina-e-dei-Mestieri-1536x1152.jpg 1536w, https:\/\/www.ecoitaliano.com.ar\/wp-content\/uploads\/2025\/03\/Borgo-Serrazzone-Casa-Museo-Civilta-contadina-e-dei-Mestieri-150x113.jpg 150w, https:\/\/www.ecoitaliano.com.ar\/wp-content\/uploads\/2025\/03\/Borgo-Serrazzone-Casa-Museo-Civilta-contadina-e-dei-Mestieri.jpg 1600w\" sizes=\"(max-width: 1024px) 100vw, 1024px\" \/><\/a><\/figure>\n\n\n\n<figure class=\"wp-block-image size-large\"><a href=\"https:\/\/www.ecoitaliano.com.ar\/wp-content\/uploads\/2025\/03\/Regina-Resta-Hafez-Haidar-Sergio-Camellini-presso-la-Dante-a-Roma.jpg\"><img decoding=\"async\" width=\"692\" height=\"447\" data-id=\"69718\" src=\"https:\/\/www.ecoitaliano.com.ar\/wp-content\/uploads\/2025\/03\/Regina-Resta-Hafez-Haidar-Sergio-Camellini-presso-la-Dante-a-Roma.jpg\" alt=\"\" class=\"wp-image-69718\" srcset=\"https:\/\/www.ecoitaliano.com.ar\/wp-content\/uploads\/2025\/03\/Regina-Resta-Hafez-Haidar-Sergio-Camellini-presso-la-Dante-a-Roma.jpg 692w, https:\/\/www.ecoitaliano.com.ar\/wp-content\/uploads\/2025\/03\/Regina-Resta-Hafez-Haidar-Sergio-Camellini-presso-la-Dante-a-Roma-300x194.jpg 300w, https:\/\/www.ecoitaliano.com.ar\/wp-content\/uploads\/2025\/03\/Regina-Resta-Hafez-Haidar-Sergio-Camellini-presso-la-Dante-a-Roma-150x97.jpg 150w\" sizes=\"(max-width: 692px) 100vw, 692px\" \/><\/a><\/figure>\n\n\n\n<figure class=\"wp-block-image size-large\"><a href=\"https:\/\/www.ecoitaliano.com.ar\/wp-content\/uploads\/2025\/03\/Sergio-Camellini-con-la-figlia-Marcella.jpg\"><img decoding=\"async\" width=\"597\" height=\"894\" data-id=\"69719\" src=\"https:\/\/www.ecoitaliano.com.ar\/wp-content\/uploads\/2025\/03\/Sergio-Camellini-con-la-figlia-Marcella.jpg\" alt=\"\" class=\"wp-image-69719\" srcset=\"https:\/\/www.ecoitaliano.com.ar\/wp-content\/uploads\/2025\/03\/Sergio-Camellini-con-la-figlia-Marcella.jpg 597w, https:\/\/www.ecoitaliano.com.ar\/wp-content\/uploads\/2025\/03\/Sergio-Camellini-con-la-figlia-Marcella-200x300.jpg 200w, https:\/\/www.ecoitaliano.com.ar\/wp-content\/uploads\/2025\/03\/Sergio-Camellini-con-la-figlia-Marcella-100x150.jpg 100w\" sizes=\"(max-width: 597px) 100vw, 597px\" \/><\/a><\/figure>\n<\/figure>\n\n\n\n<p>17 marzo 2025<\/p>\n\n\n\n<p><strong>IN MEMORIA DI SERGIO CAMELLINI UN PREMIO INTERNAZIONALE DI POESIA<\/strong><\/p>\n\n\n\n<p><a><\/a> <strong>VerbumlandiArt annuncia la prima edizione, si terr\u00e0 a Modena il 22 novembre 2025<\/strong><\/p>\n\n\n\n<p>di <strong>Goffredo Palmerini<\/strong><\/p>\n\n\n\n<p>Il 12 giugno 2024 la scomparsa di <strong>Sergio Camellini<\/strong>, insigne psicologo e poeta finissimo. <strong>VerbumlandiArt<\/strong>, l\u2019associazione culturale della quale egli \u00e8 stato tra le colonne portanti, per ricordarlo degnamente ha istituito un <strong>Premio internazionale di Poesia<\/strong> a lui intitolato. Ne ha dato notizia la Presidente di VerbumlandiArt, <strong>Regina Resta<\/strong>, annunciando la celebrazione della prima edizione il 22 novembre 2025 a <strong>Modena<\/strong>. Presidente onoraria del Premio \u00e8 <strong>Marcella Camellini<\/strong>, figlia del Poeta, medico dirigente di cardiologia presso l\u2019Ospedale civile di Sassuolo, e Presidente della Giuria <strong>Hafez Haidar<\/strong>, gi\u00e0 docente di letteratura araba all\u2019Universit\u00e0 di Pavia, scrittore poeta e traduttore, candidato al Nobel per la Pace e la Letteratura, che di Sergio Camellini \u00e8 stato amico fraterno. Diramato in questi giorni anche il Bando del premio, consultabile attraverso il link qui sotto indicato oppure sul sito web dell\u2019associazione organizzatrice.<\/p>\n\n\n\n<figure class=\"wp-block-embed is-type-wp-embed is-provider-verbumlandiartaps wp-block-embed-verbumlandiartaps\"><div class=\"wp-block-embed__wrapper\">\n<blockquote class=\"wp-embedded-content\" data-secret=\"saRX0OjEHI\"><a href=\"https:\/\/www.verbumlandiart.com\/2025\/03\/15\/premio-internazionale-deccellenza-di-poesia-sergio-camellini\/\">Premio Internazionale d&#8217;Eccellenza di Poesia &#8220;Sergio Camellini&#8221;<\/a><\/blockquote><iframe loading=\"lazy\" class=\"wp-embedded-content\" sandbox=\"allow-scripts\" security=\"restricted\" style=\"position: absolute; visibility: hidden;\" title=\"&#8220;Premio Internazionale d&#8217;Eccellenza di Poesia &#8220;Sergio Camellini&#8221;&#8221; &#8212; VerbumlandiArtAps\" src=\"https:\/\/www.verbumlandiart.com\/2025\/03\/15\/premio-internazionale-deccellenza-di-poesia-sergio-camellini\/embed\/#?secret=uENOvYSbCm#?secret=saRX0OjEHI\" data-secret=\"saRX0OjEHI\" width=\"500\" height=\"282\" frameborder=\"0\" marginwidth=\"0\" marginheight=\"0\" scrolling=\"no\"><\/iframe>\n<\/div><\/figure>\n\n\n\n<p><strong>Sergio Camellini<\/strong>, un poeta costruttore di ponti d\u2019amicizia e condivisione di valori universali. Era largamente conosciuto e apprezzato nel mondo letterario italiano, soprattutto amato per le sue singolari doti umane, di rispettosa attenzione all\u2019altro, un autentico operatore di pace. Eccellente nella professione di psicologo clinico, biopsicosessuologo e psicogeriatra, <strong>Sergio Camellini<\/strong> aveva nella poesia la sua seconda ragione di vita e nella civilt\u00e0 contadina il suo rifugio dai rumori e dal parossismo della moderna societ\u00e0. Come poeta ha cantato le piccole gioie, le fatiche del quotidiano, la natura, l\u2019amore, i ricordi, che portano a riflessioni sull\u2019esistenza umana contemporanea. Poesia, la sua, che si sviluppa guardando l\u2019Oltre, con forza e coraggio. Il suo poetare esprime dolcezza, scivola ad inseguire versi ricchi di accelerazioni emotive. La sua penna intinge al rispetto reciproco, vergando sul quaderno della vita i valori di sempre sulle ali della libert\u00e0, dell\u2019amicizia e della pace. Appassionato e cultore di arte povera, studioso della civilt\u00e0 contadina, nella sua casa a <strong>Borgo Serrazzone<\/strong>, il suo <em>buen retiro<\/em> sull\u2019Appennino emiliano, aveva fondato un vero e proprio Museo agreste con attrezzi ed utensili agricoli e dei diversi mestieri artigiani. Migliaia di pezzi esposti nel giardino, sulle pareti e nei locali pianterreno dell\u2019ampia casa di montagna, raccolti e collocati con cura negli anni, costituiscono la straordinaria collezione etnoantropologica di civilt\u00e0 contadina che Camellini ha creato e che lascia alla libera fruizione culturale.<\/p>\n\n\n\n<p><strong>Sergio Camellini<\/strong> era nato a <strong>Sassuolo<\/strong> (Modena) il 14 dicembre 1940. Affermato psicologo, era membro della Societ\u00e0 Italiana di Sessuologia Clinica e Psicopatologia Sessuale presso la sede di Torino. Poeta assai fecondo, i suoi versi cantano la natura, l\u2019amore, i ricordi che portano a riflessioni&nbsp;sull\u2019esistenza umana contemporanea. Numerosi i volumi di sillogi poetiche pubblicati, tra cui si ricordano: <em>So di essere<\/em> (Edizioni Progetto Cultura, 2003), <em>Rivoli di pensiero sulla carta<\/em> (Pagine, 2013), <em>Poesia sei tu<\/em> (SD Collezioni Editoriali, 2014), <em>Bagliori <\/em>(Ed.Ursini, 2015), <em>Sogno di un mattino di primavera<\/em> (SD Collezioni Editoriali, 2015), <em>So di essere<\/em> (Edizioni progetto cultura, 2016), <em>Tenero \u00e8 l\u2019amore<\/em> (Guido Miano, 2017), <em>L\u2019azzurro del tuo cielo<\/em> (Il Convivio, 2017), <em>Tra le righe del pensiero<\/em> (Edizioni Progetto Cultura, 2018), <em>Opera Omnia Sergio Camellini<\/em> (Guido Miano, 2018), <em>Il canto delle Muse<\/em> (Guido Miano, 2019), <em>Madre natura \u00e8 vita<\/em> (Aletti, 2019), <em>S\u2019accende una luce<\/em> (Il Convivio, 2020), <em>Viandante dei sogni<\/em> (Dantebus Edizioni, 2020), <em>I colori della fantasia<\/em> (Guido Miano, 2021), <em>Ascolto i silenzi<\/em> (Consulta, 2021). Presente in numerose antologie, sillogi e poesie di <strong>Sergio Camellini<\/strong> sono state tradotte e pubblicate in serbo e in inglese. Ha partecipato ad eventi culturali e letterari in <strong>India<\/strong> e in <strong>Serbia<\/strong>. Innumerevoli i premi e i riconoscimenti alla sua poesia, alla cultura e alla carriera che gli sono stati tributati nei pi\u00f9 prestigiosi concorsi in Italia e che ne fanno uno degli autori pi\u00f9 noti e apprezzati.<\/p>\n\n\n\n<p>Oltre agli innumerevoli prestigiosi riconoscimenti che gli sono stati conferiti in Italia, a <strong>Sergio Camellini<\/strong> \u00e8 stato tributato il <strong>Golden Ace International Award 2021<\/strong> dal World Pictorial Poetry and Art Forum, istituzione artistica e letteraria con sede centrale in <strong>India<\/strong>, fondata dal poeta artista <strong>Krishan Chand Sethi<\/strong>. Questa la motivazione del conferimento: <strong>\u00ab<\/strong><a href=\"https:\/\/www.facebook.com\/profile.php?id=100070636526147&amp;__cft__%5B0%5D=AZVTSvnUbNVxnEL9PzXCIRKTGS5O4qaKeGBgsW-lLYJIBeaEr5vnttog3Hk9vfJK4vexL4otYKM_rPkehPsTPrkAZfzHVhZofYJSs7SCnIbhlT7RyqRtDsndGpIL6RWn210&amp;__tn__=-%5DK-R\"><strong>Sergio Camellini<\/strong><\/a><strong>, insigne poeta italiano e persona di grande sensibilit\u00e0 umana, viene dichiarato vincitore dei Golden Ace International Awards 2021 su 132 nomination. Gli \u00e8 conferita una bandiera che rappresenta Amore, Pace e Umanit\u00e0 a livello globale, un artistico trofeo, un diploma a certificazione del premio. Sar\u00e0 inoltre pubblicato un libro sulla sua vita e sui suoi successi in campo letterario, redatto a cura di <\/strong><a href=\"https:\/\/www.facebook.com\/profile.php?id=100003704765328&amp;__cft__%5B0%5D=AZVTSvnUbNVxnEL9PzXCIRKTGS5O4qaKeGBgsW-lLYJIBeaEr5vnttog3Hk9vfJK4vexL4otYKM_rPkehPsTPrkAZfzHVhZofYJSs7SCnIbhlT7RyqRtDsndGpIL6RWn210&amp;__tn__=-%5DK-R\"><strong>Williamsji Maveli<\/strong><\/a><strong>\u00bb<\/strong>. La prestigiosa istituzione culturale World Pictorial Poetry and Art Forum vanta 33 sedi in tutto il mondo ed opera a livello internazionale nella diffusione dei valori di Pace, Amore e Umanit\u00e0, attraverso la poesia pittorica. Da quel momento, grazie anche alla sensibilit\u00e0 culturale che lo ha contraddistinto, al dialogo tra culture che lo animava e alla spiccata capacit\u00e0 d\u2019intessere relazioni, <strong>Sergio Camellini<\/strong> era diventato davvero un punto di riferimento tra la cultura d\u2019occidente e la cultura d\u2019oriente.<\/p>\n\n\n\n<p>Poeta finissimo, delicato e intenso, elegiaco e penetrante, <strong>Sergio Camellini<\/strong>. \u201c<em>La poesia elegiaca di Camellini <\/em>\u2013 scrive tra l\u2019altro <strong>Guido Miano<\/strong> in prefazione alla silloge <em>Il canto delle muse<\/em> \u2013 <em>ha avuto il sopravvento fin dal secolo scorso sugli orientamenti e sulle motivazioni estetiche del linguaggio poetico, adottati in precedenza dallo sperimentalismo, dal neorealismo, dagli echi memoriali e recuperi del classico, ad eccezione dei linguaggi originali di taluni maestri, quali ad esempio la limpidit\u00e0 di Francesco Petrarca e lo stile decisamente personale di Ugo Foscolo [\u2026] Dal canto suo Vittorio Sereni, altro singolare poeta rinomato, \u00e8 del parere che, sulla scia dell\u2019esperienza linguistica di Ungaretti, i dati della quotidiana realt\u00e0 vengono omologati in taluni aspetti del paesaggio dell\u2019anima [\u2026].\u201d<\/em><\/p>\n\n\n\n<p>Cos\u00ec ha scritto <strong>Regina Resta<\/strong> in un\u2019annotazione critica: <em>\u201cQuella di Camellini \u00e8 una poesia che tende a rievocare l\u2019atmosfera della memoria del poeta, fanciullo ed uomo, amore, ricordi, dolore appena accennato, speranza e consolazione. \u00c8 inoltre, la sua, una scrittura che sa tenere insieme tutti i tasselli di una vita fatta di scelte audaci di risolutezza\u00b8 soprattutto, \u00e8 una scrittura che canta le piccole gioie e le fatiche del quotidiano, che indaga e porta a riflessioni intrinseche di respiro universale che toccano l\u2019esistenza umana in tutti i suoi aspetti. Possiamo definire la poetica di Camellini una poesia che cura, come medicina preventiva per guarire gli affanni, domande a cui risponde, perch\u00e9 il mondo ha bisogno di poesia per guarire da se stesso e dall\u2019individualismo. \u201d<\/em><\/p>\n\n\n\n<p>\u201c<em>Gli armoniosi versi del poeta<\/em> \u2013 annota sulla poetica di Camellini il critico letterario <strong>Vincenzo Granavi<\/strong> \u2013 <em>al lettore cantano un messaggio universale, il telos dell\u2019opera. Sergio ha tessuto con le trame auree delle arti e con la leggerezza sublime un abito dorato di luce e colori. \u00c8 la veste dei sogni, di cui invita a rivestirsi l\u2019umanit\u00e0, in questo mondo cos\u00ec opaco, spento, materialista e grigio, per vivere per sempre nel chiarore della bellezza e delle emozioni\u201d.<\/em> E ancora <strong>Fulvio Castellani<\/strong> sottolinea: <em>\u201cSe, come diceva Diderot, \u2018la saggezza non \u00e8 altro che la scienza della felicit\u00e0\u2019, nella poesia di Sergio Camellini troviamo un concerto di momenti che vivono di saggezza e di felicit\u00e0 nello scrivere, nel cercare in s\u00e9 uno spazio in cui tuffarsi per captare echi di un ieri vissuto a viso aperto e voci di un presente che si racconta con bagliori di luce e di sogno. La parola scivola cos\u00ec con gioia, quasi un inseguirsi di versi liberi, brevi o brevissimi, dialoganti, ricchi d\u2019amore e di accelerazioni emotive [\u2026].\u201d<\/em><\/p>\n\n\n\n<p>Inoltre, <strong>Francesca Liuzzo<\/strong> commenta \u201c<em>Non \u00e8 un caso che la letteratura propone tantissimi poeti e scrittori che in ogni tempo hanno fatto dell\u2019amore il tema fondamentale della loro produzione artistica. Pur limitandosi solo alla poesia, si potrebbe fare una lunga elencazione a partire dal mondo greco-romano (Saffo, Catullo, etc.), sino ad arrivare ai nostri tempi (Merini, Caproni, Pr\u00e9vert, etc.). Sergio Camellini si pu\u00f2 inserire in questa elencazione\u201d. Infine Tommy Anton Ily, nella nota di presentazione della silloge Tra le righe del pensiero, tra l\u2019altro asserisce: \u201c[\u2026] A ben vedere, l\u2019intero corpus di questa silloge vive nel segno di una libert\u00e0 raggiunta o da raggiungere, un invito che si fa pressante soprattutto di fronte alla cruda realt\u00e0 di chi voglia innalzare bandiere devastanti. Messaggi che inesorabilmente segnalano una societ\u00e0 non in linea col benessere dell\u2019uomo e che la poesia ha il compito di non sottacere creando, con le immagini e il canto intimo delle parole, quella parte mancante di umanit\u00e0 e d\u2019amore per guardare oltre, stringendo le mani a quanti si trovino in difficolt\u00e0. Quindi libert\u00e0, vita, pensiero, amore, dignit\u00e0, diventano piccoli grandi bagliori ai quali affidarsi. \u201d<\/em><\/p>\n\n\n\n<p>Il <strong>Premio internazionale di Poesia \u201cSergio Camellini<\/strong>\u201d, cui certamente corrisponder\u00e0 un\u2019ampia partecipazione di poeti da tutto il mondo, si terr\u00e0 nella sua terra emiliana, che egli ha onorato con la valentia professionale, con il talento poetico e con la straordinaria sensibilit\u00e0. Davvero un degno tributo per onorare la memoria di <strong>Sergio Camellini<\/strong>, la sua ricchezza interiore, la sua testimonianza di valori umani universali, la sua vita pienamente dedicata agli altri, attraverso la professione e la cultura.<\/p>\n","protected":false},"excerpt":{"rendered":"<p>17 marzo 2025 IN MEMORIA DI SERGIO CAMELLINI UN PREMIO INTERNAZIONALE DI POESIA VerbumlandiArt annuncia la prima edizione, si terr\u00e0 [&hellip;]<\/p>\n","protected":false},"author":1,"featured_media":0,"comment_status":"open","ping_status":"open","sticky":false,"template":"","format":"standard","meta":{"footnotes":""},"categories":[10,22],"tags":[],"class_list":["post-69714","post","type-post","status-publish","format-standard","hentry","category-italiano","category-libros-y-revistas-literatura"],"_links":{"self":[{"href":"https:\/\/www.ecoitaliano.com.ar\/index.php?rest_route=\/wp\/v2\/posts\/69714","targetHints":{"allow":["GET"]}}],"collection":[{"href":"https:\/\/www.ecoitaliano.com.ar\/index.php?rest_route=\/wp\/v2\/posts"}],"about":[{"href":"https:\/\/www.ecoitaliano.com.ar\/index.php?rest_route=\/wp\/v2\/types\/post"}],"author":[{"embeddable":true,"href":"https:\/\/www.ecoitaliano.com.ar\/index.php?rest_route=\/wp\/v2\/users\/1"}],"replies":[{"embeddable":true,"href":"https:\/\/www.ecoitaliano.com.ar\/index.php?rest_route=%2Fwp%2Fv2%2Fcomments&post=69714"}],"version-history":[{"count":1,"href":"https:\/\/www.ecoitaliano.com.ar\/index.php?rest_route=\/wp\/v2\/posts\/69714\/revisions"}],"predecessor-version":[{"id":69720,"href":"https:\/\/www.ecoitaliano.com.ar\/index.php?rest_route=\/wp\/v2\/posts\/69714\/revisions\/69720"}],"wp:attachment":[{"href":"https:\/\/www.ecoitaliano.com.ar\/index.php?rest_route=%2Fwp%2Fv2%2Fmedia&parent=69714"}],"wp:term":[{"taxonomy":"category","embeddable":true,"href":"https:\/\/www.ecoitaliano.com.ar\/index.php?rest_route=%2Fwp%2Fv2%2Fcategories&post=69714"},{"taxonomy":"post_tag","embeddable":true,"href":"https:\/\/www.ecoitaliano.com.ar\/index.php?rest_route=%2Fwp%2Fv2%2Ftags&post=69714"}],"curies":[{"name":"wp","href":"https:\/\/api.w.org\/{rel}","templated":true}]}}