{"id":70101,"date":"2025-03-25T15:10:25","date_gmt":"2025-03-25T15:10:25","guid":{"rendered":"https:\/\/www.ecoitaliano.com.ar\/?p=70101"},"modified":"2025-03-25T15:10:25","modified_gmt":"2025-03-25T15:10:25","slug":"turismo-delle-radici-il-viaggio-del-comico-joe-avati-ho-scoperto-la-mia-calabresita-con-italea","status":"publish","type":"post","link":"https:\/\/www.ecoitaliano.com.ar\/?p=70101","title":{"rendered":"TURISMO DELLE RADICI, IL VIAGGIO DEL COMICO JOE AVATI: HO SCOPERTO LA MIA \u201cCALABRESITA\u2019\u201d CON ITALEA"},"content":{"rendered":"\n<figure class=\"wp-block-gallery has-nested-images columns-default is-cropped wp-block-gallery-1 is-layout-flex wp-block-gallery-is-layout-flex\">\n<figure class=\"wp-block-image size-large\"><a href=\"https:\/\/www.ecoitaliano.com.ar\/wp-content\/uploads\/2025\/03\/IMG_4275-1.jpeg\"><img decoding=\"async\" width=\"656\" height=\"983\" data-id=\"70102\" src=\"https:\/\/www.ecoitaliano.com.ar\/wp-content\/uploads\/2025\/03\/IMG_4275-1.jpeg\" alt=\"\" class=\"wp-image-70102\" srcset=\"https:\/\/www.ecoitaliano.com.ar\/wp-content\/uploads\/2025\/03\/IMG_4275-1.jpeg 656w, https:\/\/www.ecoitaliano.com.ar\/wp-content\/uploads\/2025\/03\/IMG_4275-1-200x300.jpeg 200w, https:\/\/www.ecoitaliano.com.ar\/wp-content\/uploads\/2025\/03\/IMG_4275-1-100x150.jpeg 100w\" sizes=\"(max-width: 656px) 100vw, 656px\" \/><\/a><\/figure>\n\n\n\n<figure class=\"wp-block-image size-large\"><a href=\"https:\/\/www.ecoitaliano.com.ar\/wp-content\/uploads\/2025\/03\/IMGM2054-1_@mauro_images-1-scaled.jpg\"><img decoding=\"async\" width=\"1024\" height=\"683\" data-id=\"70103\" src=\"https:\/\/www.ecoitaliano.com.ar\/wp-content\/uploads\/2025\/03\/IMGM2054-1_@mauro_images-1-1024x683.jpg\" alt=\"\" class=\"wp-image-70103\" srcset=\"https:\/\/www.ecoitaliano.com.ar\/wp-content\/uploads\/2025\/03\/IMGM2054-1_@mauro_images-1-1024x683.jpg 1024w, https:\/\/www.ecoitaliano.com.ar\/wp-content\/uploads\/2025\/03\/IMGM2054-1_@mauro_images-1-300x200.jpg 300w, https:\/\/www.ecoitaliano.com.ar\/wp-content\/uploads\/2025\/03\/IMGM2054-1_@mauro_images-1-768x512.jpg 768w, https:\/\/www.ecoitaliano.com.ar\/wp-content\/uploads\/2025\/03\/IMGM2054-1_@mauro_images-1-1536x1024.jpg 1536w, https:\/\/www.ecoitaliano.com.ar\/wp-content\/uploads\/2025\/03\/IMGM2054-1_@mauro_images-1-2048x1365.jpg 2048w, https:\/\/www.ecoitaliano.com.ar\/wp-content\/uploads\/2025\/03\/IMGM2054-1_@mauro_images-1-150x100.jpg 150w\" sizes=\"(max-width: 1024px) 100vw, 1024px\" \/><\/a><\/figure>\n\n\n\n<figure class=\"wp-block-image size-large\"><a href=\"https:\/\/www.ecoitaliano.com.ar\/wp-content\/uploads\/2025\/03\/joe-avati-1.jpg\"><img decoding=\"async\" width=\"683\" height=\"1024\" data-id=\"70104\" src=\"https:\/\/www.ecoitaliano.com.ar\/wp-content\/uploads\/2025\/03\/joe-avati-1-683x1024.jpg\" alt=\"\" class=\"wp-image-70104\" srcset=\"https:\/\/www.ecoitaliano.com.ar\/wp-content\/uploads\/2025\/03\/joe-avati-1-683x1024.jpg 683w, https:\/\/www.ecoitaliano.com.ar\/wp-content\/uploads\/2025\/03\/joe-avati-1-200x300.jpg 200w, https:\/\/www.ecoitaliano.com.ar\/wp-content\/uploads\/2025\/03\/joe-avati-1-768x1151.jpg 768w, https:\/\/www.ecoitaliano.com.ar\/wp-content\/uploads\/2025\/03\/joe-avati-1-1025x1536.jpg 1025w, https:\/\/www.ecoitaliano.com.ar\/wp-content\/uploads\/2025\/03\/joe-avati-1-100x150.jpg 100w, https:\/\/www.ecoitaliano.com.ar\/wp-content\/uploads\/2025\/03\/joe-avati-1.jpg 1334w\" sizes=\"(max-width: 683px) 100vw, 683px\" \/><\/a><\/figure>\n\n\n\n<figure class=\"wp-block-image size-large\"><a href=\"https:\/\/www.ecoitaliano.com.ar\/wp-content\/uploads\/2025\/03\/joe-avati-2.jpg\"><img decoding=\"async\" width=\"683\" height=\"1024\" data-id=\"70105\" src=\"https:\/\/www.ecoitaliano.com.ar\/wp-content\/uploads\/2025\/03\/joe-avati-2-683x1024.jpg\" alt=\"\" class=\"wp-image-70105\" srcset=\"https:\/\/www.ecoitaliano.com.ar\/wp-content\/uploads\/2025\/03\/joe-avati-2-683x1024.jpg 683w, https:\/\/www.ecoitaliano.com.ar\/wp-content\/uploads\/2025\/03\/joe-avati-2-200x300.jpg 200w, https:\/\/www.ecoitaliano.com.ar\/wp-content\/uploads\/2025\/03\/joe-avati-2-768x1152.jpg 768w, https:\/\/www.ecoitaliano.com.ar\/wp-content\/uploads\/2025\/03\/joe-avati-2-100x150.jpg 100w, https:\/\/www.ecoitaliano.com.ar\/wp-content\/uploads\/2025\/03\/joe-avati-2.jpg 1000w\" sizes=\"(max-width: 683px) 100vw, 683px\" \/><\/a><\/figure>\n\n\n\n<figure class=\"wp-block-image size-large\"><a href=\"https:\/\/www.ecoitaliano.com.ar\/wp-content\/uploads\/2025\/03\/joe-avati-3.jpg\"><img decoding=\"async\" width=\"683\" height=\"1024\" data-id=\"70106\" src=\"https:\/\/www.ecoitaliano.com.ar\/wp-content\/uploads\/2025\/03\/joe-avati-3-683x1024.jpg\" alt=\"\" class=\"wp-image-70106\" srcset=\"https:\/\/www.ecoitaliano.com.ar\/wp-content\/uploads\/2025\/03\/joe-avati-3-683x1024.jpg 683w, https:\/\/www.ecoitaliano.com.ar\/wp-content\/uploads\/2025\/03\/joe-avati-3-200x300.jpg 200w, https:\/\/www.ecoitaliano.com.ar\/wp-content\/uploads\/2025\/03\/joe-avati-3-768x1152.jpg 768w, https:\/\/www.ecoitaliano.com.ar\/wp-content\/uploads\/2025\/03\/joe-avati-3-100x150.jpg 100w, https:\/\/www.ecoitaliano.com.ar\/wp-content\/uploads\/2025\/03\/joe-avati-3.jpg 962w\" sizes=\"(max-width: 683px) 100vw, 683px\" \/><\/a><\/figure>\n\n\n\n<figure class=\"wp-block-image size-large\"><a href=\"https:\/\/www.ecoitaliano.com.ar\/wp-content\/uploads\/2025\/03\/joe-avati-4.jpg\"><img decoding=\"async\" width=\"683\" height=\"1024\" data-id=\"70107\" src=\"https:\/\/www.ecoitaliano.com.ar\/wp-content\/uploads\/2025\/03\/joe-avati-4-683x1024.jpg\" alt=\"\" class=\"wp-image-70107\" srcset=\"https:\/\/www.ecoitaliano.com.ar\/wp-content\/uploads\/2025\/03\/joe-avati-4-683x1024.jpg 683w, https:\/\/www.ecoitaliano.com.ar\/wp-content\/uploads\/2025\/03\/joe-avati-4-200x300.jpg 200w, https:\/\/www.ecoitaliano.com.ar\/wp-content\/uploads\/2025\/03\/joe-avati-4-768x1152.jpg 768w, https:\/\/www.ecoitaliano.com.ar\/wp-content\/uploads\/2025\/03\/joe-avati-4-100x150.jpg 100w, https:\/\/www.ecoitaliano.com.ar\/wp-content\/uploads\/2025\/03\/joe-avati-4.jpg 1000w\" sizes=\"(max-width: 683px) 100vw, 683px\" \/><\/a><\/figure>\n<\/figure>\n\n\n\n<p>COMUNICATO STAMPA<\/p>\n\n\n\n<p><strong>TURISMO DELLE RADICI, IL VIAGGIO DEL COMICO JOE AVATI:<\/strong><\/p>\n\n\n\n<p><strong>HO SCOPERTO LA MIA \u201cCALABRESITA\u2019\u201d CON ITALEA<\/strong><\/p>\n\n\n\n<p><em>Italea \u00e8 il programma lanciato dal Ministero degli Affari Esteri e della Cooperazione Internazionale all\u2019interno del progetto PNRR e finanziato da NextGenerationEU<\/em><\/p>\n\n\n\n<p>Roma, 25 marzo 2025 \u2013 \u201cHo scoperto le mie radici. \u00c8 stata una settimana favolosa, non mi aspettavo di emozionarmi cos\u00ec tanto, soprattutto nella giornata trascorsa nei comuni di nascita di mio padre e mia madre. Ora ho nuovi amici, oltre che l\u2019albero genealogico completo della mia famiglia. Sono entrato in contatto con una comunit\u00e0 calorosa e accogliente. I calabresi sono super ospitali e la Calabria \u00e8 unica per le sue bellezze! In pi\u00f9, non sapevo che in tanti mi conoscessero: \u00e8 stato per me stupore e gioia\u201d.&nbsp; A parlare \u00e8 Joe Avati, una delle figure pi\u00f9 amate del panorama comico italo-australiano. Avati ha origini calabresi e la settimana scorsa ha intrapreso il suo viaggio delle radici grazie a Italea, il programma lanciato dal Ministero degli Affari Esteri e della Cooperazione Internazionale all\u2019interno del progetto PNRR e finanziato da NextGenerationEU che invita gli italiani all\u2019estero e italo-discendenti a venire in Italia per scoprire i luoghi e le tradizioni delle proprie origini, fornendo un insieme di servizi per agevolare il viaggio in Italia. \u201cMi sono sentito a casa. Consiglio a tutti gli italiani nel mondo di fare un viaggio delle radici\u201d ha aggiunto il comico e attore &#8211; popolare soprattutto tra gli italiani e discendenti di italiani in Australia, Canada, Regno Unito e Stati Uniti &#8211; che nei suoi spettacoli mette insieme dialetto calabrese e inglese.<\/p>\n\n\n\n<p><strong>IL VIAGGIO<\/strong> Joe Avati \u00e8 arrivato a Reggio Calabria il 18 marzo. Il suo viaggio delle radici \u00e8 iniziato subito dopo aver ricevuto il benvenuto da parte del presidente Roberto Occhiuto che lo ha accolto in Regione. Dall\u2019esperienza con i \u201cmaestri pignatari\u201d a Seminara alle bellezze di Tropea, dalla visita al Museo Nazionale della Magna Grecia a Reggio Calabria a quella all\u2019Accademia di Cucina Mediterranea di Spilinga, dalla giornata a Cimin\u00e0 con i laboratori del pane e del formaggio passando per la gita in barca a Scilla e alla cena in un antico frantoio di Antonimina: tante le tappe del viaggio di Avati &#8211; organizzate da Italea Calabria &#8211; che oltre a ritrovare le tracce della sua famiglia ha avuto l\u2019opportunit\u00e0 di esplorare borghi storici, scoprire antiche tradizioni, artigianato e musica popolare. Avati ha potuto anche apprezzare tanti prodotti tipici calabresi, dall\u2019olio al caciocavallo passando per il Tartufo di Pizzo Calabro. Una delle giornate pi\u00f9 emozionanti \u00e8 stata quella di venerd\u00ec 21 marzo, quando ha visitato i comuni di origine dei suoi genitori, Melicucc\u00e0 e Rizziconi, in provincia di Reggio Calabria. Avati ha potuto riabbracciare parenti, consultare documenti e incontrare genealogisti. A Rizziconi, ha riscoperto le sue radici attraverso i racconti familiari e della comunit\u00e0 locale e ha ricevuto una targa commemorativa dalle istituzioni del paese. Immerso negli uliveti dell\u2019antico borgo di Cannav\u00e0, ha ritrovato tradizioni, musica e storie di chi \u00e8 partito da l\u00ec. A Melicucc\u00e0, dove ha reso omaggio ai suoi antenati al cimitero comunale, il suo viaggio nella storia familiare \u00e8 proseguito con la scoperta delle origini di artisti e poeti che come lui hanno reso celebre il paese nel mondo. Accompagnato dalla gente del luogo, ha esplorato il parco archeologico di S. Elia Speleota e le strade del centro storico, riscoprendo usanze e tradizioni che hanno segnato la vita dei suoi antenati.<\/p>\n\n\n\n<p><strong>DE VITA (MAECI)<\/strong> \u201cLa comicit\u00e0 di Joe Avati ha unito spesso gli italiani all\u2019estero. Ridere insieme crea legami, trasforma le differenze e offre un senso di appartenenza. Uno spirito che accompagna anche il progetto Italea\u201d spiega Giovanni Maria De Vita, Consigliere d\u2019Ambasciata e responsabile del Progetto Turismo delle Radici presso il Ministero degli Affari Esteri e della Cooperazione Internazionale, che aggiunge: \u201csperiamo che la sua visita rappresenti un incentivo per tutti coloro che hanno legami calabresi nel mondo, spingendoli a esplorare i luoghi dei loro antenati e ad immergersi nelle tradizioni locali. I discendenti calabresi nel mondo superano i 10 milioni. Ci auguriamo, inoltre, che l\u2019esperienza di Joe metta in luce l\u2019eccezionale ospitalit\u00e0 riservata a chi torna nei piccoli paesi d\u2019origine. Italea si impegna a promuovere il turismo delle radici, un turismo che incoraggia la scoperta e la valorizzazione dei piccoli borghi dove si conservano la bellezza, la tradizione, l\u2019eccellenza gastronomica: l\u2019autenticit\u00e0 dell\u2019Italia\u201d.<\/p>\n\n\n\n<p>Per informazioni: comunicazione@italea.com<\/p>\n","protected":false},"excerpt":{"rendered":"<p>COMUNICATO STAMPA TURISMO DELLE RADICI, IL VIAGGIO DEL COMICO JOE AVATI: HO SCOPERTO LA MIA \u201cCALABRESITA\u2019\u201d CON ITALEA Italea \u00e8 [&hellip;]<\/p>\n","protected":false},"author":1,"featured_media":0,"comment_status":"open","ping_status":"open","sticky":false,"template":"","format":"standard","meta":{"footnotes":""},"categories":[10,15],"tags":[],"class_list":["post-70101","post","type-post","status-publish","format-standard","hentry","category-italiano","category-italiani-allestero"],"_links":{"self":[{"href":"https:\/\/www.ecoitaliano.com.ar\/index.php?rest_route=\/wp\/v2\/posts\/70101","targetHints":{"allow":["GET"]}}],"collection":[{"href":"https:\/\/www.ecoitaliano.com.ar\/index.php?rest_route=\/wp\/v2\/posts"}],"about":[{"href":"https:\/\/www.ecoitaliano.com.ar\/index.php?rest_route=\/wp\/v2\/types\/post"}],"author":[{"embeddable":true,"href":"https:\/\/www.ecoitaliano.com.ar\/index.php?rest_route=\/wp\/v2\/users\/1"}],"replies":[{"embeddable":true,"href":"https:\/\/www.ecoitaliano.com.ar\/index.php?rest_route=%2Fwp%2Fv2%2Fcomments&post=70101"}],"version-history":[{"count":1,"href":"https:\/\/www.ecoitaliano.com.ar\/index.php?rest_route=\/wp\/v2\/posts\/70101\/revisions"}],"predecessor-version":[{"id":70108,"href":"https:\/\/www.ecoitaliano.com.ar\/index.php?rest_route=\/wp\/v2\/posts\/70101\/revisions\/70108"}],"wp:attachment":[{"href":"https:\/\/www.ecoitaliano.com.ar\/index.php?rest_route=%2Fwp%2Fv2%2Fmedia&parent=70101"}],"wp:term":[{"taxonomy":"category","embeddable":true,"href":"https:\/\/www.ecoitaliano.com.ar\/index.php?rest_route=%2Fwp%2Fv2%2Fcategories&post=70101"},{"taxonomy":"post_tag","embeddable":true,"href":"https:\/\/www.ecoitaliano.com.ar\/index.php?rest_route=%2Fwp%2Fv2%2Ftags&post=70101"}],"curies":[{"name":"wp","href":"https:\/\/api.w.org\/{rel}","templated":true}]}}