{"id":70179,"date":"2025-03-26T00:35:02","date_gmt":"2025-03-26T00:35:02","guid":{"rendered":"https:\/\/www.ecoitaliano.com.ar\/?p=70179"},"modified":"2025-03-26T00:35:02","modified_gmt":"2025-03-26T00:35:02","slug":"serena-conduce-operaclassica-eco-italiano-4183","status":"publish","type":"post","link":"https:\/\/www.ecoitaliano.com.ar\/?p=70179","title":{"rendered":"Serena conduce operaclassica eco italiano"},"content":{"rendered":"<div class=\"wp-block-image\">\n<figure class=\"aligncenter size-full is-resized\"><a href=\"https:\/\/www.ecoitaliano.com.ar\/wp-content\/uploads\/2025\/03\/image-39.png\"><img decoding=\"async\" width=\"130\" height=\"78\" src=\"https:\/\/www.ecoitaliano.com.ar\/wp-content\/uploads\/2025\/03\/image-39.png\" alt=\"\" class=\"wp-image-70180\" style=\"width:178px;height:auto\"\/><\/a><\/figure><\/div>\n\n\n<p>Comunicato stampa<\/p>\n\n\n\n<p><strong>TCBO: RICCARDO FRIZZA SUL PODIO PER LA \u201cQUINTA\u201d DI MAHLER E I \u201cSEI LIEDER GIOVANILI\u201d DI SCH\u00d6NBERG TRASCRITTI DA SOLBIATI<\/strong><\/p>\n\n\n\n<p><strong>Solista il mezzosoprano Monica Bacelli<\/strong><\/p>\n\n\n\n<p><em>Venerd\u00ec 28 marzo alle 20.30 all\u2019Auditorium Manzoni<\/em><\/p>\n\n\n\n<p>Architettura possente quella della Sinfonia n. 5 in do diesis minore di Gustav Mahler, pagina tra le pi\u00f9 impegnative del repertorio sinfonico, che segna il ritorno di&nbsp;<strong>Riccardo Frizza<\/strong>&nbsp;sul podio dell\u2019<strong>Orchestra del Teatro Comunale di Bologna&nbsp;<\/strong>dopo l\u2019inaugurazione di stagione con&nbsp;<em>La fanciulla del West&nbsp;<\/em>di Puccini lo scorso gennaio. Nel concerto in programma all\u2019<strong>Auditorium Manzoni venerd\u00ec 28 marzo alle 20.30<\/strong>, il Direttore artistico e musicale del Donizetti Opera Festival accosta a questo lavoro i&nbsp;<em>Sei Lieder giovanili<\/em>&nbsp;di&nbsp;un altro compositore austriaco, Arnold Sch\u00f6nberg, nella trascrizione di Alessandro Solbiati e con solista il mezzosoprano&nbsp;<strong>Monica Bacelli<\/strong>.<\/p>\n\n\n\n<p>Scritta da Mahler tra il 1901 e il 1902, dopo aver superato un grave problema di salute,&nbsp;e sottoposta a continue revisioni fino agli ultimi mesi della sua vita, la \u201cQuinta\u201d fu eseguita per la prima volta a Colonia nel 1904sotto la direzione dello stesso autore. Suddivisa in tre blocchi di cinque movimenti complessivi, legati grazie a richiami tematici, quest\u2019opera segn\u00f2 una svolta nel linguaggio poetico mahleriano. Ad amplificare la notoriet\u00e0 della sinfonia ha contribuito anche il grande schermo, a partire dall\u2019impiego che Luchino Visconti fece dell\u2019<em>Adagietto<\/em>&nbsp;in \u201cMorte a Venezia\u201d e fino al recente film \u201cT\u00e1r\u201d, con protagonista Cate Blanchett nei panni di una direttrice d\u2019orchestra ossessionata proprio da questa partitura.<\/p>\n\n\n\n<p>Vengono proposti nella trascrizione per voce femminile e orchestra realizzata nel 2012 da Alessandro Solbiati \u2013&nbsp;gi\u00e0 presentata a Bologna nel 2013 per il progetto \u201cThe Schoenberg Experience\u201d con&nbsp;solista Natascha Petrinsky e direttore Philipp von Steinaecker \u2013&nbsp;i&nbsp;<em>Sei Lieder giovanili,&nbsp;<\/em>selezionati tra i trentadue Lieder&nbsp;senza numero d\u2019opera originariamente scritti per voce e pianoforte da Sch\u00f6nberg tra il 1893 e il 1899. Solista \u00e8 il mezzosoprano Monica Bacelli, vincitrice del \u201cPremio Abbiati\u201d, riconosciuta interprete del teatro musicale contemporaneo, che ha collaborato anche con Luciano Berio e con compagini di primo piano come i Berliner Philharmoniker e la Filarmonica della Scala.<\/p>\n\n\n\n<p>Dopo questo appuntamento, Riccardo Frizza sar\u00e0 nuovamente ospite del TCBO per&nbsp;<em>Un ballo in maschera<\/em>&nbsp;di Verdi, in scena al Nouveau dal 13 al 19 aprile con la regia di Daniele Menghini.<\/p>\n\n\n\n<p><strong>Main&nbsp;Partner della Stagione Sinfonica 2025 del Teatro Comunale di Bologna \u00e8 Intesa Sanpaolo<\/strong>, grazie al cui sostegno sono inoltre aperte gratuitamente alle scuole gran parte delle prove generali dei concerti.<\/p>\n\n\n\n<p>I\u202fbiglietti\u202f\u2013\u202fda 10 a 40 euro\u202f\u2013\u202fsono&nbsp;in vendita online tramite&nbsp;<a target=\"_blank\" href=\"https:\/\/tcbo.vivaticket.it\/it\/event\/8-sinfonica-2025-frizza\/251904?_gl=1%2A10upsa2%2A_ga%2AMTYxNzU2MDMyMy4xNzMyNjE1NDMw%2A_ga_31YPVLC8YJ%2AMTc0MjkwMzE2My42OC4xLjE3NDI5MDMxNjcuNTYuMC4w&amp;qubsq=4bfc1d65-dd88-4a25-a667-82eef5b19351&amp;qubsp=9c79a7c9-9599-4f22-897c-7e996d9d86f9&amp;qubsts=1742903867&amp;qubsc=bestunion&amp;qubse=vivaticketserver&amp;qubsrt=Safetynet&amp;qubsh=d4d404fa83e63f45778edd9258474da8\" rel=\"noreferrer noopener\">Vivaticket&nbsp;<\/a>e presso la biglietteria del Teatro Comunale (Largo Respighi),\u202fdal marted\u00ec&nbsp;al&nbsp;venerd\u00ec\u202fdalle 12 alle 18 e il\u202fsabato dalle 11 alle 15; il giorno del concerto presso l\u2019Auditorium Manzoni da 1 ora prima fino a 15 minuti dopo l\u2019inizio dello spettacolo.&nbsp;<\/p>\n\n\n\n<p>Per ogni concerto della Stagione Sinfonica 2025&nbsp;prosegue&nbsp;\u201cNote a margine\u201d, una rassegna di&nbsp;incontri\u202fcon il pubblico che si tengono\u202fcirca 30 minuti prima&nbsp;dell\u2019inizio del concerto\u202fpresso il foyer del bar&nbsp;dell\u2019Auditorium Manzoni.&nbsp;<\/p>\n\n\n\n<p>Info:&nbsp;<a href=\"https:\/\/www.tcbo.it\/eventi\/stagione-sinfonica-2025-riccardo-frizza-direttore\/\" target=\"_blank\" rel=\"noreferrer noopener\">https:\/\/www.tcbo.it\/eventi\/stagione-sinfonica-2025-riccardo-frizza-direttore\/<\/a><\/p>\n\n\n\n<p>25.03.2025<\/p>\n\n\n\n<p><\/p>\n\n\n\n<p><\/p>\n\n\n\n<p><strong>Skill&amp;Music<\/strong><\/p>\n\n\n\n<p>Irene Sala \u2013 referente ufficio stampa<\/p>\n\n\n\n<p>Alice Castelnuovo \u2013 assistente ufficio stampa<\/p>\n\n\n\n<p>Fondazione Teatro Comunale di Bologna&nbsp;<\/p>\n\n\n\n<p>Largo Respighi, 1 &#8211; 40126 Bologna&nbsp;<\/p>\n\n\n\n<p>T. +39 051 529947&nbsp;<\/p>\n\n\n\n<p>e-mail:&nbsp;<strong><u><a href=\"mailto:ufficiostampa@comunalebologna.it\" target=\"_blank\" rel=\"noreferrer noopener\">ufficiostampa@comunalebologna.it<\/a><\/u><\/strong>&nbsp;<\/p>\n\n\n\n<p><strong><u><a target=\"_blank\" href=\"http:\/\/www.tcbo.it\/\" rel=\"noreferrer noopener\">www.tcbo.it<\/a><\/u><\/strong><\/p>\n\n\n\n<p><strong>STAGIONE SINFONICA 2025 DEL TEATRO COMUNALE DI BOLOGNA<\/strong><\/p>\n\n\n\n<p><strong>Venerd\u00ec 28 marzo ore 20.30, Auditorium Manzoni<\/strong><\/p>\n\n\n\n<p><strong>Riccardo Frizza&nbsp;<\/strong><em>direttore<\/em><\/p>\n\n\n\n<p><strong>Monica Bacelli&nbsp;<\/strong><em>mezzosoprano<\/em><\/p>\n\n\n\n<p>Orchestra del Teatro Comunale di Bologna<\/p>\n\n\n\n<p><strong>PROGRAMMA<\/strong><\/p>\n\n\n\n<p><strong>Arnold Sch\u00f6nberg<\/strong><\/p>\n\n\n\n<p><em>Sei Lieder giovanili<\/em><\/p>\n\n\n\n<p>(trascrizione di Alessandro Solbiati)<\/p>\n\n\n\n<p><strong>Gustav Mahler<\/strong><\/p>\n\n\n\n<p>Sinfonia n. 5 in Do diesis minore<\/p>\n\n\n\n<p>Parte I:<\/p>\n\n\n\n<p>Trauermarsch. In gemessenem Schritt. Streng. Wie ein Kondukt (Marcia funebre, Con andatura misurata, Severamente, Come un corteo funebre)<\/p>\n\n\n\n<p>St\u00fcrmisch bewegt. Mit gr\u00f6\u00dfter Vehemenz (Tempestosamente mosso, Con la massima veemenza)<\/p>\n\n\n\n<p>Parte II:<\/p>\n\n\n\n<p>Scherzo. Kr\u00e4ftig, nicht zu schnell (Scherzo, Vigoroso, non troppo presto)<\/p>\n\n\n\n<p>Parte III:<\/p>\n\n\n\n<p>Adagietto. Sehr langsam (Adagietto, Molto lento)<\/p>\n\n\n\n<p>Rond\u00f2-Finale. Allegro. Allegro giocoso. Frisch (Rond\u00f2-Finale, Allegro, Allegro giocoso, Brioso)<\/p>\n\n\n\n<p>Main partner \u00e8 Intesa Sanpaolo<\/p>\n\n\n\n<figure class=\"wp-block-table\"><table><tbody><tr><td colspan=\"3\"><strong>Ufficio Stampa Teatro Comunale di Bologna<\/strong><\/td><\/tr><tr><td rowspan=\"2\"><\/td><td rowspan=\"2\"><\/td><td><strong>Fondazione Teatro Comunale di Bologna<\/strong><br>Largo Respighi,1 &#8211; 40126 Bologna<br>Telefono:&nbsp;<a href=\"tel:051529947\" rel=\"noreferrer noopener\" target=\"_blank\">051529947<\/a><br>Fax: 051529995<br><a target=\"_blank\" href=\"http:\/\/www.tcbo.it\/\" rel=\"noreferrer noopener\">www.tcbo.it<\/a>&nbsp;<\/td><\/tr><\/tbody><\/table><\/figure>\n\n\n\n<p><\/p>\n\n\n\n<p><\/p>\n","protected":false},"excerpt":{"rendered":"<p>Comunicato stampa TCBO: RICCARDO FRIZZA SUL PODIO PER LA \u201cQUINTA\u201d DI MAHLER E I \u201cSEI LIEDER GIOVANILI\u201d DI SCH\u00d6NBERG TRASCRITTI [&hellip;]<\/p>\n","protected":false},"author":1,"featured_media":0,"comment_status":"open","ping_status":"open","sticky":false,"template":"","format":"standard","meta":{"footnotes":""},"categories":[1],"tags":[],"class_list":["post-70179","post","type-post","status-publish","format-standard","hentry","category-sin-categoria"],"_links":{"self":[{"href":"https:\/\/www.ecoitaliano.com.ar\/index.php?rest_route=\/wp\/v2\/posts\/70179","targetHints":{"allow":["GET"]}}],"collection":[{"href":"https:\/\/www.ecoitaliano.com.ar\/index.php?rest_route=\/wp\/v2\/posts"}],"about":[{"href":"https:\/\/www.ecoitaliano.com.ar\/index.php?rest_route=\/wp\/v2\/types\/post"}],"author":[{"embeddable":true,"href":"https:\/\/www.ecoitaliano.com.ar\/index.php?rest_route=\/wp\/v2\/users\/1"}],"replies":[{"embeddable":true,"href":"https:\/\/www.ecoitaliano.com.ar\/index.php?rest_route=%2Fwp%2Fv2%2Fcomments&post=70179"}],"version-history":[{"count":1,"href":"https:\/\/www.ecoitaliano.com.ar\/index.php?rest_route=\/wp\/v2\/posts\/70179\/revisions"}],"predecessor-version":[{"id":70181,"href":"https:\/\/www.ecoitaliano.com.ar\/index.php?rest_route=\/wp\/v2\/posts\/70179\/revisions\/70181"}],"wp:attachment":[{"href":"https:\/\/www.ecoitaliano.com.ar\/index.php?rest_route=%2Fwp%2Fv2%2Fmedia&parent=70179"}],"wp:term":[{"taxonomy":"category","embeddable":true,"href":"https:\/\/www.ecoitaliano.com.ar\/index.php?rest_route=%2Fwp%2Fv2%2Fcategories&post=70179"},{"taxonomy":"post_tag","embeddable":true,"href":"https:\/\/www.ecoitaliano.com.ar\/index.php?rest_route=%2Fwp%2Fv2%2Ftags&post=70179"}],"curies":[{"name":"wp","href":"https:\/\/api.w.org\/{rel}","templated":true}]}}