{"id":70182,"date":"2025-03-26T00:40:46","date_gmt":"2025-03-26T00:40:46","guid":{"rendered":"https:\/\/www.ecoitaliano.com.ar\/?p=70182"},"modified":"2025-03-26T00:40:46","modified_gmt":"2025-03-26T00:40:46","slug":"serena-conduce-operaclassica-eco-italiano-4184","status":"publish","type":"post","link":"https:\/\/www.ecoitaliano.com.ar\/?p=70182","title":{"rendered":"Serena conduce operaclassica eco italiano"},"content":{"rendered":"<div class=\"wp-block-image\">\n<figure class=\"aligncenter size-large is-resized\"><a href=\"https:\/\/www.ecoitaliano.com.ar\/wp-content\/uploads\/2025\/03\/image-40.png\"><img decoding=\"async\" width=\"1024\" height=\"331\" src=\"https:\/\/www.ecoitaliano.com.ar\/wp-content\/uploads\/2025\/03\/image-40-1024x331.png\" alt=\"\" class=\"wp-image-70183\" style=\"width:318px;height:auto\" srcset=\"https:\/\/www.ecoitaliano.com.ar\/wp-content\/uploads\/2025\/03\/image-40-1024x331.png 1024w, https:\/\/www.ecoitaliano.com.ar\/wp-content\/uploads\/2025\/03\/image-40-300x97.png 300w, https:\/\/www.ecoitaliano.com.ar\/wp-content\/uploads\/2025\/03\/image-40-768x248.png 768w, https:\/\/www.ecoitaliano.com.ar\/wp-content\/uploads\/2025\/03\/image-40-1536x496.png 1536w, https:\/\/www.ecoitaliano.com.ar\/wp-content\/uploads\/2025\/03\/image-40-150x48.png 150w, https:\/\/www.ecoitaliano.com.ar\/wp-content\/uploads\/2025\/03\/image-40.png 1771w\" sizes=\"(max-width: 1024px) 100vw, 1024px\" \/><\/a><\/figure><\/div>\n\n\n<p>comunicato stampa<br><br><strong>TORNANO AI POMERIGGI MUSICALI PER L\u201980a STAGIONE 2025\/2026 IL CELEBRE DIRETTORE DONATO RENZETTI E IL VIOLINISTA GIUSEPPE GIBBONI<\/strong><br><em>Il giovane vincitore del Premio Paganini sar\u00e0 impegnato nel&nbsp;<\/em>Concerto di \u010cajkovskij<em>, quindi l<\/em>\u2019Idillio di Sigfrido<em>&nbsp;di Wagner e la&nbsp;<\/em>Sinfonia \u201cClassica\u201d&nbsp;<em>di Prokof\u2019ev<\/em><br><br><br><strong>Milano, Teatro Dal Verme<\/strong><br>gioved\u00ec 27 marzo 2025, ore 10 (<em>in anteprima<\/em>) e ore 20<br>sabato 29 marzo 2025, ore 17<\/p>\n\n\n\n<p><br><br>Importanti ritorni nell\u201980a stagione concertistica 2024\/2025 dei Pomeriggi Musicali \u201c80 anni suonati\u201d:\u00a0<strong>gioved\u00ec 27 (ore 10 e ore 20) e sabato 29 marzo (ore 17)<\/strong>\u00a0<strong>al Teatro Dal Verme di Milano\u00a0<\/strong>torna attesissimo\u00a0<strong>sul podio Donato Renzetti<\/strong>\u00a0\u2013 illustre maestro della scuola italiana di direzione \u2013 insieme al giovane\u00a0<strong>violinista Giuseppe Gibboni<\/strong>, che nel 2021, ha conquistato il 56\u00ba Premio Paganini di Genova, primo italiano dopo 24 anni.<br><br>In programma tre pagine celebri del repertorio, scritte nell\u2019arco di cinquant\u2019anni, tra la fine dell\u2019Ottocento e l\u2019inizio del Novecento: il\u00a0<em>Concerto per violino e orchestra in Re maggiore\u00a0<\/em>op. 35 di P\u00ebtr Il\u2019i\u010d \u010cajkovskij (1878), l\u2019<em>Idillio di Sigfrido<\/em>\u00a0di Richard Wagner (1870) e la\u00a0<em>Sinfonia n. 1 in Re maggiore<\/em>\u00a0op. 25\u00a0<em>\u201cClassica\u201d<\/em>\u00a0di Sergej Prokof&#8217;ev (1918).<br><br>Il<em>\u00a0Concerto per violino\u00a0<\/em>di \u010cajkovskij, composto nel 1878, \u2013 tra le pagine pi\u00f9 amate nelle sale da concerto \u2013 si apre con una nota di serenit\u00e0 e freschezza, derivata dalla riacquistata felicit\u00e0 creativa del compositore che, pochi giorni prima dell\u2019inizio della sua stesura, nel marzo 1878, rivela di essere stato colpito dalla\u00a0<em>Symphonie espagnole<\/em>\u00a0di Lalo. Nelle note di sala, Raffaele Mellace ricorda che \u00abquello di \u010cajkovskij \u00e8 il primo concerto per violino d\u2019un compositore russo insediatosi stabilmente in repertorio anticipando la proliferazione novecentesca, di cui dar\u00e0 due splendidi esempi, [\u2026] Sergej Prokof\u2019ev\u00bb. Caratterizzato dalla qualit\u00e0 eccezionalmente melodica e cantabile il brano da ampio spazio al virtuosismo del solista sebbene richieda un\u2019esecuzione \u201ccon molta dolcezza\u201d per rendere piena giustizia alla sua intensa liricit\u00e0 e al dialogo raffinato tra solista e orchestra.<br><em>L\u2019Idillio di Sigfrido<\/em>\u00a0affonda le sue radici in una vicenda personale di Richard Wagner. Il brano, che trae ispirazione dall\u2019amore maturo del compositore per Cosima \u2013 figlia di Liszt, nata il 6 giugno 1869 e sposata con Wagner nel 1870 \u2013 le fu donato dopo un concerto familiare nella villa di Tribschen, organizzato nella mattina di Natale dello stesso anno, 33\u00b0 compleanno della donna. La partitura, inizialmente battezzata \u201cIdyll\u201d e pubblicata nel 1878, si sviluppa in forma sonata e integra temi tratti da un quartetto d\u2019archi abbozzato nel 1864 (poi transitati nell\u2019omonima seconda giornata del\u00a0<em>Ring<\/em>), conferendo alla composizione una dimensione intimamente personale e di profonda espressivit\u00e0.<br>La\u00a0<em>Sinfonia \u201cClassica\u201d\u00a0<\/em>di Sergej Prokof\u2019ev, scritta tra il 1916 e il 1918, fu presentata per la prima volta il 21 aprile 1918 a Pietrogrado. Pur essendo stata concepita in un periodo di grandi sconvolgimenti politici, la composizione non trasuda il dramma della rivoluzione, bens\u00ec si distingue per l\u2019orientamento neoclassico che richiama il sereno orizzonte espressivo di Haydn. Il movimento d\u2019apertura, in forma sonata, si sviluppa in un Allegro frizzante, seguito da un Larghetto elegante e da una Gavotte danzante, per giungere infine a un Finale vivace e travolgente, che sottolinea la capacit\u00e0 del giovane compositore di fondere tradizione e innovazione.<br><br><br><strong>Milano, Teatro Dal Verme<\/strong><br>gioved\u00ec 27 marzo 2025, ore 20<br>sabato 29 marzo 2025, ore 17<br><br><em>violino\u00a0<\/em><strong>Giuseppe Gibboni<\/strong><br><em>direttore<\/em>\u00a0<strong>Donato Renzetti<\/strong><br><strong>Orchestra I Pomeriggi Musicali<\/strong><br><br><strong>P\u00ebtr Il\u2019i\u010d \u010cajkovskij<\/strong><br>(Votkinsk 1840 \u2013 San Pietroburgo 1893)<br>Concerto per violino e orchestra in Re maggiore op. 35<br><br><strong>Richard Wagner<\/strong><br>(Lipsia 1813 \u2013 Venezia 1883)<br>Idillio di Sigfrido<br><br><strong>Sergej Prokof&#8217;ev<\/strong><br>(Soncivka 1891 \u2013 Mosca 1953)<br>Sinfonia n. 1 in Re maggiore op. 25 \u201cClassica\u201d<br><br><br><strong>Donato Renzetti<\/strong>\u00a0<em>direttore<\/em><br>Tra i pi\u00f9 celebri direttori d\u2019orchestra della scuola italiana, dal 2021 \u00e8 Direttore Emerito del Teatro Carlo Felice di Genova. Nel 1980 ha vinto il Concorso \u201cGuido Cantelli\u201d e da allora ha diretto alcune tra le pi\u00f9 importanti orchestre internazionali, nei pi\u00f9 famosi teatri del mondo, oltre che in tutti i maggiori teatri italiani. \u00c8 stato ospite di festival quali Glyndebourne, Macerata, Spoleto, Pesaro, Parma. Dedito al repertorio del Novecento storico, nel\u00a0 2019 ha debuttato con la Filarmonica di Helsinki presentando per la prima volta in Finlandia la Seconda Sinfonia di Casella riproposta nel 2023 a Bucarest. La sua discografia comprende numerose registrazioni di opere e pagine sinfoniche; tra le pi\u00f9 recenti l\u2019integrale delle Ouverture di Rossini per Decca (2018), due opere rare di Respighi (La bella dormiente e La campana sommersa per Naxos) con i complessi del Teatro Lirico di Cagliari e la prima edizione audiovisiva dell\u2019opera di Bellini Bianca e Fernando (Carlo Felice di Genova, Dynamic 2022). \u00c8 stato Direttore Principale dell\u2019Orchestra Internazionale d\u2019Italia, Direttore Principale dell\u2019Orchestra Regionale Toscana, Direttore Principale Ospite del Teatro Nacional de S\u00e3o Carlos a Lisbona e Direttore Artistico e Principale dell\u2019Orchestra Filarmonica Marchigiana, oltre che Direttore Musicale del Macerata Opera Festival. Dal 2015 \u00e8 anche Direttore Musicale della Filarmonica Gioachino Rossini. Per 30 anni ha insegnato direzione d\u2019orchestra presso l\u2019Accademia Musicale Pescarese. Dal 2019 ha iniziato un nuovo progetto didattico dedicato alla direzione d\u2019orchestra presso l\u2019Alta Scuola di Perfezionamento di Saluzzo.<br><br><strong>Giuseppe Gibboni\u00a0<\/strong><em>violino<\/em><br>Nato nel 2001, inizia gli studi a 3 anni con il padre ed \u00e8 ammesso per meriti straordinari al conservatorio Martucci di Salerno a 6 anni, diplomandosi a 15 con lode e menzione d\u2019Onore. Ha quindi frequentato l\u2019Accademia Stauffer di Cremona perfezionandosi con Salvatore Accardo, l\u2019Accademia Perosi di Biella con Pavel Berman e ha ottenuto il Diploma d\u2019Onore dell\u2019Accademia Chigiana; ha completato gli studi con Pierre Amoyal al Mozarteum di Salisburgo. Vincitore di numerosi concorsi, da studente nel 2016 aveva vinto il concorso \u201cProdigi \u2013 La musica \u00e8 vita\u201d trasmesso da RAI 1. Nel 2021 ha conquistato il 56\u00ba Premio Paganini di Genova (primo italiano dopo 24 anni), ottenendo anche il premio speciale per la miglior esecuzione del concerto di Paganini, il premio speciale per il maggior riconoscimento da parte del pubblico e il premio speciale per la miglior interpretazione dei\u00a0<em>Capricci<\/em>\u00a0di Paganini. Ospite delle principali istituzioni musicali, ha debuttato il Concerto di \u010cajkovskij con l\u2019Orchestra dell\u2019Accademia Nazionale di Santa Cecilia diretta da Lorenzo Viotti. Inoltre ha suonato con la chitarrista Carlotta Dalia su invito del Presidente della Repubblica Sergio Mattarella nel Palazzo del Quirinale a Roma. Recentemente ha debuttato con l\u2019Orchestra del Maggio Musicale Fiorentino diretta da Mehta a Firenze, negli Stati Uniti con la Detroit Symphony Orchestra diretta da Bignamini e con l\u2019Orchestra del Teatro San Carlo di Napoli diretta da Ettinger. Dal 2024 Giuseppe Gibboni suona un violino Luiz Amorim 2024 \u2013 copy of Guarneri del Ges\u00f9 Stauffer 1734.<br><br>&#8212;&#8212;<br><br>I concerti della 80a Stagione sono programmati come sempre al Teatro Dal Verme il gioved\u00ec alle ore 10 e alle ore 20; il sabato alle ore 17.<br><br><strong>80a stagione 2024\/2025<\/strong><em>.<\/em><br>I biglietti per i singoli concerti hanno un costo da 11 a 20 euro (intero) e da 9 a 16 euro (ridotto).<br><em>La riduzione \u00e8 valida per gli under 30, per gli over 60, gruppi, associazioni ed enti convenzionati.<\/em><br><br><br>Biglietteria TicketOne &#8211; Teatro Dal Verme<br>via San Giovanni sul Muro, 2 &#8211; 20121, Milano<br>Tel. +39 02 87 905 \u2013\u00a0<a href=\"https:\/\/florianatessitore.us12.list-manage.com\/track\/click?u=9aecf99759cc1d6c0a0ef9c1d&amp;id=c0c46e02b7&amp;e=cceb3c1a2f\" target=\"_blank\" rel=\"noreferrer noopener\">www.ipomeriggi.it<\/a><br><br>La biglietteria del Teatro Dal Verme \u00e8 aperta da marted\u00ec a sabato ore 10-18<br><a href=\"mailto:biglietteria@ipomeriggi.it\" target=\"_blank\" rel=\"noreferrer noopener\">biglietteria@ipomeriggi.it<\/a>\u00a0\/ Te. +39 02 87905 201<br><br><strong>Acquista online\u00a0<\/strong><a href=\"https:\/\/florianatessitore.us12.list-manage.com\/track\/click?u=9aecf99759cc1d6c0a0ef9c1d&amp;id=dfd3fb96f4&amp;e=cceb3c1a2f\" target=\"_blank\" rel=\"noreferrer noopener\">www.ipomeriggi.it\/acquista<\/a>\u00a0\/ \u00a0<a href=\"https:\/\/florianatessitore.us12.list-manage.com\/track\/click?u=9aecf99759cc1d6c0a0ef9c1d&amp;id=6b5abc0ada&amp;e=cceb3c1a2f\" target=\"_blank\" rel=\"noreferrer noopener\">www.ticketone.it<\/a><\/p>\n\n\n\n<p><strong><em>Ufficio stampa<\/em><\/strong><br>Floriana Tessitore +39 3387339981<br><a href=\"mailto:stampa@ipomeriggi.it\" target=\"_blank\" rel=\"noreferrer noopener\">stampa@ipomeriggi.it<\/a><br>Fondazione I Pomeriggi Musicali<br><a href=\"http:\/\/www.ipomeriggi.it\/\" target=\"_blank\" rel=\"noreferrer noopener\">www.ipomeriggi.it<\/a><br>&nbsp;<\/p>\n\n\n\n<p>Milano, 24 marzo 2025&nbsp;(f.t.)<\/p>\n\n\n\n<p>foto<\/p>\n\n\n\n<figure class=\"wp-block-gallery has-nested-images columns-default is-cropped wp-block-gallery-1 is-layout-flex wp-block-gallery-is-layout-flex\">\n<figure class=\"wp-block-image\"><img decoding=\"async\" width=\"2560\" height=\"1288\" data-id=\"70184\" src=\"http:\/\/www.ecoitaliano.com.ar\/wp-content\/uploads\/2025\/03\/Donato-Renzetti-scaled.jpeg\" alt=\"\" class=\"wp-image-70184\" srcset=\"https:\/\/www.ecoitaliano.com.ar\/wp-content\/uploads\/2025\/03\/Donato-Renzetti-scaled.jpeg 2560w, https:\/\/www.ecoitaliano.com.ar\/wp-content\/uploads\/2025\/03\/Donato-Renzetti-300x151.jpeg 300w, https:\/\/www.ecoitaliano.com.ar\/wp-content\/uploads\/2025\/03\/Donato-Renzetti-1024x515.jpeg 1024w, https:\/\/www.ecoitaliano.com.ar\/wp-content\/uploads\/2025\/03\/Donato-Renzetti-768x386.jpeg 768w, https:\/\/www.ecoitaliano.com.ar\/wp-content\/uploads\/2025\/03\/Donato-Renzetti-1536x773.jpeg 1536w, https:\/\/www.ecoitaliano.com.ar\/wp-content\/uploads\/2025\/03\/Donato-Renzetti-2048x1030.jpeg 2048w, https:\/\/www.ecoitaliano.com.ar\/wp-content\/uploads\/2025\/03\/Donato-Renzetti-150x75.jpeg 150w\" sizes=\"(max-width: 2560px) 100vw, 2560px\" \/><\/figure>\n\n\n\n<figure class=\"wp-block-image\"><img decoding=\"async\" width=\"2048\" height=\"2560\" data-id=\"70185\" src=\"http:\/\/www.ecoitaliano.com.ar\/wp-content\/uploads\/2025\/03\/TDV-inaugurazione-2425-1-scaled.jpg\" alt=\"\" class=\"wp-image-70185\" srcset=\"https:\/\/www.ecoitaliano.com.ar\/wp-content\/uploads\/2025\/03\/TDV-inaugurazione-2425-1-scaled.jpg 2048w, https:\/\/www.ecoitaliano.com.ar\/wp-content\/uploads\/2025\/03\/TDV-inaugurazione-2425-1-240x300.jpg 240w, https:\/\/www.ecoitaliano.com.ar\/wp-content\/uploads\/2025\/03\/TDV-inaugurazione-2425-1-819x1024.jpg 819w, https:\/\/www.ecoitaliano.com.ar\/wp-content\/uploads\/2025\/03\/TDV-inaugurazione-2425-1-768x960.jpg 768w, https:\/\/www.ecoitaliano.com.ar\/wp-content\/uploads\/2025\/03\/TDV-inaugurazione-2425-1-1229x1536.jpg 1229w, https:\/\/www.ecoitaliano.com.ar\/wp-content\/uploads\/2025\/03\/TDV-inaugurazione-2425-1-1638x2048.jpg 1638w, https:\/\/www.ecoitaliano.com.ar\/wp-content\/uploads\/2025\/03\/TDV-inaugurazione-2425-1-120x150.jpg 120w\" sizes=\"(max-width: 2048px) 100vw, 2048px\" \/><\/figure>\n\n\n\n<figure class=\"wp-block-image\"><img decoding=\"async\" width=\"2560\" height=\"1707\" data-id=\"70186\" src=\"http:\/\/www.ecoitaliano.com.ar\/wp-content\/uploads\/2025\/03\/TDV-inaugurazione-2425-2-1-scaled.jpg\" alt=\"\" class=\"wp-image-70186\" srcset=\"https:\/\/www.ecoitaliano.com.ar\/wp-content\/uploads\/2025\/03\/TDV-inaugurazione-2425-2-1-scaled.jpg 2560w, https:\/\/www.ecoitaliano.com.ar\/wp-content\/uploads\/2025\/03\/TDV-inaugurazione-2425-2-1-300x200.jpg 300w, https:\/\/www.ecoitaliano.com.ar\/wp-content\/uploads\/2025\/03\/TDV-inaugurazione-2425-2-1-1024x683.jpg 1024w, https:\/\/www.ecoitaliano.com.ar\/wp-content\/uploads\/2025\/03\/TDV-inaugurazione-2425-2-1-768x512.jpg 768w, https:\/\/www.ecoitaliano.com.ar\/wp-content\/uploads\/2025\/03\/TDV-inaugurazione-2425-2-1-1536x1024.jpg 1536w, https:\/\/www.ecoitaliano.com.ar\/wp-content\/uploads\/2025\/03\/TDV-inaugurazione-2425-2-1-2048x1365.jpg 2048w, https:\/\/www.ecoitaliano.com.ar\/wp-content\/uploads\/2025\/03\/TDV-inaugurazione-2425-2-1-150x100.jpg 150w\" sizes=\"(max-width: 2560px) 100vw, 2560px\" \/><\/figure>\n\n\n\n<figure class=\"wp-block-image\"><img decoding=\"async\" width=\"2560\" height=\"1707\" data-id=\"70187\" src=\"http:\/\/www.ecoitaliano.com.ar\/wp-content\/uploads\/2025\/03\/Foto-Orchestra-2023-ph-lorenza-daverio-1-scaled.jpg\" alt=\"\" class=\"wp-image-70187\" srcset=\"https:\/\/www.ecoitaliano.com.ar\/wp-content\/uploads\/2025\/03\/Foto-Orchestra-2023-ph-lorenza-daverio-1-scaled.jpg 2560w, https:\/\/www.ecoitaliano.com.ar\/wp-content\/uploads\/2025\/03\/Foto-Orchestra-2023-ph-lorenza-daverio-1-300x200.jpg 300w, https:\/\/www.ecoitaliano.com.ar\/wp-content\/uploads\/2025\/03\/Foto-Orchestra-2023-ph-lorenza-daverio-1-1024x683.jpg 1024w, https:\/\/www.ecoitaliano.com.ar\/wp-content\/uploads\/2025\/03\/Foto-Orchestra-2023-ph-lorenza-daverio-1-768x512.jpg 768w, https:\/\/www.ecoitaliano.com.ar\/wp-content\/uploads\/2025\/03\/Foto-Orchestra-2023-ph-lorenza-daverio-1-1536x1024.jpg 1536w, https:\/\/www.ecoitaliano.com.ar\/wp-content\/uploads\/2025\/03\/Foto-Orchestra-2023-ph-lorenza-daverio-1-2048x1365.jpg 2048w, https:\/\/www.ecoitaliano.com.ar\/wp-content\/uploads\/2025\/03\/Foto-Orchestra-2023-ph-lorenza-daverio-1-150x100.jpg 150w\" sizes=\"(max-width: 2560px) 100vw, 2560px\" \/><\/figure>\n\n\n\n<figure class=\"wp-block-image\"><img decoding=\"async\" width=\"2560\" height=\"1707\" data-id=\"70188\" src=\"http:\/\/www.ecoitaliano.com.ar\/wp-content\/uploads\/2025\/03\/c-Andrej-Grilc-01056-scaled-1.jpg\" alt=\"\" class=\"wp-image-70188\" srcset=\"https:\/\/www.ecoitaliano.com.ar\/wp-content\/uploads\/2025\/03\/c-Andrej-Grilc-01056-scaled-1.jpg 2560w, https:\/\/www.ecoitaliano.com.ar\/wp-content\/uploads\/2025\/03\/c-Andrej-Grilc-01056-scaled-1-300x200.jpg 300w, https:\/\/www.ecoitaliano.com.ar\/wp-content\/uploads\/2025\/03\/c-Andrej-Grilc-01056-scaled-1-1024x683.jpg 1024w, https:\/\/www.ecoitaliano.com.ar\/wp-content\/uploads\/2025\/03\/c-Andrej-Grilc-01056-scaled-1-768x512.jpg 768w, https:\/\/www.ecoitaliano.com.ar\/wp-content\/uploads\/2025\/03\/c-Andrej-Grilc-01056-scaled-1-1536x1024.jpg 1536w, https:\/\/www.ecoitaliano.com.ar\/wp-content\/uploads\/2025\/03\/c-Andrej-Grilc-01056-scaled-1-2048x1366.jpg 2048w, https:\/\/www.ecoitaliano.com.ar\/wp-content\/uploads\/2025\/03\/c-Andrej-Grilc-01056-scaled-1-150x100.jpg 150w\" sizes=\"(max-width: 2560px) 100vw, 2560px\" \/><\/figure>\n\n\n\n<figure class=\"wp-block-image\"><img decoding=\"async\" width=\"1165\" height=\"1654\" data-id=\"70189\" src=\"http:\/\/www.ecoitaliano.com.ar\/wp-content\/uploads\/2025\/03\/aed2092bbfd44306a41a510b38bf351cQE6mFcOVkSbnJa6m-0.jpg\" alt=\"\" class=\"wp-image-70189\" srcset=\"https:\/\/www.ecoitaliano.com.ar\/wp-content\/uploads\/2025\/03\/aed2092bbfd44306a41a510b38bf351cQE6mFcOVkSbnJa6m-0.jpg 1165w, https:\/\/www.ecoitaliano.com.ar\/wp-content\/uploads\/2025\/03\/aed2092bbfd44306a41a510b38bf351cQE6mFcOVkSbnJa6m-0-211x300.jpg 211w, https:\/\/www.ecoitaliano.com.ar\/wp-content\/uploads\/2025\/03\/aed2092bbfd44306a41a510b38bf351cQE6mFcOVkSbnJa6m-0-721x1024.jpg 721w, https:\/\/www.ecoitaliano.com.ar\/wp-content\/uploads\/2025\/03\/aed2092bbfd44306a41a510b38bf351cQE6mFcOVkSbnJa6m-0-768x1090.jpg 768w, https:\/\/www.ecoitaliano.com.ar\/wp-content\/uploads\/2025\/03\/aed2092bbfd44306a41a510b38bf351cQE6mFcOVkSbnJa6m-0-1082x1536.jpg 1082w, https:\/\/www.ecoitaliano.com.ar\/wp-content\/uploads\/2025\/03\/aed2092bbfd44306a41a510b38bf351cQE6mFcOVkSbnJa6m-0-106x150.jpg 106w\" sizes=\"(max-width: 1165px) 100vw, 1165px\" \/><\/figure>\n\n\n\n<figure class=\"wp-block-image\"><img decoding=\"async\" width=\"1165\" height=\"1654\" data-id=\"70190\" src=\"http:\/\/www.ecoitaliano.com.ar\/wp-content\/uploads\/2025\/03\/aed2092bbfd44306a41a510b38bf351cQE6mFcOVkSbnJa6m-1.jpg\" alt=\"\" class=\"wp-image-70190\" srcset=\"https:\/\/www.ecoitaliano.com.ar\/wp-content\/uploads\/2025\/03\/aed2092bbfd44306a41a510b38bf351cQE6mFcOVkSbnJa6m-1.jpg 1165w, https:\/\/www.ecoitaliano.com.ar\/wp-content\/uploads\/2025\/03\/aed2092bbfd44306a41a510b38bf351cQE6mFcOVkSbnJa6m-1-211x300.jpg 211w, https:\/\/www.ecoitaliano.com.ar\/wp-content\/uploads\/2025\/03\/aed2092bbfd44306a41a510b38bf351cQE6mFcOVkSbnJa6m-1-721x1024.jpg 721w, https:\/\/www.ecoitaliano.com.ar\/wp-content\/uploads\/2025\/03\/aed2092bbfd44306a41a510b38bf351cQE6mFcOVkSbnJa6m-1-768x1090.jpg 768w, https:\/\/www.ecoitaliano.com.ar\/wp-content\/uploads\/2025\/03\/aed2092bbfd44306a41a510b38bf351cQE6mFcOVkSbnJa6m-1-1082x1536.jpg 1082w, https:\/\/www.ecoitaliano.com.ar\/wp-content\/uploads\/2025\/03\/aed2092bbfd44306a41a510b38bf351cQE6mFcOVkSbnJa6m-1-106x150.jpg 106w\" sizes=\"(max-width: 1165px) 100vw, 1165px\" \/><\/figure>\n\n\n\n<figure class=\"wp-block-image\"><img decoding=\"async\" width=\"1165\" height=\"1654\" data-id=\"70191\" src=\"http:\/\/www.ecoitaliano.com.ar\/wp-content\/uploads\/2025\/03\/aed2092bbfd44306a41a510b38bf351cQE6mFcOVkSbnJa6m-2.jpg\" alt=\"\" class=\"wp-image-70191\" srcset=\"https:\/\/www.ecoitaliano.com.ar\/wp-content\/uploads\/2025\/03\/aed2092bbfd44306a41a510b38bf351cQE6mFcOVkSbnJa6m-2.jpg 1165w, https:\/\/www.ecoitaliano.com.ar\/wp-content\/uploads\/2025\/03\/aed2092bbfd44306a41a510b38bf351cQE6mFcOVkSbnJa6m-2-211x300.jpg 211w, https:\/\/www.ecoitaliano.com.ar\/wp-content\/uploads\/2025\/03\/aed2092bbfd44306a41a510b38bf351cQE6mFcOVkSbnJa6m-2-721x1024.jpg 721w, https:\/\/www.ecoitaliano.com.ar\/wp-content\/uploads\/2025\/03\/aed2092bbfd44306a41a510b38bf351cQE6mFcOVkSbnJa6m-2-768x1090.jpg 768w, https:\/\/www.ecoitaliano.com.ar\/wp-content\/uploads\/2025\/03\/aed2092bbfd44306a41a510b38bf351cQE6mFcOVkSbnJa6m-2-1082x1536.jpg 1082w, https:\/\/www.ecoitaliano.com.ar\/wp-content\/uploads\/2025\/03\/aed2092bbfd44306a41a510b38bf351cQE6mFcOVkSbnJa6m-2-106x150.jpg 106w\" sizes=\"(max-width: 1165px) 100vw, 1165px\" \/><\/figure>\n\n\n\n<figure class=\"wp-block-image\"><img decoding=\"async\" width=\"1165\" height=\"1654\" data-id=\"70192\" src=\"http:\/\/www.ecoitaliano.com.ar\/wp-content\/uploads\/2025\/03\/aed2092bbfd44306a41a510b38bf351cQE6mFcOVkSbnJa6m-3.jpg\" alt=\"\" class=\"wp-image-70192\" srcset=\"https:\/\/www.ecoitaliano.com.ar\/wp-content\/uploads\/2025\/03\/aed2092bbfd44306a41a510b38bf351cQE6mFcOVkSbnJa6m-3.jpg 1165w, https:\/\/www.ecoitaliano.com.ar\/wp-content\/uploads\/2025\/03\/aed2092bbfd44306a41a510b38bf351cQE6mFcOVkSbnJa6m-3-211x300.jpg 211w, https:\/\/www.ecoitaliano.com.ar\/wp-content\/uploads\/2025\/03\/aed2092bbfd44306a41a510b38bf351cQE6mFcOVkSbnJa6m-3-721x1024.jpg 721w, https:\/\/www.ecoitaliano.com.ar\/wp-content\/uploads\/2025\/03\/aed2092bbfd44306a41a510b38bf351cQE6mFcOVkSbnJa6m-3-768x1090.jpg 768w, https:\/\/www.ecoitaliano.com.ar\/wp-content\/uploads\/2025\/03\/aed2092bbfd44306a41a510b38bf351cQE6mFcOVkSbnJa6m-3-1082x1536.jpg 1082w, https:\/\/www.ecoitaliano.com.ar\/wp-content\/uploads\/2025\/03\/aed2092bbfd44306a41a510b38bf351cQE6mFcOVkSbnJa6m-3-106x150.jpg 106w\" sizes=\"(max-width: 1165px) 100vw, 1165px\" \/><\/figure>\n\n\n\n<figure class=\"wp-block-image\"><img decoding=\"async\" width=\"1165\" height=\"1654\" data-id=\"70193\" src=\"http:\/\/www.ecoitaliano.com.ar\/wp-content\/uploads\/2025\/03\/aed2092bbfd44306a41a510b38bf351cQE6mFcOVkSbnJa6m-4.jpg\" alt=\"\" class=\"wp-image-70193\" srcset=\"https:\/\/www.ecoitaliano.com.ar\/wp-content\/uploads\/2025\/03\/aed2092bbfd44306a41a510b38bf351cQE6mFcOVkSbnJa6m-4.jpg 1165w, https:\/\/www.ecoitaliano.com.ar\/wp-content\/uploads\/2025\/03\/aed2092bbfd44306a41a510b38bf351cQE6mFcOVkSbnJa6m-4-211x300.jpg 211w, https:\/\/www.ecoitaliano.com.ar\/wp-content\/uploads\/2025\/03\/aed2092bbfd44306a41a510b38bf351cQE6mFcOVkSbnJa6m-4-721x1024.jpg 721w, https:\/\/www.ecoitaliano.com.ar\/wp-content\/uploads\/2025\/03\/aed2092bbfd44306a41a510b38bf351cQE6mFcOVkSbnJa6m-4-768x1090.jpg 768w, https:\/\/www.ecoitaliano.com.ar\/wp-content\/uploads\/2025\/03\/aed2092bbfd44306a41a510b38bf351cQE6mFcOVkSbnJa6m-4-1082x1536.jpg 1082w, https:\/\/www.ecoitaliano.com.ar\/wp-content\/uploads\/2025\/03\/aed2092bbfd44306a41a510b38bf351cQE6mFcOVkSbnJa6m-4-106x150.jpg 106w\" sizes=\"(max-width: 1165px) 100vw, 1165px\" \/><\/figure>\n\n\n\n<figure class=\"wp-block-image\"><img decoding=\"async\" width=\"1165\" height=\"1654\" data-id=\"70194\" src=\"http:\/\/www.ecoitaliano.com.ar\/wp-content\/uploads\/2025\/03\/aed2092bbfd44306a41a510b38bf351cQE6mFcOVkSbnJa6m-5.jpg\" alt=\"\" class=\"wp-image-70194\" srcset=\"https:\/\/www.ecoitaliano.com.ar\/wp-content\/uploads\/2025\/03\/aed2092bbfd44306a41a510b38bf351cQE6mFcOVkSbnJa6m-5.jpg 1165w, https:\/\/www.ecoitaliano.com.ar\/wp-content\/uploads\/2025\/03\/aed2092bbfd44306a41a510b38bf351cQE6mFcOVkSbnJa6m-5-211x300.jpg 211w, https:\/\/www.ecoitaliano.com.ar\/wp-content\/uploads\/2025\/03\/aed2092bbfd44306a41a510b38bf351cQE6mFcOVkSbnJa6m-5-721x1024.jpg 721w, https:\/\/www.ecoitaliano.com.ar\/wp-content\/uploads\/2025\/03\/aed2092bbfd44306a41a510b38bf351cQE6mFcOVkSbnJa6m-5-768x1090.jpg 768w, https:\/\/www.ecoitaliano.com.ar\/wp-content\/uploads\/2025\/03\/aed2092bbfd44306a41a510b38bf351cQE6mFcOVkSbnJa6m-5-1082x1536.jpg 1082w, https:\/\/www.ecoitaliano.com.ar\/wp-content\/uploads\/2025\/03\/aed2092bbfd44306a41a510b38bf351cQE6mFcOVkSbnJa6m-5-106x150.jpg 106w\" sizes=\"(max-width: 1165px) 100vw, 1165px\" \/><\/figure>\n<\/figure>\n","protected":false},"excerpt":{"rendered":"<p>comunicato stampa TORNANO AI POMERIGGI MUSICALI PER L\u201980a STAGIONE 2025\/2026 IL CELEBRE DIRETTORE DONATO RENZETTI E IL VIOLINISTA GIUSEPPE GIBBONIIl [&hellip;]<\/p>\n","protected":false},"author":1,"featured_media":0,"comment_status":"open","ping_status":"open","sticky":false,"template":"","format":"standard","meta":{"footnotes":""},"categories":[1],"tags":[],"class_list":["post-70182","post","type-post","status-publish","format-standard","hentry","category-sin-categoria"],"_links":{"self":[{"href":"https:\/\/www.ecoitaliano.com.ar\/index.php?rest_route=\/wp\/v2\/posts\/70182","targetHints":{"allow":["GET"]}}],"collection":[{"href":"https:\/\/www.ecoitaliano.com.ar\/index.php?rest_route=\/wp\/v2\/posts"}],"about":[{"href":"https:\/\/www.ecoitaliano.com.ar\/index.php?rest_route=\/wp\/v2\/types\/post"}],"author":[{"embeddable":true,"href":"https:\/\/www.ecoitaliano.com.ar\/index.php?rest_route=\/wp\/v2\/users\/1"}],"replies":[{"embeddable":true,"href":"https:\/\/www.ecoitaliano.com.ar\/index.php?rest_route=%2Fwp%2Fv2%2Fcomments&post=70182"}],"version-history":[{"count":1,"href":"https:\/\/www.ecoitaliano.com.ar\/index.php?rest_route=\/wp\/v2\/posts\/70182\/revisions"}],"predecessor-version":[{"id":70195,"href":"https:\/\/www.ecoitaliano.com.ar\/index.php?rest_route=\/wp\/v2\/posts\/70182\/revisions\/70195"}],"wp:attachment":[{"href":"https:\/\/www.ecoitaliano.com.ar\/index.php?rest_route=%2Fwp%2Fv2%2Fmedia&parent=70182"}],"wp:term":[{"taxonomy":"category","embeddable":true,"href":"https:\/\/www.ecoitaliano.com.ar\/index.php?rest_route=%2Fwp%2Fv2%2Fcategories&post=70182"},{"taxonomy":"post_tag","embeddable":true,"href":"https:\/\/www.ecoitaliano.com.ar\/index.php?rest_route=%2Fwp%2Fv2%2Ftags&post=70182"}],"curies":[{"name":"wp","href":"https:\/\/api.w.org\/{rel}","templated":true}]}}