{"id":70206,"date":"2025-03-26T01:03:32","date_gmt":"2025-03-26T01:03:32","guid":{"rendered":"https:\/\/www.ecoitaliano.com.ar\/?p=70206"},"modified":"2025-03-26T01:03:32","modified_gmt":"2025-03-26T01:03:32","slug":"serena-conduce-operaclassica-eco-italiano-4187","status":"publish","type":"post","link":"https:\/\/www.ecoitaliano.com.ar\/?p=70206","title":{"rendered":"Serena conduce operaclassica eco italiano"},"content":{"rendered":"<div class=\"wp-block-image\">\n<figure class=\"aligncenter size-full\"><a href=\"http:\/\/www.ecoitaliano.com.ar\/wp-content\/uploads\/2025\/03\/ghjk-1.jpg\"><img decoding=\"async\" width=\"244\" height=\"119\" src=\"http:\/\/www.ecoitaliano.com.ar\/wp-content\/uploads\/2025\/03\/ghjk-1.jpg\" alt=\"\" class=\"wp-image-69918\" srcset=\"https:\/\/www.ecoitaliano.com.ar\/wp-content\/uploads\/2025\/03\/ghjk-1.jpg 244w, https:\/\/www.ecoitaliano.com.ar\/wp-content\/uploads\/2025\/03\/ghjk-1-150x73.jpg 150w\" sizes=\"(max-width: 244px) 100vw, 244px\" \/><\/a><\/figure><\/div>\n\n\n<p><strong>Comunicato Stampa<\/strong><strong><\/strong><\/p>\n\n\n\n<p><strong>\u201cZitti zitti, piano piano\u201d arriva la carica dei 100.000<\/strong><\/p>\n\n\n\n<p><strong>Il Teatro di San Carlo ed Europa InCanto portano in scena<\/strong><\/p>\n\n\n\n<p><strong>\u201cIl Barbiere di Siviglia\u201d<\/strong><\/p>\n\n\n\n<p><em>Napoli, 24\/03\/2025 &#8211; <\/em>Da oggi le strade di Napoli invase da migliaia di piccoli e grandi cantori con dress code rigorosamente legato a <strong>\u201cIl barbiere di Siviglia\u201d<\/strong> di <strong>Gioachino Rossini<\/strong>: ha preso ufficialmente il via al <strong>Teatro di San Carlo<\/strong> il progetto <strong>Europa InCanto<\/strong>, un\u2019iniziativa straordinaria che coinvolge ogni giorno oltre <strong>6.000 studenti delle scuole dell\u2019infanzia, primaria e secondaria<\/strong>, insieme alle loro famiglie.<\/p>\n\n\n\n<p>Nei prossimi tre giorni, saranno circa 20.000 i giovani partecipanti che avranno l\u2019opportunit\u00e0 di vivere un\u2019esperienza immersiva nel mondo dell\u2019opera, grazie a una versione coinvolgente e innovativa de <strong>\u201cIl barbiere di Siviglia\u201d<\/strong>.<\/p>\n\n\n\n<p>A fine percorso, previsto con il termine dell\u2019anno scolastico, circa <strong>100.000<\/strong> si saranno avvicinati al grande patrimonio musicale culturale del nostro Paese.<\/p>\n\n\n\n<p>Il progetto, nato con l\u2019obiettivo di avvicinare le nuove generazioni al teatro musicale, si distingue per il suo approccio interattivo e didattico: i giovani spettatori non saranno semplici fruitori, ma protagonisti attivi dello spettacolo, grazie a un percorso che li ha preparati, nei mesi precedenti, a cantare e partecipare all\u2019opera in modo diretto.<\/p>\n\n\n\n<p>A rendere ancora pi\u00f9 speciale questa produzione sono le scene di <strong>Fabio Marroncelli<\/strong> e i costumi di <strong>Giusi Giustino<\/strong>, realizzati presso le storiche <strong>Officine del Teatro di San Carlo<\/strong>, eccellenza artigianale che da secoli contribuisce a rendere magiche le rappresentazioni del Massimo napoletano.<\/p>\n\n\n\n<p>\u201cEuropa InCanto \u00e8 un progetto meraviglioso che dimostra quanto l\u2019opera possa parlare anche alle nuove generazioni, emozionando e coinvolgendo i pi\u00f9 giovani in un viaggio straordinario attraverso la musica, il teatro e la creativit\u00e0. Vedere migliaia di studenti e le loro famiglie riempire il San Carlo \u00e8 un segnale di quanto la cultura sia ancora oggi un potente strumento di crescita e condivisione\u201d \u2013 ha dichiarato il Direttore Generale <strong>Emmanuela Spedaliere<\/strong>.<\/p>\n\n\n\n<p>\u201cDebutto di giovani solisti e orchestra under-35 di Europa InCanto, che accompagnano le nuove generazioni ad amare l\u2019opera lirica &#8211; cos\u00ec dichiara il direttore d\u2019orchestra <strong>Germano Neri<\/strong> &#8211; Un percorso iniziato ad ottobre con tutti i docenti delle scuole delle regioni Campania, Basilicata, Puglia, Molise, Lazio, nostri amplificatori della formazione di un metodo innovativo e tecnologico.\u201d<\/p>\n\n\n\n<p>Il Teatro di San Carlo continua cos\u00ec la sua missione di diffusione dell\u2019arte e della musica tra i pi\u00f9 giovani, confermandosi non solo un\u2019istituzione di eccellenza nel panorama lirico internazionale, ma anche un punto di riferimento per la formazione culturale delle nuove&nbsp;generazioni.<\/p>\n\n\n\n<p><strong>Scuola InCanto \/ Il barbiere di Siviglia<\/strong><\/p>\n\n\n\n<p><em>progetto didattico a cura di Europa InCanto<\/em><\/p>\n\n\n\n<p>Maestro concertatore e direttore |&nbsp;<strong>Germano Neri<br><\/strong>Regia |<strong>&nbsp;Germano Neri<br><\/strong>Scene |<strong>&nbsp;Fabio Marroncelli<br><\/strong>Costumi |<strong>&nbsp;Giusi Giustino<\/strong><\/p>\n\n\n\n<p><strong>Orchestra Europa InCanto<br>Nuova produzione di Europa InCanto<\/strong><\/p>\n\n\n\n<p><strong><em>Con gentile preghiera di pubblicazione e\/o diffusione<\/em><\/strong><\/p>\n\n\n\n<p><strong>Rossana Russo<\/strong>,<\/p>\n\n\n\n<p>Responsabile della comunicazione creativa e strategica e relazioni con la Stampa<\/p>\n\n\n\n<p><a href=\"mailto:r.russo@teatrosancarlo.it\">r.russo@teatrosancarlo.it<\/a><\/p>\n\n\n\n<p>cell 3357431980<\/p>\n\n\n\n<p><strong>Dipartimento Ricerca, Editoria e Comunicazione<\/strong><strong><\/strong><\/p>\n\n\n\n<p><a href=\"mailto:dipartimentocomunicazione@teatrosancarlo.it\">dipartimentocomunicazione@teatrosancarlo.it<\/a><\/p>\n\n\n\n<p>0817972301<\/p>\n\n\n\n<p>foto<\/p>\n\n\n\n<figure class=\"wp-block-gallery has-nested-images columns-default is-cropped wp-block-gallery-1 is-layout-flex wp-block-gallery-is-layout-flex\">\n<figure class=\"wp-block-image size-large\"><a href=\"https:\/\/www.ecoitaliano.com.ar\/wp-content\/uploads\/2025\/03\/TSC_EuropaInCanto_1.jpg\"><img decoding=\"async\" width=\"1024\" height=\"768\" data-id=\"70207\" src=\"https:\/\/www.ecoitaliano.com.ar\/wp-content\/uploads\/2025\/03\/TSC_EuropaInCanto_1-1024x768.jpg\" alt=\"\" class=\"wp-image-70207\" srcset=\"https:\/\/www.ecoitaliano.com.ar\/wp-content\/uploads\/2025\/03\/TSC_EuropaInCanto_1-1024x768.jpg 1024w, https:\/\/www.ecoitaliano.com.ar\/wp-content\/uploads\/2025\/03\/TSC_EuropaInCanto_1-300x225.jpg 300w, https:\/\/www.ecoitaliano.com.ar\/wp-content\/uploads\/2025\/03\/TSC_EuropaInCanto_1-768x576.jpg 768w, https:\/\/www.ecoitaliano.com.ar\/wp-content\/uploads\/2025\/03\/TSC_EuropaInCanto_1-1536x1151.jpg 1536w, https:\/\/www.ecoitaliano.com.ar\/wp-content\/uploads\/2025\/03\/TSC_EuropaInCanto_1-150x112.jpg 150w, https:\/\/www.ecoitaliano.com.ar\/wp-content\/uploads\/2025\/03\/TSC_EuropaInCanto_1.jpg 1545w\" sizes=\"(max-width: 1024px) 100vw, 1024px\" \/><\/a><\/figure>\n\n\n\n<figure class=\"wp-block-image size-large\"><a href=\"https:\/\/www.ecoitaliano.com.ar\/wp-content\/uploads\/2025\/03\/TSC_EuropaInCanto_3.jpg\"><img decoding=\"async\" width=\"1024\" height=\"767\" data-id=\"70208\" src=\"https:\/\/www.ecoitaliano.com.ar\/wp-content\/uploads\/2025\/03\/TSC_EuropaInCanto_3-1024x767.jpg\" alt=\"\" class=\"wp-image-70208\" srcset=\"https:\/\/www.ecoitaliano.com.ar\/wp-content\/uploads\/2025\/03\/TSC_EuropaInCanto_3-1024x767.jpg 1024w, https:\/\/www.ecoitaliano.com.ar\/wp-content\/uploads\/2025\/03\/TSC_EuropaInCanto_3-300x225.jpg 300w, https:\/\/www.ecoitaliano.com.ar\/wp-content\/uploads\/2025\/03\/TSC_EuropaInCanto_3-768x576.jpg 768w, https:\/\/www.ecoitaliano.com.ar\/wp-content\/uploads\/2025\/03\/TSC_EuropaInCanto_3-1536x1151.jpg 1536w, https:\/\/www.ecoitaliano.com.ar\/wp-content\/uploads\/2025\/03\/TSC_EuropaInCanto_3-150x112.jpg 150w, https:\/\/www.ecoitaliano.com.ar\/wp-content\/uploads\/2025\/03\/TSC_EuropaInCanto_3.jpg 1600w\" sizes=\"(max-width: 1024px) 100vw, 1024px\" \/><\/a><\/figure>\n\n\n\n<figure class=\"wp-block-image size-large\"><a href=\"https:\/\/www.ecoitaliano.com.ar\/wp-content\/uploads\/2025\/03\/TSC_EuropaInCanto_4.jpg\"><img decoding=\"async\" width=\"768\" height=\"1024\" data-id=\"70209\" src=\"https:\/\/www.ecoitaliano.com.ar\/wp-content\/uploads\/2025\/03\/TSC_EuropaInCanto_4-768x1024.jpg\" alt=\"\" class=\"wp-image-70209\" srcset=\"https:\/\/www.ecoitaliano.com.ar\/wp-content\/uploads\/2025\/03\/TSC_EuropaInCanto_4-768x1024.jpg 768w, https:\/\/www.ecoitaliano.com.ar\/wp-content\/uploads\/2025\/03\/TSC_EuropaInCanto_4-225x300.jpg 225w, https:\/\/www.ecoitaliano.com.ar\/wp-content\/uploads\/2025\/03\/TSC_EuropaInCanto_4-1152x1536.jpg 1152w, https:\/\/www.ecoitaliano.com.ar\/wp-content\/uploads\/2025\/03\/TSC_EuropaInCanto_4-112x150.jpg 112w, https:\/\/www.ecoitaliano.com.ar\/wp-content\/uploads\/2025\/03\/TSC_EuropaInCanto_4.jpg 1180w\" sizes=\"(max-width: 768px) 100vw, 768px\" \/><\/a><\/figure>\n<\/figure>\n\n\n\n<p>operaclassica: teatro San Carlo, Europa InCanto 2025 porta in scena il barbiere di Siviglia<\/p>\n\n\n\n<figure class=\"wp-block-embed is-type-video is-provider-youtube wp-block-embed-youtube wp-embed-aspect-16-9 wp-has-aspect-ratio\"><div class=\"wp-block-embed__wrapper\">\n<iframe loading=\"lazy\" title=\"operaclassica: teatro San Carlo, Europa InCanto 2025 porta in scena il barbiere di Siviglia\" width=\"500\" height=\"281\" src=\"https:\/\/www.youtube.com\/embed\/G1MM4YascUE?feature=oembed\" frameborder=\"0\" allow=\"accelerometer; autoplay; clipboard-write; encrypted-media; gyroscope; picture-in-picture; web-share\" referrerpolicy=\"strict-origin-when-cross-origin\" allowfullscreen><\/iframe>\n<\/div><\/figure>\n","protected":false},"excerpt":{"rendered":"<p>Comunicato Stampa \u201cZitti zitti, piano piano\u201d arriva la carica dei 100.000 Il Teatro di San Carlo ed Europa InCanto portano [&hellip;]<\/p>\n","protected":false},"author":1,"featured_media":0,"comment_status":"open","ping_status":"open","sticky":false,"template":"","format":"standard","meta":{"footnotes":""},"categories":[1],"tags":[],"class_list":["post-70206","post","type-post","status-publish","format-standard","hentry","category-sin-categoria"],"_links":{"self":[{"href":"https:\/\/www.ecoitaliano.com.ar\/index.php?rest_route=\/wp\/v2\/posts\/70206","targetHints":{"allow":["GET"]}}],"collection":[{"href":"https:\/\/www.ecoitaliano.com.ar\/index.php?rest_route=\/wp\/v2\/posts"}],"about":[{"href":"https:\/\/www.ecoitaliano.com.ar\/index.php?rest_route=\/wp\/v2\/types\/post"}],"author":[{"embeddable":true,"href":"https:\/\/www.ecoitaliano.com.ar\/index.php?rest_route=\/wp\/v2\/users\/1"}],"replies":[{"embeddable":true,"href":"https:\/\/www.ecoitaliano.com.ar\/index.php?rest_route=%2Fwp%2Fv2%2Fcomments&post=70206"}],"version-history":[{"count":1,"href":"https:\/\/www.ecoitaliano.com.ar\/index.php?rest_route=\/wp\/v2\/posts\/70206\/revisions"}],"predecessor-version":[{"id":70210,"href":"https:\/\/www.ecoitaliano.com.ar\/index.php?rest_route=\/wp\/v2\/posts\/70206\/revisions\/70210"}],"wp:attachment":[{"href":"https:\/\/www.ecoitaliano.com.ar\/index.php?rest_route=%2Fwp%2Fv2%2Fmedia&parent=70206"}],"wp:term":[{"taxonomy":"category","embeddable":true,"href":"https:\/\/www.ecoitaliano.com.ar\/index.php?rest_route=%2Fwp%2Fv2%2Fcategories&post=70206"},{"taxonomy":"post_tag","embeddable":true,"href":"https:\/\/www.ecoitaliano.com.ar\/index.php?rest_route=%2Fwp%2Fv2%2Ftags&post=70206"}],"curies":[{"name":"wp","href":"https:\/\/api.w.org\/{rel}","templated":true}]}}