{"id":70211,"date":"2025-03-26T01:12:23","date_gmt":"2025-03-26T01:12:23","guid":{"rendered":"https:\/\/www.ecoitaliano.com.ar\/?p=70211"},"modified":"2025-03-26T01:12:23","modified_gmt":"2025-03-26T01:12:23","slug":"serena-conduce-operaclassica-eco-italiano-4188","status":"publish","type":"post","link":"https:\/\/www.ecoitaliano.com.ar\/?p=70211","title":{"rendered":"Serena conduce operaclassica eco italiano"},"content":{"rendered":"\n<figure class=\"wp-block-image size-full is-resized\"><a href=\"https:\/\/www.ecoitaliano.com.ar\/wp-content\/uploads\/2025\/03\/image-47.png\"><img decoding=\"async\" width=\"948\" height=\"98\" src=\"https:\/\/www.ecoitaliano.com.ar\/wp-content\/uploads\/2025\/03\/image-47.png\" alt=\"\" class=\"wp-image-70212\" style=\"width:604px;height:auto\" srcset=\"https:\/\/www.ecoitaliano.com.ar\/wp-content\/uploads\/2025\/03\/image-47.png 948w, https:\/\/www.ecoitaliano.com.ar\/wp-content\/uploads\/2025\/03\/image-47-300x31.png 300w, https:\/\/www.ecoitaliano.com.ar\/wp-content\/uploads\/2025\/03\/image-47-768x79.png 768w, https:\/\/www.ecoitaliano.com.ar\/wp-content\/uploads\/2025\/03\/image-47-150x16.png 150w\" sizes=\"(max-width: 948px) 100vw, 948px\" \/><\/a><\/figure>\n\n\n\n<p>Comunicato stampa&nbsp; &nbsp;<br>&nbsp;<br><strong>L&#8217;IMMAGINIFICO E SURREALE <\/strong><strong><em>MATRIMONIO AL CONVENTO<\/em><\/strong><strong> FIRMATO DA MICHIELETTO<\/strong>&nbsp;<strong>AL MUSIKTHEATER AN DER WIEN<\/strong>&nbsp;<\/p>\n\n\n\n<p><strong><em>Visioni fantastiche e trasformazioni d&#8217;identit\u00e0 per l\u2019opera di Prokof\u2019ev diretta da Dmitry Matvienko, dal 26 marzo al 9 aprile a Vienna<\/em><\/strong>&nbsp;<\/p>\n\n\n\n<p>\u00abHo voluto esaltare l&#8217;aspetto surreale del <em>Matrimonio al convento<\/em>. \u00c8 un&#8217;opera comica che racconta il viaggio del protagonista dentro un mondo fantastico. Cerchiamo quindi di renderlo ancora pi\u00f9 efficace cambiando le dimensioni dello spazio, giocando con la trasformazione dei costumi e delle identit\u00e0, e creando delle visioni che portino la narrazione su un piano immaginifico\u00bb. Cos\u00ec Damiano Michieletto racconta la sua nuova produzione del <em>Matrimonio al convento<\/em> di Sergej Prokof\u2019ev, in scena al MusikTheater an der Wien della capitale austriaca da mercoled\u00ec 26 marzo con repliche fino al 9 aprile.&nbsp;<\/p>\n\n\n\n<p>Il regista veneto torna per la quinta volta nel teatro viennese dove ha messo in scena il <em>Trittico <\/em>di Puccini nel 2012, <em>Idomeneo<\/em> di Mozart nel 2013, <em>Otello<\/em> di Rossini nel 2016 e <em>A Midsummer Night\u2019s Dream<\/em> (<em>Sogno di una notte di mezza estate<\/em>) di Britten nel 2018. Sempre a Vienna, ma alla Staatsoper, Michieletto ha portato nel 2024 con grande successo anche <em>Animal Farm<\/em> di Alexander Raskatov, dal romanzo di George Orwell.&nbsp;<\/p>\n\n\n\n<p>Accanto a lui sono impegnati Paolo Fantin per la scenografia, Klaus Bruns per i costumi, Alessandro Carletti per il light design, Erika Rombaldoni che firma gli interventi coreografici e Kai We\u00dfler che cura la drammaturgia. Dmitry Matvienko dirige l\u2019ORF Radio-Symphonieorchester Wien e l\u2019Arnold Schoenberg Chor istruito da Erwin Ortner.&nbsp;<\/p>\n\n\n\n<p>Sul palco sono protagonisti Evgeny Akimov (Don Gerolamo), Petr Sokolov (Don Ferdinando), Stacey Alleaume (Luisa), Elena Maximova (La governante), Vladimir Dmitruk (Don Antonio), Anna Goryachova (Clara), Valery Gilmanov (Mendoza), Zoltan Nagy (Don Carlos), Sorin Coliban (Padre Agostino), Iurie Ciobanu (Padre Elixir), David Babayants (Padre Chartreuse), Mischa Schelomianski (Padre Benedettino) e Valentino Blasina (Lopez).&nbsp;<\/p>\n\n\n\n<p>Opera lirico-comica in quattro atti e nove quadri, <em>Matrimonio al convento<\/em> \u00e8 stata scritta su libretto di Prokof\u2019ev stesso e di sua moglie Mira Mendelson, tratto dalla commedia <em>The Duenna <\/em>di Richard Brinsley Sheridan, gi\u00e0 soggetto di una ballad-opera Settecentesca di grande successo di Thomas Linley. Completata nel 1940, in pieno terrore staliniano, fu rappresentata solo in forma privata nel 1941 al teatro Stanislavskij di Mosca. Lo scoppio della guerra ostacol\u00f2 la prima vera e propria che si ebbe solo nel 1946, dopo una revisione della partitura nel 1943, al Teatro Kirov di Leningrado. Ambientata a Siviglia nel XVIII secolo, la vicenda si svolge in un contesto di intrighi amorosi tipici della tradizione comico Settecentesca, cui Prokof\u2019ev affianca una forte componente lirica.&nbsp;<\/p>\n\n\n\n<p>25.03.2025&nbsp;<\/p>\n\n\n\n<p>Per informazioni:\u202f<a href=\"https:\/\/www.theater-wien.at\/en\/events\/season2024-25\/1316\/Die-Verlobung-im-Kloster\" target=\"_blank\" rel=\"noreferrer noopener\">https:\/\/www.theater-wien.at\/en\/events\/season2024-25\/1316\/Die-Verlobung-im-Kloster<\/a>\u00a0<br><br><\/p>\n\n\n\n<p><em>Skill&amp;Music\u202f\u2013 Ufficio stampa\u202f\u202f<\/em>&nbsp;<\/p>\n\n\n\n<p><em>Paolo Cairoli<\/em>&nbsp;<\/p>\n\n\n\n<p><em>T. +39 3318361276 <\/em>&nbsp;<\/p>\n\n\n\n<p><a href=\"mailto:info@skillandmusic.com%E2%80%AF\" target=\"_blank\" rel=\"noreferrer noopener\"><em>info@skillandmusic.com\u202f<\/em><\/a><em> \u202f<\/em>&nbsp;<\/p>\n\n\n\n<p><a href=\"https:\/\/www.skillandmusic.com%20\/\" target=\"_blank\" rel=\"noreferrer noopener\"><em>www.skillandmusic.com\u202f<\/em><\/a><em> <\/em>&nbsp;<\/p>\n\n\n\n<p>&nbsp;<br><strong><em>Matrimonio al convento<\/em><\/strong>&nbsp;<br><strong>Opera lirico-comica in 4 atti<\/strong>&nbsp;<br><strong>Musica di Sergej Prokof\u2019ev<\/strong>&nbsp;<br><strong>Libretto di Sergej Prokof\u2019ev e Mira Mendelson<\/strong>&nbsp;<br>&nbsp;<br>Dmitry Matvienko\u202f<em>direttore<\/em>&nbsp;<br>Damiano Michieletto\u202f<em>regia<\/em>&nbsp;<br>Paolo Fantin\u202f<em>scenografia<\/em>&nbsp;<br>Klaus Bruns\u202f<em>costumi<\/em>&nbsp;<br>Alessandro Carletti\u202f<em>light designer<\/em>&nbsp;<br>Erika Rombaldoni\u202f<em>coreografia<\/em>&nbsp;<br>Kai We\u00dfler\u202f<em>drammaturgia<\/em>&nbsp;<br>&nbsp;<br>ORF Radio-Symphonieorchester Wien&nbsp;<br>Arnold Schoenberg Chor&nbsp;<br>Erwin Ortner\u202f<em>maestro del coro<\/em>&nbsp;<br>&nbsp;<br>Evgeny Akimov\u202f<em>Don Gerolamo<\/em>&nbsp;<br>Petr Sokolov\u202f<em>Don Ferdinando<\/em>&nbsp;<br>Stacey Alleaume\u202f<em>Luisa<\/em>&nbsp;<br>Elena Maximova\u202f<em>La governante<\/em>&nbsp;<br>Vladimir Dmitruk\u202f<em>Don Antonio<\/em>&nbsp;<br>Anna Goryachova\u202f<em>Clara<\/em>&nbsp;<br>Valery Gilmanov\u202f<em>Mendoza<\/em>&nbsp;<br>Zoltan Nagy\u202f<em>Don Carlos<\/em>&nbsp;<br>Sorin Coliban\u202f<em>Padre Agostino<\/em>&nbsp;<br>Iurie Ciobanu\u202f<em>Padre Elixir<\/em>&nbsp;<br>David Babayants\u202f<em>Padre Chartreuse<\/em>&nbsp;<\/p>\n\n\n\n<p>Mischa Schelomianski\u202f<em>Padre Benedettino&nbsp;<\/em>&nbsp;<\/p>\n\n\n\n<p>Valentino Blasina <em>Lopez<\/em>&nbsp;<br>&nbsp;<br><strong>MusikTheater an der Wien<\/strong>&nbsp;<br>Mercoled\u00ec 26 marzo 2025, ore 19.00&nbsp;<br>Venerd\u00ec 28 marzo 2025, ore 19.00&nbsp;<br>Luned\u00ec 31 marzo 2025, ore 19.00&nbsp;<br>Mercoled\u00ec 2 aprile 2025, ore 19.00&nbsp;<br>Sabato 5 aprile 2025, ore 19.00&nbsp;<br>Luned\u00ec 7 aprile 2025, ore 19.00&nbsp;<br>Mercoled\u00ec 9 aprile 2025, ore 19.00&nbsp;<\/p>\n\n\n\n<p>alcune fotografie dello spettacolo<\/p>\n\n\n\n<p>crediti fotografici di Werner Kmetitsch<\/p>\n\n\n\n<figure class=\"wp-block-gallery has-nested-images columns-default is-cropped wp-block-gallery-1 is-layout-flex wp-block-gallery-is-layout-flex\">\n<figure class=\"wp-block-image size-large\"><a href=\"https:\/\/www.ecoitaliano.com.ar\/wp-content\/uploads\/2025\/03\/BILDTEXTE-zu-Verlobung.jpg\"><img decoding=\"async\" width=\"724\" height=\"1024\" data-id=\"70213\" src=\"https:\/\/www.ecoitaliano.com.ar\/wp-content\/uploads\/2025\/03\/BILDTEXTE-zu-Verlobung-724x1024.jpg\" alt=\"\" class=\"wp-image-70213\" srcset=\"https:\/\/www.ecoitaliano.com.ar\/wp-content\/uploads\/2025\/03\/BILDTEXTE-zu-Verlobung-724x1024.jpg 724w, https:\/\/www.ecoitaliano.com.ar\/wp-content\/uploads\/2025\/03\/BILDTEXTE-zu-Verlobung-212x300.jpg 212w, https:\/\/www.ecoitaliano.com.ar\/wp-content\/uploads\/2025\/03\/BILDTEXTE-zu-Verlobung-768x1086.jpg 768w, https:\/\/www.ecoitaliano.com.ar\/wp-content\/uploads\/2025\/03\/BILDTEXTE-zu-Verlobung-1086x1536.jpg 1086w, https:\/\/www.ecoitaliano.com.ar\/wp-content\/uploads\/2025\/03\/BILDTEXTE-zu-Verlobung-1448x2048.jpg 1448w, https:\/\/www.ecoitaliano.com.ar\/wp-content\/uploads\/2025\/03\/BILDTEXTE-zu-Verlobung-106x150.jpg 106w, https:\/\/www.ecoitaliano.com.ar\/wp-content\/uploads\/2025\/03\/BILDTEXTE-zu-Verlobung.jpg 1654w\" sizes=\"(max-width: 724px) 100vw, 724px\" \/><\/a><\/figure>\n\n\n\n<figure class=\"wp-block-image size-large\"><a href=\"https:\/\/www.ecoitaliano.com.ar\/wp-content\/uploads\/2025\/03\/Verlobung-c-Werner-Kmetitsch-1-scaled.jpg\"><img decoding=\"async\" width=\"1024\" height=\"691\" data-id=\"70214\" src=\"https:\/\/www.ecoitaliano.com.ar\/wp-content\/uploads\/2025\/03\/Verlobung-c-Werner-Kmetitsch-1-1024x691.jpg\" alt=\"\" class=\"wp-image-70214\" srcset=\"https:\/\/www.ecoitaliano.com.ar\/wp-content\/uploads\/2025\/03\/Verlobung-c-Werner-Kmetitsch-1-1024x691.jpg 1024w, https:\/\/www.ecoitaliano.com.ar\/wp-content\/uploads\/2025\/03\/Verlobung-c-Werner-Kmetitsch-1-300x202.jpg 300w, https:\/\/www.ecoitaliano.com.ar\/wp-content\/uploads\/2025\/03\/Verlobung-c-Werner-Kmetitsch-1-768x518.jpg 768w, https:\/\/www.ecoitaliano.com.ar\/wp-content\/uploads\/2025\/03\/Verlobung-c-Werner-Kmetitsch-1-1536x1036.jpg 1536w, https:\/\/www.ecoitaliano.com.ar\/wp-content\/uploads\/2025\/03\/Verlobung-c-Werner-Kmetitsch-1-2048x1382.jpg 2048w, https:\/\/www.ecoitaliano.com.ar\/wp-content\/uploads\/2025\/03\/Verlobung-c-Werner-Kmetitsch-1-150x101.jpg 150w\" sizes=\"(max-width: 1024px) 100vw, 1024px\" \/><\/a><\/figure>\n\n\n\n<figure class=\"wp-block-image size-large\"><a href=\"https:\/\/www.ecoitaliano.com.ar\/wp-content\/uploads\/2025\/03\/Verlobung-c-Werner-Kmetitsch-2-scaled.jpg\"><img decoding=\"async\" width=\"1024\" height=\"683\" data-id=\"70215\" src=\"https:\/\/www.ecoitaliano.com.ar\/wp-content\/uploads\/2025\/03\/Verlobung-c-Werner-Kmetitsch-2-1024x683.jpg\" alt=\"\" class=\"wp-image-70215\" srcset=\"https:\/\/www.ecoitaliano.com.ar\/wp-content\/uploads\/2025\/03\/Verlobung-c-Werner-Kmetitsch-2-1024x683.jpg 1024w, https:\/\/www.ecoitaliano.com.ar\/wp-content\/uploads\/2025\/03\/Verlobung-c-Werner-Kmetitsch-2-300x200.jpg 300w, https:\/\/www.ecoitaliano.com.ar\/wp-content\/uploads\/2025\/03\/Verlobung-c-Werner-Kmetitsch-2-768x512.jpg 768w, https:\/\/www.ecoitaliano.com.ar\/wp-content\/uploads\/2025\/03\/Verlobung-c-Werner-Kmetitsch-2-1536x1024.jpg 1536w, https:\/\/www.ecoitaliano.com.ar\/wp-content\/uploads\/2025\/03\/Verlobung-c-Werner-Kmetitsch-2-2048x1365.jpg 2048w, https:\/\/www.ecoitaliano.com.ar\/wp-content\/uploads\/2025\/03\/Verlobung-c-Werner-Kmetitsch-2-150x100.jpg 150w\" sizes=\"(max-width: 1024px) 100vw, 1024px\" \/><\/a><\/figure>\n\n\n\n<figure class=\"wp-block-image size-large\"><a href=\"https:\/\/www.ecoitaliano.com.ar\/wp-content\/uploads\/2025\/03\/Verlobung-c-Werner-Kmetitsch-3-scaled.jpg\"><img decoding=\"async\" width=\"1024\" height=\"807\" data-id=\"70216\" src=\"https:\/\/www.ecoitaliano.com.ar\/wp-content\/uploads\/2025\/03\/Verlobung-c-Werner-Kmetitsch-3-1024x807.jpg\" alt=\"\" class=\"wp-image-70216\" srcset=\"https:\/\/www.ecoitaliano.com.ar\/wp-content\/uploads\/2025\/03\/Verlobung-c-Werner-Kmetitsch-3-1024x807.jpg 1024w, https:\/\/www.ecoitaliano.com.ar\/wp-content\/uploads\/2025\/03\/Verlobung-c-Werner-Kmetitsch-3-300x237.jpg 300w, https:\/\/www.ecoitaliano.com.ar\/wp-content\/uploads\/2025\/03\/Verlobung-c-Werner-Kmetitsch-3-768x606.jpg 768w, https:\/\/www.ecoitaliano.com.ar\/wp-content\/uploads\/2025\/03\/Verlobung-c-Werner-Kmetitsch-3-1536x1211.jpg 1536w, https:\/\/www.ecoitaliano.com.ar\/wp-content\/uploads\/2025\/03\/Verlobung-c-Werner-Kmetitsch-3-2048x1615.jpg 2048w, https:\/\/www.ecoitaliano.com.ar\/wp-content\/uploads\/2025\/03\/Verlobung-c-Werner-Kmetitsch-3-150x118.jpg 150w\" sizes=\"(max-width: 1024px) 100vw, 1024px\" \/><\/a><\/figure>\n\n\n\n<figure class=\"wp-block-image size-large\"><a href=\"https:\/\/www.ecoitaliano.com.ar\/wp-content\/uploads\/2025\/03\/Verlobung-c-Werner-Kmetitsch-4-scaled.jpg\"><img decoding=\"async\" width=\"1024\" height=\"692\" data-id=\"70217\" src=\"https:\/\/www.ecoitaliano.com.ar\/wp-content\/uploads\/2025\/03\/Verlobung-c-Werner-Kmetitsch-4-1024x692.jpg\" alt=\"\" class=\"wp-image-70217\" srcset=\"https:\/\/www.ecoitaliano.com.ar\/wp-content\/uploads\/2025\/03\/Verlobung-c-Werner-Kmetitsch-4-1024x692.jpg 1024w, https:\/\/www.ecoitaliano.com.ar\/wp-content\/uploads\/2025\/03\/Verlobung-c-Werner-Kmetitsch-4-300x203.jpg 300w, https:\/\/www.ecoitaliano.com.ar\/wp-content\/uploads\/2025\/03\/Verlobung-c-Werner-Kmetitsch-4-768x519.jpg 768w, https:\/\/www.ecoitaliano.com.ar\/wp-content\/uploads\/2025\/03\/Verlobung-c-Werner-Kmetitsch-4-1536x1038.jpg 1536w, https:\/\/www.ecoitaliano.com.ar\/wp-content\/uploads\/2025\/03\/Verlobung-c-Werner-Kmetitsch-4-2048x1384.jpg 2048w, https:\/\/www.ecoitaliano.com.ar\/wp-content\/uploads\/2025\/03\/Verlobung-c-Werner-Kmetitsch-4-150x101.jpg 150w\" sizes=\"(max-width: 1024px) 100vw, 1024px\" \/><\/a><\/figure>\n<\/figure>\n\n\n\n<p>foto del regista Damiano Michieletto<\/p>\n\n\n\n<p>crediti fotografici di Stefano Guindani\u202f<\/p>\n\n\n\n<figure class=\"wp-block-gallery has-nested-images columns-default is-cropped wp-block-gallery-2 is-layout-flex wp-block-gallery-is-layout-flex\">\n<figure class=\"wp-block-image size-large\"><a href=\"https:\/\/www.ecoitaliano.com.ar\/wp-content\/uploads\/2025\/03\/Michieletto_\u00a9-Stefano-Guindani_L1120637_02_R-scaled.jpg\"><img decoding=\"async\" width=\"683\" height=\"1024\" data-id=\"70218\" src=\"https:\/\/www.ecoitaliano.com.ar\/wp-content\/uploads\/2025\/03\/Michieletto_\u00a9-Stefano-Guindani_L1120637_02_R-683x1024.jpg\" alt=\"\" class=\"wp-image-70218\" srcset=\"https:\/\/www.ecoitaliano.com.ar\/wp-content\/uploads\/2025\/03\/Michieletto_\u00a9-Stefano-Guindani_L1120637_02_R-683x1024.jpg 683w, https:\/\/www.ecoitaliano.com.ar\/wp-content\/uploads\/2025\/03\/Michieletto_\u00a9-Stefano-Guindani_L1120637_02_R-200x300.jpg 200w, https:\/\/www.ecoitaliano.com.ar\/wp-content\/uploads\/2025\/03\/Michieletto_\u00a9-Stefano-Guindani_L1120637_02_R-768x1151.jpg 768w, https:\/\/www.ecoitaliano.com.ar\/wp-content\/uploads\/2025\/03\/Michieletto_\u00a9-Stefano-Guindani_L1120637_02_R-1025x1536.jpg 1025w, https:\/\/www.ecoitaliano.com.ar\/wp-content\/uploads\/2025\/03\/Michieletto_\u00a9-Stefano-Guindani_L1120637_02_R-1367x2048.jpg 1367w, https:\/\/www.ecoitaliano.com.ar\/wp-content\/uploads\/2025\/03\/Michieletto_\u00a9-Stefano-Guindani_L1120637_02_R-100x150.jpg 100w, https:\/\/www.ecoitaliano.com.ar\/wp-content\/uploads\/2025\/03\/Michieletto_\u00a9-Stefano-Guindani_L1120637_02_R-scaled.jpg 1708w\" sizes=\"(max-width: 683px) 100vw, 683px\" \/><\/a><\/figure>\n\n\n\n<figure class=\"wp-block-image size-large\"><a href=\"https:\/\/www.ecoitaliano.com.ar\/wp-content\/uploads\/2025\/03\/Michieletto_\u00a9-Stefano-Guindani_L1120681_02_R-scaled.jpg\"><img decoding=\"async\" width=\"1024\" height=\"683\" data-id=\"70219\" src=\"https:\/\/www.ecoitaliano.com.ar\/wp-content\/uploads\/2025\/03\/Michieletto_\u00a9-Stefano-Guindani_L1120681_02_R-1024x683.jpg\" alt=\"\" class=\"wp-image-70219\" srcset=\"https:\/\/www.ecoitaliano.com.ar\/wp-content\/uploads\/2025\/03\/Michieletto_\u00a9-Stefano-Guindani_L1120681_02_R-1024x683.jpg 1024w, https:\/\/www.ecoitaliano.com.ar\/wp-content\/uploads\/2025\/03\/Michieletto_\u00a9-Stefano-Guindani_L1120681_02_R-300x200.jpg 300w, https:\/\/www.ecoitaliano.com.ar\/wp-content\/uploads\/2025\/03\/Michieletto_\u00a9-Stefano-Guindani_L1120681_02_R-768x512.jpg 768w, https:\/\/www.ecoitaliano.com.ar\/wp-content\/uploads\/2025\/03\/Michieletto_\u00a9-Stefano-Guindani_L1120681_02_R-1536x1025.jpg 1536w, https:\/\/www.ecoitaliano.com.ar\/wp-content\/uploads\/2025\/03\/Michieletto_\u00a9-Stefano-Guindani_L1120681_02_R-2048x1367.jpg 2048w, https:\/\/www.ecoitaliano.com.ar\/wp-content\/uploads\/2025\/03\/Michieletto_\u00a9-Stefano-Guindani_L1120681_02_R-150x100.jpg 150w\" sizes=\"(max-width: 1024px) 100vw, 1024px\" \/><\/a><\/figure>\n\n\n\n<figure class=\"wp-block-image size-large\"><a href=\"https:\/\/www.ecoitaliano.com.ar\/wp-content\/uploads\/2025\/03\/Michieletto_\u00a9-Stefano-Guindani_L1120865_02_R-scaled.jpg\"><img decoding=\"async\" width=\"683\" height=\"1024\" data-id=\"70220\" src=\"https:\/\/www.ecoitaliano.com.ar\/wp-content\/uploads\/2025\/03\/Michieletto_\u00a9-Stefano-Guindani_L1120865_02_R-683x1024.jpg\" alt=\"\" class=\"wp-image-70220\" srcset=\"https:\/\/www.ecoitaliano.com.ar\/wp-content\/uploads\/2025\/03\/Michieletto_\u00a9-Stefano-Guindani_L1120865_02_R-683x1024.jpg 683w, https:\/\/www.ecoitaliano.com.ar\/wp-content\/uploads\/2025\/03\/Michieletto_\u00a9-Stefano-Guindani_L1120865_02_R-200x300.jpg 200w, https:\/\/www.ecoitaliano.com.ar\/wp-content\/uploads\/2025\/03\/Michieletto_\u00a9-Stefano-Guindani_L1120865_02_R-768x1151.jpg 768w, https:\/\/www.ecoitaliano.com.ar\/wp-content\/uploads\/2025\/03\/Michieletto_\u00a9-Stefano-Guindani_L1120865_02_R-1025x1536.jpg 1025w, https:\/\/www.ecoitaliano.com.ar\/wp-content\/uploads\/2025\/03\/Michieletto_\u00a9-Stefano-Guindani_L1120865_02_R-1367x2048.jpg 1367w, https:\/\/www.ecoitaliano.com.ar\/wp-content\/uploads\/2025\/03\/Michieletto_\u00a9-Stefano-Guindani_L1120865_02_R-100x150.jpg 100w, https:\/\/www.ecoitaliano.com.ar\/wp-content\/uploads\/2025\/03\/Michieletto_\u00a9-Stefano-Guindani_L1120865_02_R-scaled.jpg 1708w\" sizes=\"(max-width: 683px) 100vw, 683px\" \/><\/a><\/figure>\n\n\n\n<figure class=\"wp-block-image size-large\"><a href=\"https:\/\/www.ecoitaliano.com.ar\/wp-content\/uploads\/2025\/03\/Michieletto_no-credit-scaled.jpeg\"><img decoding=\"async\" width=\"576\" height=\"1024\" data-id=\"70221\" src=\"https:\/\/www.ecoitaliano.com.ar\/wp-content\/uploads\/2025\/03\/Michieletto_no-credit-576x1024.jpeg\" alt=\"\" class=\"wp-image-70221\" srcset=\"https:\/\/www.ecoitaliano.com.ar\/wp-content\/uploads\/2025\/03\/Michieletto_no-credit-576x1024.jpeg 576w, https:\/\/www.ecoitaliano.com.ar\/wp-content\/uploads\/2025\/03\/Michieletto_no-credit-169x300.jpeg 169w, https:\/\/www.ecoitaliano.com.ar\/wp-content\/uploads\/2025\/03\/Michieletto_no-credit-768x1365.jpeg 768w, https:\/\/www.ecoitaliano.com.ar\/wp-content\/uploads\/2025\/03\/Michieletto_no-credit-864x1536.jpeg 864w, https:\/\/www.ecoitaliano.com.ar\/wp-content\/uploads\/2025\/03\/Michieletto_no-credit-1152x2048.jpeg 1152w, https:\/\/www.ecoitaliano.com.ar\/wp-content\/uploads\/2025\/03\/Michieletto_no-credit-84x150.jpeg 84w, https:\/\/www.ecoitaliano.com.ar\/wp-content\/uploads\/2025\/03\/Michieletto_no-credit-scaled.jpeg 1440w\" sizes=\"(max-width: 576px) 100vw, 576px\" \/><\/a><\/figure>\n<\/figure>\n","protected":false},"excerpt":{"rendered":"<p>Comunicato stampa&nbsp; &nbsp;&nbsp;L&#8217;IMMAGINIFICO E SURREALE MATRIMONIO AL CONVENTO FIRMATO DA MICHIELETTO&nbsp;AL MUSIKTHEATER AN DER WIEN&nbsp; Visioni fantastiche e trasformazioni d&#8217;identit\u00e0 [&hellip;]<\/p>\n","protected":false},"author":1,"featured_media":0,"comment_status":"open","ping_status":"open","sticky":false,"template":"","format":"standard","meta":{"footnotes":""},"categories":[1],"tags":[],"class_list":["post-70211","post","type-post","status-publish","format-standard","hentry","category-sin-categoria"],"_links":{"self":[{"href":"https:\/\/www.ecoitaliano.com.ar\/index.php?rest_route=\/wp\/v2\/posts\/70211","targetHints":{"allow":["GET"]}}],"collection":[{"href":"https:\/\/www.ecoitaliano.com.ar\/index.php?rest_route=\/wp\/v2\/posts"}],"about":[{"href":"https:\/\/www.ecoitaliano.com.ar\/index.php?rest_route=\/wp\/v2\/types\/post"}],"author":[{"embeddable":true,"href":"https:\/\/www.ecoitaliano.com.ar\/index.php?rest_route=\/wp\/v2\/users\/1"}],"replies":[{"embeddable":true,"href":"https:\/\/www.ecoitaliano.com.ar\/index.php?rest_route=%2Fwp%2Fv2%2Fcomments&post=70211"}],"version-history":[{"count":1,"href":"https:\/\/www.ecoitaliano.com.ar\/index.php?rest_route=\/wp\/v2\/posts\/70211\/revisions"}],"predecessor-version":[{"id":70222,"href":"https:\/\/www.ecoitaliano.com.ar\/index.php?rest_route=\/wp\/v2\/posts\/70211\/revisions\/70222"}],"wp:attachment":[{"href":"https:\/\/www.ecoitaliano.com.ar\/index.php?rest_route=%2Fwp%2Fv2%2Fmedia&parent=70211"}],"wp:term":[{"taxonomy":"category","embeddable":true,"href":"https:\/\/www.ecoitaliano.com.ar\/index.php?rest_route=%2Fwp%2Fv2%2Fcategories&post=70211"},{"taxonomy":"post_tag","embeddable":true,"href":"https:\/\/www.ecoitaliano.com.ar\/index.php?rest_route=%2Fwp%2Fv2%2Ftags&post=70211"}],"curies":[{"name":"wp","href":"https:\/\/api.w.org\/{rel}","templated":true}]}}