{"id":70255,"date":"2025-03-26T22:27:18","date_gmt":"2025-03-26T22:27:18","guid":{"rendered":"https:\/\/www.ecoitaliano.com.ar\/?p=70255"},"modified":"2025-03-26T22:27:18","modified_gmt":"2025-03-26T22:27:18","slug":"serena-conduce-operaclassica-eco-italiano-4190","status":"publish","type":"post","link":"https:\/\/www.ecoitaliano.com.ar\/?p=70255","title":{"rendered":"Serena conduce operaclassica eco italiano"},"content":{"rendered":"<div class=\"wp-block-image\">\n<figure class=\"aligncenter size-full is-resized\"><a href=\"http:\/\/www.ecoitaliano.com.ar\/wp-content\/uploads\/2025\/03\/Screenshot-1233-3.png\"><img decoding=\"async\" width=\"255\" height=\"253\" src=\"http:\/\/www.ecoitaliano.com.ar\/wp-content\/uploads\/2025\/03\/Screenshot-1233-3.png\" alt=\"\" class=\"wp-image-70256\" style=\"width:188px;height:auto\" srcset=\"https:\/\/www.ecoitaliano.com.ar\/wp-content\/uploads\/2025\/03\/Screenshot-1233-3.png 255w, https:\/\/www.ecoitaliano.com.ar\/wp-content\/uploads\/2025\/03\/Screenshot-1233-3-150x150.png 150w\" sizes=\"(max-width: 255px) 100vw, 255px\" \/><\/a><\/figure><\/div>\n\n\n<p><strong><u>Zubin Mehta \u2013 Concerto sinfonico<\/u><\/strong><\/p>\n\n\n\n<p><strong>Venerd\u00ec 28 marzo 2025 l\u2019ultimo appuntamento sinfonico in calendario&nbsp;<\/strong><strong>prima dell\u2019avvio&nbsp;dell\u201987\u00ba Festival del Maggio Musicale Fiorentino.&nbsp;<\/strong><\/p>\n\n\n\n<p><strong>Sul podio della Sala Grande il direttore emerito a vita Zubin Mehta;<\/strong><strong><\/strong><\/p>\n\n\n\n<p><strong>in programma le musiche di Wolfgang Amadeus Mozart e Gustav Mahler.<\/strong><\/p>\n\n\n\n<p><strong>Solista nell\u2019esecuzione del brano di Mozart, al clarinetto, Edoardo Di Cicco.<\/strong><\/p>\n\n\n\n<p><em>Il concerto sar\u00e0 trasmesso in differita su Rai Radio 3<\/em><\/p>\n\n\n\n<p><em>Firenze, 2<\/em><em>6&nbsp;marzo 2025&nbsp;<\/em>\u2013 Ultimo tappa in calendario prima dell\u2019avvio&nbsp;dell\u201987\u00ba Festival del Maggio.&nbsp;<\/p>\n\n\n\n<p>Venerd\u00ec 28 marzo, alle ore 20, il direttore emerito a vita&nbsp;<strong>Zubin Mehta&nbsp;<\/strong>torna sul podio della&nbsp;<strong>Sala Grande<\/strong>&nbsp;alla guida dell\u2019<strong>Orchestra del Maggio Musicale Fiorentino&nbsp;<\/strong>per un importante appuntamento sinfonico.&nbsp;In apertura il \u201cConcerto in la maggiore per clarinetto e orchestra K. 622\u201d di&nbsp;<strong>Wolfgang Amadeus Mozart<\/strong>, solista al clarinetto&nbsp;<strong>Edoardo Di Cicco;<\/strong>&nbsp;chiude&nbsp;la serata&nbsp;la celebre Sinfonia n. 1 in re maggiore, conosciuta con il nome di&nbsp;<em>Titan<\/em>, di&nbsp;<strong>Gustav Mahler<\/strong>. Il maestro Mehta e l\u2019Orchestra del Maggio sono inoltre impegnati il sabato 29 marzo 2025 alle ore 17:30&nbsp;a&nbsp;Orvieto, nell\u2019ambito del progetto \u00abOmaggio all\u2019Umbria\u201d,&nbsp;per il&nbsp;tradizionale Concerto di Pasqua.&nbsp;Il concerto dal maggio sar\u00e0 trasmesso in differita su Rai Radio 3 e il concerto da Orvieto sar\u00e0 trasmesso su Rai 1 il Venerd\u00ec Santo dopo la Via Crucis e su Rai 5 nei giorni successivi la messa in onda.<\/p>\n\n\n\n<p>Il maestro Zubin Mehta dirige&nbsp;quindi&nbsp;l\u2019ultimo&nbsp;concerto&nbsp;sinfonico prima che si alzi il sipario sull\u201987esima edizione del Festival del Maggio,&nbsp;e sar\u00e0 lui a dirigere il primo concerto sinfonico corale del Festival il 18 aprile con la monumentale \u201cMessa da Requiem\u201d di Giuseppe Verdi. Il maestro poi durante il Festival diriger\u00e0&nbsp;<em>Aida<\/em>, di Giuseppe Verdi&nbsp;&#8211; in scena dal 19 giugno al 1\u00ba luglio 2025 &#8211; e&nbsp;chiuder\u00e0 la programmazione sinfonica del Festival con il&nbsp;concerto&nbsp;del 21 giugno.<\/p>\n\n\n\n<p>&nbsp;L\u2019appuntamento&nbsp;del 28 marzo si apre con il \u201cConcerto in la maggiore per clarinetto e orchestra K. 622\u201d di&nbsp;<strong>Wolfgang Amadeus Mozart<\/strong>, composto nell\u2019autunno del 1791: il dedicatario era l\u2019amico clarinettista Anton Stadler, grande virtuoso dello strumento. Il clarinetto era uno strumento particolarmente amato dal genio di Salisburgo per via del suo timbro morbido, e nel Concerto KV 622 \u00e8 affiancato da un\u2019orchestra dalle sonorit\u00e0 cameristiche (dunque senza oboi, trombe e timpani) che lascia ampio spazio agli interventi del solista mettendone in risalto la versatilit\u00e0 e l\u2019espressivit\u00e0 nei vari registri.&nbsp;Il solista \u00e8&nbsp;<strong>Edoardo Di Cicco<\/strong>, primo clarinetto dell\u2019Orchestra del Maggio.&nbsp;<\/p>\n\n\n\n<p>In chiusura una delle pi\u00f9 celebri composizioni di&nbsp;<strong>Gustav Mahler<\/strong>, la&nbsp;Sinfonia n. 1 in re maggiore, conosciuta con il nome di&nbsp;<em>Titano<\/em>: la sua scrittura impegn\u00f2 Mahler per gran parte della carriera, dai primi abbozzi del 1884 fino agli ultimi e definitivi ritocchi nel 1909. Composizione dalla genesi travagliata, segnata da continui ripensamenti e revisioni, venne eseguita in tre versioni diverse nel corso degli anni.&nbsp;Nella prima esecuzione a Budapest nel 1888 la present\u00f2 come poema sinfonico; cinque anni dopo nell\u2019esecuzione di Amburgo la rinomin\u00f2 \u201cTitano, poema sinfonico in forma di sinfonia\u201d, ispirandosi a un romanzo di Jean Paul. Infine, nella versione di Berlino del 1896 cancell\u00f2 ogni titolo e ogni didascalia nominandola definitivamente Sinfonia n. 1 in re maggiore.<\/p>\n\n\n\n<p><strong><u>Il programma<\/u><\/strong>:<\/p>\n\n\n\n<p><strong>Wolfgang Amadeus Mozart<\/strong><\/p>\n\n\n\n<p>Concerto in la maggiore per clarinetto e orchestra K. 622<\/p>\n\n\n\n<p>Dopo aver trascorso alcune settimane a Praga per l\u2019allestimento de&nbsp;<em>La clemenza di Tito,<\/em>&nbsp;Mozart torna a Vienna e il 7 ottobre del 1791 congeda il Concerto in la maggiore per clarinetto e orchestra KV 622. Il dedicatario \u00e8 l\u2019amico clarinettista e fratello massone Anton Stadler, grande virtuoso dello strumento. Non era la prima volta che Mozart componeva pensando alle straordinarie doti interpretative di Stadler, per il quale aveva gi\u00e0 realizzato il Trio K. 498, il Quintetto con clarinetto K. 581, nonch\u00e9 alcuni interventi concertanti ne La&nbsp;<em>Clemenza di Tito.&nbsp;<\/em>Strumento particolarmente amato da Mozart per il timbro morbido e vellutato, il clarinetto \u00e8 affiancato nel Concerto KV 622 da un\u2019orchestra dalle sonorit\u00e0 cameristiche (mancano oboi, trombe e timpani) che lascia ampio spazio agli interventi del solista mettendone in risalto la versatilit\u00e0 e l\u2019espressivit\u00e0 nei vari registri. Nei tre canonici movimenti in cui \u00e8 articolato il Concerto &#8211; Allegro, Adagio, Rond\u00f2 &#8211; Mozart sfrutta tutte le risorse timbriche dello strumento, dalle impennate melodiche dei movimenti estremi ai momenti di sublime lirismo dell\u2019Adagio centrale.<\/p>\n\n\n\n<p><strong>Gustav Mahler<\/strong><\/p>\n\n\n\n<p>Sinfonia n. 1 in re maggiore,&nbsp;<em>Titano<\/em><\/p>\n\n\n\n<p>La prima delle sue nove Sinfonie impegn\u00f2 Mahler per gran parte della carriera, dai primi abbozzi del 1884, fino agli ultimi e definitivi ritocchi nel 1909. Composizione dalla genesi travagliata, segnata da continui ripensamenti e revisioni, la&nbsp;<em>Sinfonia n.1&nbsp;<\/em>venne eseguita in tre versioni diverse nel corso degli anni. Il dubbio su quale forma dare al suo primo lavoro sinfonico assill\u00f2 a lungo Mahler, incerto se seguire la via della musica assoluta o della musica a programma, le due tendenze del suo tempo. Nella prima esecuzione a Budapest nel 1888 la present\u00f2 come poema sinfonico, senza per\u00f2 dare precise indicazioni sul suo contenuto programmatico; cinque anni dopo nell\u2019esecuzione di Amburgo la rinomin\u00f2 \u201cTitano, poema sinfonico in forma di sinfonia\u201d, ispirandosi a un romanzo di Jean Paul. Infine, nella versione di Berlino del 1896 cancell\u00f2 ogni titolo e ogni didascalia nominandola definitivamente Sinfonia n. 1 in re maggiore<em>,&nbsp;<\/em>temendo che i contenuti extramusicali potessero essere sopravvalutati e fraintesi dal pubblico. Tra i cambiamenti pi\u00f9 radicali occorsi negli anni figurano anche la riduzione da cinque a quattro movimenti e l\u2019ampliamento dell\u2019organico orchestrale. Ma nonostante la rimozione di ogni riferimento testuale la sinfonia tradisce le sue radici primigenie nell\u2019abbondanza di elementi cari alla poetica mahleriana: la memoria musicale della propria infanzia (ritmi di marce militari, squilli di trombe, melodie di sapore popolare), il rapporto privilegiato con la letteratura romantica nelle autocitazioni dei coevi&nbsp;<em>Lieder eines fahrenden Gesellen,&nbsp;<\/em>la contemplazione dell\u2019immensit\u00e0 della Natura, il sentimento di estraneit\u00e0 dell\u2019uomo dinanzi al mistero della vita; il tutto racchiuso tra momenti di sospensione, disperazione e trionfo finale.<\/p>\n\n\n\n<p>La locandina:<\/p>\n\n\n\n<p><strong>WOLFGANG AMADEUS MOZART<\/strong><\/p>\n\n\n\n<p>Concerto in la maggiore K. 622 per clarinetto e orchestra&nbsp;<\/p>\n\n\n\n<p>Allegro\/Adagio\/Rond\u00f2: Allegro<\/p>\n\n\n\n<p><strong>GUSTAV MAHLER<\/strong><\/p>\n\n\n\n<p>Sinfonia n. 1 in re maggiore,&nbsp;<em>Titano<\/em><\/p>\n\n\n\n<p>Langsam. Schleppend. Wie ein Naturlaut.&nbsp;<\/p>\n\n\n\n<p>Im Anfang sehr gem\u00e4chlich, belebtes Zeitmas \/&nbsp;<\/p>\n\n\n\n<p>Blumine: Andante \/ Kr\u00e4ftig bewegt,&nbsp;<\/p>\n\n\n\n<p>doch nicht zu schnell. Trio (Recht gem\u00e4chlich\/&nbsp;<\/p>\n\n\n\n<p>Feierlich und gemessen, ohne zu schleppen \/&nbsp;<\/p>\n\n\n\n<p>St\u00fcrmisch bewegt<\/p>\n\n\n\n<p><em>Direttore&nbsp;<\/em><strong>Zubin Mehta<\/strong><\/p>\n\n\n\n<p><em>Clarinetto&nbsp;<\/em><strong>Edoardo Di Cicco<\/strong><\/p>\n\n\n\n<p>\u2014<\/p>\n\n\n\n<p><strong>Orchestra del Maggio Musicale Fiorentino<\/strong><\/p>\n\n\n\n<p><em>Il concerto \u00e8 preceduto dalla guida all&#8217;ascolto tenuta da Katiuscia Manetta nel Foyer di Galleria della Sala Grande.<\/em>&nbsp;<em>\u00c8 riservata ai possessori del biglietto e si svolge 45 minuti prima dell\u2019inizio dello spettacolo (durata: 30 minuti circa)<\/em>.<\/p>\n\n\n\n<p>Prezzi:<\/p>\n\n\n\n<p>Solo ascolto: 10\u20ac<\/p>\n\n\n\n<p>Visibilit\u00e0 limitata: 15\u20ac<\/p>\n\n\n\n<p>Galleria: 20\u20ac<\/p>\n\n\n\n<p>Palchi: 30\u20ac<\/p>\n\n\n\n<p>Platea 4: 40\u20ac&nbsp;<\/p>\n\n\n\n<p>Platea 3: 50\u20ac&nbsp;<\/p>\n\n\n\n<p>Platea 2: 60\u20ac&nbsp;<\/p>\n\n\n\n<p>Platea 1: 70\u20ac<\/p>\n\n\n\n<p><em>Durata complessiva 2 ore circa, intervallo compreso<\/em><\/p>\n\n\n\n<p>foto<\/p>\n\n\n\n<figure class=\"wp-block-gallery has-nested-images columns-default is-cropped wp-block-gallery-1 is-layout-flex wp-block-gallery-is-layout-flex\">\n<figure class=\"wp-block-image\"><img decoding=\"async\" width=\"1829\" height=\"2560\" data-id=\"70257\" src=\"http:\/\/www.ecoitaliano.com.ar\/wp-content\/uploads\/2025\/03\/03_25_mehta_02-scaled.jpg\" alt=\"\" class=\"wp-image-70257\" srcset=\"https:\/\/www.ecoitaliano.com.ar\/wp-content\/uploads\/2025\/03\/03_25_mehta_02-scaled.jpg 1829w, https:\/\/www.ecoitaliano.com.ar\/wp-content\/uploads\/2025\/03\/03_25_mehta_02-214x300.jpg 214w, https:\/\/www.ecoitaliano.com.ar\/wp-content\/uploads\/2025\/03\/03_25_mehta_02-731x1024.jpg 731w, https:\/\/www.ecoitaliano.com.ar\/wp-content\/uploads\/2025\/03\/03_25_mehta_02-768x1075.jpg 768w, https:\/\/www.ecoitaliano.com.ar\/wp-content\/uploads\/2025\/03\/03_25_mehta_02-1097x1536.jpg 1097w, https:\/\/www.ecoitaliano.com.ar\/wp-content\/uploads\/2025\/03\/03_25_mehta_02-1463x2048.jpg 1463w, https:\/\/www.ecoitaliano.com.ar\/wp-content\/uploads\/2025\/03\/03_25_mehta_02-107x150.jpg 107w\" sizes=\"(max-width: 1829px) 100vw, 1829px\" \/><\/figure>\n\n\n\n<figure class=\"wp-block-image\"><img decoding=\"async\" width=\"1707\" height=\"2560\" data-id=\"70258\" src=\"http:\/\/www.ecoitaliano.com.ar\/wp-content\/uploads\/2025\/03\/Edoardo-di-cicco_Carola-Gargani-3-scaled.jpg\" alt=\"\" class=\"wp-image-70258\" srcset=\"https:\/\/www.ecoitaliano.com.ar\/wp-content\/uploads\/2025\/03\/Edoardo-di-cicco_Carola-Gargani-3-scaled.jpg 1707w, https:\/\/www.ecoitaliano.com.ar\/wp-content\/uploads\/2025\/03\/Edoardo-di-cicco_Carola-Gargani-3-200x300.jpg 200w, https:\/\/www.ecoitaliano.com.ar\/wp-content\/uploads\/2025\/03\/Edoardo-di-cicco_Carola-Gargani-3-683x1024.jpg 683w, https:\/\/www.ecoitaliano.com.ar\/wp-content\/uploads\/2025\/03\/Edoardo-di-cicco_Carola-Gargani-3-768x1152.jpg 768w, https:\/\/www.ecoitaliano.com.ar\/wp-content\/uploads\/2025\/03\/Edoardo-di-cicco_Carola-Gargani-3-1024x1536.jpg 1024w, https:\/\/www.ecoitaliano.com.ar\/wp-content\/uploads\/2025\/03\/Edoardo-di-cicco_Carola-Gargani-3-1365x2048.jpg 1365w, https:\/\/www.ecoitaliano.com.ar\/wp-content\/uploads\/2025\/03\/Edoardo-di-cicco_Carola-Gargani-3-100x150.jpg 100w\" sizes=\"(max-width: 1707px) 100vw, 1707px\" \/><\/figure>\n\n\n\n<figure class=\"wp-block-image\"><img decoding=\"async\" width=\"2560\" height=\"1706\" data-id=\"70259\" src=\"http:\/\/www.ecoitaliano.com.ar\/wp-content\/uploads\/2025\/03\/Mehta_Donati_TProject_contrasto-scaled.jpg\" alt=\"\" class=\"wp-image-70259\" srcset=\"https:\/\/www.ecoitaliano.com.ar\/wp-content\/uploads\/2025\/03\/Mehta_Donati_TProject_contrasto-scaled.jpg 2560w, https:\/\/www.ecoitaliano.com.ar\/wp-content\/uploads\/2025\/03\/Mehta_Donati_TProject_contrasto-300x200.jpg 300w, https:\/\/www.ecoitaliano.com.ar\/wp-content\/uploads\/2025\/03\/Mehta_Donati_TProject_contrasto-1024x683.jpg 1024w, https:\/\/www.ecoitaliano.com.ar\/wp-content\/uploads\/2025\/03\/Mehta_Donati_TProject_contrasto-768x512.jpg 768w, https:\/\/www.ecoitaliano.com.ar\/wp-content\/uploads\/2025\/03\/Mehta_Donati_TProject_contrasto-1536x1024.jpg 1536w, https:\/\/www.ecoitaliano.com.ar\/wp-content\/uploads\/2025\/03\/Mehta_Donati_TProject_contrasto-2048x1365.jpg 2048w, https:\/\/www.ecoitaliano.com.ar\/wp-content\/uploads\/2025\/03\/Mehta_Donati_TProject_contrasto-150x100.jpg 150w\" sizes=\"(max-width: 2560px) 100vw, 2560px\" \/><figcaption class=\"wp-element-caption\">Firenze, Settembre 2014. Il Maestro Zubin Mehta dirige l&#8217;Orchestra del Maggio Musicale Fiorentino all&#8217;Opera di Firenze.<br><br>Florence, September 2014. The Maestro Zubin Mehta conducts the Orchestra del Maggio Musicale Fiorentino in Florence Opera Theatre.<\/figcaption><\/figure>\n<\/figure>\n","protected":false},"excerpt":{"rendered":"<p>Zubin Mehta \u2013 Concerto sinfonico Venerd\u00ec 28 marzo 2025 l\u2019ultimo appuntamento sinfonico in calendario&nbsp;prima dell\u2019avvio&nbsp;dell\u201987\u00ba Festival del Maggio Musicale Fiorentino.&nbsp; [&hellip;]<\/p>\n","protected":false},"author":1,"featured_media":0,"comment_status":"open","ping_status":"open","sticky":false,"template":"","format":"standard","meta":{"footnotes":""},"categories":[1],"tags":[],"class_list":["post-70255","post","type-post","status-publish","format-standard","hentry","category-sin-categoria"],"_links":{"self":[{"href":"https:\/\/www.ecoitaliano.com.ar\/index.php?rest_route=\/wp\/v2\/posts\/70255","targetHints":{"allow":["GET"]}}],"collection":[{"href":"https:\/\/www.ecoitaliano.com.ar\/index.php?rest_route=\/wp\/v2\/posts"}],"about":[{"href":"https:\/\/www.ecoitaliano.com.ar\/index.php?rest_route=\/wp\/v2\/types\/post"}],"author":[{"embeddable":true,"href":"https:\/\/www.ecoitaliano.com.ar\/index.php?rest_route=\/wp\/v2\/users\/1"}],"replies":[{"embeddable":true,"href":"https:\/\/www.ecoitaliano.com.ar\/index.php?rest_route=%2Fwp%2Fv2%2Fcomments&post=70255"}],"version-history":[{"count":1,"href":"https:\/\/www.ecoitaliano.com.ar\/index.php?rest_route=\/wp\/v2\/posts\/70255\/revisions"}],"predecessor-version":[{"id":70260,"href":"https:\/\/www.ecoitaliano.com.ar\/index.php?rest_route=\/wp\/v2\/posts\/70255\/revisions\/70260"}],"wp:attachment":[{"href":"https:\/\/www.ecoitaliano.com.ar\/index.php?rest_route=%2Fwp%2Fv2%2Fmedia&parent=70255"}],"wp:term":[{"taxonomy":"category","embeddable":true,"href":"https:\/\/www.ecoitaliano.com.ar\/index.php?rest_route=%2Fwp%2Fv2%2Fcategories&post=70255"},{"taxonomy":"post_tag","embeddable":true,"href":"https:\/\/www.ecoitaliano.com.ar\/index.php?rest_route=%2Fwp%2Fv2%2Ftags&post=70255"}],"curies":[{"name":"wp","href":"https:\/\/api.w.org\/{rel}","templated":true}]}}