{"id":70544,"date":"2025-04-02T07:24:58","date_gmt":"2025-04-02T07:24:58","guid":{"rendered":"https:\/\/www.ecoitaliano.com.ar\/?p=70544"},"modified":"2025-04-02T07:24:58","modified_gmt":"2025-04-02T07:24:58","slug":"al-giornalista-abruzzese-ennio-bellucci-lassosinderesi-award-2025","status":"publish","type":"post","link":"https:\/\/www.ecoitaliano.com.ar\/?p=70544","title":{"rendered":"AL GIORNALISTA ABRUZZESE ENNIO BELLUCCI L\u2019ASSOSINDERESI AWARD 2025"},"content":{"rendered":"\n<p><strong>Il premio per la Cultura etica conferito anche a Rosa Nicoletta Tomasone, Federica Lo Dato e Regina Resta<\/strong><\/p>\n\n\n\n<p><em>di Goffredo Palmerini<\/em><\/p>\n\n\n<div class=\"wp-block-image\">\n<figure class=\"aligncenter size-full\"><a href=\"http:\/\/www.ecoitaliano.com.ar\/wp-content\/uploads\/2025\/04\/Assosinderesi-Awards-5-aprile-2025.jpg\"><img decoding=\"async\" width=\"515\" height=\"540\" src=\"http:\/\/www.ecoitaliano.com.ar\/wp-content\/uploads\/2025\/04\/Assosinderesi-Awards-5-aprile-2025.jpg\" alt=\"\" class=\"wp-image-70545\" srcset=\"https:\/\/www.ecoitaliano.com.ar\/wp-content\/uploads\/2025\/04\/Assosinderesi-Awards-5-aprile-2025.jpg 515w, https:\/\/www.ecoitaliano.com.ar\/wp-content\/uploads\/2025\/04\/Assosinderesi-Awards-5-aprile-2025-286x300.jpg 286w, https:\/\/www.ecoitaliano.com.ar\/wp-content\/uploads\/2025\/04\/Assosinderesi-Awards-5-aprile-2025-143x150.jpg 143w\" sizes=\"(max-width: 515px) 100vw, 515px\" \/><\/a><\/figure><\/div>\n\n\n<div class=\"wp-block-group\"><div class=\"wp-block-group__inner-container is-layout-constrained wp-block-group-is-layout-constrained\">\n<figure class=\"wp-block-gallery has-nested-images columns-default is-cropped wp-block-gallery-1 is-layout-flex wp-block-gallery-is-layout-flex\">\n<figure class=\"wp-block-image size-large\"><a href=\"https:\/\/www.ecoitaliano.com.ar\/wp-content\/uploads\/2025\/04\/dr.Federica-Lo-Dato.jpg\"><img decoding=\"async\" width=\"768\" height=\"1024\" data-id=\"70546\" src=\"https:\/\/www.ecoitaliano.com.ar\/wp-content\/uploads\/2025\/04\/dr.Federica-Lo-Dato-768x1024.jpg\" alt=\"\" class=\"wp-image-70546\" srcset=\"https:\/\/www.ecoitaliano.com.ar\/wp-content\/uploads\/2025\/04\/dr.Federica-Lo-Dato-768x1024.jpg 768w, https:\/\/www.ecoitaliano.com.ar\/wp-content\/uploads\/2025\/04\/dr.Federica-Lo-Dato-225x300.jpg 225w, https:\/\/www.ecoitaliano.com.ar\/wp-content\/uploads\/2025\/04\/dr.Federica-Lo-Dato-1152x1536.jpg 1152w, https:\/\/www.ecoitaliano.com.ar\/wp-content\/uploads\/2025\/04\/dr.Federica-Lo-Dato-113x150.jpg 113w, https:\/\/www.ecoitaliano.com.ar\/wp-content\/uploads\/2025\/04\/dr.Federica-Lo-Dato.jpg 1434w\" sizes=\"(max-width: 768px) 100vw, 768px\" \/><\/a><\/figure>\n\n\n\n<figure class=\"wp-block-image size-large\"><a href=\"https:\/\/www.ecoitaliano.com.ar\/wp-content\/uploads\/2025\/04\/Ennio-Bellucci.jpg\"><img decoding=\"async\" width=\"434\" height=\"318\" data-id=\"70547\" src=\"https:\/\/www.ecoitaliano.com.ar\/wp-content\/uploads\/2025\/04\/Ennio-Bellucci.jpg\" alt=\"\" class=\"wp-image-70547\" srcset=\"https:\/\/www.ecoitaliano.com.ar\/wp-content\/uploads\/2025\/04\/Ennio-Bellucci.jpg 434w, https:\/\/www.ecoitaliano.com.ar\/wp-content\/uploads\/2025\/04\/Ennio-Bellucci-300x220.jpg 300w, https:\/\/www.ecoitaliano.com.ar\/wp-content\/uploads\/2025\/04\/Ennio-Bellucci-150x110.jpg 150w\" sizes=\"(max-width: 434px) 100vw, 434px\" \/><\/a><\/figure>\n\n\n\n<figure class=\"wp-block-image size-large\"><a href=\"https:\/\/www.ecoitaliano.com.ar\/wp-content\/uploads\/2025\/04\/Regina-Resta-Senato.jpg\"><img decoding=\"async\" width=\"996\" height=\"613\" data-id=\"70548\" src=\"https:\/\/www.ecoitaliano.com.ar\/wp-content\/uploads\/2025\/04\/Regina-Resta-Senato.jpg\" alt=\"\" class=\"wp-image-70548\" srcset=\"https:\/\/www.ecoitaliano.com.ar\/wp-content\/uploads\/2025\/04\/Regina-Resta-Senato.jpg 996w, https:\/\/www.ecoitaliano.com.ar\/wp-content\/uploads\/2025\/04\/Regina-Resta-Senato-300x185.jpg 300w, https:\/\/www.ecoitaliano.com.ar\/wp-content\/uploads\/2025\/04\/Regina-Resta-Senato-768x473.jpg 768w, https:\/\/www.ecoitaliano.com.ar\/wp-content\/uploads\/2025\/04\/Regina-Resta-Senato-150x92.jpg 150w\" sizes=\"(max-width: 996px) 100vw, 996px\" \/><\/a><\/figure>\n\n\n\n<figure class=\"wp-block-image size-large\"><a href=\"https:\/\/www.ecoitaliano.com.ar\/wp-content\/uploads\/2025\/04\/Rosa-Nicoletta-Tomasone.jpg\"><img decoding=\"async\" width=\"959\" height=\"1024\" data-id=\"70549\" src=\"https:\/\/www.ecoitaliano.com.ar\/wp-content\/uploads\/2025\/04\/Rosa-Nicoletta-Tomasone-959x1024.jpg\" alt=\"\" class=\"wp-image-70549\" srcset=\"https:\/\/www.ecoitaliano.com.ar\/wp-content\/uploads\/2025\/04\/Rosa-Nicoletta-Tomasone-959x1024.jpg 959w, https:\/\/www.ecoitaliano.com.ar\/wp-content\/uploads\/2025\/04\/Rosa-Nicoletta-Tomasone-281x300.jpg 281w, https:\/\/www.ecoitaliano.com.ar\/wp-content\/uploads\/2025\/04\/Rosa-Nicoletta-Tomasone-768x820.jpg 768w, https:\/\/www.ecoitaliano.com.ar\/wp-content\/uploads\/2025\/04\/Rosa-Nicoletta-Tomasone-141x150.jpg 141w, https:\/\/www.ecoitaliano.com.ar\/wp-content\/uploads\/2025\/04\/Rosa-Nicoletta-Tomasone.jpg 965w\" sizes=\"(max-width: 959px) 100vw, 959px\" \/><\/a><\/figure>\n<\/figure>\n<\/div><\/div>\n\n\n\n<p><strong>L\u2019AQUILA \u2013 Si terr\u00e0 il 6 aprile alle ore 16, in diretta Facebook e in presenza, la cerimonia di premiazione della terza edizione dell\u2019<\/strong><strong>Assosinderesi Awards<\/strong><strong>, originale Premio letterario che coniuga letteratura e cultura etica d\u2019impresa, distinguendosi per l\u2019attenzione alla solidariet\u00e0, ai valori umani, alla qualit\u00e0 delle relazioni interpersonali sul lavoro e nella societ\u00e0, all\u2019inclusione sociale delle persone con fragilit\u00e0. Una singolarit\u00e0 di armonia e gentilezza che s\u2019impersona in <\/strong><strong>Donatella Rampado<\/strong><strong> \u2013 formatrice, scrittrice, esperta in marketing e comunicazione, dirigente di risorse umane \u2013 che di <\/strong><strong>Assosinderesi<\/strong><strong> \u00e8 fondatrice e Presidente.<\/strong><\/p>\n\n\n\n<p><a><\/a> <strong>Sorriso accogliente e voce di velluto, <\/strong><strong>Donatella Rampado<\/strong><strong> \u00e8 manager d\u2019impresa a <\/strong><strong>Monza<\/strong><strong>, ma anche finissima operatrice culturale che attraverso l\u2019associazione ha operato una piccola rivoluzione, sin dal logo che stilizza una civetta, antico simbolo di conoscenza, saggezza e desiderio di condivisione, di capacit\u00e0 di guardare oltre, sapendo discriminare tra il bene e il male. Sicch\u00e9 <\/strong><strong>Assosinderesi<\/strong><strong> ha un <\/strong><strong><em>imprinting<\/em><\/strong><strong> inconfondibile, che evoca Bellezza, Cultura, Innovazione, Etica, Responsabilit\u00e0 e Sicurezza economica e sociale. Tutti campi nei quali l\u2019associazione \u00e8 impegnata, con le sue attivit\u00e0 culturali, sociali e solidaristiche. Valori etici che contrassegnano nel profondo gli <\/strong><strong>Assosinderesi Awards<\/strong><strong>, sia il Premio letterario che i Premi Speciali destinati a Personalit\u00e0 che si distinguono per il loro impegno nella promozione della Cultura etica nei contesti sociali dove operano, nei settori dell\u2019impresa, dell\u2019arte, delle professioni, della cultura e del sociale. <\/strong><strong><\/strong><\/p>\n\n\n\n<p><a><\/a> <strong>L\u2019edizione 2025 degli <\/strong><strong>Assosinderesi Awards<\/strong><strong> destina per la prima volta il prestigioso riconoscimento ad un abruzzese di vaglia, il giornalista ed operatore culturale <\/strong><strong>Ennio Bellucci<\/strong><strong>, per l\u2019ultraquarantennale attivit\u00e0 nel campo dell\u2019informazione e nella promozione dei valori etici in campo culturale. Giovanissimo c<\/strong>ollaboratore del quotidiano <em>\u00abil Messaggero\u201d, <\/em><strong>Bellucci<\/strong> \u00e8 stato per lunghi anni volto noto e brillante alla <strong>TGR Rai <\/strong>dell&#8217;Abruzzo, quindi ideatore e anima dell&#8217;affermato <strong>Premio Nazionale Pratola<\/strong>, quest&#8217;anno alla sua XVI edizione. Fondatore e direttore di emittenti radio private, di testate giornalistiche locali, \u00e8 poi stato autore e conduttore di programmi televisivi dapprima su reti private e poi a RAI Abruzzo. <strong>Ennio Bellucci<\/strong> si connota come un protagonista vivace e creativo nel panorama giornalistico e culturale abruzzese, e con il Premio Pratola in campo nazionale.&nbsp;Il riconoscimento che l&#8217;associazione <strong>Assosinderesi<\/strong> gli ha conferito va ad aggiungersi ai&nbsp;numerosi&nbsp;altri premi ricevuti in questi anni. Pu\u00f2 considerarsi come un tributo importante ad un professionista dell\u2019informazione e della cultura che si \u00e8&nbsp;costantemente distinto per qualit\u00e0 umane e morali, per seriet\u00e0, obiettivit\u00e0 ed impegno etico e sociale.<\/p>\n\n\n\n<p><em>\u00abUn Premio&nbsp;prestigioso ed inatteso \u2013 <\/em>ha cos\u00ec commentato <strong>Ennio Bellucci <\/strong>la notizia del conferimento<em> \u2013 che apprezzo molto e mi sento onorato di ricevere. Un importante segno di attenzione&nbsp;che arriva da lontano, da fuori della mia regione, e mi spinge ad un impegno maggiore. Ringrazio la Presidente dottoressa Donatella Rampado e le illustri personalit\u00e0 al vertice dell\u2019Associazione, in particolare il Vicepresidente arch. Rodolfo Vettorello, poeta insigne, e il Presidente onorario prof. Hafez Haidar, poeta e scrittore, docente universitario, due volte candidato al Premio Nobel per la Pace e la Letteratura.\u201d <\/em>La motivazione del Premio riportata sulla Targa cos\u00ec recita: <em>\u201cA Ennio Panfilo Bellucci, per l\u2019impegno nel promuovere Cultura etica viene conferito l\u2019Assosinderesi Award 2025\u201d.<\/em><\/p>\n\n\n\n<p>La terza edizione degli<strong> Assosinderesi Awards <\/strong>vede dunque tributare il Premio Speciale ad uno straordinario poker di Personalit\u00e0:<strong> Rosa Nicoletta Tomasone, Federica Lo Dato, Regina Resta<\/strong> e appunto<strong> Ennio Bellucci<\/strong>. Presidente del Centro Studi \u201cLuigi Einaudi\u201d diSan Severo, la<strong> prof. Rosa Nicoletta Tomasone<\/strong>, Grand\u2019Ufficiale al Merito della Repubblica Italiana, saggista e poeta, \u00e8 un\u2019eccellente operatrice culturale. Vicepresidente europea della rete di cooperazione dell\u2019Itinerario Culturale <em><strong>\u201cLe Vie di Carlo V\u201d<\/strong><\/em> e coordinatrice dell&#8217;itinerario in Italia, \u00e8 fondatrice e Presidente del <strong>Premio Nazionale di Giornalismo<\/strong> <strong>\u201cMaria Grazia Cutuli\u201d<\/strong>, giunto quest\u2019anno alla XXIV edizione. Numerosi i riconoscimenti che le sono stati conferiti in campo letterario e le onorificenze ricevute.<\/p>\n\n\n\n<p>La <strong>dr.<\/strong> <strong>Federica Lo Dato<\/strong>, bolognese, \u00e8 altra Personalit\u00e0 insignita di <strong>Assosinderesi Award 2025<\/strong>. Medico, psicoterapeuta, psicologa clinica, si occupa di assistenza psicologica in ambito oncologico da oltre vent\u2019anni presso l\u2019Ospedale Sant\u2019Orsola di <strong>Bologna<\/strong>. Tanatologa culturale, \u00e8 esperta nella gestione delle situazioni di crisi, lutto, trauma, comunicazione difficile e infausta non solo per pazienti e familiari, ma anche nell\u2019educazione psico-tanatologica degli operatori sanitari. Successivamente diventata ipnoterapeuta, attraverso le tecniche ipnotiche la <strong>dr. Lo Dato<\/strong> aiuta i pazienti a gestire meglio le sofferenze del corpo e della mente. Professionista eclettica e di grande talento, Federica Lodato \u00e8 molto attiva nell\u2019AIL di Bologna ed \u00e8 anche fortemente impegnata e richiesta come formatrice del personale sanitario e relatrice in convegni e seminari di studio del suo settore.<\/p>\n\n\n\n<p>Infine, altra illustre premiata \u00e8 <strong>Regina Resta<\/strong>. Impegnata in campo sociale nella Caritas, \u00e8 una straordinariae creativaoperatrice culturale. Poeta finissima e critica letteraria, la <strong>dr. Resta <\/strong>\u00e8 fondatrice e Presidente dell\u2019associazione internazionale <strong>VerbumlandiArt APS<\/strong>, fortemente attiva in campo letterario, artistico, nella tutela ambientale e nella promozione della legalit\u00e0, con iniziative di notevole valenza nazionale e internazionale, come Premi letterari e d\u2019Eccellenza, rassegne d\u2019arte, seminari e conferenze, missioni di scambio culturale con l\u2019estero. L\u2019associazione <strong>VerbumlandiArt<\/strong>, fortemente attenta alla questione femminile, promuove convegni ed incontri per la valorizzazione del ruolo della donna nella societ\u00e0 e in ogni campo di attivit\u00e0, com\u2019anche nella valorizzazione del patrimonio storico e artistico italiano. Numerosi i riconoscimenti e premi a <strong>Regina Resta<\/strong> per le sue opere, sillogi e saggi di critica letteraria, per la cultura e alla carriera.<\/p>\n\n\n\n<p>Dunque anche questa terza edizione del Premio potr\u00e0 chiudersi rafforzando il successo degli anni precedenti, con Personalit\u00e0 insignite di significativa caratura. Per quanto riguarda il Premio Letterario, i vincitori saranno annunciati solo nel corso della cerimonia di premiazione. <strong>Assosinderesi<\/strong>, nata nel 2019 come Community, \u00e8 un\u2019associazione in progressiva crescita. Ne sono soci artisti, imprenditori, liberi professionisti, dirigenti d\u2019azienda, intellettuali, tutti impegnati nel condividere esperienze e creare sinergie positive, promuovendo attraverso le attivit\u00e0 statutarie una cultura fondata sul business etico, sulla responsabilit\u00e0 sociale d\u2019impresa, sul welfare aziendale e sul networking. Visti i risultati raggiunti in un solo lustro dalla fondazione, Assosinderesi vede all\u2019orizzonte un futuro molto promettente.<\/p>\n","protected":false},"excerpt":{"rendered":"<p>Il premio per la Cultura etica conferito anche a Rosa Nicoletta Tomasone, Federica Lo Dato e Regina Resta di Goffredo [&hellip;]<\/p>\n","protected":false},"author":1,"featured_media":0,"comment_status":"open","ping_status":"open","sticky":false,"template":"","format":"standard","meta":{"footnotes":""},"categories":[2,10],"tags":[],"class_list":["post-70544","post","type-post","status-publish","format-standard","hentry","category-informacion","category-italiano"],"_links":{"self":[{"href":"https:\/\/www.ecoitaliano.com.ar\/index.php?rest_route=\/wp\/v2\/posts\/70544","targetHints":{"allow":["GET"]}}],"collection":[{"href":"https:\/\/www.ecoitaliano.com.ar\/index.php?rest_route=\/wp\/v2\/posts"}],"about":[{"href":"https:\/\/www.ecoitaliano.com.ar\/index.php?rest_route=\/wp\/v2\/types\/post"}],"author":[{"embeddable":true,"href":"https:\/\/www.ecoitaliano.com.ar\/index.php?rest_route=\/wp\/v2\/users\/1"}],"replies":[{"embeddable":true,"href":"https:\/\/www.ecoitaliano.com.ar\/index.php?rest_route=%2Fwp%2Fv2%2Fcomments&post=70544"}],"version-history":[{"count":1,"href":"https:\/\/www.ecoitaliano.com.ar\/index.php?rest_route=\/wp\/v2\/posts\/70544\/revisions"}],"predecessor-version":[{"id":70550,"href":"https:\/\/www.ecoitaliano.com.ar\/index.php?rest_route=\/wp\/v2\/posts\/70544\/revisions\/70550"}],"wp:attachment":[{"href":"https:\/\/www.ecoitaliano.com.ar\/index.php?rest_route=%2Fwp%2Fv2%2Fmedia&parent=70544"}],"wp:term":[{"taxonomy":"category","embeddable":true,"href":"https:\/\/www.ecoitaliano.com.ar\/index.php?rest_route=%2Fwp%2Fv2%2Fcategories&post=70544"},{"taxonomy":"post_tag","embeddable":true,"href":"https:\/\/www.ecoitaliano.com.ar\/index.php?rest_route=%2Fwp%2Fv2%2Ftags&post=70544"}],"curies":[{"name":"wp","href":"https:\/\/api.w.org\/{rel}","templated":true}]}}