{"id":70565,"date":"2025-04-02T13:34:13","date_gmt":"2025-04-02T13:34:13","guid":{"rendered":"https:\/\/www.ecoitaliano.com.ar\/?p=70565"},"modified":"2025-04-02T13:34:13","modified_gmt":"2025-04-02T13:34:13","slug":"il-premio-letteratura-ragazzi-presenta-il-ricco-e-originale-programma-della-sua-46-edizione-dal-6-al-10-maggio-cento-fe","status":"publish","type":"post","link":"https:\/\/www.ecoitaliano.com.ar\/?p=70565","title":{"rendered":"Il Premio Letteratura Ragazzi presenta il ricco e originale programma della sua 46\u00b0 edizione | Dal 6 al 10 maggio, Cento (FE)"},"content":{"rendered":"\n<figure class=\"wp-block-table alignleft\"><table><tbody><tr><td><img decoding=\"async\" src=\"https:\/\/ci3.googleusercontent.com\/meips\/ADKq_NbKQ12nIHZqrnml92SdzID4mA3u7Wo_OMkPBX95v7ucvBc_7uZpDVfeGfu_Omh7j4fSR5UwjS8Sw3_3GOKT795zvCtbh0qDlh65q0OAT0LYmlMrLjQrWa2z97A=s0-d-e1-ft#https:\/\/culturaliart.img.musvc2.net\/static\/91342\/images\/1\/libr(0).jpg\" width=\"90\" alt=\"\" height=\"auto\"><img decoding=\"async\" src=\"https:\/\/ci3.googleusercontent.com\/meips\/ADKq_NZmeKu-h1UW-4_sWXJfVOZ_JYF9WApYLbaFzB68aQmVzqN2IADeEbjbBouFdMSJJBPbWvUyg4grHmUEHyE8rIbOoTpwPvJFv8r3i0-Af115gcrh23vHh-3wpQlfXpMQVtPmeb-c=s0-d-e1-ft#https:\/\/culturaliart.img.musvc2.net\/static\/91342\/images\/1\/Senza%20titolo(9).jpg\" width=\"90\" alt=\"\" height=\"auto\"><strong>FESTIVAL del<br><\/strong><strong>PREMIO LETTERATURA RAGAZZI di Cento<br><\/strong><strong>46\u00b0 edizione<\/strong><strong>\u00abPremia chi scrive, vince chi legge!\u00bb<\/strong><img decoding=\"async\" src=\"https:\/\/ci3.googleusercontent.com\/meips\/ADKq_NYosXCdSzHm6gXTRkhAzrgHc3gun4ZjnZjwp6ErPZBSm5FVeDSgxOOSlUpnM6JI-fM8YDTBL3LGB0AwiWV2c7kISBptoCf4A09z62GZK7OYaDKBi_ZV7Gsnn8M=s0-d-e1-ft#https:\/\/culturaliart.img.musvc2.net\/static\/91342\/images\/1\/princip.jpg\" width=\"540\" alt=\"\" height=\"auto\"><strong>Dal 6 al 10 Maggio 2025<br><\/strong><strong>Cento (FE) \u2013 varie location<\/strong><a href=\"https:\/\/culturaliart.musvc2.net\/e\/tr?q=7%3dAVDX4%26G%3dB%26H%3d3XDc%26q%3dWKaBd%266%3dBvO1M_tvdt_5f_3uUu_Cj_tvdt_4k8Qy.K39oDzFgO59t65Ot635i6ATk.D5_LSxa_VHApMvD75n_K39oDz_FgO59t65Ot6_35i6ATk.C5G_tvdt_5kQ9uOtPcGP8kOtIp_MbwR_XO8gQCd4Z_3uUu_CZwOx_MqP37g_MbwR_XOHgR4FgO59t_MbwR_WGOvH_x9fD6G_tvdt_5ipGcDw_LSxa_V8P5G_e6xJcDrH_tvdt_5ix5kG6J%26f%3dH6Mx8C.HgO%26tM%3d3XCcB%26O4%3dVBWFd6eCU55c6leDV4%26C%3dK9BWEV5cGUfWm5dXEaBYmd3eqYBWoZ60D5eAnZcZE0g8G6fZm09dIV4bnU0eI74c&amp;mupckp=mupAtu4m8OiX0wt\" target=\"_blank\" rel=\"noreferrer noopener\"><\/a><a href=\"https:\/\/culturaliart.musvc2.net\/e\/tr?q=7%3dAVDX4%26G%3dB%26H%3d3XDc%26q%3dWKaBd%266%3dBvO1M_tvdt_5f_3uUu_Cj_tvdt_4k8Qy.K39oDzFgO59t65Ot635i6ATk.D5_LSxa_VHApMvD75n_K39oDz_FgO59t65Ot6_35i6ATk.C5G_tvdt_5kQ9uOtPcGP8kOtIp_MbwR_XO8gQCd4Z_3uUu_CZwOx_MqP37g_MbwR_XOHgR4FgO59t_MbwR_WGOvH_x9fD6G_tvdt_5ipGcDw_LSxa_V8P5G_e6xJcDrH_tvdt_5ix5kG6J%26f%3dH6Mx8C.HgO%26tM%3d3XCcB%26O4%3dVBWFd6eCU55c6leDV4%26C%3dK9BWEV5cGUfWm5dXEaBYmd3eqYBWoZ60D5eAnZcZE0g8G6fZm09dIV4bnU0eI74c&amp;mupckp=mupAtu4m8OiX0wt\" target=\"_blank\" rel=\"noreferrer noopener\"><strong>CARTELLA STAMPA<\/strong><\/a>Oggi alla Libreria Giannino Stoppani di Bologna si \u00e8 svolta la conferenza stampa della&nbsp;<strong>46\u00b0edizione<\/strong>&nbsp;del&nbsp;<strong>FESTIVAL DEL PREMIO LETTERATURA RAGAZZI \u2013&nbsp;<\/strong>ideato, organizzato, promosso e sostenuto dalla<strong>&nbsp;Fondazione Cassa di Risparmio di Cento&nbsp;<\/strong>in collaborazione con la Regione Emilia-Romagna, il Comune di Cento, IBBY e CEPEL \u2013<strong>&nbsp;che si terr\u00e0 dal 6 al 10 maggio 2025 a Cento (FE).<br><br><\/strong>Durante la conferenza sono intervenuti la titolare della libreria Giannino Stoppani e membro della Giuria Tecnica del PLR&nbsp;<strong>Silvana Sola<\/strong>, la Presidente Fondazione Cassa di Risparmio di Cento&nbsp;<strong>Raffaella Cavicchi,<\/strong>&nbsp;la Coordinatrice del Premio Letteratura Ragazzi&nbsp;<strong>Elena Melloni&nbsp;<\/strong>e&nbsp;<strong>Davide Bonazzi<\/strong>, Presidente del XXI Concorso per Illustratori del PLR.Noto come il pi\u00f9 longevo e ininterrotto tra i premi letterari italiani, anche per questa edizione il PLR ha in serbo un calendario<strong>&nbsp;di 5 giorni&nbsp;<\/strong>ricco di<strong>&nbsp;eventi&nbsp;<\/strong>dedicati ad un&nbsp;<strong>pubblico di ogni et\u00e0<\/strong>, con spettacoli e incontri con&nbsp;<strong>ospiti illustri<\/strong>&nbsp;che<strong>&nbsp;<\/strong>animeranno il centro storico della citt\u00e0, facendo confluire a Cento tantissimi ragazzi. Si susseguiranno:&nbsp;<strong>Lectio Magistralis<\/strong>,&nbsp;<strong>incontri&nbsp;<\/strong>con importanti e noti ospiti<strong>,&nbsp;<\/strong><strong>firmacopie&nbsp;<\/strong>con autori di libri<strong>, spettacoli, laboratori per ragazzi, gruppi di lettura,&nbsp;<\/strong><strong>proiezioni di film<\/strong>,&nbsp;<strong>mostre,&nbsp;<\/strong><strong>letture per bambini<\/strong>, e tanto altro.Durante la conferenza stampa,&nbsp;<strong>Raffaella Cavicchi<\/strong>, Presidente Fondazione Cassa di Risparmio di Cento, ha affermato:&nbsp;<em>\u201cIl Premio Letteratura Ragazzi rappresenta il fiore all\u2019occhiello della Fondazione Cassa di Risparmio di Cento \u2013\u2013 il sostegno e la promozione della lettura tra i pi\u00f9 giovani sono tra le priorit\u00e0 del Consiglio di Amministrazione. Crediamo molto nel valore aggiunto della continuit\u00e0 di un Premio tanto importante come questo, e ci impegneremo per non deludere le migliaia di ragazzi che ogni anno leggono i libri finalisti. Vogliamo dare la possibilit\u00e0 a sempre pi\u00f9 ragazzi di incontrare libri di buona qualit\u00e0, come compagni quotidiani, per farli innamorare della lettura.\u201d<\/em><strong>Elena Melloni<\/strong>, Coordinatrice del Premio Letteratura Ragazzi, ha inoltre sottolineato:&nbsp;<em>\u201cUn\u2019edizione importante che conferma la vocazione internazionale del nostro premio, ma allo stesso tempo felici di avere due autori italiani in finale: Flavio Soriga e Simona Baldelli. Per la prima volta nei libri finalisti compaiono temi di grande attualit\u00e0 come il cambiamento climatico e il matrimonio tra persone dello stesso sesso. Gli altri temi trattati vanno da esperienze di bullismo alla scoperta del coraggio di essere unici e diversi, all\u2019amore; dall\u2019amicizia tra una bambina e una signora anziana al viaggio, l\u2019empatia verso gli animali, la storia riscoperta attraverso la memoria, la malattia e la morte. Un esercito di 14.000 ragazzi sta leggendo i libri finalisti, e saranno loro a decretare la classifica finale. Questo succede solo al Premio Letteratura Ragazzi di Cento.\u201d<\/em>Il Premio Letteratura Ragazzi di Cento vanta una&nbsp;<strong>Giuria Popolare di oltre 14.000 ragazzi<\/strong>&nbsp;delle scuole di tutta Italia, da Palermo a Bolzano, con alcune classi di scuole italiane estere. Cinque giorni per rinnovare la gioia della lettura, trovare nuove motivazioni, confrontarsi con autori di fama internazionale, aprire lo sguardo e la mente verso un mondo ricco di stimoli culturali e ludici. Un coinvolgimento di ragazzi, insegnanti e famiglie, in uno scambio di idee, progetti e crescita personale.Nel corso della conferenza stampa sono stati presentati il format del Premio e le anticipazioni sul ricco e originale programma del Festival. Inoltre, sono stati annunciati il vincitore del&nbsp;<strong>Premio Narrativa Illustrata<\/strong>, i 3 finalisti del&nbsp;<strong>XXI Concorso per Illustratori<\/strong>&nbsp;del PLR e i 15 illustratori selezionati per la&nbsp;<strong>mostra degli Illustratori<\/strong>.Davide Bonazzi, Presidente del XXI Concorso per Illustratori del PLR, ha commentato:&nbsp;<em>\u201cLa qualit\u00e0 delle opere in concorso era molto alta e la selezione finale ha premiato quelle che si sono distinte per originalit\u00e0 e freschezza del linguaggio, cercando di dare conto della grande variet\u00e0 degli stili presenti. Poter scegliere tra tanta bellezza \u00e8 stata un\u2019esperienza stimolante e gratificante.\u201d<\/em>&nbsp;<strong>GLI EVENTI<\/strong>Il&nbsp;<strong>2025&nbsp;<\/strong>rappresenta un anno particolare, \u00e8&nbsp;<strong>STRATOPICO!<\/strong>Lo avete gi\u00e0 intuito, stiamo parlando di&nbsp;<strong>GERONIMO STILTON<\/strong>, che proprio a maggio di quest\u2019anno festeggia&nbsp;<strong>25 anni<\/strong>&nbsp;di grandi successi (Piemme editore). Un\u2019eccellenza italiana con numeri da record che ha raccolto l\u2019amore di milioni di ragazzi in tutto il mondo, grazie alle sue avventure al contempo buffe, intelligenti, spiritose, istruttive, divertenti. Il celebre topo giornalista arriver\u00e0 a Cento direttamente da Topazia, la capitale dell\u2019Isola dei topi. Insieme a Tea, sar\u00e0 infatti protagonista in questa edizione del FESTIVAL con l\u2019apertura ufficiale dedicata ai ragazzi: lo spettacolo di&nbsp;<strong>GERONIMO E TEA STILTON&nbsp;<\/strong>in programma&nbsp;<strong>MARTED\u00cc 6 MAGGIO alle ore 10.00<\/strong>, al Teatro Pandurera di Cento (ingresso gratuito, dedicato alle scuole primarie, per prenotazioni&nbsp;<a href=\"mailto:didattica@comunicamente.it\" target=\"_blank\" rel=\"noreferrer noopener\">didattica@comunicamente.it<\/a>). La festa prosegue in piazza Guercino, dove \u2013 dalle&nbsp;<em>ore 16.30 alle 18.15<\/em>&nbsp;\u2013&nbsp;<strong>GERONIMO E TEA<\/strong>&nbsp;saranno protagonisti di un&nbsp;<strong>pomeriggio dedicato ai bambini<\/strong>, i quali avranno l\u2019opportunit\u00e0 di scattare&nbsp;<strong>fotografie<\/strong>&nbsp;con i loro beniamini, e partecipare al&nbsp;<strong>firmacopie<\/strong>&nbsp;di vecchi e nuovi libri. Inoltre, sar\u00e0 possibile acquistare il&nbsp;<strong>libro celebrativo dei 25 anni<\/strong>, che verr\u00e0 presentato in tutta Italia proprio il 6 maggio. Evento a cura di&nbsp;<strong>ASCOM Confcommercio Ferrara&nbsp;<\/strong>e il<strong>&nbsp;Comitato Cento in Vetrina<\/strong>.In merito all\u2019evento,&nbsp;<strong>Silvia Pedriali<\/strong>, Presidente della delegazione Confcommercio nella Citt\u00e0 del Guercino ha commentato:<em>&nbsp;\u201c<\/em><em>Abbiamo pensato di far vivere il Festival anche in piazza Guercino, nel pomeriggio del 6 maggio, portando un personaggio tanto amato dai ragazzi come il famoso Geronimo Stilton. Un\u2019iniziativa che pu\u00f2 favorire i ragazzi e le loro famiglie a venire in centro e a poter conoscere e fruire di tutte le attivit\u00e0 economiche che lo arricchiscono. Crediamo che la collaborazione con questo importante Festival possa dare una visibilit\u00e0 positiva alla nostra comunit\u00e0, che \u00e8 sempre pi\u00f9 accogliente, tra arte, cultura, shopping e divertimento.\u201d<\/em><img decoding=\"async\" src=\"https:\/\/ci3.googleusercontent.com\/meips\/ADKq_Nb961Yv4EkeOncKQD7Mnbj7mWm7JkF8A6OI5N1bRVYfkvjk4eDr3_lkGJPquoBPx7cL0fHLtz-isQJaztUw9rTcWLbzNl_I4ViUFEWnvDrMomIlbkYL4Zg=s0-d-e1-ft#https:\/\/culturaliart.img.musvc2.net\/static\/91342\/images\/1\/gero.jpg\" width=\"270\" alt=\"\" height=\"auto\">A concludere la giornata di marted\u00ec&nbsp;<strong>6 MAGGIO<\/strong><em>&nbsp;<\/em>sar\u00e0 la<em>&nbsp;<strong>Lectio MAGISTRALIS<\/strong><\/em>&nbsp;del&nbsp;<strong>prof. PAOLO CREPET<\/strong>&nbsp;dal titolo&nbsp;<strong>PRENDETEVI LA LUNA<\/strong><em>,&nbsp;<\/em>in programma&nbsp;<em>alle ore 17.30<\/em>&nbsp;presso il Teatro Pandurera, un percorso in cui il noto psichiatra torna sui temi a lui pi\u00f9 cari, quali l&#8217;educazione, la scuola, la famiglia, con un intento chiaro: fornire uno strumento per orientarsi oltre la coltre di nubi che oscurano la luna, ovvero la&nbsp;<strong>speranza<\/strong>. Per questo dice ai giovani e anche a chi non lo \u00e8 pi\u00f9: prendetevi la luna.L\u2019evento \u00e8 offerto gratuitamente dalla Fondazione Cassa di Risparmio di Cento (prenotazione obbligatoria su:&nbsp;<a href=\"https:\/\/culturaliart.musvc2.net\/e\/tr?q=4%3dQWDUJ%26H%3dB%26E%3dIYDZ%267%3dXKXRe%266%3d9BP1J_0wdq_Kg_3rkv_Cg_0wdq_Jl8NE.A766PmI1Pp.0B_Nbth_XQ6_0wdq_Jlw6uPtF-57r0AP324E4-51-LlF4K-nIwLpK-BEnBwP4-RJeFWLbIVObCZ_0wdq_Kl6K5_OzL09p_Iiya_TVJpNAHpKBA3_Iiya_SNQ5D_5Ao0CI_3rkv_DewIl04_Nbth_XGLBI_n25Ll0yJ_3rkv_De57tCCL%26o%3dDCO74J.JpK%261O%3dBTJeK%26KA%3dXKSMfEaJWDaKXC%269%3dscl7PdKaMeJYPfp6xeB2s7lYM9C6wXH3Kbp3Lao3LYEWxelZNAB5PZJZv0n2ueFSQ7E6&amp;mupckp=mupAtu4m8OiX0wt\" target=\"_blank\" rel=\"noreferrer noopener\">https:\/\/www.eventbrite.it\/e\/<wbr>lectio-magistralis-di-paolo-<wbr>crepet-tickets-1295646857629<\/a>)<strong>MERCOLED\u00cc 7 MAGGIO.<\/strong>&nbsp;La seconda giornata del Festival inizia con due appuntamenti a partire&nbsp;<em>dalle 9.00<\/em>&nbsp;presso il Salone di Rappresentanza in Corso Guercino 32, dove si terr\u00e0 il primo degli incontri con l\u2019autore; i ragazzi delle scuole secondarie di I grado che hanno partecipato alla&nbsp;<strong>Giuria Popolare<\/strong>&nbsp;incontreranno&nbsp;<strong>SIMONA BALDELLI<\/strong>, autrice finalista con il libro \u201c<strong>Il ciambellano e il lupo\u201d&nbsp;<\/strong>illustrato da Francesco Chiacchio<strong>&nbsp;<\/strong>(Emons raga edizioni), un romanzo che intreccia vicende storiche, coraggio, amore e il passaggio dall\u2019infanzia alla vita adulta. Nel pomeriggio, i bambini dai 6 anni in su, saranno coinvolti in un momento di creativit\u00e0 e conoscenza, di sperimentazione, scoperta e autoapprendimento attraverso il gioco con due&nbsp;<strong>laboratori creativi<\/strong>&nbsp;sul metodo&nbsp;<strong>Munari<\/strong>.<img decoding=\"async\" src=\"https:\/\/ci3.googleusercontent.com\/meips\/ADKq_Na0DgCdBj02nNyEq1KDRgrHfmb_3pkSpoFm71ta9iRRP5iysZutMl9Y2clOaTryIrPnux2TEdafrKnYy64ZkKVyFf36m2Ath7keF553mKV-d43g3c_-N-Vq2w=s0-d-e1-ft#https:\/\/culturaliart.img.musvc2.net\/static\/91342\/images\/1\/libro1.jpg\" width=\"390\" alt=\"\" height=\"auto\"><strong>GIOVED\u00cc 8 MAGGIO.&nbsp;<\/strong>Il festival entra nel vivo con due degli incontri pi\u00f9 attesi dai Giurati pi\u00f9 piccoli: dalle&nbsp;<em>9.00 alle 10.00 e dalle 11.00 alle 12.00,<\/em>&nbsp;presso il Salone di Rappresentanza, si svolgeranno due sessioni di incontri con l\u2019autore del personaggio pi\u00f9 amato di questa edizione: il Signor Salsiccia, il piccolo riccio trovato da Nora, la bambina protagonista del libro finalista \u201c<strong>Signor Salsiccia<\/strong>\u201d di&nbsp;<strong>FLAVIO SORIGA<\/strong>, illustrato da Riccardo Atzeni (Bompiani editore). Contemporaneamente, si terranno altri due nuovi incontri con l\u2019autrice&nbsp;<strong>SIMONA BALDELLI<\/strong>.<img decoding=\"async\" src=\"https:\/\/ci3.googleusercontent.com\/meips\/ADKq_NYE4kPh7IHBt0ICD5i8mIGPqdLDXOv8TBLq6UlHtK3ZQx3y1PC0KdX2RhgycMVPmP1ziwy9K7y-nHlqWAkplCpEPcLQRC2ZYqT4l7ufZzScThZzOAjAaYxKSeUw7g=s0-d-e1-ft#https:\/\/culturaliart.img.musvc2.net\/static\/91342\/images\/1\/libro%202.jpg\" width=\"390\" alt=\"\" height=\"auto\"><strong>VENERD\u00cc 9 MAGGIO.&nbsp;<\/strong>La giornata di venerd\u00ec si apre<strong>&nbsp;<\/strong>con la replica degli incontri con<strong>&nbsp;FLAVIO SORIGA<\/strong>, autore del libro finalista \u201c<strong>Signor Salsiccia<\/strong>\u201d, dedicati ai bambini e ragazzi delle scuole primarie;&nbsp;<em>dalle 9.30 alle 11.30<\/em>, i ragazzi della scuola secondaria prenderanno parte al&nbsp;<strong>Laboratorio di illustrazione<\/strong>&nbsp;con l\u2019illustratrice&nbsp;<strong>ILARIA URBINATI<\/strong>. Sempre per rimanere nell\u2019ambito dell\u2019illustrazione, alle&nbsp;<em>ore 11.00<\/em>&nbsp;presso la Pinacoteca San Lorenzo avverr\u00e0 l\u2019<strong>inaugurazione<\/strong>&nbsp;della&nbsp;<strong>mostra<\/strong>&nbsp;di&nbsp;<strong>DAVIDE BONAZZI<\/strong>, Presidente del XXI Concorso per Illustratori del PLR, con intervista. Bonazzi presenter\u00e0 una selezione di 20 opere della produzione degli ultimi anni comprendente progetti personali, pubblicit\u00e0 e illustrazioni in collaborazione con quotidiani, riviste, libri italiani ed internazionali, per clienti quali The Wall Street Journal, Huffington Post, Science, Variety, Gatorade, UNESCO, Greenpeace, Die Zeit, The Telegraph, Einaudi, Rai Com.&nbsp;<em>Alle ore 11.00<\/em>,<em>&nbsp;<\/em>il festival fa<em>&nbsp;<\/em>un salto in Norvegia con la<em>&nbsp;<\/em><strong>Diretta streaming<\/strong>&nbsp;con<em>&nbsp;<\/em><strong>MARIA PARR<\/strong>, autrice finalista nella sezione scuola primaria con il libro \u201c<strong>Oscar e Io\u201d&nbsp;<\/strong>(Beisler editore).<img decoding=\"async\" src=\"https:\/\/ci3.googleusercontent.com\/meips\/ADKq_NYOsKXL1hM-aaugTRVQovsXd1Esj2p3iE8jvB9xD6b0uUpW5KQfh0TGjGv-Uq0R0qgEvW3j1dYmu0y3BsUz-F2ScrrqN5vFubJwObwHkozEk2GcHvdD57E8TrgtGg=s0-d-e1-ft#https:\/\/culturaliart.img.musvc2.net\/static\/91342\/images\/1\/libro%203.jpg\" width=\"390\" alt=\"\" height=\"auto\">Si prosegue<em>&nbsp;alle 14.00<\/em>&nbsp;con la diretta streaming dal MAIN (USA) nel Salone di Rappresentanza, dove i ragazzi potranno incontrare l\u2019autrice americana&nbsp;<strong>LOIS LOWRY<\/strong>, autrice finalista con il libro&nbsp;<strong>\u201cAlbero. Tavolo. Libro.\u201d<\/strong>&nbsp;L\u2019evento \u00e8 aperto ai Gruppi di Lettura, scolaresche e pubblico. A concludere questa splendida giornata di Festival, l\u2019incontro&nbsp;<em>delle 18.00<\/em>&nbsp;con&nbsp;<strong>ELISABETTA DAMI<\/strong>, autrice di Geronimo Stilton, intervistata dalla giornalista di TRC Bologna<strong>&nbsp;Mariangela Ciavarella<\/strong>. Insieme a lei ripercorreremo le tappe della sua carriera che l\u2019hanno portata ad essere l\u2019autrice di libri che hanno avvicinato alla lettura milioni di bambini in tutto il mondo. Per questo motivo, le sar\u00e0 consegnato un&nbsp;<strong>PREMIO dal PREMIO LETTERATURA RAGAZZI di Cento<\/strong>. Alle ore 21.00, presso il Cinema Teatro Don Zucchini, ci sar\u00e0 la proiezione del film d\u2019animazione&nbsp;<strong>IL MIO AMICO ROBOT<\/strong>&nbsp;di Pablo Berger, Spagna, Francia 2023 (ingresso gratuito).<img decoding=\"async\" src=\"https:\/\/ci3.googleusercontent.com\/meips\/ADKq_NbJZ7gyeKEzir-haTZ-RowQ5viK0ihWW1bYNuoqLLl3qIY1FhlfpZn1i9H7ApUVul5cNIiKwGKyPKWf_-k0EipVP7O19cZGGUEZby7NhP6vbJV00PWM0HZU5RLLnA=s0-d-e1-ft#https:\/\/culturaliart.img.musvc2.net\/static\/91342\/images\/1\/libro%204.jpg\" width=\"255\" alt=\"\" height=\"auto\"><img decoding=\"async\" src=\"https:\/\/ci3.googleusercontent.com\/meips\/ADKq_NbCgmx0CfKy-N22oIzf9l0nVefOPrPH9wStCjYp5XTMkIhCrXzew6Y3qGZWG0B2lfCdeBR50QbyBMP_2qvKNX4zGUZip0kerNFnxy9zLnpJSjwLSxLL1ko=s0-d-e1-ft#https:\/\/culturaliart.img.musvc2.net\/static\/91342\/images\/1\/tizi.jpg\" width=\"285\" alt=\"\" height=\"auto\"><strong>SABATO 10 MAGGIO<\/strong><strong>.&nbsp;<\/strong>Il Festival giunger\u00e0 al termine sabato 10 maggio, con la&nbsp;<strong>Cerimonia di Premiazione della 46\u00b0 edizione del PREMIO LETTERATURA RAGAZZI<\/strong>, in programma&nbsp;<em>alle ore 11.00<\/em>&nbsp;nel seicentesco Salone di Rappresentanza CREDEM, dove verr\u00e0 svelata la graduatoria finale dei libri finalisti, grazie ai voti della Giuria Popolare, la quale potr\u00e0 votare tramite il portale del Premio fino alle 13.00 di venerd\u00ec 9 maggio.A chiudere le attivit\u00e0 di questa edizione del FESTIVAL, la proiezione di di&nbsp;<strong>Fantastic Mr. Fox<\/strong>, il grande film d\u2019animazione di Wes Anderson, con George Clooney e Meryl Streep, candidato a 2 premi Oscar e 1 Golden Globe, in programma alle 21.00 presso il Cinema Don Zucchini. Tratto da un racconto di Roald Dahl, il film racconta le avventure di alcuni contadini affamati che, stanchi di dividere i loro polli con una furba volpe, cercano in tutti i modi di liberarsi del loro avversario e della sua famiglia.Per maggiori informazioni e dettagli sugli eventi visita il sito&nbsp;<a href=\"https:\/\/culturaliart.musvc2.net\/e\/tr?q=4%3dTTFUM%26E%3dD%26E%3dLVFZ%260%3dUMXUb%268%3d9EM3_Ilvc_TV_Kdtk_US_Ilvc_SaP0N.AKrD4Hy6EMrIvM8IvKn8vSC0.4M_5rns_Eg_Ctfq_Ni8K8_L2LC6r_Ilvc_TYGrNDErKE85_Ilvc_SQN7D_88q0FF_5rns_FezFn07_Kdtk_UILEF_p28In02G_5rns_Fe84vCFI%26q%3dDFL94M.GrK%264L%3dDTMbM2v4n%26KD%3dUMSPcGaMTFaNUE%269%3dT6MaLZF6SXEZNUE6PWFZQYEVLWMVzaERyar2U6rRU8oRP8p4Q9oZwXHVNWsSvToV&amp;mupckp=mupAtu4m8OiX0wt\" target=\"_blank\" rel=\"noreferrer noopener\">www.premioletteraturaragazzi.<wbr>it<\/a>.<strong>INFORMAZIONI UTILI<\/strong>TITOLO:&nbsp;<strong>FESTIVAL DEL PREMIO LETTERATURA RAGAZZI 46\u00b0 edizione<\/strong>QUANDO:&nbsp;<strong>dal 6 al 10 maggio 2025<\/strong>DOVE:&nbsp;<strong>Cento (FE) \u2013 varie location:<\/strong><strong>Salone di Rappresentanza CREDEM&nbsp;<\/strong>\u2013 via Guercino, 32<strong>Teatro Pandurera&nbsp;<\/strong>\u2013<strong>&nbsp;<\/strong>via Venticinque Aprile, 11<strong>Cinema Don Zucchini&nbsp;<\/strong>\u2013 Corso del Guercino, 19<strong>&nbsp;<\/strong><strong>TUTTI GLI EVENTI SONO GRATUITI<\/strong><strong>&nbsp;<\/strong><strong>PER LE SCUOLE CHE VORRANNO PARTECIPARE \u00c8 NECESSARIA LA PRENOTAZIONE SCRIVENDO A&nbsp;<\/strong><a href=\"mailto:didattica@comunicamente.it\" target=\"_blank\" rel=\"noreferrer noopener\">didattica@comunicamente.it<\/a><strong>&nbsp;<\/strong><strong>CONTATTI<\/strong>SITO:&nbsp;<a href=\"https:\/\/culturaliart.musvc2.net\/e\/tr?q=9%3dBYQZ5%26J%3dO%26J%3d4aQe%26r%3dZXcCg%26I%3dDwRDO_uyqv_6i_FwVx_Pl_uyqv_5nKSz.NFApGCHhRHAu9HQu9F7j9NVl.GH_NT1n_XI_PoyS_adQwK_GKxP1A_uyqv_6lBAzQ0AwR3N_uyqv_5dIPp_K30lSA_NT1n_YGCA7lJ_FwVx_PbxRA_9dKD7lEB_NT1n_YGKyEoSD%260%3dpSGRfZ.BAw%26GG%3dW6ZW7d9yf%26wQ%3dPf5cXZCZOYCaPX%26k%3dCWaeh398fRcgfXa7dUYBZWY0ZQB7fOceh1cigzW0Y3WfbOXBaz09dP00Bydf9QB5&amp;mupckp=mupAtu4m8OiX0wt\" target=\"_blank\" rel=\"noreferrer noopener\">https:\/\/www.<wbr>premioletteraturaragazzi.it\/<\/a>MAIL:&nbsp;<a href=\"mailto:info@premioletteraturaragazzi.it\" rel=\"noreferrer noopener\" target=\"_blank\">info@premioletteraturaragazzi.<wbr>it<\/a>FACEBOOK:&nbsp;<a href=\"https:\/\/culturaliart.musvc2.net\/e\/tr?q=3%3dBTCT5%26E%3dA%26D%3d4VCY%26r%3dUJWCb%265%3d8wMzI_utcp_6d_2qVs_Bf_utcp_5i7Mz.9k3h5yEn.6yC_utcp_5izHhFsEo84JhKkJxKkHd0kP3Bm5qMy_HTvZ_RI_KasS_VPKwF_3ExKm5_utcp_6gx5zLv5wMoH_utcp_5Y5Jp_Fo4lNw_HTvZ_SG8w1lE_2qVs_BVxMw_3dFz1l0x_HTvZ_SGFk9oNz%264%3dpN3LfU.x5w%26B3%3dQ6UIZ%26wL%3dBZ5XJTCUASCVBR%26k%3dYJ56Vk26WC3hbFRi8nRATGVBTCXdZk3AYJQCbp48XFYi8IRh1d4k6k2CZm4CYk50bGYg&amp;mupckp=mupAtu4m8OiX0wt\" target=\"_blank\" rel=\"noreferrer noopener\">https:\/\/www.facebook.com\/<wbr>premioletteraturaragazzicento\/<\/a>INSTAGRAM:&nbsp;<a href=\"https:\/\/culturaliart.musvc2.net\/e\/tr?q=3%3dGX5T0%26I%3d3%26D%3d9Z5Y%26w%3dYBWHf%26w%3d82QrI_zxUp_Ah_tqaw_4f_zxUp_0myM5.FpI28iHiJ.eEu_OSsX_YHFzBo9wIgJ2Bt12Rt1z8i18Wk_HYzR_RN_OSsX_ZHK2J_uE3Oe5_zxUp_Akp55Pn52QgH_zxUp_0cwJu_Jg4qRo_HYzR_SLBo1qI_tqaw_4V3Qo_3iJr1qDp_HYzR_SLJc9tRr%264%3duRuLkY.p52%26Fu%3dQAYAZ%262P%3d4Z0bBTHY3SHZ4R%26p%3d8B4l0gR0gBYE992BddQAXdTm0e509BVigdSmZfRHchUHg3VmddTj1i8cac1lf3WHa7XF&amp;mupckp=mupAtu4m8OiX0wt\" target=\"_blank\" rel=\"noreferrer noopener\">https:\/\/www.instagram.com\/<wbr>premioletteraturaragazzi\/<\/a>TWITTER:&nbsp;<a href=\"https:\/\/culturaliart.musvc2.net\/e\/tr?q=6%3dQYEWJ%26J%3dC%26G%3dIaEb%267%3dZLZRg%267%3dABR2L_0yes_Ki_4tkx_Di_0yes_Jn0.67K_4tkx_DihPqF1MPB_0yes_Kn7M5_Q1N0Aq_Ki1b_VVLqPAJqMBC4_Ki1b_UNS6F_5CpBCK_4tkx_EgwKmB4_Pcvh_ZHNBK_o45NmByL_4tkx_Eg59uECN%26p%3dFCQ86J.LqM%261Q%3dCVJgL%26MA%3dZLUMhFcJYEcKZ4s9mD%26A%3dxhq6NYKWL9m8wcG9tcD7thoZJcFVOZr9scn4Igm9vCJZvdnaJeoYKhnZJCm5ucG6&amp;mupckp=mupAtu4m8OiX0wt\" target=\"_blank\" rel=\"noreferrer noopener\">https:\/\/x.com\/PremioDi<\/a><a href=\"https:\/\/culturaliart.musvc2.net\/e\/tr?q=9%3dBR8Z5%26C%3d6%26J%3d4T8e%26r%3dSEcCZ%26z%3dDwKuO_urXv_6b_wwVq_7l_urXv_5g2Sz.7f9h3tKn.4tI_urXv_5guNhDnKo6yPhIfPxIfNd8fV30hAqKt_NTtU_XI_IVyS_TKQwD_xKxIhA_urXv_6esAzJqAwKjN_urXv_5WzPp_Dj0lLr_NTtU_YG6r7lC_wwVq_7bxKr_9dDu7l8s_NTtU_YGDfEoLu%260%3dpLxRfS.sAw%260x%3dW6SDf%26wJ%3d7f5VEZCS6YCT7X%26k%3dWEA6Tf86U89hZAXi6iXARBbBR8ddXf9AWEWCZk08VAei6DXh7d2f4f8CXh0CWfA0ZBeg&amp;mupckp=mupAtu4m8OiX0wt\" target=\"_blank\" rel=\"noreferrer noopener\"><\/a><a href=\"https:\/\/culturaliart.musvc2.net\/e\/tr?q=6%3dIQJWB%26B%3dH%26G%3dASJb%26y%3dRQZJY%26B%3dA4J7L_2qjs_Ca_9tcp_Ii_2qjs_BfE.6yC_9tcp_IiZHvFsEUB_2qjs_CfBMw_I6N23v_Kasg_VNDvP3BvM459_Kasg_UFKAF_w5uB5C_9tcp_JgoCrBv_HhvZ_RMN4C_t4wFrBqD_9tcp_Jgw1zE5F%26u%3dF5IC6B.DvM%26sI%3dHVBYQ%26M3%3dRQUEZKcBQJcCR4k1rI%26A%3dpZv6FQPWD1r8oUL9lUI7lZtZBUKVGRw9kUs4AYr9n5OZnVsaBWtYCZsZB5r5mUL6&amp;mupckp=mupAtu4m8OiX0wt\" target=\"_blank\" rel=\"noreferrer noopener\"><\/a><a href=\"https:\/\/culturaliart.musvc2.net\/e\/tr?q=5%3dAQLV4%26B%3dJ%26F%3d3SLa%26q%3dRSYBY%26D%3d0vJ9K_tqlr_5a_AsUp_Kh_tqlr_4fFOy.97Kv1zJcC.vGo_HjuR_RYHt56AqBxLv5A3vKA3t1z32P2_JSsi_TH_HjuR_SYMvC_BGwHv7_tqlr_5d77yI57vJxJ_tqlr_4VDLo_Cx6kK6_JSsi_UF563kB_AsUp_KXwJ6_5cC93k77_JSsi_UFCtAnK9%266%3doKBNeR.77v%269B%3dS5RRb%26vI%3dKb4USVBRJUBSKT%26j%3d1S6f3xT4ZSa92P46WuS5QuVg3v742SXcZuUgSwTBVyWBZJXgWuVd3c1tTt3fYJYBTNZ0&amp;mupckp=mupAtu4m8OiX0wt\" target=\"_blank\" rel=\"noreferrer noopener\"><\/a><a href=\"mailto:info@premioletteraturaragazzi.it\" target=\"_blank\" rel=\"noreferrer noopener\"><\/a><a href=\"https:\/\/culturaliart.musvc2.net\/e\/tr?q=5%3dTX3VM%26I%3d1%26F%3dLZ3a%260%3dY0YUf%26u%3d0EQpK_CxSr_Nh_rsnw_2h_CxSr_MmwOH.Mr78FoDzQt7C8tMC8r328zR4.Ft_JlzP_Ta_OQuk_ZFMEJ_sGFOc7_CxSr_Nkn7HPl7EQeJ_CxSr_McuL8_Je64Rm_JlzP_UYBm34I_rsnw_2XFQm_5vJp34Dn_JlzP_UYJaA7Rp%266%3d8RsNxY.n7E%26Fs%3dSNY93v8ab%26EP%3d2bMb0VUY1UUZ2T%263%3dB9Wwge5Pe4Yye0WOc7UTY9URY38Oe1YwgcY1fbSRXeSxa1TTZb6Qc26RAaZx838M&amp;mupckp=mupAtu4m8OiX0wt\" target=\"_blank\" rel=\"noreferrer noopener\"><\/a>\u200a<a href=\"https:\/\/culturaliart.musvc2.net\/e\/tr?q=3%3dRR3TK%26C%3d1%26D%3dJT3Y%268%3dS0WSZ%26u%3d8CKp_HjtP_ST_IQsi_SF_HjtP_RYNwM.vLlJDIaB22rJ.vFm_HjtP_RY_IQsi_TFKCD_sEDIc5_ArSp_Len5FJl5CKeH_ArSp_KWuJ6_De42Lm_HjtP_SW6m12C_rqlq_2VDKm_3tDp128n_HjtP_SWDa95Lp%264%3d6LsLvS.n5C%260s%3dQLS9Z%26CJ%3d2ZKV0TS1t2aS1SST2R%261%3dWaYKS81OS3RNSd3J561O7c2OUaZSW3VwSdUt6dZM72Sw23WLX3QM6eSyT9YQZb1y&amp;mupckp=mupAtu4m8OiX0wt\" target=\"_blank\" rel=\"noreferrer noopener\"><\/a><strong>UFFICIO STAMPA: CULTURALIA DI NORMA WALTMANN<\/strong><strong>&nbsp;<\/strong>Tel +39 051 6569105 \u2013 Mob +39 392 2527126 &nbsp;&nbsp;&nbsp;&nbsp;&nbsp;&nbsp;&nbsp;&nbsp;&nbsp;&nbsp;&nbsp;&nbsp;&nbsp;&nbsp;&nbsp;&nbsp;&nbsp;&nbsp;&nbsp;&nbsp;&nbsp;&nbsp;&nbsp;&nbsp;&nbsp;&nbsp;&nbsp;&nbsp;&nbsp;email:&nbsp;<a href=\"mailto:info@culturaliart.com\" rel=\"noreferrer noopener\" target=\"_blank\">info@culturaliart.com<\/a>web:&nbsp;<a href=\"https:\/\/culturaliart.musvc2.net\/e\/tr?q=9%3dOQJZH%26B%3dH%26J%3dGSJe%265%3dRQcPY%26B%3dD0J7_Ngsg_YQ_Hhyf_RW_Ngsg_XVMDS.sK3PAHrHy19P.sE4_Ngsg_XV_Hhyf_SWQ0C_0KAHtA_8qjv_Id5ACI3A0JvN_8qjv_HVBP3_Cv0yK4_Ngsg_YT547yB_9wip_IbAJ4_9qC77y75_Ngsg_YTCrE2K7%260%3d3K0RsR.5A0%2690%3dWIRPf%260I%3dIfHUQZP7q1rRHYPSIX%26x%3dVreHRO7LRJXKRu9G4M7L6t8LTrfPVJbtRuaq5ufJ6IYt1JcIWJWJ5vYvSPeNYs7v&amp;mupckp=mupAtu4m8OiX0wt\" rel=\"noreferrer noopener\" target=\"_blank\">www.culturaliart.com<\/a>Facebook:&nbsp;<a href=\"https:\/\/culturaliart.musvc2.net\/e\/tr?q=9%3dMR5ZF%26C%3d3%26J%3dET5e%263%3dSBcNZ%26w%3dD8KrO_6rUv_Gb_twgq_4l_6rUv_FgySA.7c9s3qKy.4qI_6rUv_FgEQzKwNoCk7_6rUv_GgwP1_JqQ64g_NetR_YREgS7CgP86t_NetR_XJLvI_16fE9D_twgq_5jsDcEz_ISyd_S8Q8D_e71GcEuE_twgq_5j12kH9G%26f%3dI9Jx9F.EgP%26wJ%3d3YFZB%26P7%3d7o2cSBXIa6fFR5fGS4%26D%3dH5fYGa7YNTAbLVeWHaAXsX4co3g0LVedMVe7K36ZMT0Zt7Aar7BaF24cp46asRBe&amp;mupckp=mupAtu4m8OiX0wt\" rel=\"noreferrer noopener\" target=\"_blank\">Culturalia<\/a>&nbsp;Instagram:&nbsp;<a href=\"https:\/\/culturaliart.musvc2.net\/e\/tr?q=5%3dKQDVD%26B%3dB%26F%3dCSDa%261%3dRKYLY%266%3d06J1K_4qdr_Ea_3sep_Ch_4qdr_Df8O9.9yK61rJmC.nGy_Hbub_RQ57B5M41wAm_3zE7Dt5mHp_34Jp_Jcsa_URK5E_5E6Jo5_3sep_Dfz58Kx55LqH_3sep_CX7Jx_Eq4tMy_Hbub_SO7y1tD_4qdr_DV6Ly_3lE21t9z_Hbub_SOEm9wM2%264%3dxM5LnT.z55%26A5%3dQDTKZ%265K%3dDZCWLTKTCSKUDR%26s%3d7EWF4C4GaDSJVJQEbDYnSGTJ4KUH3I4DZqZKVoSCWp5l5JTnXKUp3FUlWI3m1l4nWK6D&amp;mupckp=mupAtu4m8OiX0wt\" rel=\"noreferrer noopener\" target=\"_blank\">Culturalia_comunicare_arte<\/a>LinkedIn:&nbsp;<a href=\"https:\/\/culturaliart.musvc2.net\/e\/tr?q=0%3dBV3a5%26G%3d1%26K%3d4X3f%26r%3dW0dCd%26u%3dEwOpP_uvSw_6f_rxVu_2m_uvSw_5kwTz.GiKn0dFq.8oJ_uvSw_5kcLpKaK2_MQzS_WF0xGtRu6lFd-9i-KrMm8-z6lQp6nK_uvSw_5k_rxVu_3mxOm_PrPr0h_MQzS_XDKhRsIhOtBu_MQzS_W6RwH_mBgDuJ_uvSw_6ieJdDl_OTxP_Y9PtJ_f6mMdDgK_uvSw_6im8lGuM%26g%3dHuPy82.KhO%26iP%3d4X2fC%26Os%3dYCW5g7e2X6e3Y5%26C%3d0d4WeY5W4cid8cgA0Yee8CgVbCde30074d8d6af88f8a7Bg9aaBYed50eB7ZcX4YfXf0&amp;mupckp=mupAtu4m8OiX0wt\" rel=\"noreferrer noopener\" target=\"_blank\">Culturalia di Norma Waltmann&nbsp;&nbsp;<\/a>YouTube:&nbsp;<a href=\"https:\/\/culturaliart.musvc2.net\/e\/tr?q=9%3dCQAZ6%26B%3d9%26J%3d5SAe%26s%3dRHcDY%263%3dDxJxO_vqav_7a_zwWp_0l_vqav_6f5S1.OwQxKjA.gEu_NUsX_XJ3p7rDmH_vqav_6fcihz3F9-H-Y_wBqhQn95f_-E_HYyT_SNQxC_1KyHkA_vqav_7dvA1ItAxJmN_vqav_6V3Pq_Cm0mKu_NUsX_YH5u7mB_zwWp_0byJu_9eCx7m7v_NUsX_YHCiEpKx%260%3dqK1RgR.vAx%2691%3dW7RGf%26xI%3d0f6UHZDR9YDS0X%26l%3dYm0C3nahTmX8XAf51EYgZkB6ZibC3BbeQA9eWm795EdDRA07e1ihVD0940c8WDWgWHAA&amp;mupckp=mupAtu4m8OiX0wt\" rel=\"noreferrer noopener\" target=\"_blank\">Culturalia<\/a>TikTok:&nbsp;<a href=\"https:\/\/culturaliart.musvc2.net\/e\/tr?q=4%3dEWQU8%26H%3dO%26E%3d7YQZ%26u%3dXXXFe%26I%3d9zPDJ_xwqq_9g_FrYv_Pg_xwqq_8lKN3.P7BzK9.4uI_FrYv_Pg_xwqq_0f1LrPIIgH72xP_FrYv_Qg_z_NotV_Yb1T-dIDrUZZucur_xwqq_8b_F_IWyn_TJW_FrYv_PW1PA_JuQF4k_NotV_YbEkSGCkPH6x_NotV_XTLzI_A6jEID_xwqq_9j3DgE0_IWyn_SBQHD_i7AGgE5E_xwqq_9jA2oHIG%26j%3dIIJ29P.EkP%267J%3d7YPZF%26PG%3dSFXSa0fPR9fQS8%26D%3dU7kZWTlbO3FcyaFZ2g7yRTFATYjXV2gBOSEfPUBd34BZQ778W39cQ3kZz5B04Rk8WYhZ&amp;mupckp=mupAtu4m8OiX0wt\" rel=\"noreferrer noopener\" target=\"_blank\">Culturaliart<\/a>&nbsp;<a href=\"https:\/\/culturaliart.musvc2.net\/e\/tr?q=3%3dKS8TD%26D%3d6%26D%3dCU8Y%261%3dTEWLa%26z%3d86Lu_HcuU_SM_JVsb_TK_HcuU_RRO2M.oMqJ7JfBu3wJ.oGr_HcuU_RR_JVsb_UKK6E_xE7Jh5_4sXp_Efs59Kq56LjH_4sXp_DXzJy_Ej4uMr_HcuU_SP7r1uD_wqer_7V7Lr_3mEu1u9s_HcuU_SPEf9xMu%264%3dyMxLoT.s56%26Ax%3dQETDZ%266K%3d7ZDWETL1m3fT6SLU7R%26t%3dXfYDTC1HT8RGTi3C6A1H8h2HVfZLX8VpTiUm7iZF87Sp38WEY8QF7jSrUDYJag1r&amp;mupckp=mupAtu4m8OiX0wt\" target=\"_blank\" rel=\"noreferrer noopener\"><\/a><a href=\"https:\/\/culturaliart.musvc2.net\/e\/tr?q=8%3dSQFYL%26B%3dD%26I%3dKSFd%269%3dRMbTY%268%3dCDJ3N_Bqfu_Ma_5vmp_Ek_Bqfu_Lf0RG.6n8y22J5.32H_Bqfu_LfPP6J8MuBv6_Bqfu_Lf_5vmp_FkEJz_N9K58y_Hdxj_SQIyM6GyJ70B_Hdxj_RIPDC_z0x98H_Bqfu_MdrHu9y_Mksc_WPK7H_w1zKu9tI_Bqfu_Mdz63B8K%26x%3dC8NF3E.IyJ%26vN%3dK6u1nSEdT%26J6%3dWTRHeNZEVMZFWL%268%3drZxWJXLQpeLWsVL4qXy5DaPTq6u5n8u4r7OUKAxTsXvUEcK1DeSUnWKUqduTHbwV&amp;mupckp=mupAtu4m8OiX0wt\" target=\"_blank\" rel=\"noreferrer noopener\"><\/a><a href=\"https:\/\/culturaliart.musvc2.net\/e\/tr?q=8%3dTX5YM%26I%3d3%26I%3dLZ5d%260%3dYBbUf%26w%3dCEQrN_CxUu_Nh_tvnw_4k_CxUu_MmyRH.FpNE8iMvJ.eJ8_OSxk_YH8FIvPC8nDv_0qHFKk8vOg_6CQg_MlzR_Wa_OSxk_ZHPEJ_uJFOe0_CxUu_Nkp0HPn0EQgM_CxUu_McwO8_Jg94Ro_MlzR_XYBo64I_tvnw_4aFQo_8vJr64Dp_MlzR_XYJcD7Rr%269%3d8RuQxY.p0E%26Fu%3dVNYAe%26EP%3d4eMbBYUY3XUZ4W%263%3de38O0h9MZh9vcg0M9fcNA3VUeeXzZ0ALg3axX071ecZRb6bPf86v8cV1AgXUe0awgh6Q&amp;mupckp=mupAtu4m8OiX0wt\" target=\"_blank\" rel=\"noreferrer noopener\"><\/a><a href=\"https:\/\/culturaliart.musvc2.net\/e\/tr?q=3%3dIUNTB%26F%3dL%26D%3dAWNY%26y%3dVUWJc%26F%3d84NAI_2unp_Ce_Cqct_Mf_2unp_BjHM7.F4Du9y9x.70C_2unp_BjxEwJvD9_LlsZ_Va35FEK2579k-84-DyL81-757Jw59D_2unp_Bj_Cqct_Nf5N8_IyOC3o_LlsZ_WYDoQDBoNE52_LlsZ_VQK4G_85nCFC_2unp_ChzCkC7_Hawk_RFOEC_m58FkC2D_2unp_Ch81sFFF%26n%3dGFI67M.DoN%264I%3dAWMYJ%26ND%3dRJVPZDdMQCdNRB%26B%3dUWAVzRBVOVpcSVn0URldS6nUw6kdN3G6OW1k5vm7SYEZR5n8vTIXzWB9z5DYxQAX1Qm9&amp;mupckp=mupAtu4m8OiX0wt\" target=\"_blank\" rel=\"noreferrer noopener\"><\/a><a href=\"https:\/\/culturaliart.musvc2.net\/e\/tr?q=5%3dUUKVN%26F%3dI%26F%3dMWKa%26A%3dVRYVc%26C%3d0FN8K_Dukr_Oe_0sot_Jh_Dukr_NjEOI.S7MFOt7.yI5_Jmwh_Tb7z30HwD_Dukr_Njmez4CBQ-L-i_sTurM6CEb_-W_Liul_WXMFG_AGGLu7_Dukr_Oh67IM47FNwJ_Dukr_NZCL9_Gw65O5_Jmwh_UZ9535F_0sot_JXGN5_5wG835A6_Jmwh_UZGsA8O8%266%3d9OANyV.67F%26CA%3dSOVQb%26FM%3dJbNYRVVVIUVWJT%264%3dcw6U7xWzXwTPbKbM5OUydu8NdsXU7LXwUK5waw3Q9OZVVK63w5szZN6Q8JYPaNSyaR7S&amp;mupckp=mupAtu4m8OiX0wt\" target=\"_blank\" rel=\"noreferrer noopener\"><\/a><\/td><\/tr><\/tbody><\/table><\/figure>\n","protected":false},"excerpt":{"rendered":"<p>FESTIVAL delPREMIO LETTERATURA RAGAZZI di Cento46\u00b0 edizione\u00abPremia chi scrive, vince chi legge!\u00bbDal 6 al 10 Maggio 2025Cento (FE) \u2013 varie [&hellip;]<\/p>\n","protected":false},"author":1,"featured_media":0,"comment_status":"open","ping_status":"open","sticky":false,"template":"","format":"standard","meta":{"footnotes":""},"categories":[10,22],"tags":[],"class_list":["post-70565","post","type-post","status-publish","format-standard","hentry","category-italiano","category-libros-y-revistas-literatura"],"_links":{"self":[{"href":"https:\/\/www.ecoitaliano.com.ar\/index.php?rest_route=\/wp\/v2\/posts\/70565","targetHints":{"allow":["GET"]}}],"collection":[{"href":"https:\/\/www.ecoitaliano.com.ar\/index.php?rest_route=\/wp\/v2\/posts"}],"about":[{"href":"https:\/\/www.ecoitaliano.com.ar\/index.php?rest_route=\/wp\/v2\/types\/post"}],"author":[{"embeddable":true,"href":"https:\/\/www.ecoitaliano.com.ar\/index.php?rest_route=\/wp\/v2\/users\/1"}],"replies":[{"embeddable":true,"href":"https:\/\/www.ecoitaliano.com.ar\/index.php?rest_route=%2Fwp%2Fv2%2Fcomments&post=70565"}],"version-history":[{"count":1,"href":"https:\/\/www.ecoitaliano.com.ar\/index.php?rest_route=\/wp\/v2\/posts\/70565\/revisions"}],"predecessor-version":[{"id":70566,"href":"https:\/\/www.ecoitaliano.com.ar\/index.php?rest_route=\/wp\/v2\/posts\/70565\/revisions\/70566"}],"wp:attachment":[{"href":"https:\/\/www.ecoitaliano.com.ar\/index.php?rest_route=%2Fwp%2Fv2%2Fmedia&parent=70565"}],"wp:term":[{"taxonomy":"category","embeddable":true,"href":"https:\/\/www.ecoitaliano.com.ar\/index.php?rest_route=%2Fwp%2Fv2%2Fcategories&post=70565"},{"taxonomy":"post_tag","embeddable":true,"href":"https:\/\/www.ecoitaliano.com.ar\/index.php?rest_route=%2Fwp%2Fv2%2Ftags&post=70565"}],"curies":[{"name":"wp","href":"https:\/\/api.w.org\/{rel}","templated":true}]}}