{"id":70570,"date":"2025-04-02T14:45:37","date_gmt":"2025-04-02T14:45:37","guid":{"rendered":"https:\/\/www.ecoitaliano.com.ar\/?p=70570"},"modified":"2025-04-02T14:45:37","modified_gmt":"2025-04-02T14:45:37","slug":"comunicato-stampa-italiani-allestero-siglato-protocollo-dintesa-tra-commissario-sisma-2016-e-cgie-sulla-flat-tax-al-7-nellappennino-centrale","status":"publish","type":"post","link":"https:\/\/www.ecoitaliano.com.ar\/?p=70570","title":{"rendered":"COMUNICATO STAMPA &#8211; ITALIANI ALL\u2019ESTERO: SIGLATO PROTOCOLLO D\u2019INTESA TRA COMMISSARIO SISMA 2016 E CGIE SULLA FLAT TAX AL 7% NELL&#8217;APPENNINO CENTRALE"},"content":{"rendered":"\n<figure class=\"wp-block-gallery has-nested-images columns-default is-cropped wp-block-gallery-1 is-layout-flex wp-block-gallery-is-layout-flex\">\n<figure class=\"wp-block-image size-large\"><a href=\"https:\/\/www.ecoitaliano.com.ar\/wp-content\/uploads\/2025\/04\/foto-1.jpeg\"><img decoding=\"async\" width=\"1024\" height=\"768\" data-id=\"70571\" src=\"https:\/\/www.ecoitaliano.com.ar\/wp-content\/uploads\/2025\/04\/foto-1-1024x768.jpeg\" alt=\"\" class=\"wp-image-70571\" srcset=\"https:\/\/www.ecoitaliano.com.ar\/wp-content\/uploads\/2025\/04\/foto-1-1024x768.jpeg 1024w, https:\/\/www.ecoitaliano.com.ar\/wp-content\/uploads\/2025\/04\/foto-1-300x225.jpeg 300w, https:\/\/www.ecoitaliano.com.ar\/wp-content\/uploads\/2025\/04\/foto-1-768x576.jpeg 768w, https:\/\/www.ecoitaliano.com.ar\/wp-content\/uploads\/2025\/04\/foto-1-1536x1152.jpeg 1536w, https:\/\/www.ecoitaliano.com.ar\/wp-content\/uploads\/2025\/04\/foto-1-150x113.jpeg 150w, https:\/\/www.ecoitaliano.com.ar\/wp-content\/uploads\/2025\/04\/foto-1.jpeg 1600w\" sizes=\"(max-width: 1024px) 100vw, 1024px\" \/><\/a><\/figure>\n\n\n\n<figure class=\"wp-block-image size-large\"><a href=\"https:\/\/www.ecoitaliano.com.ar\/wp-content\/uploads\/2025\/04\/foto-2.jpeg\"><img decoding=\"async\" width=\"1024\" height=\"768\" data-id=\"70572\" src=\"https:\/\/www.ecoitaliano.com.ar\/wp-content\/uploads\/2025\/04\/foto-2-1024x768.jpeg\" alt=\"\" class=\"wp-image-70572\" srcset=\"https:\/\/www.ecoitaliano.com.ar\/wp-content\/uploads\/2025\/04\/foto-2-1024x768.jpeg 1024w, https:\/\/www.ecoitaliano.com.ar\/wp-content\/uploads\/2025\/04\/foto-2-300x225.jpeg 300w, https:\/\/www.ecoitaliano.com.ar\/wp-content\/uploads\/2025\/04\/foto-2-768x576.jpeg 768w, https:\/\/www.ecoitaliano.com.ar\/wp-content\/uploads\/2025\/04\/foto-2-1536x1152.jpeg 1536w, https:\/\/www.ecoitaliano.com.ar\/wp-content\/uploads\/2025\/04\/foto-2-150x113.jpeg 150w, https:\/\/www.ecoitaliano.com.ar\/wp-content\/uploads\/2025\/04\/foto-2.jpeg 1600w\" sizes=\"(max-width: 1024px) 100vw, 1024px\" \/><\/a><\/figure>\n<\/figure>\n\n\n\n<p><\/p>\n\n\n\n<p>Presidenza del Consiglio dei Ministri<\/p>\n\n\n\n<p>Il Commissario Straordinario del Governo per la riparazione, la ricostruzione, l\u2019assistenza<\/p>\n\n\n\n<p>alla popolazione e la ripresa economica dei territori delle regioni Abruzzo, Lazio, Marche e Umbria<\/p>\n\n\n\n<p>interessati dagli eventi sismici verificatisi a far data dal 24 agosto 2016<\/p>\n\n\n\n<p><strong>COMUNICATO STAMPA<\/strong><\/p>\n\n\n\n<p><strong>ITALIANI ALL\u2019ESTERO: SIGLATO PROTOCOLLO D\u2019INTESA TRA COMMISSARIO SISMA 2016 E CGIE<\/strong><\/p>\n\n\n\n<p><strong>SULLA FLAT TAX AL 7% NELL&#8217;APPENNINO CENTRALE<\/strong><\/p>\n\n\n\n<p><strong>L\u2019obiettivo \u00e8 di informare la vasta platea nel mondo e di far conoscere questo strumento, gi\u00e0 attivo, al fine di promuovere lo sviluppo e contrastare lo spopolamento nel cratere 2016<\/strong><\/p>\n\n\n\n<p>Roma, 2 apr \u2013 Informare la vasta platea degli italiani residenti all\u2019estero sui vantaggi e le caratteristiche della <strong>Flat Tax al 7%<\/strong>, lo strumento rivolto ai cittadini pensionati che scelgono di venire a vivere in Italia e, pi\u00f9 precisamente, nell\u2019Appennino centrale. \u00c8 questo il principale obiettivo del <strong>Protocollo d\u2019Intesa<\/strong> siglato oggi a Roma, a Palazzo Wedekind, dal <strong>Commissario Straordinario al sisma 2016 Guido Castelli<\/strong> e dalla <strong>Segretaria Generale del Consiglio Generale degli italiani all\u2019estero Maria Chiara Prodi<\/strong>. All\u2019evento hanno preso parte anche il Vicesegretario Generale per l\u2019Europa e l\u2019Africa del Nord <strong>Giuseppe Stabile<\/strong>, principale artefice dell\u2019accordo per parte CGIE, gli altri componenti del Comitato di Presidenza dell\u2019organo e il Senatore <strong>Roberto Menia<\/strong>, Segretario Generale del Comitato Tricolore per gli Italiani nel mondo.<\/p>\n\n\n\n<p>Lo sviluppo dell\u2019Appennino centrale \u00e8 strategico per promuoverne la rinascita del cratere sisma e per contrastare il fenomeno dello spopolamento, che affliggeva questi territori gi\u00e0 prima che venissero colpiti dagli eventi catastrofali del 2016-2017. In quest\u2019ottica la Flat Tax al 7% pu\u00f2 rappresentare una leva di crescita e rilancio utile e funzionale. Si tratta di uno strumento fiscale gi\u00e0 attivo nel nostro Paese e dedicato ai cittadini pensionati residenti all\u2019estero da almeno cinque anni, percettori di un reddito da pensione da un soggetto straniero, che vogliono venire a vivere dell\u2019Appennino centrale. Il <strong>cratere sisma 2016<\/strong> \u00e8 una vasta area di circa 8 mila chilometri quadrati compresa tra le regioni Abruzzo, Lazio, Marche e Umbria, composta da 138 comuni. Norcia, Cascia, Amatrice, Ascoli Piceno, Rieti, Spoleto, Macerata, Fabriano, sono tra i pi\u00f9 grandi e pi\u00f9 noti tra i comuni che si trovano al suo interno.<\/p>\n\n\n\n<p>Dichiarazione del Commissario al sisma 2016 <strong>Castelli<\/strong>: \u201c<em>La vasta rete di comunit\u00e0 degli italiani residenti all\u2019estero rappresenta un enorme patrimonio per il nostro Paese. \u00c8 a loro che oggi, grazie alla stretta collaborazione con il CGIE, ci rivolgiamo con questo Protocollo d\u2019intesa che abbiamo siglato. Si tratta di un\u2019iniziativa nella quale crediamo molto, attraverso la quale vogliamo far loro conoscere i vantaggi legati al rientro in Italia per trascorrere l\u2019et\u00e0 della pensione nell\u2019Appennino centrale. Il miglior biglietto da visita di questi territori risiede nel suo patrimonio unico e nella qualit\u00e0 della vita che \u00e8 in grado di garantire. I nostri piccoli borghi, immersi nella natura e ricchi di storia, arte, cultura sono pronti ad accogliere e a dare il benvenuto a chi vorr\u00e0 venire a vivere qui. In sinergia il CGIE, l\u2019obiettivo \u00e8 dunque quello di raggiungere una platea molto ampia<\/em>\u201d.<\/p>\n\n\n\n<p>Dichiarazione della Segretaria Generale del CGIE <strong>Prodi<\/strong>: \u201c<em>Il protocollo che firmiamo segna l&#8217;inizio di una nuova fase della consiliatura del Consiglio Generale degli Italiani all&#8217;Estero: nella reciprocit\u00e0 dei rapporti istituzionali e nella concretezza delle misure vogliamo dare centralit\u00e0 agli italiani all&#8217;estero per il bene dell&#8217;Italia<\/em>\u201d.<\/p>\n\n\n\n<p>il Vicesegretario Generale del CGIE <strong>Giuseppe Stabile<\/strong> ha dichiarato: \u201c<em>Sono entusiasta di aver contribuito alla sigla di questo accordo con il Commissario Castelli, che ringrazio per la lungimiranza, con il quale sono convinto realizzeremo iniziative che recheranno grande beneficio al territorio di sua competenza e ai connazionali in tutto il mondo, i quali potranno giovarsi delle misure che consentiranno loro di ristabilirsi in una madrepatria finalmente dinamica e accogliente<\/em>\u201d.<\/p>\n\n\n\n<p>Il Senatore <strong>Menia <\/strong>ha dichiarato: \u201c<em>Si tratta di un&#8217;iniziativa lodevole che cade nel ventennale della morte di Giovanni Paolo II, un Papa che ha abbattuto muri e ridato un&#8217;anima all&#8217;Europa. Oggi ci troviamo qui a parlare di un mondo che si ricostruisce, perch\u00e9 la forza della natura a volte causa disastri dai quali bisogna rialzarsi creando nuove opportunit\u00e0 come sta avvenendo in questo caso. Riportare persone in questi territori, far rifiorire la vita: questa firma simboleggia tutto questo<\/em>\u201d.<\/p>\n\n\n\n<p>Il CGIE rappresenta le comunit\u00e0 italiane nel mondo ed \u00e8 il principale organo di consulenza del Parlamento, del Governo e di tutte le istituzioni che pongono in essere politiche di loro interesse. Tra le attivit\u00e0 che \u00e8 chiamato a svolgere il Consiglio vi \u00e8 anche quella di dedicare particolare attenzione al rientro in Patria dei connazionali residenti all\u2019estero. Attraverso il Protocollo d\u2019Intesa odierno le parti si sono impegnate a fornire <strong>supporto informativo<\/strong> (in particolare rispetto ai vantaggi fiscali introdotti con l\u2019articolo 24-ter del TUIR) agli italiani residenti all&#8217;estero interessati a venire a vivere nelle aree colpite dagli eventi sismici del 2016-2017. La collaborazione prevede inoltre l\u2019organizzazione di <strong>eventi<\/strong> e di <strong>campagne informative<\/strong> dedicate e il sostegno alla <strong>promozione turistica<\/strong> dell\u2019Appennino centrale, attraverso iniziative di comunicazione e di sensibilizzazione presso le comunit\u00e0 italiane all&#8217;estero. Infine, le parti si impegnano a favorire l\u2019adozione di ulteriori <strong>provvedimenti legislativi<\/strong> suggeriti dal CGIE, per sviluppare ulteriori forme di <strong>promozione<\/strong> dei territori interessati dagli eventi sismici del 2016\/2017 presso le comunit\u00e0 di italiani all\u2019estero.<\/p>\n","protected":false},"excerpt":{"rendered":"<p>Presidenza del Consiglio dei Ministri Il Commissario Straordinario del Governo per la riparazione, la ricostruzione, l\u2019assistenza alla popolazione e la [&hellip;]<\/p>\n","protected":false},"author":1,"featured_media":0,"comment_status":"open","ping_status":"open","sticky":false,"template":"","format":"standard","meta":{"footnotes":""},"categories":[10,15],"tags":[],"class_list":["post-70570","post","type-post","status-publish","format-standard","hentry","category-italiano","category-italiani-allestero"],"_links":{"self":[{"href":"https:\/\/www.ecoitaliano.com.ar\/index.php?rest_route=\/wp\/v2\/posts\/70570","targetHints":{"allow":["GET"]}}],"collection":[{"href":"https:\/\/www.ecoitaliano.com.ar\/index.php?rest_route=\/wp\/v2\/posts"}],"about":[{"href":"https:\/\/www.ecoitaliano.com.ar\/index.php?rest_route=\/wp\/v2\/types\/post"}],"author":[{"embeddable":true,"href":"https:\/\/www.ecoitaliano.com.ar\/index.php?rest_route=\/wp\/v2\/users\/1"}],"replies":[{"embeddable":true,"href":"https:\/\/www.ecoitaliano.com.ar\/index.php?rest_route=%2Fwp%2Fv2%2Fcomments&post=70570"}],"version-history":[{"count":1,"href":"https:\/\/www.ecoitaliano.com.ar\/index.php?rest_route=\/wp\/v2\/posts\/70570\/revisions"}],"predecessor-version":[{"id":70573,"href":"https:\/\/www.ecoitaliano.com.ar\/index.php?rest_route=\/wp\/v2\/posts\/70570\/revisions\/70573"}],"wp:attachment":[{"href":"https:\/\/www.ecoitaliano.com.ar\/index.php?rest_route=%2Fwp%2Fv2%2Fmedia&parent=70570"}],"wp:term":[{"taxonomy":"category","embeddable":true,"href":"https:\/\/www.ecoitaliano.com.ar\/index.php?rest_route=%2Fwp%2Fv2%2Fcategories&post=70570"},{"taxonomy":"post_tag","embeddable":true,"href":"https:\/\/www.ecoitaliano.com.ar\/index.php?rest_route=%2Fwp%2Fv2%2Ftags&post=70570"}],"curies":[{"name":"wp","href":"https:\/\/api.w.org\/{rel}","templated":true}]}}