{"id":70606,"date":"2025-04-03T13:50:35","date_gmt":"2025-04-03T13:50:35","guid":{"rendered":"https:\/\/www.ecoitaliano.com.ar\/?p=70606"},"modified":"2025-04-03T13:50:35","modified_gmt":"2025-04-03T13:50:35","slug":"jb-porta-la-sua-musica-in-belgioil-17-maggio-al-festival-della-canzone-italiana-a-liegi","status":"publish","type":"post","link":"https:\/\/www.ecoitaliano.com.ar\/?p=70606","title":{"rendered":"JB porta la sua musica in Belgio:il 17 maggio al Festival della Canzone Italiana a Liegi"},"content":{"rendered":"\n<figure class=\"wp-block-gallery has-nested-images columns-default is-cropped wp-block-gallery-1 is-layout-flex wp-block-gallery-is-layout-flex\">\n<figure class=\"wp-block-image size-large\"><a href=\"https:\/\/www.ecoitaliano.com.ar\/wp-content\/uploads\/2025\/04\/JB-2.jpg\"><img decoding=\"async\" width=\"1024\" height=\"683\" data-id=\"70607\" src=\"https:\/\/www.ecoitaliano.com.ar\/wp-content\/uploads\/2025\/04\/JB-2-1024x683.jpg\" alt=\"\" class=\"wp-image-70607\" srcset=\"https:\/\/www.ecoitaliano.com.ar\/wp-content\/uploads\/2025\/04\/JB-2-1024x683.jpg 1024w, https:\/\/www.ecoitaliano.com.ar\/wp-content\/uploads\/2025\/04\/JB-2-300x200.jpg 300w, https:\/\/www.ecoitaliano.com.ar\/wp-content\/uploads\/2025\/04\/JB-2-768x512.jpg 768w, https:\/\/www.ecoitaliano.com.ar\/wp-content\/uploads\/2025\/04\/JB-2-150x100.jpg 150w, https:\/\/www.ecoitaliano.com.ar\/wp-content\/uploads\/2025\/04\/JB-2.jpg 1500w\" sizes=\"(max-width: 1024px) 100vw, 1024px\" \/><\/a><\/figure>\n\n\n\n<figure class=\"wp-block-image size-large\"><a href=\"https:\/\/www.ecoitaliano.com.ar\/wp-content\/uploads\/2025\/04\/JB-Joe-Balluzzo.jpg\"><img decoding=\"async\" width=\"1024\" height=\"683\" data-id=\"70608\" src=\"https:\/\/www.ecoitaliano.com.ar\/wp-content\/uploads\/2025\/04\/JB-Joe-Balluzzo-1024x683.jpg\" alt=\"\" class=\"wp-image-70608\" srcset=\"https:\/\/www.ecoitaliano.com.ar\/wp-content\/uploads\/2025\/04\/JB-Joe-Balluzzo-1024x683.jpg 1024w, https:\/\/www.ecoitaliano.com.ar\/wp-content\/uploads\/2025\/04\/JB-Joe-Balluzzo-300x200.jpg 300w, https:\/\/www.ecoitaliano.com.ar\/wp-content\/uploads\/2025\/04\/JB-Joe-Balluzzo-768x512.jpg 768w, https:\/\/www.ecoitaliano.com.ar\/wp-content\/uploads\/2025\/04\/JB-Joe-Balluzzo-150x100.jpg 150w, https:\/\/www.ecoitaliano.com.ar\/wp-content\/uploads\/2025\/04\/JB-Joe-Balluzzo.jpg 1200w\" sizes=\"(max-width: 1024px) 100vw, 1024px\" \/><\/a><\/figure>\n\n\n\n<figure class=\"wp-block-image size-large\"><a href=\"https:\/\/www.ecoitaliano.com.ar\/wp-content\/uploads\/2025\/04\/JB-.jpg\"><img decoding=\"async\" width=\"683\" height=\"1024\" data-id=\"70609\" src=\"https:\/\/www.ecoitaliano.com.ar\/wp-content\/uploads\/2025\/04\/JB--683x1024.jpg\" alt=\"\" class=\"wp-image-70609\" srcset=\"https:\/\/www.ecoitaliano.com.ar\/wp-content\/uploads\/2025\/04\/JB--683x1024.jpg 683w, https:\/\/www.ecoitaliano.com.ar\/wp-content\/uploads\/2025\/04\/JB--200x300.jpg 200w, https:\/\/www.ecoitaliano.com.ar\/wp-content\/uploads\/2025\/04\/JB--768x1152.jpg 768w, https:\/\/www.ecoitaliano.com.ar\/wp-content\/uploads\/2025\/04\/JB--100x150.jpg 100w, https:\/\/www.ecoitaliano.com.ar\/wp-content\/uploads\/2025\/04\/JB-.jpg 1000w\" sizes=\"(max-width: 683px) 100vw, 683px\" \/><\/a><\/figure>\n<\/figure>\n\n\n\n<p><strong><br>con<br><br><\/strong><strong>\u201cNON SPEGNERE LA NOTTE\u201d<\/strong><strong>&nbsp;<\/strong><\/p>\n\n\n\n<p><strong>inoltre<br><br><\/strong><strong>Mercoled\u00ec 9 aprile ospite nel programma 4Dance&nbsp;<br>su Goldtv\/Sky<\/strong><\/p>\n\n\n\n<p><strong>Domenica 13 aprile sul palco del Caff\u00e8 Letterario di Firenze<br>evento a favore di Make a Wish<\/strong><\/p>\n\n\n\n<p>Una primavera di grandi emozioni per&nbsp;<strong>JB<\/strong>: il cantautore si esibir\u00e0 il 17 maggio sul prestigioso palco del&nbsp;<strong>Teatro di Liegi, in Belgio<\/strong>, in occasione della 45^ edizione del&nbsp;<strong>Festival della Canzone italiana<\/strong><strong>,&nbsp;<\/strong>organizzato dal Movimento Arte &amp; Cultura di Liegi&nbsp;in collaborazione con l\u2019Istituto Italiano di Cultura Bruxelles e RadioHitalia. L\u2019evento celebra la musica italiana nel cuore d\u2019Europa e vedr\u00e0 Joe Balluzzo, in arte JB, protagonista con il suo intenso brano&nbsp;<em>Non spegnere la notte,&nbsp;<\/em>una canzone che racconta luci e ombre dell\u2019anima con un testo profondo e un sound coinvolgente.<\/p>\n\n\n\n<p>L\u2019artista, noto per il suo stile autentico e la capacit\u00e0 di emozionare il pubblico, sta gi\u00e0 riscuotendo soddisfazioni a livello nazionale, ed \u00e8 pronto a portare la sua voce oltre confine, condividendo la sua musica con un pubblico internazionale. &nbsp;<\/p>\n\n\n\n<p><em>\u00ab\u00c8 un onore poter rappresentare la musica italiana al Festival della Canzone Italiana a Liegi\u00bb&nbsp;<\/em>&#8211;&nbsp;<strong>dichiara Joe<\/strong>&nbsp;&#8211;&nbsp;<em>\u00abQuesta canzone ha un significato speciale per me, e poterla portare in Belgio, davanti ad un pubblico che non conosce ancora a fondo il mio lavoro, \u00e8 un\u2019opportunit\u00e0 incredibile. Sono emozionato e pronto a vivere quest\u2019esperienza unica\u00bb.<\/em><\/p>\n\n\n\n<p><br>Ma prima di volare in Belgio, JB sar\u00e0 impegnato in due appuntamenti speciali:<\/p>\n\n\n\n<p><strong>il 9 aprile&nbsp;<\/strong>sar\u00e0 ospite dell\u2019ultima puntata di&nbsp;<strong>4Dance<\/strong>, il format dedicato alla danza in onda su Gold tv\/Sky can 823, dove si esibir\u00e0 in una versione inedita.<\/p>\n\n\n\n<p><strong>il 13 aprile<\/strong>&nbsp;salir\u00e0 sul palco del Caff\u00e8 Letterario di Firenze, per un live intimo e coinvolgente, in occasione dell\u2019evento benefico \u201cViola siamo con te\u201d a favore di Make a Wish Italia. Un\u2019occasione perfetta per ascoltarlo dal vivo in un\u2019atmosfera unica.<\/p>\n\n\n\n<p><br>JB porta la sua musica in Belgio con \u201cNon spegnere la notte\u201d (etichetta Ultratempo), un brano che racconta con sonorit\u00e0 intense e atmosfere avvolgenti, la necessit\u00e0 di voltare pagina e iniziare un nuovo capitolo. Un mix di Soul, R&amp;B, Pop ed elettronica che caratterizzer\u00e0 il suo prossimo album, un progetto su cui l\u2019artista sta lavorando da tempo e che promette di esplorare nuove sfumature del suo percorso musicale.<\/p>\n","protected":false},"excerpt":{"rendered":"<p>con \u201cNON SPEGNERE LA NOTTE\u201d&nbsp; inoltre Mercoled\u00ec 9 aprile ospite nel programma 4Dance&nbsp;su Goldtv\/Sky Domenica 13 aprile sul palco del [&hellip;]<\/p>\n","protected":false},"author":1,"featured_media":0,"comment_status":"open","ping_status":"open","sticky":false,"template":"","format":"standard","meta":{"footnotes":""},"categories":[10,46],"tags":[],"class_list":["post-70606","post","type-post","status-publish","format-standard","hentry","category-italiano","category-musica"],"_links":{"self":[{"href":"https:\/\/www.ecoitaliano.com.ar\/index.php?rest_route=\/wp\/v2\/posts\/70606","targetHints":{"allow":["GET"]}}],"collection":[{"href":"https:\/\/www.ecoitaliano.com.ar\/index.php?rest_route=\/wp\/v2\/posts"}],"about":[{"href":"https:\/\/www.ecoitaliano.com.ar\/index.php?rest_route=\/wp\/v2\/types\/post"}],"author":[{"embeddable":true,"href":"https:\/\/www.ecoitaliano.com.ar\/index.php?rest_route=\/wp\/v2\/users\/1"}],"replies":[{"embeddable":true,"href":"https:\/\/www.ecoitaliano.com.ar\/index.php?rest_route=%2Fwp%2Fv2%2Fcomments&post=70606"}],"version-history":[{"count":1,"href":"https:\/\/www.ecoitaliano.com.ar\/index.php?rest_route=\/wp\/v2\/posts\/70606\/revisions"}],"predecessor-version":[{"id":70610,"href":"https:\/\/www.ecoitaliano.com.ar\/index.php?rest_route=\/wp\/v2\/posts\/70606\/revisions\/70610"}],"wp:attachment":[{"href":"https:\/\/www.ecoitaliano.com.ar\/index.php?rest_route=%2Fwp%2Fv2%2Fmedia&parent=70606"}],"wp:term":[{"taxonomy":"category","embeddable":true,"href":"https:\/\/www.ecoitaliano.com.ar\/index.php?rest_route=%2Fwp%2Fv2%2Fcategories&post=70606"},{"taxonomy":"post_tag","embeddable":true,"href":"https:\/\/www.ecoitaliano.com.ar\/index.php?rest_route=%2Fwp%2Fv2%2Ftags&post=70606"}],"curies":[{"name":"wp","href":"https:\/\/api.w.org\/{rel}","templated":true}]}}