{"id":70614,"date":"2025-04-03T15:42:35","date_gmt":"2025-04-03T15:42:35","guid":{"rendered":"https:\/\/www.ecoitaliano.com.ar\/?p=70614"},"modified":"2025-04-03T15:42:35","modified_gmt":"2025-04-03T15:42:35","slug":"mendelssohn-die-erste-walpurgisnacht-la-prima-notte-di-valpurga-160-musicisti-in-scena-chiusura-di-stagione-della-camerata-musicale-di-sulmona-domenica-6-aprile-ore-18-00-teatro-comunale","status":"publish","type":"post","link":"https:\/\/www.ecoitaliano.com.ar\/?p=70614","title":{"rendered":"Mendelssohn DIE ERSTE WALPURGISNACHT (La prima notte di Valpurga) &#8211; 160 musicisti in scena &#8211; chiusura di stagione della Camerata Musicale di Sulmona-domenica 6 aprile ore 18.00 Teatro Comunale \u201cMaria Caniglia\u201d"},"content":{"rendered":"\n<figure class=\"wp-block-image\"><img decoding=\"async\" src=\"https:\/\/mail.google.com\/mail\/u\/2?ui=2&amp;ik=a91c2962d6&amp;attid=0.0.2&amp;permmsgid=msg-f:1828394545064089382&amp;th=195fc326c7ce9726&amp;view=fimg&amp;fur=ip&amp;permmsgid=msg-f:1828394545064089382&amp;sz=s0-l75-ft&amp;attbid=ANGjdJ-c8LNRQstQzZtQOz7fXdfgtKLm9sv36qW_G-CCP_xHjl8FSBNdGYgHLtauXaKgWrpeHUt_qsJKelD51aCYZ6xwzNmC7nTUvgzJWOzymPxh6tB9bK2C6f4ohXI&amp;disp=emb&amp;realattid=ii_m91gx2i31&amp;zw\" alt=\"Valpurga.jpg\"\/><\/figure>\n\n\n\n<figure class=\"wp-block-gallery has-nested-images columns-default is-cropped wp-block-gallery-1 is-layout-flex wp-block-gallery-is-layout-flex\">\n<figure class=\"wp-block-image size-large\"><a href=\"https:\/\/www.ecoitaliano.com.ar\/wp-content\/uploads\/2025\/04\/19-Manifesto-06.04.2025.pages.jpeg_page-0001.jpg\"><img decoding=\"async\" width=\"724\" height=\"1024\" data-id=\"70615\" src=\"https:\/\/www.ecoitaliano.com.ar\/wp-content\/uploads\/2025\/04\/19-Manifesto-06.04.2025.pages.jpeg_page-0001-724x1024.jpg\" alt=\"\" class=\"wp-image-70615\" srcset=\"https:\/\/www.ecoitaliano.com.ar\/wp-content\/uploads\/2025\/04\/19-Manifesto-06.04.2025.pages.jpeg_page-0001-724x1024.jpg 724w, https:\/\/www.ecoitaliano.com.ar\/wp-content\/uploads\/2025\/04\/19-Manifesto-06.04.2025.pages.jpeg_page-0001-212x300.jpg 212w, https:\/\/www.ecoitaliano.com.ar\/wp-content\/uploads\/2025\/04\/19-Manifesto-06.04.2025.pages.jpeg_page-0001-768x1086.jpg 768w, https:\/\/www.ecoitaliano.com.ar\/wp-content\/uploads\/2025\/04\/19-Manifesto-06.04.2025.pages.jpeg_page-0001-1086x1536.jpg 1086w, https:\/\/www.ecoitaliano.com.ar\/wp-content\/uploads\/2025\/04\/19-Manifesto-06.04.2025.pages.jpeg_page-0001-106x150.jpg 106w, https:\/\/www.ecoitaliano.com.ar\/wp-content\/uploads\/2025\/04\/19-Manifesto-06.04.2025.pages.jpeg_page-0001.jpg 1240w\" sizes=\"(max-width: 724px) 100vw, 724px\" \/><\/a><\/figure>\n\n\n\n<figure class=\"wp-block-image size-large\"><a href=\"https:\/\/www.ecoitaliano.com.ar\/wp-content\/uploads\/2025\/04\/Orch.C0nserv.Veleno.jpg\"><img decoding=\"async\" width=\"953\" height=\"499\" data-id=\"70616\" src=\"https:\/\/www.ecoitaliano.com.ar\/wp-content\/uploads\/2025\/04\/Orch.C0nserv.Veleno.jpg\" alt=\"\" class=\"wp-image-70616\" srcset=\"https:\/\/www.ecoitaliano.com.ar\/wp-content\/uploads\/2025\/04\/Orch.C0nserv.Veleno.jpg 953w, https:\/\/www.ecoitaliano.com.ar\/wp-content\/uploads\/2025\/04\/Orch.C0nserv.Veleno-300x157.jpg 300w, https:\/\/www.ecoitaliano.com.ar\/wp-content\/uploads\/2025\/04\/Orch.C0nserv.Veleno-768x402.jpg 768w, https:\/\/www.ecoitaliano.com.ar\/wp-content\/uploads\/2025\/04\/Orch.C0nserv.Veleno-150x79.jpg 150w\" sizes=\"(max-width: 953px) 100vw, 953px\" \/><\/a><\/figure>\n\n\n\n<figure class=\"wp-block-image size-large\"><a href=\"https:\/\/www.ecoitaliano.com.ar\/wp-content\/uploads\/2025\/04\/Orchestra-prove.jpeg\"><img decoding=\"async\" width=\"1024\" height=\"682\" data-id=\"70617\" src=\"https:\/\/www.ecoitaliano.com.ar\/wp-content\/uploads\/2025\/04\/Orchestra-prove-1024x682.jpeg\" alt=\"\" class=\"wp-image-70617\" srcset=\"https:\/\/www.ecoitaliano.com.ar\/wp-content\/uploads\/2025\/04\/Orchestra-prove-1024x682.jpeg 1024w, https:\/\/www.ecoitaliano.com.ar\/wp-content\/uploads\/2025\/04\/Orchestra-prove-300x200.jpeg 300w, https:\/\/www.ecoitaliano.com.ar\/wp-content\/uploads\/2025\/04\/Orchestra-prove-768x512.jpeg 768w, https:\/\/www.ecoitaliano.com.ar\/wp-content\/uploads\/2025\/04\/Orchestra-prove-150x100.jpeg 150w, https:\/\/www.ecoitaliano.com.ar\/wp-content\/uploads\/2025\/04\/Orchestra-prove.jpeg 1280w\" sizes=\"(max-width: 1024px) 100vw, 1024px\" \/><\/a><\/figure>\n<\/figure>\n\n\n\n<figure class=\"wp-block-image\"><img decoding=\"async\" src=\"https:\/\/mail.google.com\/mail\/u\/2?ui=2&amp;ik=a91c2962d6&amp;attid=0.0.1&amp;permmsgid=msg-f:1828394545064089382&amp;th=195fc326c7ce9726&amp;view=fimg&amp;fur=ip&amp;permmsgid=msg-f:1828394545064089382&amp;sz=s0-l75-ft&amp;attbid=ANGjdJ85FbyPgcbf6vdDXfrmeopYe6_eSuXE9K99fbuAwbIq1oN_I9kxQAk8c6xYjmhYA9lS9wQ74zqDzGh5p-aRLZ_sqFg-J-OevzH3-Ny8lTKVqA24nq-Kcd1l8q8&amp;disp=emb&amp;realattid=ii_m91gvzsn0&amp;zw\" alt=\"image.png\"\/><\/figure>\n\n\n\n<p><strong>Camerata Musicale Stagione 2024 \u2013 2025<\/strong><\/p>\n\n\n\n<p><strong>Direttore Artistico M\u00b0Gaetano Di Bacco<\/strong><strong><em><\/em><\/strong><\/p>\n\n\n\n<p><strong>DIE ERSTE WALPURGISNACHT<\/strong><\/p>\n\n\n\n<p><strong><em>La prima notte di Valpurga<\/em><\/strong><\/p>\n\n\n\n<p><em>p<\/em><em>er Soli, Coro e Orchestra<\/em><\/p>\n\n\n\n<p><strong><em>di<\/em><\/strong><strong><em>&nbsp;<\/em><\/strong><strong><em>Felix Mendelssohn Bartholdy<\/em><\/strong><strong><\/strong><\/p>\n\n\n\n<p><strong><em>Orchestra Sinfonica e Coro del Conservatorio L. D\u2019Annunzio Pescara<\/em><\/strong><\/p>\n\n\n\n<p><strong><em>Coro dell\u2019Accademia-Pescara e Coro del Teatro V.Basso-Ascoli Piceno&nbsp;<\/em><\/strong><strong><em>&nbsp;&nbsp;<\/em><\/strong><strong><em><\/em><\/strong><\/p>\n\n\n\n<p><strong><em>&nbsp;<\/em><\/strong><em>Maestro di coro<\/em><\/p>\n\n\n\n<p><strong><em>Direttore Pasquale Veleno<\/em><\/strong><strong><em><\/em><\/strong><\/p>\n\n\n\n<p><em>contralto<\/em>&nbsp;<strong>Annunziata Vestri<\/strong>&nbsp;<em>tenore&nbsp;<\/em><strong>Riccardo Della Sciucca<\/strong>&nbsp;<em>baritono<\/em>&nbsp;<strong>Vittorio Vitelli<\/strong>&nbsp;<em>basso<\/em>&nbsp;<strong>Alessandro Abis<\/strong><\/p>\n\n\n\n<p><em>violino solista<\/em>&nbsp;<strong>Fakizat Mubarak<\/strong><strong>&nbsp;&nbsp;<\/strong>&nbsp;<strong><em><\/em><\/strong><\/p>\n\n\n\n<p><strong>Teatro Comunale \u201cMaria Caniglia\u201d di&nbsp; Sulmona &#8211; domenica 6 aprile ore 18.00<\/strong><\/p>\n\n\n\n<p>Ultimo appuntamento &nbsp;al Teatro M.Caniglia per la Camerata Musicale di Sulmona che, con un concerto impegnativo, in linea con la precedente edizione,&nbsp; conclude la 72\u00b0 stagione musicale.<\/p>\n\n\n\n<p>\u201cQuest\u2019anno pi\u00f9 che mai una stagione fortunata \u201c dice il Direttore Artistico Gaetano Di Bacco che si \u00e8 adoperato per rendere possibile la realizzazione di questa produzione,&nbsp;frutto dell\u2019accordo&nbsp;tra alcune delle pi\u00f9 importanti realt\u00e0 ed istituzioni musicali del territorio. Il Conservatorio Musicale e&nbsp;la Societ\u00e0 Luigi Barbara&nbsp;di Pescara, in sinergia con la Camerata Musicale Sulmonese, portano in scena per la prima volta in Abruzzo un capolavoro&nbsp;di Felix Mendelssohn &nbsp;poco eseguito e anche poco conosciuto: la Cantata per Soli, Coro e Orchestra Die erste Walpurgisnacht (La prima notte di Valpurga)&nbsp;su Testo di J. W. von Goethe.<\/p>\n\n\n\n<p>Dopo l\u2019anteprima di Pescara, domenica 6 aprile alle ore 18.00 sul palcoscenico del Teatro Caniglia &nbsp;circa 160 musicisti tra solisti, Orchestra Sinfonica del Conservatorio Di Musica \u00abLuisa D&#8217;annunzio\u00bb di Pescara, un grande coro&nbsp;composto da tre corali (Coro del Conservatorio,&nbsp;Coro dell\u2019Accademia di Pescara e Coro del Teatro \u201cV.Basso\u201d di Ascoli Piceno) tutto<strong>&nbsp;<\/strong>sotto la direzione del&nbsp; M\u00b0 Pasquale Veleno, tra&nbsp;gli ideatori del progetto insieme al Direttore del Conservatorio Musicale di Pescara Roberta De Nicola.&nbsp; I cantanti solisti sono il contralto Annunziata Vestri (Premio Caniglia 2008), il &nbsp;tenore Riccardo Della Sciucca, il baritono Vittorio Vitelli e il basso Alessandro Abis.<\/p>\n\n\n\n<p>Fakizat Mubarak \u00e8 invece il violino solista in&nbsp;<em>Danza Macabra<\/em>.<\/p>\n\n\n\n<p>Il programma della serata infatti nella prima parte comprende anche brani di Saint-Sa\u00ebns e&nbsp;M. Musorgskij:&nbsp;il primo, &nbsp;<em>Danza macabra<\/em>&nbsp;(Poema sinfonico),&nbsp;uno dei lavori pi\u00f9 riusciti e anche uno dei pi\u00f9 celebri&nbsp;&nbsp;del compositore francese &nbsp;Camille Saint-Sa\u00ebns, scritto alla fine del \u2018800 &nbsp;ha ispirato molte colonne sonore di film (<strong>Renoir<\/strong>,Scorsese..) anche di animazione.&nbsp;Anche il secondo brano della serata,&nbsp;&nbsp;<em>Una notte sul Monte Calvo, &nbsp;<\/em>\u00e8diventato popolare grazie al film di W.Disney&nbsp;<em>Fantasia<\/em>&nbsp;ed \u00e8 stato scritto dal compositore russo Musorgskij che, ispiratosi a opere letterarie russe e leggende, fece di un&nbsp;sabba di streghe il tema di un poema sinfonico<em>.&nbsp;<\/em><strong><em><\/em><\/strong><\/p>\n\n\n\n<p>La serata si conclude con Mendelssohn<em>: La prima notte di Valpurga<\/em>. Si tratta di una cantata per soli, coro e orchestra, composta dal Felix Mendelssohn a soli 24 anni, tra il 1830 e il 1833, &nbsp;e basata su un poema di Johann Wolfgang von Goethe.<\/p>\n\n\n\n<p>La storia si svolge nell&#8217;antica Germania, durante il periodo di transizione dal paganesimo al cristianesimo. I druidi e il popolo pagano desiderano celebrare i tradizionali riti primaverili sulla montagna, durante la notte di Valpurga, una festivit\u00e0<\/p>\n\n\n\n<p>che segna l&#8217;inizio della primavera. Tuttavia temono la repressione da parte delle autorit\u00e0 cristiane, che considerano tali pratiche eretiche. Per aggirare questo ostacolo, i pagani ideano un piano: si travestono da demoni e spiriti maligni per spaventare i cristiani e tenerli lontani dalla montagna. Il loro stratagemma ha successo e permette loro di celebrare indisturbati i propri riti ancestrali.<\/p>\n\n\n\n<p>La cantata esplora temi come il conflitto tra tradizione e cambiamento, la lotta per la libert\u00e0 religiosa e l&#8217;astuzia nel superare le oppressioni.<\/p>\n\n\n\n<p>Attraverso una combinazione di cori potenti e arie soliste, Mendelssohn d\u00e0 vita a questa narrazione, sottolineando sia la tensione che la celebrazione presenti nella storia.<\/p>\n\n\n\n<p><em>programma<\/em><\/p>\n\n\n\n<p><strong>C. Saint-Sa\u00ebns<\/strong><em>&nbsp;Danza macabra (Poema sinf\u00f3nico)<\/em><\/p>\n\n\n\n<p><strong>M. Musorgskij<\/strong><em>&nbsp;Una notte sul Monte Calvo (Poema sinfonico)<\/em><\/p>\n\n\n\n<p><strong>F. Mendelssohn<\/strong><em>&nbsp;Die erste Walpurgisnacht (La prima notte di Valpurga)<\/em><\/p>\n\n\n\n<p><em>Cantata per soli, coro e orchestra, op. 60 su Testo di J. W. von Goethe<\/em><\/p>\n\n\n\n<p><strong>&nbsp;&nbsp;&nbsp;&nbsp;&nbsp;&nbsp;&nbsp;&nbsp;&nbsp;&nbsp;&nbsp;&nbsp;&nbsp;&nbsp;&nbsp;&nbsp;&nbsp;&nbsp;&nbsp;&nbsp;&nbsp;&nbsp;&nbsp;&nbsp;&nbsp;&nbsp;&nbsp;&nbsp;&nbsp;&nbsp;&nbsp;&nbsp;&nbsp;&nbsp;&nbsp;&nbsp;&nbsp;&nbsp;&nbsp;&nbsp;&nbsp;&nbsp;&nbsp;&nbsp;&nbsp;&nbsp;&nbsp;&nbsp;&nbsp;&nbsp;&nbsp;&nbsp;&nbsp;&nbsp;&nbsp;&nbsp;&nbsp;<\/strong>&nbsp;&nbsp;&nbsp;&nbsp;&nbsp;&nbsp;&nbsp;&nbsp;&nbsp;&nbsp;&nbsp;&nbsp;&nbsp;&nbsp;&nbsp;&nbsp;&nbsp;&nbsp;&nbsp;&nbsp;&nbsp;&nbsp;&nbsp;&nbsp;&nbsp;&nbsp;&nbsp;&nbsp;&nbsp;&nbsp;&nbsp;&nbsp;&nbsp;&nbsp;&nbsp;&nbsp;&nbsp;&nbsp;&nbsp;&nbsp;&nbsp;&nbsp;&nbsp;&nbsp;&nbsp;&nbsp;&nbsp;&nbsp;&nbsp;&nbsp;&nbsp;&nbsp;&nbsp;&nbsp;&nbsp;&nbsp;&nbsp;&nbsp;&nbsp;&nbsp;&nbsp;&nbsp;&nbsp;&nbsp;&nbsp;&nbsp;&nbsp;&nbsp;&nbsp;&nbsp;&nbsp;&nbsp;&nbsp;&nbsp;&nbsp;&nbsp;&nbsp;&nbsp;&nbsp;&nbsp;&nbsp;&nbsp;&nbsp;&nbsp;&nbsp;&nbsp;&nbsp;&nbsp;&nbsp;&nbsp;<strong>Biglietti:&nbsp; \u20ac 15-10 &nbsp;<\/strong><\/p>\n\n\n\n<p><strong>sottoscrizione 5Xmille Info:0864 212207<\/strong><\/p>\n\n\n\n<p><strong><em>Ufficio Stampa<\/em><\/strong><\/p>\n\n\n\n<p><strong><em>Fiorentina Galterio<\/em><\/strong><\/p>\n\n\n\n<p><strong><em>Tel. 349 7031924<\/em><\/strong><\/p>\n\n\n\n<p><strong><em><a href=\"mailto:stampacameratamusic@gmail.com\" target=\"_blank\" rel=\"noreferrer noopener\">stampacameratamusic@gmail.com<\/a><\/em><\/strong><\/p>\n","protected":false},"excerpt":{"rendered":"<p>Camerata Musicale Stagione 2024 \u2013 2025 Direttore Artistico M\u00b0Gaetano Di Bacco DIE ERSTE WALPURGISNACHT La prima notte di Valpurga per [&hellip;]<\/p>\n","protected":false},"author":1,"featured_media":0,"comment_status":"open","ping_status":"open","sticky":false,"template":"","format":"standard","meta":{"footnotes":""},"categories":[10,46],"tags":[],"class_list":["post-70614","post","type-post","status-publish","format-standard","hentry","category-italiano","category-musica"],"_links":{"self":[{"href":"https:\/\/www.ecoitaliano.com.ar\/index.php?rest_route=\/wp\/v2\/posts\/70614","targetHints":{"allow":["GET"]}}],"collection":[{"href":"https:\/\/www.ecoitaliano.com.ar\/index.php?rest_route=\/wp\/v2\/posts"}],"about":[{"href":"https:\/\/www.ecoitaliano.com.ar\/index.php?rest_route=\/wp\/v2\/types\/post"}],"author":[{"embeddable":true,"href":"https:\/\/www.ecoitaliano.com.ar\/index.php?rest_route=\/wp\/v2\/users\/1"}],"replies":[{"embeddable":true,"href":"https:\/\/www.ecoitaliano.com.ar\/index.php?rest_route=%2Fwp%2Fv2%2Fcomments&post=70614"}],"version-history":[{"count":1,"href":"https:\/\/www.ecoitaliano.com.ar\/index.php?rest_route=\/wp\/v2\/posts\/70614\/revisions"}],"predecessor-version":[{"id":70618,"href":"https:\/\/www.ecoitaliano.com.ar\/index.php?rest_route=\/wp\/v2\/posts\/70614\/revisions\/70618"}],"wp:attachment":[{"href":"https:\/\/www.ecoitaliano.com.ar\/index.php?rest_route=%2Fwp%2Fv2%2Fmedia&parent=70614"}],"wp:term":[{"taxonomy":"category","embeddable":true,"href":"https:\/\/www.ecoitaliano.com.ar\/index.php?rest_route=%2Fwp%2Fv2%2Fcategories&post=70614"},{"taxonomy":"post_tag","embeddable":true,"href":"https:\/\/www.ecoitaliano.com.ar\/index.php?rest_route=%2Fwp%2Fv2%2Ftags&post=70614"}],"curies":[{"name":"wp","href":"https:\/\/api.w.org\/{rel}","templated":true}]}}