{"id":70640,"date":"2025-04-03T19:14:26","date_gmt":"2025-04-03T19:14:26","guid":{"rendered":"https:\/\/www.ecoitaliano.com.ar\/?p=70640"},"modified":"2025-04-03T19:14:26","modified_gmt":"2025-04-03T19:14:26","slug":"la-violenza-domestica-e-di-genere-in-italia-e-nel-mondo-analisi-casi-recenti-e-riflessioni","status":"publish","type":"post","link":"https:\/\/www.ecoitaliano.com.ar\/?p=70640","title":{"rendered":"La violenza domestica e di genere in Italia e nel mondo: analisi, casi recenti e riflessioni"},"content":{"rendered":"\n<p><em>Carlo Di Stanislao<\/em><\/p>\n\n\n<div class=\"wp-block-image\">\n<figure class=\"aligncenter size-full is-resized\"><a href=\"http:\/\/www.ecoitaliano.com.ar\/wp-content\/uploads\/2025\/03\/1000014516-1.jpg\"><img decoding=\"async\" width=\"960\" height=\"932\" src=\"http:\/\/www.ecoitaliano.com.ar\/wp-content\/uploads\/2025\/03\/1000014516-1.jpg\" alt=\"\" class=\"wp-image-70388\" style=\"width:332px;height:auto\" srcset=\"https:\/\/www.ecoitaliano.com.ar\/wp-content\/uploads\/2025\/03\/1000014516-1.jpg 960w, https:\/\/www.ecoitaliano.com.ar\/wp-content\/uploads\/2025\/03\/1000014516-1-300x291.jpg 300w, https:\/\/www.ecoitaliano.com.ar\/wp-content\/uploads\/2025\/03\/1000014516-1-768x746.jpg 768w, https:\/\/www.ecoitaliano.com.ar\/wp-content\/uploads\/2025\/03\/1000014516-1-150x146.jpg 150w\" sizes=\"(max-width: 960px) 100vw, 960px\" \/><\/a><\/figure><\/div>\n\n\n<p><em>\u00abLa violenza non \u00e8 amore\u00bb \u2013 Frida Kahlo<\/em><\/p>\n\n\n\n<p>La violenza domestica e di genere rappresenta una delle emergenze sociali pi\u00f9 gravi e persistenti, sia in Italia che nel mondo. Nonostante i progressi fatti nella legislazione e nella sensibilizzazione, le donne continuano a essere vittime di violenza e abusi. In questo articolo, analizziamo i casi recenti di femminicidi, le cause della violenza domestica e di genere, e la necessit\u00e0 di un cambiamento culturale, sia in Italia che globalmente.<\/p>\n\n\n\n<h3 class=\"wp-block-heading\"><strong>I femminicidi del 2 aprile 2025<\/strong><\/h3>\n\n\n\n<p>Il 31 marzo 2025, a Messina, Sara Campanella, studentessa di 22 anni, \u00e8 stata brutalmente assassinata dal suo collega universitario, Stefano Argentino. Questo caso \u00e8 solo uno dei tanti esempi di violenza domestica e di genere che colpiscono le donne in Italia.<\/p>\n\n\n\n<p>Lo stesso giorno, il corpo di Ilaria Sula, studentessa di 22 anni di Terni, \u00e8 stato ritrovato in una valigia in una zona boschiva vicino a Poli, Roma. Il suo ex fidanzato, Mark Antony Samson, ha confessato l&#8217;omicidio.<\/p>\n\n\n\n<p>Un altro caso che ha scosso profondamente l\u2019opinione pubblica \u00e8 stato quello di Giulia Cecchettin, uccisa dall&#8217;ex fidanzato Filippo Turetta l&#8217;11 novembre 2023 in Veneto. Questo crimine ha portato all&#8217;istituzione dell&#8217;Osservatorio regionale contro la violenza di genere.<\/p>\n\n\n\n<h3 class=\"wp-block-heading\"><strong>Quando sono le donne a uccidere<\/strong><\/h3>\n\n\n\n<p>Sebbene i casi di femminicidi siano pi\u00f9 frequenti, esistono anche casi in cui sono le donne a uccidere i loro partner o ex partner. Secondo i dati ISTAT 2022, su 322 omicidi in Italia, 6 casi sono stati commessi da donne contro i loro partner. Le motivazioni dietro questi casi possono essere diverse, ma spesso sono legate a:<\/p>\n\n\n\n<ul class=\"wp-block-list\">\n<li>Abusi e violenze subite per anni<\/li>\n\n\n\n<li>Sentimenti di rabbia e frustrazione<\/li>\n\n\n\n<li>Difficolt\u00e0 a lasciare la relazione a causa di vincoli economici o emotivi<\/li>\n\n\n\n<li>Sentimenti di autodifesa<\/li>\n<\/ul>\n\n\n\n<h3 class=\"wp-block-heading\"><strong>Le cause della violenza domestica e di genere<\/strong><\/h3>\n\n\n\n<p>La violenza domestica e di genere \u00e8 un problema complesso che richiede una risposta multifacetta. Alcune delle cause principali includono:<\/p>\n\n\n\n<ul class=\"wp-block-list\">\n<li><strong>La cultura patriarcale<\/strong>, che perpetua l&#8217;idea che gli uomini siano superiori alle donne e che abbiano il diritto di controllarle e dominarle.<\/li>\n\n\n\n<li><strong>La mancanza di educazione e sensibilizzazione<\/strong>\u00a0sulla violenza di genere e i diritti delle donne.<\/li>\n\n\n\n<li><strong>La rappresentazione della violenza di genere nei media<\/strong>\u00a0e nella cultura popolare, che pu\u00f2 perpetuare stereotipi dannosi e minimizzare la gravit\u00e0 della violenza.<\/li>\n<\/ul>\n\n\n\n<h3 class=\"wp-block-heading\"><strong>La violenza sulle donne nel mondo<\/strong><\/h3>\n\n\n\n<p>La violenza contro le donne \u00e8 un fenomeno globale che va ben oltre i confini dell&#8217;Italia. Secondo i dati dell&#8217;Organizzazione Mondiale della Sanit\u00e0 (OMS), 1 donna su 3 nel mondo ha subito violenza fisica o sessuale nel corso della sua vita. Le statistiche globali sono sconvolgenti e testimoniano una realt\u00e0 che continua a colpire milioni di donne in ogni angolo del pianeta.<\/p>\n\n\n\n<p>In molte regioni del mondo, la violenza di genere assume forme particolarmente devastanti. Ad esempio, in alcune zone dell&#8217;Asia e del Medio Oriente, le donne subiscono mutilazioni genitali femminili, una pratica che riguarda milioni di ragazze e donne ogni anno. Nei conflitti armati, le donne sono spesso vittime di stupri di guerra, un crimine che viene utilizzato come strumento di oppressione e controllo.<\/p>\n\n\n\n<p>Anche nei Paesi sviluppati, come negli Stati Uniti, in Europa e in Australia, la violenza domestica rimane un problema grave. Negli Stati Uniti, ogni anno, circa 1 donna su 4 subisce violenza fisica o sessuale da parte di un partner intimo, mentre in Europa, l&#8217;Eurobarometro 2020 ha rivelato che 1 donna su 10 ha subito violenza fisica o sessuale nell&#8217;ultimo anno.<\/p>\n\n\n\n<p>La pandemia di COVID-19 ha ulteriormente esacerbato la situazione, con un aumento dei casi di violenza domestica dovuto al lockdown e alla convivenza forzata con i partner violenti. Secondo le Nazioni Unite, durante il periodo di confinamento, le chiamate ai centri di emergenza e alle linee telefoniche per le vittime di violenza sono aumentate drasticamente in molte nazioni.<\/p>\n\n\n\n<h3 class=\"wp-block-heading\"><strong>La necessit\u00e0 di un cambiamento culturale<\/strong><\/h3>\n\n\n\n<p>In risposta ai recenti crimini, si \u00e8 parlato di una \u00abrivolta culturale\u00bb per combattere la misoginia e la violenza di genere, un fenomeno che non riguarda solo l&#8217;Italia ma che \u00e8 radicato in molte societ\u00e0 globali. \u00c8 necessario educare al rispetto e all&#8217;uguaglianza di genere sin dall&#8217;infanzia e promuovere una cultura della non violenza e del rispetto reciproco.<\/p>\n\n\n\n<p>Il governo italiano ha introdotto leggi pi\u00f9 severe, incluso il riconoscimento legale del termine \u00abfemminicidio\u00bb nel codice penale, con pene fino all&#8217;ergastolo per chi lo commette. Tuttavia, la violenza di genere richiede uno sforzo continuo e globale, con politiche e leggi che non solo puniscono ma prevengono efficacemente gli abusi. L&#8217;educazione, la sensibilizzazione e il rafforzamento dei diritti delle donne sono fondamentali a livello mondiale.<\/p>\n\n\n\n<p>La violenza domestica, indipendentemente dal genere dell&#8217;autore o della vittima, rappresenta una grave violazione dei diritti umani e una piaga sociale. Riconoscere e affrontare tutte le sue forme \u00e8 essenziale per costruire una societ\u00e0 pi\u00f9 giusta e sicura per tutti.<\/p>\n\n\n\n<p>Come afferma Dacia Maraini, \u00abLa violenza contro le donne \u00e8 un crimine contro l&#8217;umanit\u00e0. \u00c8 un&#8217;offesa alla dignit\u00e0 e alla libert\u00e0 di ogni essere umano\u00bb. \u00c8 nostro dovere lavorare insieme per creare una societ\u00e0 pi\u00f9 giusta e sicura per tutte le donne, sia in Italia che nel resto del mondo.<\/p>\n\n\n\n<h3 class=\"wp-block-heading\"><strong>Il ruolo della societ\u00e0 e delle istituzioni<\/strong><\/h3>\n\n\n\n<p>La lotta contro la violenza domestica e di genere richiede l\u2019impegno di tutti: istituzioni, societ\u00e0 civile e singoli cittadini. \u00c8 fondamentale continuare a sensibilizzare l\u2019opinione pubblica, rafforzare le leggi e garantire un efficace supporto alle vittime, non solo in Italia ma anche a livello globale.<\/p>\n\n\n\n<p>Tra le azioni necessarie per contrastare la violenza di genere, rientrano:<\/p>\n\n\n\n<ul class=\"wp-block-list\">\n<li><strong>Maggiori investimenti nei centri antiviolenza<\/strong>: Questi luoghi offrono supporto psicologico, legale e materiale alle vittime, aiutandole a ricostruire la propria vita lontano dagli aggressori.<\/li>\n\n\n\n<li><strong>Educazione alla parit\u00e0 di genere nelle scuole<\/strong>: Sensibilizzare i giovani fin dall\u2019infanzia sull\u2019importanza del rispetto reciproco e della non violenza pu\u00f2 contribuire a ridurre gli episodi di violenza nel futuro.<\/li>\n\n\n\n<li><strong>Campagne di sensibilizzazione sui media e nei luoghi di lavoro<\/strong>: Contrastare gli stereotipi di genere e promuovere una cultura del rispetto aiuta a prevenire atteggiamenti tossici e discriminatori.<\/li>\n\n\n\n<li><strong>Formazione delle forze dell\u2019ordine e del personale sanitario<\/strong>: Chi \u00e8 in prima linea nel contrasto alla violenza domestica deve ricevere un\u2019adeguata preparazione per gestire i casi con sensibilit\u00e0 ed efficacia.<\/li>\n\n\n\n<li><strong>Procedure pi\u00f9 rapide per proteggere le vittime<\/strong>: L\u2019implementazione di misure cautelari tempestive, come l\u2019allontanamento dell\u2019aggressore e il potenziamento dei sistemi di protezione, \u00e8 essenziale per evitare tragedie.<\/li>\n<\/ul>\n\n\n\n<h3 class=\"wp-block-heading\"><strong>Conclusione<\/strong><\/h3>\n\n\n\n<p>Il cambiamento deve avvenire su pi\u00f9 livelli: dalle istituzioni alla cultura collettiva, affinch\u00e9 nessuna donna debba pi\u00f9 temere per la propria vita a causa della violenza di genere. La violenza contro le donne \u00e8 una piaga globale che necessita di azioni urgenti e coordinate a livello mondiale.<\/p>\n\n\n\n<p>Come ricorda Papa Francesco, \u00abOgni violenza inflitta alle donne \u00e8 una profanazione di Dio\u00bb. Dobbiamo quindi impegnarci affinch\u00e9 nessuno sia pi\u00f9 costretto a subire violenze e soprusi, perch\u00e9 una societ\u00e0 giusta \u00e8 una societ\u00e0 in cui tutti possono vivere liberi dalla paura. La violenza domestica e di genere non pu\u00f2 pi\u00f9 essere tollerata, e spetta a ciascuno di noi fare la nostra parte per costruire un futuro migliore, privo di violenza, discriminazione e paura, non solo in Italia, ma in ogni angolo del mondo.<\/p>\n","protected":false},"excerpt":{"rendered":"<p>Carlo Di Stanislao \u00abLa violenza non \u00e8 amore\u00bb \u2013 Frida Kahlo La violenza domestica e di genere rappresenta una delle [&hellip;]<\/p>\n","protected":false},"author":1,"featured_media":0,"comment_status":"open","ping_status":"open","sticky":false,"template":"","format":"standard","meta":{"footnotes":""},"categories":[10,35],"tags":[],"class_list":["post-70640","post","type-post","status-publish","format-standard","hentry","category-italiano","category-opiniones"],"_links":{"self":[{"href":"https:\/\/www.ecoitaliano.com.ar\/index.php?rest_route=\/wp\/v2\/posts\/70640","targetHints":{"allow":["GET"]}}],"collection":[{"href":"https:\/\/www.ecoitaliano.com.ar\/index.php?rest_route=\/wp\/v2\/posts"}],"about":[{"href":"https:\/\/www.ecoitaliano.com.ar\/index.php?rest_route=\/wp\/v2\/types\/post"}],"author":[{"embeddable":true,"href":"https:\/\/www.ecoitaliano.com.ar\/index.php?rest_route=\/wp\/v2\/users\/1"}],"replies":[{"embeddable":true,"href":"https:\/\/www.ecoitaliano.com.ar\/index.php?rest_route=%2Fwp%2Fv2%2Fcomments&post=70640"}],"version-history":[{"count":1,"href":"https:\/\/www.ecoitaliano.com.ar\/index.php?rest_route=\/wp\/v2\/posts\/70640\/revisions"}],"predecessor-version":[{"id":70641,"href":"https:\/\/www.ecoitaliano.com.ar\/index.php?rest_route=\/wp\/v2\/posts\/70640\/revisions\/70641"}],"wp:attachment":[{"href":"https:\/\/www.ecoitaliano.com.ar\/index.php?rest_route=%2Fwp%2Fv2%2Fmedia&parent=70640"}],"wp:term":[{"taxonomy":"category","embeddable":true,"href":"https:\/\/www.ecoitaliano.com.ar\/index.php?rest_route=%2Fwp%2Fv2%2Fcategories&post=70640"},{"taxonomy":"post_tag","embeddable":true,"href":"https:\/\/www.ecoitaliano.com.ar\/index.php?rest_route=%2Fwp%2Fv2%2Ftags&post=70640"}],"curies":[{"name":"wp","href":"https:\/\/api.w.org\/{rel}","templated":true}]}}