{"id":70671,"date":"2025-04-04T11:53:01","date_gmt":"2025-04-04T11:53:01","guid":{"rendered":"https:\/\/www.ecoitaliano.com.ar\/?p=70671"},"modified":"2025-04-04T11:53:01","modified_gmt":"2025-04-04T11:53:01","slug":"lumiere-la-storia-del-cinema-la-dove-la-luce-comincio-a-raccontare","status":"publish","type":"post","link":"https:\/\/www.ecoitaliano.com.ar\/?p=70671","title":{"rendered":"\u201cLumi\u00e8re! La storia del cinema\u201d \u2013 L\u00e0 dove la luce cominci\u00f2 a raccontare"},"content":{"rendered":"\n<p><em>Carlo Di Stanislao<\/em><\/p>\n\n\n<div class=\"wp-block-image\">\n<figure class=\"aligncenter size-full is-resized\"><a href=\"http:\/\/www.ecoitaliano.com.ar\/wp-content\/uploads\/2025\/03\/1000014516-1.jpg\"><img decoding=\"async\" width=\"960\" height=\"932\" src=\"http:\/\/www.ecoitaliano.com.ar\/wp-content\/uploads\/2025\/03\/1000014516-1.jpg\" alt=\"\" class=\"wp-image-70388\" style=\"width:363px;height:auto\" srcset=\"https:\/\/www.ecoitaliano.com.ar\/wp-content\/uploads\/2025\/03\/1000014516-1.jpg 960w, https:\/\/www.ecoitaliano.com.ar\/wp-content\/uploads\/2025\/03\/1000014516-1-300x291.jpg 300w, https:\/\/www.ecoitaliano.com.ar\/wp-content\/uploads\/2025\/03\/1000014516-1-768x746.jpg 768w, https:\/\/www.ecoitaliano.com.ar\/wp-content\/uploads\/2025\/03\/1000014516-1-150x146.jpg 150w\" sizes=\"(max-width: 960px) 100vw, 960px\" \/><\/a><\/figure><\/div>\n\n\n<p><br><em>\u201cIl cinema \u00e8 la scrittura moderna il cui inchiostro \u00e8 la luce.\u201d<\/em>&nbsp;\u2013 Jean Cocteau<\/p>\n\n\n\n<p>Ci sono film che raccontano una storia. E poi ci sono film che raccontano il cinema stesso, che risalgono il corso della memoria visiva fino a ritrovare quella prima scintilla, quel momento sacro in cui il mondo smise di essere solo vissuto e inizi\u00f2 a essere visto.&nbsp;<em>\u201cLumi\u00e8re! La storia del cinema\u201d<\/em>&nbsp;\u00e8 uno di questi rari, preziosi film.<\/p>\n\n\n\n<p>Thierry Fr\u00e9maux, con delicatezza e passione, ci accompagna in un viaggio incantato tra le prime immagini in movimento girate dai fratelli Lumi\u00e8re tra il 1895 e il 1905. E lo fa come un narratore antico che, intorno a un fuoco, racconta come tutto sia cominciato. Le scene che scorrono davanti ai nostri occhi \u2013 un bambino che mangia con gusto, un bacio rubato, la neve, il mare, l\u2019ombra di un albero \u2013 non sono semplici documenti. Sono attimi sospesi, sospiri del tempo che diventano eterni.<\/p>\n\n\n\n<p>Fr\u00e9maux non ci parla&nbsp;<em>del<\/em>&nbsp;cinema: ci mette di fronte alla sua nascita, alla sua innocenza. Come se ci prendesse per mano e ci dicesse: \u201cGuarda, era tutto gi\u00e0 qui\u201d. Il suo commento, misurato e innamorato, ci guida con discrezione, lasciando spazio allo stupore. E stupirsi \u00e8 l\u2019unico verbo che conta quando si guarda&nbsp;<em>Lumi\u00e8re!<\/em>.<\/p>\n\n\n\n<p>In questo viaggio nel tempo e nella luce, il pensiero corre inevitabilmente ad altri film che hanno reso il cinema protagonista di s\u00e9 stesso. C\u2019\u00e8, ad esempio,&nbsp;<em>Effetto Notte<\/em>&nbsp;di Fran\u00e7ois Truffaut, con il suo sguardo tenero e disincantato sul caos meraviglioso di un set cinematografico. L\u00ec, il cinema \u00e8 un artigianato fragile e glorioso, un\u2019illusione che si costruisce tra le mani e nel cuore di chi la crea.<\/p>\n\n\n\n<p>Oppure&nbsp;<em>The Artist<\/em>, dove il passaggio dal muto al sonoro diventa metafora di perdita e rinascita. O ancora&nbsp;<em>Cinema Paradiso<\/em>, in cui il cinema \u00e8 nostalgia, formazione, infanzia che non si dimentica.&nbsp;<em>Lumi\u00e8re!<\/em>&nbsp;\u00e8 diverso: non ha bisogno di raccontare una trama o evocare ricordi. \u00c8 il ricordo. \u00c8 l\u2019inizio.<\/p>\n\n\n\n<p>Ma c\u2019\u00e8 un altro film recente che merita di essere accostato a questa riflessione:&nbsp;<em>Finalmente l\u2019alba<\/em>&nbsp;di Saverio Costanzo. Qui il cinema \u00e8 visto attraverso gli occhi di una giovane donna negli anni \u201950, catapultata in una notte surreale tra Cinecitt\u00e0 e illusioni hollywoodiane. \u00c8 un\u2019opera che, pur immersa nella ricostruzione storica, ci parla dell\u2019incanto e del pericolo di lasciarsi sedurre dall\u2019immagine.&nbsp;<em>Finalmente l\u2019alba<\/em>&nbsp;\u00e8 il sogno del cinema visto dalla soglia: quando ancora non si \u00e8 dentro, ma gi\u00e0 si sente il richiamo. Cos\u00ec come&nbsp;<em>Lumi\u00e8re!<\/em>&nbsp;ci mostra quel momento magico in cui si passa dal guardare la realt\u00e0 a raccontarla con la luce.<\/p>\n\n\n\n<p>Nel mondo affascinante e a volte confuso di oggi,&nbsp;<em>Lumi\u00e8re!<\/em>&nbsp;\u00e8 un invito alla semplicit\u00e0 dello sguardo. Ci ricorda che prima della tecnologia, del marketing, delle sale vuote o piene, c\u2019erano occhi che si spalancavano davanti a qualcosa di mai visto. Ed \u00e8 questo che rende il film un\u2019esperienza profonda: la consapevolezza che il cinema, nella sua essenza, \u00e8 ancora quel gesto d\u2019amore verso il mondo.<\/p>\n\n\n\n<p><strong>Giudizio finale:<\/strong><br><em>\u201cLumi\u00e8re! La storia del cinema\u201d<\/em>&nbsp;\u00e8 un\u2019opera che non si limita a raccontare: incanta, emoziona, trasporta. \u00c8 poesia visiva, memoria condivisa, meraviglia ritrovata. \u00c8 la voce di un\u2019epoca che ancora ci parla, perch\u00e9 il cinema \u2013 come ogni vero linguaggio \u2013 non invecchia mai, ma continua a sussurrare nuove verit\u00e0. \u00c8 un film da mostrare nelle scuole, da vedere al buio con chi si ama, da custodire come si custodisce una fiamma.<\/p>\n\n\n\n<p>Dopo averlo visto, non si guarder\u00e0 pi\u00f9 una proiezione allo stesso modo. Perch\u00e9, in fondo, ogni volta che si accende uno schermo, da qualche parte del cuore, sta iniziando di nuovo quella prima alba.<\/p>\n","protected":false},"excerpt":{"rendered":"<p>Carlo Di Stanislao \u201cIl cinema \u00e8 la scrittura moderna il cui inchiostro \u00e8 la luce.\u201d&nbsp;\u2013 Jean Cocteau Ci sono film [&hellip;]<\/p>\n","protected":false},"author":1,"featured_media":0,"comment_status":"open","ping_status":"open","sticky":false,"template":"","format":"standard","meta":{"footnotes":""},"categories":[33,10],"tags":[],"class_list":["post-70671","post","type-post","status-publish","format-standard","hentry","category-espectaculo","category-italiano"],"_links":{"self":[{"href":"https:\/\/www.ecoitaliano.com.ar\/index.php?rest_route=\/wp\/v2\/posts\/70671","targetHints":{"allow":["GET"]}}],"collection":[{"href":"https:\/\/www.ecoitaliano.com.ar\/index.php?rest_route=\/wp\/v2\/posts"}],"about":[{"href":"https:\/\/www.ecoitaliano.com.ar\/index.php?rest_route=\/wp\/v2\/types\/post"}],"author":[{"embeddable":true,"href":"https:\/\/www.ecoitaliano.com.ar\/index.php?rest_route=\/wp\/v2\/users\/1"}],"replies":[{"embeddable":true,"href":"https:\/\/www.ecoitaliano.com.ar\/index.php?rest_route=%2Fwp%2Fv2%2Fcomments&post=70671"}],"version-history":[{"count":1,"href":"https:\/\/www.ecoitaliano.com.ar\/index.php?rest_route=\/wp\/v2\/posts\/70671\/revisions"}],"predecessor-version":[{"id":70672,"href":"https:\/\/www.ecoitaliano.com.ar\/index.php?rest_route=\/wp\/v2\/posts\/70671\/revisions\/70672"}],"wp:attachment":[{"href":"https:\/\/www.ecoitaliano.com.ar\/index.php?rest_route=%2Fwp%2Fv2%2Fmedia&parent=70671"}],"wp:term":[{"taxonomy":"category","embeddable":true,"href":"https:\/\/www.ecoitaliano.com.ar\/index.php?rest_route=%2Fwp%2Fv2%2Fcategories&post=70671"},{"taxonomy":"post_tag","embeddable":true,"href":"https:\/\/www.ecoitaliano.com.ar\/index.php?rest_route=%2Fwp%2Fv2%2Ftags&post=70671"}],"curies":[{"name":"wp","href":"https:\/\/api.w.org\/{rel}","templated":true}]}}