{"id":70769,"date":"2025-04-08T10:07:26","date_gmt":"2025-04-08T10:07:26","guid":{"rendered":"https:\/\/www.ecoitaliano.com.ar\/?p=70769"},"modified":"2025-04-08T10:07:51","modified_gmt":"2025-04-08T10:07:51","slug":"roma-guadagnuolo-riceve-il-premio-italia-2025-e-parla-della-situazione-europea","status":"publish","type":"post","link":"https:\/\/www.ecoitaliano.com.ar\/?p=70769","title":{"rendered":"Roma \u2013 Guadagnuolo riceve il Premio Italia 2025 e parla della situazione europea"},"content":{"rendered":"\n<figure class=\"wp-block-gallery has-nested-images columns-default is-cropped wp-block-gallery-1 is-layout-flex wp-block-gallery-is-layout-flex\">\n<figure class=\"wp-block-image size-large\"><a href=\"https:\/\/www.ecoitaliano.com.ar\/wp-content\/uploads\/2025\/04\/1.-Francesco-Guadagnuolo-Guido-Carli-il-trattato-di-Maastricht-allEuropa-di-oggi.jpg\"><img decoding=\"async\" width=\"458\" height=\"640\" data-id=\"70770\" src=\"https:\/\/www.ecoitaliano.com.ar\/wp-content\/uploads\/2025\/04\/1.-Francesco-Guadagnuolo-Guido-Carli-il-trattato-di-Maastricht-allEuropa-di-oggi.jpg\" alt=\"\" class=\"wp-image-70770\" srcset=\"https:\/\/www.ecoitaliano.com.ar\/wp-content\/uploads\/2025\/04\/1.-Francesco-Guadagnuolo-Guido-Carli-il-trattato-di-Maastricht-allEuropa-di-oggi.jpg 458w, https:\/\/www.ecoitaliano.com.ar\/wp-content\/uploads\/2025\/04\/1.-Francesco-Guadagnuolo-Guido-Carli-il-trattato-di-Maastricht-allEuropa-di-oggi-215x300.jpg 215w, https:\/\/www.ecoitaliano.com.ar\/wp-content\/uploads\/2025\/04\/1.-Francesco-Guadagnuolo-Guido-Carli-il-trattato-di-Maastricht-allEuropa-di-oggi-107x150.jpg 107w\" sizes=\"(max-width: 458px) 100vw, 458px\" \/><\/a><\/figure>\n\n\n\n<figure class=\"wp-block-image size-large\"><a href=\"https:\/\/www.ecoitaliano.com.ar\/wp-content\/uploads\/2025\/04\/2-Francesco-Guadagnuolo-presenta-la-sua-opera-Guido-Carli-il-trattato-di-Maastricht-nellEuropa-di-oggi-.jpg\"><img decoding=\"async\" width=\"1000\" height=\"1024\" data-id=\"70771\" src=\"https:\/\/www.ecoitaliano.com.ar\/wp-content\/uploads\/2025\/04\/2-Francesco-Guadagnuolo-presenta-la-sua-opera-Guido-Carli-il-trattato-di-Maastricht-nellEuropa-di-oggi--1000x1024.jpg\" alt=\"\" class=\"wp-image-70771\" srcset=\"https:\/\/www.ecoitaliano.com.ar\/wp-content\/uploads\/2025\/04\/2-Francesco-Guadagnuolo-presenta-la-sua-opera-Guido-Carli-il-trattato-di-Maastricht-nellEuropa-di-oggi--1000x1024.jpg 1000w, https:\/\/www.ecoitaliano.com.ar\/wp-content\/uploads\/2025\/04\/2-Francesco-Guadagnuolo-presenta-la-sua-opera-Guido-Carli-il-trattato-di-Maastricht-nellEuropa-di-oggi--293x300.jpg 293w, https:\/\/www.ecoitaliano.com.ar\/wp-content\/uploads\/2025\/04\/2-Francesco-Guadagnuolo-presenta-la-sua-opera-Guido-Carli-il-trattato-di-Maastricht-nellEuropa-di-oggi--768x786.jpg 768w, https:\/\/www.ecoitaliano.com.ar\/wp-content\/uploads\/2025\/04\/2-Francesco-Guadagnuolo-presenta-la-sua-opera-Guido-Carli-il-trattato-di-Maastricht-nellEuropa-di-oggi--146x150.jpg 146w, https:\/\/www.ecoitaliano.com.ar\/wp-content\/uploads\/2025\/04\/2-Francesco-Guadagnuolo-presenta-la-sua-opera-Guido-Carli-il-trattato-di-Maastricht-nellEuropa-di-oggi-.jpg 1125w\" sizes=\"(max-width: 1000px) 100vw, 1000px\" \/><\/a><\/figure>\n\n\n\n<figure class=\"wp-block-image size-large\"><a href=\"https:\/\/www.ecoitaliano.com.ar\/wp-content\/uploads\/2025\/04\/3.-A-Francesco-Guadagnuolo-il-Premio-Italia-2025-presso-Palazzo-Valentini-di-Roma.jpg\"><img decoding=\"async\" width=\"516\" height=\"1024\" data-id=\"70772\" src=\"https:\/\/www.ecoitaliano.com.ar\/wp-content\/uploads\/2025\/04\/3.-A-Francesco-Guadagnuolo-il-Premio-Italia-2025-presso-Palazzo-Valentini-di-Roma-516x1024.jpg\" alt=\"\" class=\"wp-image-70772\" srcset=\"https:\/\/www.ecoitaliano.com.ar\/wp-content\/uploads\/2025\/04\/3.-A-Francesco-Guadagnuolo-il-Premio-Italia-2025-presso-Palazzo-Valentini-di-Roma-516x1024.jpg 516w, https:\/\/www.ecoitaliano.com.ar\/wp-content\/uploads\/2025\/04\/3.-A-Francesco-Guadagnuolo-il-Premio-Italia-2025-presso-Palazzo-Valentini-di-Roma-151x300.jpg 151w, https:\/\/www.ecoitaliano.com.ar\/wp-content\/uploads\/2025\/04\/3.-A-Francesco-Guadagnuolo-il-Premio-Italia-2025-presso-Palazzo-Valentini-di-Roma-76x150.jpg 76w, https:\/\/www.ecoitaliano.com.ar\/wp-content\/uploads\/2025\/04\/3.-A-Francesco-Guadagnuolo-il-Premio-Italia-2025-presso-Palazzo-Valentini-di-Roma.jpg 665w\" sizes=\"(max-width: 516px) 100vw, 516px\" \/><\/a><\/figure>\n<\/figure>\n\n\n\n<p><em><strong>(I temi del&nbsp;suo discorso :<\/strong><\/em><em><strong> politiche economiche <\/strong><\/em><em><strong>, <\/strong><\/em><em><strong>cambiamenti globali<\/strong><\/em><em><strong> e dazi, <\/strong><\/em><em><strong>come l\u2019Unione europea reagir\u00e0?<\/strong><\/em><em><strong>)<\/strong><\/em><\/p>\n\n\n\n<p>Il 4 aprile 2025, la Provincia di Roma ha ospitato il <strong>Premio Italia<\/strong>, un prestigioso riconoscimento che celebra l&#8217;eccellenza del Made in Italy in vari settori, tra cui <strong><em>Arte e Cultura<\/em><\/strong>, <em><strong>Design e Moda<\/strong><\/em><em>, <\/em><strong><em>Sostenibilit\u00e0<\/em><\/strong><em>, <\/em><strong><em>Sport e Salute<\/em><\/strong>, <em><strong>Cucina e Gastronomia<\/strong><\/em><em>,<\/em> <strong><em>Imprenditoria<\/em><\/strong> e<em> <\/em><em><strong>Patrimonio culturale<\/strong><\/em>. Il <strong>Premio Italia<\/strong> giunto alla X Edizione \u00e8 stato ideato da <strong>Giuseppe Palma<\/strong>, rappresenta un&#8217;importante iniziativa storica nel panorama culturale e artistico italiano. La sua istituzione ha contribuito a valorizzare e premiare opere e personalit\u00e0 di spicco che hanno lasciato un segno significativo nel proprio ambito. \u00c8 un esempio del ruolo centrale che la cultura e l&#8217;arte hanno avuto nel tessere l&#8217;identit\u00e0 nazionale e di promozione del talento. L&#8217;evento si \u00e8 svolto presso <strong>Palazzo Valentini<\/strong>, nella prestigiosa <strong>Sala del Consiglio<\/strong>, con i saluti istituzionali dell&#8217;On. <strong>Fabrizio Santori<\/strong>, promotore delle bellezze di Roma, per una serata indimenticabile che ha reso omaggio al valore del Made in Italy e alla forza delle idee che cambiano il mondo. L&#8217;evento ha visto la partecipazione di personalit\u00e0 di spicco, sottolineando l&#8217;importanza di valorizzare le tradizioni italiane.<\/p>\n\n\n\n<p>Quest\u2019Edizione ha avuto una dimensione internazionale, con appuntamenti presso gli Istituti Italiani di Cultura e i Consolati d&#8217;Italia in diversi Paesi europei. Tra i premiati, spicca l\u2019artista <strong>Francesco Guadagnuolo<\/strong>, che ha ricevuto il riconoscimento di merito del <strong>Premio Italia per l\u2019Arte e Cultura<\/strong>, per l\u2019impegno costante nella promozione e valorizzazione del nostro Paese, grazie al suo contributo ai valori della bellezza e della cultura italiana. La dedica dell&#8217;opera pittorica sull&#8217;Europa a Guido Carli da parte di Guadagnuolo aggiunge un tocco significativo all&#8217;evento&nbsp;che presentando la sua opera ha detto:<\/p>\n\n\n\n<p>\u00abLa trilogia che ho creato intitolato: \u00abUnione Europea\u00bb \u00e8 composta da tre quadri interconnessi. Il primo \u201cL\u2019Europa in crisi\u201d riflette sulle divisioni interne dell\u2019Unione, invitando alla cooperazione; il secondo \u201cTempesta Europea\u201d affronta le dinamiche politiche e sociali contemporanee; mentre il terzo quadro, esposto nella Sala del Consiglio della Provincia di Roma, in occasione del Premio Italia, dal titolo: \u201cGuido Carli: il trattato di Maastricht nell\u2019Europa di oggi\u201d celebra il ruolo di Carli nel Trattato di Maastricht, \u00e8 una scelta autorevole, che collega un momento storico cruciale alle questioni contemporanee. La trilogia \u00abUnione Europea\u00bb vuole essere un&#8217;opera evocativa e ricca di significato, per avere utilizzato simboli e colori per rappresentare sia le sfide, sia le opportunit\u00e0 dell&#8217;Europa.<\/p>\n\n\n\n<p>Il Trattato di Maastricht, firmato il 7 febbraio 1992, rappresenta una tappa cruciale nella storia dell\u2019Unione Europea. Guido Carli, allora Ministro del Tesoro, gioc\u00f2 un ruolo determinante nella sua elaborazione.<\/p>\n\n\n\n<p>Grazie al contributo di Carli, sono state poste le basi per una maggiore coesione economica e politica, rafforzando cos\u00ec l\u2019integrazione e la stabilit\u00e0 del progetto europeo.<\/p>\n\n\n\n<p>L\u2019opera pittorica stabilisce un ponte simbolico tra passato e presente, rappresentando sia la mappa dell\u2019Unione Europea nel momento del Trattato di Maastricht, sia quella attuale. L\u2019opera \u00e8 dominata da sfumature di blu e oro, che richiamano i simboli della bandiera europea: il blu evoca unit\u00e0 e armonia, mentre l\u2019oro delle dodici stelle, incarna perfezione e valori universali. Al centro, sulla destra, si erge il simbolo di un albero con rami che promettono di dare frutti per il futuro dell\u2019Europa. Sotto, \u00e8 rappresentata la pagina del trattato firmata da Guido Carli, a testimonianza della sua figura influente e rispettata a livello internazionale. Accanto alla mappa dell\u2019Europa di oggi, \u00e8 messa in evidenza una moneta dell\u2019Euro, che dal 2002, incarna l\u2019unione economica e monetaria del Continente europeo.<\/p>\n\n\n\n<p>Il colore rosso, inserito nella composizione, sottolinea il momento critico che l\u2019Europa sta vivendo. Simboleggia l&#8217;urgenza di trovare soluzioni condivise per affrontare le sfide contemporanee. Tra queste, investimenti in tecnologie sostenibili, politiche economiche inclusive e una cooperazione internazionale rafforzata, sono proposte come strumenti essenziali per garantire un futuro stabile e prospero. Le preoccupazioni di Guido Carli, come il rischio di un ritorno ai nazionalismi, in assenza di una vera unione politica, restano straordinariamente attuali. Le sfide che aveva previsto, tra cui la necessit\u00e0 di gestire le transizioni economiche e sociali in modo coeso, continuano a essere centrali nel dibattito europeo. La sua eredit\u00e0 invita a riflettere su come rafforzare l\u2019Unione Europea e renderla pi\u00f9 resiliente.<\/p>\n\n\n\n<p>L\u2019Europa di oggi si presenta profondamente diversa rispetto a quella immaginata da Carli, plasmata da trasformazioni politiche, crisi economiche e cambiamenti globali. Mentre alcuni interpretano questi mutamenti come un\u2019evoluzione inevitabile, altri sostengono che gli ideali fondativi siano stati in parte accantonati. Le critiche sottolineano che lo spirito originario del Trattato di Maastricht \u00e8 stato tradito da politiche di austerit\u00e0 e approcci tecnicisti, relegando valori come solidariet\u00e0 e crescita. Questo dibattito continua ad influenzare le discussioni sulle riforme europee.<\/p>\n\n\n\n<p>Guido Carli ha svolto un ruolo cruciale nella costruzione di un\u2019Europa fondata sulla cooperazione e sulla crescita economica. Oggi, l\u2019Unione Europea affronta sfide significative, come i dazi del 20% &#8211; 25% imposti dagli Stati Uniti, che mettono sotto pressione le industrie italiane ed europee. Ci chiediamo come l\u2019Unione europea reagir\u00e0? Certo dovr\u00e0 cercare di bilanciare con fermezza senza tralasciare il dialogo, pu\u00f2 rispondere ai dazi americani in diversi modi: negoziando per ridurre le barriere commerciali, introducendo contromisure con dazi sui prodotti americani, diversificando i partner commerciali per ridurre la dipendenza dagli Stati Uniti e mantenendo un fronte compatto tra gli Stati membri per rafforzare la sua posizione. Queste strategie mirano a bilanciare la difesa degli interessi europei con la necessit\u00e0 di evitare una guerra commerciale.<\/p>\n\n\n\n<p>Carli rimane una figura centrale nella storia economica e politica italiana, con un\u2019eredit\u00e0 che continua ad ispirare il processo d\u2019integrazione europea. Visionario e stratega, ha contribuito a modellare l\u2019Europa moderna, promuovendo un progetto di unione e solidariet\u00e0 per affrontare le sfide che ci attendono.<\/p>\n\n\n\n<p>Ho pensato come il mio lavoro artistico non solo celebri la storia ma inviti anche ad un dialogo sul futuro dell&#8217;Europa. Vuole essere un contributo prezioso alla discussione sull&#8217;identit\u00e0 e il futuro stesso dell&#8217;Unione Europea\u00bb.<\/p>\n","protected":false},"excerpt":{"rendered":"<p>(I temi del&nbsp;suo discorso : politiche economiche , cambiamenti globali e dazi, come l\u2019Unione europea reagir\u00e0?) Il 4 aprile 2025, [&hellip;]<\/p>\n","protected":false},"author":1,"featured_media":0,"comment_status":"open","ping_status":"open","sticky":false,"template":"","format":"standard","meta":{"footnotes":""},"categories":[2,10,1],"tags":[],"class_list":["post-70769","post","type-post","status-publish","format-standard","hentry","category-informacion","category-italiano","category-sin-categoria"],"_links":{"self":[{"href":"https:\/\/www.ecoitaliano.com.ar\/index.php?rest_route=\/wp\/v2\/posts\/70769","targetHints":{"allow":["GET"]}}],"collection":[{"href":"https:\/\/www.ecoitaliano.com.ar\/index.php?rest_route=\/wp\/v2\/posts"}],"about":[{"href":"https:\/\/www.ecoitaliano.com.ar\/index.php?rest_route=\/wp\/v2\/types\/post"}],"author":[{"embeddable":true,"href":"https:\/\/www.ecoitaliano.com.ar\/index.php?rest_route=\/wp\/v2\/users\/1"}],"replies":[{"embeddable":true,"href":"https:\/\/www.ecoitaliano.com.ar\/index.php?rest_route=%2Fwp%2Fv2%2Fcomments&post=70769"}],"version-history":[{"count":1,"href":"https:\/\/www.ecoitaliano.com.ar\/index.php?rest_route=\/wp\/v2\/posts\/70769\/revisions"}],"predecessor-version":[{"id":70773,"href":"https:\/\/www.ecoitaliano.com.ar\/index.php?rest_route=\/wp\/v2\/posts\/70769\/revisions\/70773"}],"wp:attachment":[{"href":"https:\/\/www.ecoitaliano.com.ar\/index.php?rest_route=%2Fwp%2Fv2%2Fmedia&parent=70769"}],"wp:term":[{"taxonomy":"category","embeddable":true,"href":"https:\/\/www.ecoitaliano.com.ar\/index.php?rest_route=%2Fwp%2Fv2%2Fcategories&post=70769"},{"taxonomy":"post_tag","embeddable":true,"href":"https:\/\/www.ecoitaliano.com.ar\/index.php?rest_route=%2Fwp%2Fv2%2Ftags&post=70769"}],"curies":[{"name":"wp","href":"https:\/\/api.w.org\/{rel}","templated":true}]}}