{"id":70996,"date":"2025-04-10T13:38:23","date_gmt":"2025-04-10T13:38:23","guid":{"rendered":"https:\/\/www.ecoitaliano.com.ar\/?p=70996"},"modified":"2025-04-10T13:38:50","modified_gmt":"2025-04-10T13:38:50","slug":"ministero-della-cultura-concorso-art-bonus-2025-la-camerata-musicale-sulmona-vocivoci-festival-pacentro-2023-e-tra-i-finalisti-si-puo-ancora-votare-fino-al-15-aprile","status":"publish","type":"post","link":"https:\/\/www.ecoitaliano.com.ar\/?p=70996","title":{"rendered":"MINISTERO DELLA CULTURA -CONCORSO ART BONUS 2025 &#8211; LA CAMERATA MUSICALE SULMONA VOCI&amp;VOCI Festival Pacentro 2023 \u00e8 tra i finalisti- si pu\u00f2 ancora votare fino al 15 aprile"},"content":{"rendered":"\n<figure class=\"wp-block-image size-large\"><a href=\"http:\/\/www.ecoitaliano.com.ar\/wp-content\/uploads\/2025\/04\/IMG-20250311-WA0005.jpg\"><img decoding=\"async\" width=\"1024\" height=\"765\" src=\"http:\/\/www.ecoitaliano.com.ar\/wp-content\/uploads\/2025\/04\/IMG-20250311-WA0005-1024x765.jpg\" alt=\"\" class=\"wp-image-70997\" srcset=\"https:\/\/www.ecoitaliano.com.ar\/wp-content\/uploads\/2025\/04\/IMG-20250311-WA0005-1024x765.jpg 1024w, https:\/\/www.ecoitaliano.com.ar\/wp-content\/uploads\/2025\/04\/IMG-20250311-WA0005-300x224.jpg 300w, https:\/\/www.ecoitaliano.com.ar\/wp-content\/uploads\/2025\/04\/IMG-20250311-WA0005-768x574.jpg 768w, https:\/\/www.ecoitaliano.com.ar\/wp-content\/uploads\/2025\/04\/IMG-20250311-WA0005-1536x1148.jpg 1536w, https:\/\/www.ecoitaliano.com.ar\/wp-content\/uploads\/2025\/04\/IMG-20250311-WA0005-150x112.jpg 150w, https:\/\/www.ecoitaliano.com.ar\/wp-content\/uploads\/2025\/04\/IMG-20250311-WA0005.jpg 1600w\" sizes=\"(max-width: 1024px) 100vw, 1024px\" \/><\/a><\/figure>\n\n\n\n<figure class=\"wp-block-gallery has-nested-images columns-default is-cropped wp-block-gallery-1 is-layout-flex wp-block-gallery-is-layout-flex\">\n<figure class=\"wp-block-image size-large\"><a href=\"https:\/\/www.ecoitaliano.com.ar\/wp-content\/uploads\/2025\/04\/IMG-20250311-WA0009.jpg\"><img decoding=\"async\" width=\"765\" height=\"1024\" data-id=\"70998\" src=\"https:\/\/www.ecoitaliano.com.ar\/wp-content\/uploads\/2025\/04\/IMG-20250311-WA0009-765x1024.jpg\" alt=\"\" class=\"wp-image-70998\" srcset=\"https:\/\/www.ecoitaliano.com.ar\/wp-content\/uploads\/2025\/04\/IMG-20250311-WA0009-765x1024.jpg 765w, https:\/\/www.ecoitaliano.com.ar\/wp-content\/uploads\/2025\/04\/IMG-20250311-WA0009-224x300.jpg 224w, https:\/\/www.ecoitaliano.com.ar\/wp-content\/uploads\/2025\/04\/IMG-20250311-WA0009-768x1027.jpg 768w, https:\/\/www.ecoitaliano.com.ar\/wp-content\/uploads\/2025\/04\/IMG-20250311-WA0009-1148x1536.jpg 1148w, https:\/\/www.ecoitaliano.com.ar\/wp-content\/uploads\/2025\/04\/IMG-20250311-WA0009-112x150.jpg 112w, https:\/\/www.ecoitaliano.com.ar\/wp-content\/uploads\/2025\/04\/IMG-20250311-WA0009.jpg 1196w\" sizes=\"(max-width: 765px) 100vw, 765px\" \/><\/a><\/figure>\n\n\n\n<figure class=\"wp-block-image size-large\"><a href=\"https:\/\/www.ecoitaliano.com.ar\/wp-content\/uploads\/2025\/04\/IMG-20250311-WA0010.jpg\"><img decoding=\"async\" width=\"1024\" height=\"765\" data-id=\"70999\" src=\"https:\/\/www.ecoitaliano.com.ar\/wp-content\/uploads\/2025\/04\/IMG-20250311-WA0010-1024x765.jpg\" alt=\"\" class=\"wp-image-70999\" srcset=\"https:\/\/www.ecoitaliano.com.ar\/wp-content\/uploads\/2025\/04\/IMG-20250311-WA0010-1024x765.jpg 1024w, https:\/\/www.ecoitaliano.com.ar\/wp-content\/uploads\/2025\/04\/IMG-20250311-WA0010-300x224.jpg 300w, https:\/\/www.ecoitaliano.com.ar\/wp-content\/uploads\/2025\/04\/IMG-20250311-WA0010-768x574.jpg 768w, https:\/\/www.ecoitaliano.com.ar\/wp-content\/uploads\/2025\/04\/IMG-20250311-WA0010-1536x1148.jpg 1536w, https:\/\/www.ecoitaliano.com.ar\/wp-content\/uploads\/2025\/04\/IMG-20250311-WA0010-150x112.jpg 150w, https:\/\/www.ecoitaliano.com.ar\/wp-content\/uploads\/2025\/04\/IMG-20250311-WA0010.jpg 1600w\" sizes=\"(max-width: 1024px) 100vw, 1024px\" \/><\/a><\/figure>\n\n\n\n<figure class=\"wp-block-image size-large\"><a href=\"https:\/\/www.ecoitaliano.com.ar\/wp-content\/uploads\/2025\/04\/IMG-20250311-WA0021.jpg\"><img decoding=\"async\" width=\"1024\" height=\"765\" data-id=\"71000\" src=\"https:\/\/www.ecoitaliano.com.ar\/wp-content\/uploads\/2025\/04\/IMG-20250311-WA0021-1024x765.jpg\" alt=\"\" class=\"wp-image-71000\" srcset=\"https:\/\/www.ecoitaliano.com.ar\/wp-content\/uploads\/2025\/04\/IMG-20250311-WA0021-1024x765.jpg 1024w, https:\/\/www.ecoitaliano.com.ar\/wp-content\/uploads\/2025\/04\/IMG-20250311-WA0021-300x224.jpg 300w, https:\/\/www.ecoitaliano.com.ar\/wp-content\/uploads\/2025\/04\/IMG-20250311-WA0021-768x574.jpg 768w, https:\/\/www.ecoitaliano.com.ar\/wp-content\/uploads\/2025\/04\/IMG-20250311-WA0021-1536x1148.jpg 1536w, https:\/\/www.ecoitaliano.com.ar\/wp-content\/uploads\/2025\/04\/IMG-20250311-WA0021-150x112.jpg 150w, https:\/\/www.ecoitaliano.com.ar\/wp-content\/uploads\/2025\/04\/IMG-20250311-WA0021.jpg 1600w\" sizes=\"(max-width: 1024px) 100vw, 1024px\" \/><\/a><\/figure>\n<\/figure>\n\n\n\n<figure class=\"wp-block-image\"><img decoding=\"async\" src=\"https:\/\/mail.google.com\/mail\/u\/2?ui=2&amp;ik=a91c2962d6&amp;attid=0.0.2&amp;permmsgid=msg-f:1829022416094713508&amp;th=1961fe32658d56a4&amp;view=fimg&amp;fur=ip&amp;permmsgid=msg-f:1829022416094713508&amp;sz=s0-l75-ft&amp;attbid=ANGjdJ-ZNVEVs7A6-wELpvsuC3PZQaG7SqemXtY6nRb1WfHkcWu0TTjFdLum8uWxEh9QIZKGmnJCojVJNZeXipO4GGvZejADTWU-ytNvaJYrrCYarjZjaIj70bU-pmA&amp;disp=emb&amp;realattid=ii_m9bd96rz6&amp;zw\" alt=\"image.png\"\/><\/figure>\n\n\n\n<p><strong>Concorso Art Bonus 2025<\/strong><\/p>\n\n\n\n<figure class=\"wp-block-image\"><img decoding=\"async\" src=\"https:\/\/mail.google.com\/mail\/u\/2?ui=2&amp;ik=a91c2962d6&amp;attid=0.0.1&amp;permmsgid=msg-f:1829022416094713508&amp;th=1961fe32658d56a4&amp;view=fimg&amp;fur=ip&amp;permmsgid=msg-f:1829022416094713508&amp;sz=s0-l75-ft&amp;attbid=ANGjdJ8s5GHMDwTkpjK9hik3qyXnmRJMX_jiXhXqal6uZOx6EVyRaW3BgRGtcTgOaBSmm7iANwlXfFyElL3YZp02YptdnjhxHi_pA3My52NQTWZadtA6HEsigaFrXtw&amp;disp=emb&amp;realattid=ii_m9ba4t410&amp;zw\" alt=\"image.png\"\/><\/figure>\n\n\n\n<p><strong>Direttore Artistico Gaetano Di Bacco<\/strong><\/p>\n\n\n\n<p>Nel bilancio della Camerata Musicale di Sulmona, per le attivit\u00e0 estive effettuate, si aggiunge il prestigioso risultato ottenuto dalla rassegna VOCI&amp;VOCI Pacentro Festival 2023, realizzata grazie al sistema dell\u2019Art Bonus del Ministero della Cultura (che consente a privati cittadini o aziende di contribuire finanziariamente alle iniziative di carattere culturale).<\/p>\n\n\n\n<p>Dal Ministero della Cultura infatti \u00e8 arrivata la comunicazione ufficiale che il progetto della Camerata Musicale-VOCI&amp;VOCI FESTIVAL PACENTRO 2023&#8243; \u00e8 stato selezionato (tra 400 progetti nazionali) per partecipare alle votazioni del&nbsp;Concorso Art Bonus 2025,&nbsp; (dal 10 marzo al 14 aprile 2025 sulla piattaforma Art Bonus). Il Concorso si conclude il&nbsp;prossimo 15 aprile quando i&nbsp;15 progetti pi\u00f9 votati di ciascuna delle due categorie ( \u201cBeni e luoghi della cultura\u201d e \u201cSpettacolo dal vivo\u201d) parteciperanno alla fase del Click Day&nbsp;: si voter\u00e0 sui social (sulle pagine Facebook e Instagram di Art Bonus).<\/p>\n\n\n\n<p>Il Concorso Art Bonus 2025 \u00e8 finalizzato a valorizzare e premiare gli interventi la cui&nbsp;raccolta fondi \u00e8 stata chiusa sulla piattaforma governativa nel corso del 2024&nbsp;e rispondono ai requisiti di selezione previsti dal regolamento.<\/p>\n\n\n\n<p>VOCI&amp;VOCI Festival di&nbsp;arte vocale e strumentale \u00e8 stato realizzato, nella sua prima edizione &nbsp;nell\u2019estate del 2023, nel borgo medievale di Pacentro (AQ), &nbsp;nel suggestivo chiostro del &nbsp;complesso monumentale dell\u2019ex Convento dei&nbsp; Minori Osservanti.&nbsp; Sotto la direzione artistica del M\u00b0 Guido Galterio&nbsp;l\u2019 iniziativa \u00e8 nata con il proposito di promuovere la cultura in tutte le sue \u201cvoci\u201de &nbsp;per la promozione del borgo e del territorio con tutte le sue caratteristiche ed i suoi antichi valori. Nella &nbsp;prima edizione ha proposto una serie di serate distribuite tra luglio e agosto e articolate in nove appuntamenti con la musica, il teatro e \u2018incontri con l\u2019autore\u2019 &nbsp;comunque la musica filo conduttore.<\/p>\n\n\n\n<p>Nella comunicazione arrivata alla Camerata Musicale di Sulmona dal Ministero della Cultura questa settimana, i dati \u201cposizionano il progetto CMS-VOCI&amp;VOCI Festival\u201d nella lista dei 15 pi\u00f9 votati della categoria.&nbsp;&nbsp;La lista sar\u00e0 in continuo aggiornamento fino alle ore 12 di luned\u00ec 14 aprile,&nbsp;quindi l\u2019appello \u00e8 di continuare a votare (anche dall\u2019estero) attraverso il seguente link<\/p>\n\n\n\n<figure class=\"wp-block-embed\"><div class=\"wp-block-embed__wrapper\">\nhttps:\/\/artbonus.gov.it\/concorso\/2025\/progetti\/?cerca=&#038;regione=13&#038;provincia=66&#038;ente=CAMERATA%2BMUSICALE%2BSULMONESE%2BONLUS&#038;concorso=2025\n<\/div><\/figure>\n\n\n\n<p>Luned\u00ec 14 alle ore 13 sar\u00e0 ufficializzata la classifica della prima fase di votazioni sul sito e saranno ufficializzati i 30 finalisti per la loro partecipazione alla finale social.<\/p>\n\n\n\n<p>Noi contiamo sulla partecipazione di tutti coloro che apprezzano il lavoro della Camerata Musicale Sulmonese che in 72 anni di attivit\u00e0, e oggi grazie anche alla lungimiranza e alle capacit\u00e0 manageriali oltre che artistiche del Direttore M\u00b0 Gaetano Di Bacco, si \u00e8 guadagnata una posizione di prestigio nel campo delle istituzioni culturali del territorio regionale.<\/p>\n\n\n\n<p>Nel Concorso Art Bonus 2025 del Ministero della Cultura, per i progetti finalisti &nbsp;i voti ricevuti nella prima e seconda fase,&nbsp; sommati determinano la classifica finale &nbsp;con i vincitori di questa edizione.&nbsp;Il riconoscimento principale del concorso consiste in una promozione a livello nazionale.<\/p>\n\n\n\n<p>Noi speriamo di esserci.&nbsp;<\/p>\n\n\n\n<p><a href=\"http:\/\/www.cameratamusicalesulmonese.it\/\" target=\"_blank\" rel=\"noreferrer noopener\"><strong>www.cameratamusicalesulmonese.it<\/strong><\/a>&nbsp;<\/p>\n\n\n\n<p><strong>sottoscrizione 5Xmille Info:0864 212207<\/strong><strong><\/strong><\/p>\n\n\n\n<p><strong><em>Ufficio Stampa<\/em><\/strong><strong><\/strong><\/p>\n\n\n\n<p><strong><em>Fiorentina Galterio<\/em><\/strong><\/p>\n\n\n\n<p><strong><em>Tel.349 7031924&nbsp;&nbsp;<\/em><\/strong><\/p>\n\n\n\n<p><strong><em>stampacameratamusic<\/em><\/strong><strong>@g<\/strong><strong><em><a href=\"http:\/\/mail.com\/\" target=\"_blank\" rel=\"noreferrer noopener\">mail.com<\/a><\/em><\/strong><\/p>\n","protected":false},"excerpt":{"rendered":"<p>Concorso Art Bonus 2025 Direttore Artistico Gaetano Di Bacco Nel bilancio della Camerata Musicale di Sulmona, per le attivit\u00e0 estive [&hellip;]<\/p>\n","protected":false},"author":1,"featured_media":0,"comment_status":"open","ping_status":"open","sticky":false,"template":"","format":"standard","meta":{"footnotes":""},"categories":[10,46,1],"tags":[],"class_list":["post-70996","post","type-post","status-publish","format-standard","hentry","category-italiano","category-musica","category-sin-categoria"],"_links":{"self":[{"href":"https:\/\/www.ecoitaliano.com.ar\/index.php?rest_route=\/wp\/v2\/posts\/70996","targetHints":{"allow":["GET"]}}],"collection":[{"href":"https:\/\/www.ecoitaliano.com.ar\/index.php?rest_route=\/wp\/v2\/posts"}],"about":[{"href":"https:\/\/www.ecoitaliano.com.ar\/index.php?rest_route=\/wp\/v2\/types\/post"}],"author":[{"embeddable":true,"href":"https:\/\/www.ecoitaliano.com.ar\/index.php?rest_route=\/wp\/v2\/users\/1"}],"replies":[{"embeddable":true,"href":"https:\/\/www.ecoitaliano.com.ar\/index.php?rest_route=%2Fwp%2Fv2%2Fcomments&post=70996"}],"version-history":[{"count":1,"href":"https:\/\/www.ecoitaliano.com.ar\/index.php?rest_route=\/wp\/v2\/posts\/70996\/revisions"}],"predecessor-version":[{"id":71001,"href":"https:\/\/www.ecoitaliano.com.ar\/index.php?rest_route=\/wp\/v2\/posts\/70996\/revisions\/71001"}],"wp:attachment":[{"href":"https:\/\/www.ecoitaliano.com.ar\/index.php?rest_route=%2Fwp%2Fv2%2Fmedia&parent=70996"}],"wp:term":[{"taxonomy":"category","embeddable":true,"href":"https:\/\/www.ecoitaliano.com.ar\/index.php?rest_route=%2Fwp%2Fv2%2Fcategories&post=70996"},{"taxonomy":"post_tag","embeddable":true,"href":"https:\/\/www.ecoitaliano.com.ar\/index.php?rest_route=%2Fwp%2Fv2%2Ftags&post=70996"}],"curies":[{"name":"wp","href":"https:\/\/api.w.org\/{rel}","templated":true}]}}