{"id":71009,"date":"2025-04-11T08:02:47","date_gmt":"2025-04-11T08:02:47","guid":{"rendered":"https:\/\/www.ecoitaliano.com.ar\/?p=71009"},"modified":"2025-04-11T08:03:15","modified_gmt":"2025-04-11T08:03:15","slug":"robert-mapplethorpe-le-forme-del-classico-in-mostra-a-venezia","status":"publish","type":"post","link":"https:\/\/www.ecoitaliano.com.ar\/?p=71009","title":{"rendered":"ROBERT MAPPLETHORPE. LE FORME DEL CLASSICO IN MOSTRA A VENEZIA"},"content":{"rendered":"\n<p><em>CRISTINA FONTANELLI\u00a0<\/em><\/p>\n\n\n\n<figure class=\"wp-block-gallery has-nested-images columns-default is-cropped wp-block-gallery-1 is-layout-flex wp-block-gallery-is-layout-flex\">\n<figure class=\"wp-block-image size-large\"><a href=\"https:\/\/www.ecoitaliano.com.ar\/wp-content\/uploads\/2025\/04\/4d1e6b2fa48c251b109af026e5657f8c.jpeg\"><img decoding=\"async\" width=\"820\" height=\"1024\" data-id=\"71010\" src=\"https:\/\/www.ecoitaliano.com.ar\/wp-content\/uploads\/2025\/04\/4d1e6b2fa48c251b109af026e5657f8c-820x1024.jpeg\" alt=\"\" class=\"wp-image-71010\" srcset=\"https:\/\/www.ecoitaliano.com.ar\/wp-content\/uploads\/2025\/04\/4d1e6b2fa48c251b109af026e5657f8c-820x1024.jpeg 820w, https:\/\/www.ecoitaliano.com.ar\/wp-content\/uploads\/2025\/04\/4d1e6b2fa48c251b109af026e5657f8c-240x300.jpeg 240w, https:\/\/www.ecoitaliano.com.ar\/wp-content\/uploads\/2025\/04\/4d1e6b2fa48c251b109af026e5657f8c-768x959.jpeg 768w, https:\/\/www.ecoitaliano.com.ar\/wp-content\/uploads\/2025\/04\/4d1e6b2fa48c251b109af026e5657f8c-1231x1536.jpeg 1231w, https:\/\/www.ecoitaliano.com.ar\/wp-content\/uploads\/2025\/04\/4d1e6b2fa48c251b109af026e5657f8c-120x150.jpeg 120w, https:\/\/www.ecoitaliano.com.ar\/wp-content\/uploads\/2025\/04\/4d1e6b2fa48c251b109af026e5657f8c.jpeg 1410w\" sizes=\"(max-width: 820px) 100vw, 820px\" \/><\/a><\/figure>\n\n\n\n<figure class=\"wp-block-image size-large\"><a href=\"https:\/\/www.ecoitaliano.com.ar\/wp-content\/uploads\/2025\/04\/93.4288_ph_web-1.jpg\"><img decoding=\"async\" width=\"1024\" height=\"896\" data-id=\"71011\" src=\"https:\/\/www.ecoitaliano.com.ar\/wp-content\/uploads\/2025\/04\/93.4288_ph_web-1-1024x896.jpg\" alt=\"\" class=\"wp-image-71011\" srcset=\"https:\/\/www.ecoitaliano.com.ar\/wp-content\/uploads\/2025\/04\/93.4288_ph_web-1-1024x896.jpg 1024w, https:\/\/www.ecoitaliano.com.ar\/wp-content\/uploads\/2025\/04\/93.4288_ph_web-1-300x263.jpg 300w, https:\/\/www.ecoitaliano.com.ar\/wp-content\/uploads\/2025\/04\/93.4288_ph_web-1-768x672.jpg 768w, https:\/\/www.ecoitaliano.com.ar\/wp-content\/uploads\/2025\/04\/93.4288_ph_web-1-150x131.jpg 150w, https:\/\/www.ecoitaliano.com.ar\/wp-content\/uploads\/2025\/04\/93.4288_ph_web-1.jpg 1043w\" sizes=\"(max-width: 1024px) 100vw, 1024px\" \/><\/a><\/figure>\n\n\n\n<figure class=\"wp-block-image size-large\"><a href=\"https:\/\/www.ecoitaliano.com.ar\/wp-content\/uploads\/2025\/04\/93.4289_ph_web-1.jpg\"><img decoding=\"async\" width=\"1024\" height=\"1016\" data-id=\"71012\" src=\"https:\/\/www.ecoitaliano.com.ar\/wp-content\/uploads\/2025\/04\/93.4289_ph_web-1-1024x1016.jpg\" alt=\"\" class=\"wp-image-71012\" srcset=\"https:\/\/www.ecoitaliano.com.ar\/wp-content\/uploads\/2025\/04\/93.4289_ph_web-1-1024x1016.jpg 1024w, https:\/\/www.ecoitaliano.com.ar\/wp-content\/uploads\/2025\/04\/93.4289_ph_web-1-300x298.jpg 300w, https:\/\/www.ecoitaliano.com.ar\/wp-content\/uploads\/2025\/04\/93.4289_ph_web-1-150x150.jpg 150w, https:\/\/www.ecoitaliano.com.ar\/wp-content\/uploads\/2025\/04\/93.4289_ph_web-1-768x762.jpg 768w, https:\/\/www.ecoitaliano.com.ar\/wp-content\/uploads\/2025\/04\/93.4289_ph_web-1.jpg 1163w\" sizes=\"(max-width: 1024px) 100vw, 1024px\" \/><\/a><\/figure>\n<\/figure>\n\n\n\n<p><br>by CRISTINA FONTANELLI &#8211;&nbsp;A Venezia, \u00e8 di scena la fotografia di livello internazionale con una spettacolare mostra&nbsp;interamente dedicata a Robert Mapplethorpe (New York, 1946 &#8211; Boston, 1989).&nbsp;Allestita presso le &#8216;Stanze della Fotografia&#8217;, la straordinaria iniziativa espositiva intitolata \u00abRobert Mapplethorpe. Le forme del classico\u00bb,&nbsp; include un corpus di duecento opere del fotografo americano, alcune delle quali mai esposte prima nel Belpaese. Curata da Denis Curti, questa mostra \u00e8 organizzata da Marsilio Arte e Fondazione Giorgio Cini, in collaborazione con la Fondazione Robert Mapplethorpe di N. Y. La rassegna proposta a Venezia \u00e8 parte principale di un progetto che dedicato all&#8217;artista statunitense proseguir\u00e0 con altre due mostre svolte il prossimo anno in Italia. Nello specifico, anticipiamo che nel 2026, il Palazzo Reale di Milano sar\u00e0 sede della retrospettiva \u00abRobert Mapplethorpe: le forme del desiderio\u00bb, mentre al Museo dell&#8217;Ara&nbsp;Pacis di Roma avr\u00e0 luogo \u00abLe forme della bellezza\u00bb, iniziativa che incentrata&nbsp;su classicit\u00e0 e bellezza, includera&#8217; per la prima volta alcuni scatti che l&#8217;autore realizz\u00f2 nel nostro Paese. Nell&#8217;ambito di queste&nbsp; rassegne \u00e8 realizzato un interessante catalogo edito da Marsilio Arte.&nbsp;Alle &#8216;Stanze della Fotografia&#8217; di Venezia, il ricco repertorio delle foto in mostra esprime appieno la sofferta ricerca estetica e stilistica dell&#8217;autore, con suggestioni che rimandando a statuarie sculture d&#8217;et\u00e0 classica, creano un ponte extratemporale fra presente e passato. In questo contesto&nbsp;espositivo sono inclusi anche ritratti di noti personaggi fra i quali Andy Warhol, Susan Sontag, Truman Capote, Patti Smith, Richard Gere, Yoko Ono, Isabella Rossellini, e tante altre figure iconiche pi\u00f9 o meno note al grande pubblico. In veste di Presidente della Fondazione Robert Mapplethorpe, Michael Ward Stout&nbsp;si \u00e8 mostrato assai soddisfatto delle iniziative programmate in Italia per omaggiare il fotografo americano, e dichiarando che la Fondazione R. Mapplethorpe \u00e8&nbsp; entusiasta di collaborare con Marsilio Arte, Denis Curti e i suoi colleghi, ha reso noto che le prossime rassegne saranno splendidamente presentate all&#8217;interno di prestigiose sedi istituzionali, fra Venezia, Milano e Roma. Agli interessati segnaliamo che nella citt\u00e0 di Venezia, la retrospettiva \u00abRobert Mapplethorpe. Le forme del Classico\u00bb,&nbsp; appena inaugurata alle Stanze della Fotografia, e&#8217; visitabile fino al 6 Gennaio 2026.<\/p>\n\n\n\n<p>by CRISTINA FONTANELLI&nbsp;<\/p>\n\n\n\n<p>Giornalista, Critica d&#8217;Arte, Fotografa&nbsp;<\/p>\n","protected":false},"excerpt":{"rendered":"<p>CRISTINA FONTANELLI\u00a0 by CRISTINA FONTANELLI &#8211;&nbsp;A Venezia, \u00e8 di scena la fotografia di livello internazionale con una spettacolare mostra&nbsp;interamente dedicata [&hellip;]<\/p>\n","protected":false},"author":1,"featured_media":0,"comment_status":"open","ping_status":"open","sticky":false,"template":"","format":"standard","meta":{"footnotes":""},"categories":[4,10],"tags":[],"class_list":["post-71009","post","type-post","status-publish","format-standard","hentry","category-cultura","category-italiano"],"_links":{"self":[{"href":"https:\/\/www.ecoitaliano.com.ar\/index.php?rest_route=\/wp\/v2\/posts\/71009","targetHints":{"allow":["GET"]}}],"collection":[{"href":"https:\/\/www.ecoitaliano.com.ar\/index.php?rest_route=\/wp\/v2\/posts"}],"about":[{"href":"https:\/\/www.ecoitaliano.com.ar\/index.php?rest_route=\/wp\/v2\/types\/post"}],"author":[{"embeddable":true,"href":"https:\/\/www.ecoitaliano.com.ar\/index.php?rest_route=\/wp\/v2\/users\/1"}],"replies":[{"embeddable":true,"href":"https:\/\/www.ecoitaliano.com.ar\/index.php?rest_route=%2Fwp%2Fv2%2Fcomments&post=71009"}],"version-history":[{"count":1,"href":"https:\/\/www.ecoitaliano.com.ar\/index.php?rest_route=\/wp\/v2\/posts\/71009\/revisions"}],"predecessor-version":[{"id":71013,"href":"https:\/\/www.ecoitaliano.com.ar\/index.php?rest_route=\/wp\/v2\/posts\/71009\/revisions\/71013"}],"wp:attachment":[{"href":"https:\/\/www.ecoitaliano.com.ar\/index.php?rest_route=%2Fwp%2Fv2%2Fmedia&parent=71009"}],"wp:term":[{"taxonomy":"category","embeddable":true,"href":"https:\/\/www.ecoitaliano.com.ar\/index.php?rest_route=%2Fwp%2Fv2%2Fcategories&post=71009"},{"taxonomy":"post_tag","embeddable":true,"href":"https:\/\/www.ecoitaliano.com.ar\/index.php?rest_route=%2Fwp%2Fv2%2Ftags&post=71009"}],"curies":[{"name":"wp","href":"https:\/\/api.w.org\/{rel}","templated":true}]}}