{"id":71135,"date":"2025-04-12T09:04:51","date_gmt":"2025-04-12T09:04:51","guid":{"rendered":"https:\/\/www.ecoitaliano.com.ar\/?p=71135"},"modified":"2025-04-12T09:25:31","modified_gmt":"2025-04-12T09:25:31","slug":"performing-fine-arts-center-di-avon","status":"publish","type":"post","link":"https:\/\/www.ecoitaliano.com.ar\/?p=71135","title":{"rendered":"Performing &amp; Fine Arts Center di Avon"},"content":{"rendered":"\n<figure class=\"wp-block-gallery has-nested-images columns-default is-cropped wp-block-gallery-1 is-layout-flex wp-block-gallery-is-layout-flex\">\n<figure class=\"wp-block-image size-large\"><a href=\"https:\/\/www.ecoitaliano.com.ar\/wp-content\/uploads\/2025\/04\/487755331_538950775924891_7453339304732559516_n.jpg\"><img decoding=\"async\" width=\"480\" height=\"679\" data-id=\"71136\" src=\"https:\/\/www.ecoitaliano.com.ar\/wp-content\/uploads\/2025\/04\/487755331_538950775924891_7453339304732559516_n.jpg\" alt=\"\" class=\"wp-image-71136\" srcset=\"https:\/\/www.ecoitaliano.com.ar\/wp-content\/uploads\/2025\/04\/487755331_538950775924891_7453339304732559516_n.jpg 480w, https:\/\/www.ecoitaliano.com.ar\/wp-content\/uploads\/2025\/04\/487755331_538950775924891_7453339304732559516_n-212x300.jpg 212w, https:\/\/www.ecoitaliano.com.ar\/wp-content\/uploads\/2025\/04\/487755331_538950775924891_7453339304732559516_n-106x150.jpg 106w\" sizes=\"(max-width: 480px) 100vw, 480px\" \/><\/a><\/figure>\n\n\n\n<figure class=\"wp-block-image size-large\"><a href=\"https:\/\/www.ecoitaliano.com.ar\/wp-content\/uploads\/2025\/04\/487819560_1174050911029425_5972578542950316454_n.png\"><img decoding=\"async\" width=\"480\" height=\"483\" data-id=\"71137\" src=\"https:\/\/www.ecoitaliano.com.ar\/wp-content\/uploads\/2025\/04\/487819560_1174050911029425_5972578542950316454_n.png\" alt=\"\" class=\"wp-image-71137\" srcset=\"https:\/\/www.ecoitaliano.com.ar\/wp-content\/uploads\/2025\/04\/487819560_1174050911029425_5972578542950316454_n.png 480w, https:\/\/www.ecoitaliano.com.ar\/wp-content\/uploads\/2025\/04\/487819560_1174050911029425_5972578542950316454_n-298x300.png 298w, https:\/\/www.ecoitaliano.com.ar\/wp-content\/uploads\/2025\/04\/487819560_1174050911029425_5972578542950316454_n-150x150.png 150w\" sizes=\"(max-width: 480px) 100vw, 480px\" \/><\/a><\/figure>\n<\/figure>\n\n\n\n<figure class=\"wp-block-gallery has-nested-images columns-default is-cropped wp-block-gallery-2 is-layout-flex wp-block-gallery-is-layout-flex\">\n<figure class=\"wp-block-image size-large\"><a href=\"https:\/\/www.ecoitaliano.com.ar\/wp-content\/uploads\/2025\/04\/485509648_1073978541434383_5339509359477943618_n.jpg\"><img decoding=\"async\" width=\"552\" height=\"368\" data-id=\"71138\" src=\"https:\/\/www.ecoitaliano.com.ar\/wp-content\/uploads\/2025\/04\/485509648_1073978541434383_5339509359477943618_n.jpg\" alt=\"\" class=\"wp-image-71138\" srcset=\"https:\/\/www.ecoitaliano.com.ar\/wp-content\/uploads\/2025\/04\/485509648_1073978541434383_5339509359477943618_n.jpg 552w, https:\/\/www.ecoitaliano.com.ar\/wp-content\/uploads\/2025\/04\/485509648_1073978541434383_5339509359477943618_n-300x200.jpg 300w, https:\/\/www.ecoitaliano.com.ar\/wp-content\/uploads\/2025\/04\/485509648_1073978541434383_5339509359477943618_n-150x100.jpg 150w\" sizes=\"(max-width: 552px) 100vw, 552px\" \/><\/a><\/figure>\n\n\n\n<figure class=\"wp-block-image size-large\"><a href=\"https:\/\/www.ecoitaliano.com.ar\/wp-content\/uploads\/2025\/04\/488157054_4111663355822321_1809507648842888024_n.jpg\"><img decoding=\"async\" width=\"640\" height=\"360\" data-id=\"71139\" src=\"https:\/\/www.ecoitaliano.com.ar\/wp-content\/uploads\/2025\/04\/488157054_4111663355822321_1809507648842888024_n.jpg\" alt=\"\" class=\"wp-image-71139\" srcset=\"https:\/\/www.ecoitaliano.com.ar\/wp-content\/uploads\/2025\/04\/488157054_4111663355822321_1809507648842888024_n.jpg 640w, https:\/\/www.ecoitaliano.com.ar\/wp-content\/uploads\/2025\/04\/488157054_4111663355822321_1809507648842888024_n-300x169.jpg 300w, https:\/\/www.ecoitaliano.com.ar\/wp-content\/uploads\/2025\/04\/488157054_4111663355822321_1809507648842888024_n-150x84.jpg 150w\" sizes=\"(max-width: 640px) 100vw, 640px\" \/><\/a><\/figure>\n\n\n\n<figure class=\"wp-block-image size-large\"><a href=\"https:\/\/www.ecoitaliano.com.ar\/wp-content\/uploads\/2025\/04\/488423709_679764981299184_6306574928141712970_n.jpg\"><img decoding=\"async\" width=\"814\" height=\"395\" data-id=\"71140\" src=\"https:\/\/www.ecoitaliano.com.ar\/wp-content\/uploads\/2025\/04\/488423709_679764981299184_6306574928141712970_n.jpg\" alt=\"\" class=\"wp-image-71140\" srcset=\"https:\/\/www.ecoitaliano.com.ar\/wp-content\/uploads\/2025\/04\/488423709_679764981299184_6306574928141712970_n.jpg 814w, https:\/\/www.ecoitaliano.com.ar\/wp-content\/uploads\/2025\/04\/488423709_679764981299184_6306574928141712970_n-300x146.jpg 300w, https:\/\/www.ecoitaliano.com.ar\/wp-content\/uploads\/2025\/04\/488423709_679764981299184_6306574928141712970_n-768x373.jpg 768w, https:\/\/www.ecoitaliano.com.ar\/wp-content\/uploads\/2025\/04\/488423709_679764981299184_6306574928141712970_n-150x73.jpg 150w\" sizes=\"(max-width: 814px) 100vw, 814px\" \/><\/a><\/figure>\n\n\n\n<figure class=\"wp-block-image size-large\"><a href=\"https:\/\/www.ecoitaliano.com.ar\/wp-content\/uploads\/2025\/04\/488904078_3960541937546046_8444281083434684485_n.jpg\"><img decoding=\"async\" width=\"552\" height=\"368\" data-id=\"71141\" src=\"https:\/\/www.ecoitaliano.com.ar\/wp-content\/uploads\/2025\/04\/488904078_3960541937546046_8444281083434684485_n.jpg\" alt=\"\" class=\"wp-image-71141\" srcset=\"https:\/\/www.ecoitaliano.com.ar\/wp-content\/uploads\/2025\/04\/488904078_3960541937546046_8444281083434684485_n.jpg 552w, https:\/\/www.ecoitaliano.com.ar\/wp-content\/uploads\/2025\/04\/488904078_3960541937546046_8444281083434684485_n-300x200.jpg 300w, https:\/\/www.ecoitaliano.com.ar\/wp-content\/uploads\/2025\/04\/488904078_3960541937546046_8444281083434684485_n-150x100.jpg 150w\" sizes=\"(max-width: 552px) 100vw, 552px\" \/><\/a><\/figure>\n\n\n\n<figure class=\"wp-block-image size-large\"><a href=\"https:\/\/www.ecoitaliano.com.ar\/wp-content\/uploads\/2025\/04\/489423549_647936214829845_4627392033585678156_n.gif\"><img decoding=\"async\" width=\"533\" height=\"400\" data-id=\"71142\" src=\"https:\/\/www.ecoitaliano.com.ar\/wp-content\/uploads\/2025\/04\/489423549_647936214829845_4627392033585678156_n.gif\" alt=\"\" class=\"wp-image-71142\"\/><\/a><\/figure>\n\n\n\n<figure class=\"wp-block-image size-large\"><a href=\"https:\/\/www.ecoitaliano.com.ar\/wp-content\/uploads\/2025\/04\/491010918_1604053470253654_9185711927764356193_n.jpg\"><img decoding=\"async\" width=\"480\" height=\"720\" data-id=\"71143\" src=\"https:\/\/www.ecoitaliano.com.ar\/wp-content\/uploads\/2025\/04\/491010918_1604053470253654_9185711927764356193_n.jpg\" alt=\"\" class=\"wp-image-71143\" srcset=\"https:\/\/www.ecoitaliano.com.ar\/wp-content\/uploads\/2025\/04\/491010918_1604053470253654_9185711927764356193_n.jpg 480w, https:\/\/www.ecoitaliano.com.ar\/wp-content\/uploads\/2025\/04\/491010918_1604053470253654_9185711927764356193_n-200x300.jpg 200w, https:\/\/www.ecoitaliano.com.ar\/wp-content\/uploads\/2025\/04\/491010918_1604053470253654_9185711927764356193_n-100x150.jpg 100w\" sizes=\"(max-width: 480px) 100vw, 480px\" \/><\/a><\/figure>\n<\/figure>\n\n\n\n<p>Il 25 Aprile, alle ore 19.30 e il 27 Aprile, alle ore 15.00 presso il Performing &amp; Fine Arts Center di Avon, citt\u00e0 situata nella contea di Hendricks, nello Stato dell&#8217;Indiana negli Stati Uniti, verr\u00e0 eseguito, in prima americana, il \u00a0Big Apple Concerto per clarinetto e orchestra del compositore italiano Tiziano Bedetti. Gli interpreti saranno la Hendricks Symphony Orchestra, diretta dal Maestro Amy Eggleston, in un organico che prevede circa settanta Professori d&#8217;Orchestra. Il Concerto si svolger\u00e0 presso Hendricks Live! ,\u00a0 il Performing &amp; Fine Arts Center di Avon. Il titolo dei due concerti sar\u00e0: Apple to Oranges Concert e vedr\u00e0 eseguite inoltre la Suite da L&#8217;Amore delle Tre Melarance di Sergej Prokofiev e Sotto l&#8217;Albero delle Mele di Josef Suk. L&#8217;indirizzo dell&#8217;auditorium \u00e8 200 W Main St, Plainfield, IN 46168, Avon &#8211; Idiana (Stati Uniti) E&#8217; un ulteriore grande riconoscimento internazionale all&#8217;autore Tiziano Bedetti che entra nel repertorio orchestrale classico. Ricordiamo che la composizione Big Apple Concerto, commissionata dal mecenate americano Lawrence Dow Lovett e dedicata al clarinettista David Shifrin \u00e8 un omaggio musicale a New York. La citt\u00e0 di New York, con la sua energia vibrante e diversit\u00e0 culturale, ha ispirato molti artisti nel corso degli anni. Il compositore Tiziano Bedetti \u00e8 uno di questi e il suo Big Apple Concerto \u00e8 un omaggio musicale alla citt\u00e0 che non dorme mai. Composto per clarinetto solista e orchestra, il Big Apple Concerto \u00e8 un&#8217;opera che riflette la vitalit\u00e0 e complessit\u00e0 di New York. La musica \u00e8 un mix di stili e influenze, dalla classica al jazz, dal rock alla musica da film. Il risultato \u00e8 un&#8217;opera unica e affascinante che cattura l&#8217;essenza della citt\u00e0. Il Concerto composto nel 2001, della durata di 25 minuti, \u00e8 strutturato in tre movimenti, ognuno dei quali evoca un aspetto diverso di New York: I. Allegro, II. Moderately, with a rock beat, III. Fast. Il Big Apple Concerto si ispira in particolare al mondo musicale newyorkese e all&#8217;epoca d&#8217;oro del jazz, del mitico clarinettista Benny Goodman e la sua incredibile band, con i funambolici assoli del vibrafonista Leonel Hampton che si scontrano con il rock, il funky (del creatore indiscusso del genere funk, James Brown) e i ritmi della disco music che fanno da sfondo e sound metropolitano. Il Concerto \u00e8 sopra le righe e fuori dagli schemi pur mantenendo una forma classica e citazioni, pieno di ritmi pulsanti, vitali e danzanti.\u00a0 L&#8217;opera non solo riflette la citt\u00e0 di New York ma anche la sua gente. La musica \u00e8 un omaggio alla diversit\u00e0 e alla creativit\u00e0 che caratterizzano la citt\u00e0 e i suoi abitanti, un riflesso della sua energia, diversit\u00e0 e creativit\u00e0. La composizione riflette, anche dal punto di vista estetico, quello che si definisce classicismo popolare o classicismo \u00abpop\u00bb di cui Bedetti \u00e8 esponente e vede una ideale continuit\u00e0 ed eredit\u00e0 ripresa da autori quali George Gershwin, Erwin Schulhoff e Leonard Bernstein, innovatori della musica del &#8216;900. <a href=\"https:\/\/l.facebook.com\/l.php?u=https%3A%2F%2Fwww.hendrickssymphony.org%2F%3Ffbclid%3DIwZXh0bgNhZW0CMTAAAR5cAnz8qZD7wDSxp5HBufrzrrrdILHhaOFoGv-hG90zALZgjuhEF2nKzaTqig_aem_vrmqZpDG0m2Nxpt5le-3UQ&amp;h=AT2CWsava3nTEkqAGLavv3Y3Bfvi0nFHJRxHXPVIvHEH3WEbi7byDw5eSH7R7YudJDuq2EgMJUsP63wt7ZynX6_IRjF3Z88QqKHV_RjnXgJqO4sld7_BKV1xh-4cYg\" target=\"_blank\" rel=\"noreferrer noopener\">https:\/\/www.hendrickssymphony.org\/<\/a> Tiziano Bedetti verr\u00e0 eseguito, inoltre, il 15 Aprile prossimo, alle ore 19.00, a Buenos Aires in Argentina, presso la Sala del Centro Naval, con un&#8217;altra opera, l&#8217;Aria \u00abAmor Empio Tiranno\u00bb su testo della poetessa seicentesca padovana Isabella Canali Andreini dal soprano di origine polacca Dominika Zamara e dalla pianista B\u00e0rbara Warzyca, in un Recital organizzato dalla Associazione Culturale Argentino Polacca di Buenos Aires. Marted\u00ec 15 aprile, ore 19.00, presso la Sala Centro Naval di Buenos Aires in Argentina, nel corso degli eventi promossi dall&#8217; Associazione Culturale\u00a0Argentino Polacca,\u00a0verr\u00e0 eseguita in prima esecuzione in Sud America l&#8217;Aria\u00a0\u00a0Amor Empio Tiranno\u00a0\u00a0del compositore adriese Tiziano Bedetti, tratta dalle\u00a0Sei Arie in Stile Antico,\u00a0su versi della poetessa padovana del seicento Isabella Canali Andreini, esponente del petrarchismo. Gli interpreti in scena saranno:\u00a0 il soprano di fama mondiale di origine polacca M\u00b0 Dominika Zamara e B\u00e0rbara Warzyca, al pianoforte. Lo scorso 17 Febbraio, ore 18.00, presso il Teatro Moderno di Plonsk a Varsavia, in Polonia, \u00e8 stata eseguita la stessa\u00a0Aria\u00a0alla presenza del Ministro della Cultura Polacco On.\u00a0Joanna Borysiak,\u00a0nell&#8217;ambito del Gran Gal\u00e0 della Cultura,\u00a0riscontrando un grande successo ed apprezzamento. Il testo affronta tematiche femminili ancora molto attuali oggi. La collaborazione tra il M\u00b0 Zamara e il M\u00b0 Bedetti prosegue\u00a0\u00a0e sono previste altre prime esecuzioni nei prossimi mesi in Francia, Polonia e Stati Uniti.\u00a0Bedetti collabora da alcuni anni con il M\u00b0 Zamara al quale\u00a0ha dedicato venti lavori tra Liriche, Arie e composizioni Sacre,\u00a0 stimando le Sue caratteristiche vocali e la Sua predilezione anche per la musica contemporanea.<\/p>\n\n\n\n<p><a href=\"https:\/\/l.facebook.com\/l.php?u=http%3A%2F%2Fwww.tizianobedetti.com%2F%3Ffbclid%3DIwZXh0bgNhZW0CMTAAAR75qMtkyDQnfq64qiV9B9EB8x62yqiR5spFs04V2s2UzQdvB7lwKOHUmn3SYw_aem_gNYOByd-vGItTXJpj2jcvg&amp;h=AT0F-vuTVezicT7KLTTVvJpw_SRPc7lGmayPVDoCj4XOCXDf1IxwZ8CnCDJ6svBcvsMV5WilV6KIgcnXKi8NhTlGNCZq1oT_34z10d1h3s_y3CWQZM55kv16QFeUyQ\" target=\"_blank\" rel=\"noreferrer noopener\">www.tizianobedetti.com<\/a> <\/p>\n\n\n\n<p><a href=\"https:\/\/dominikazamara.eu\">https:\/\/dominikazamara.eu<\/a><\/p>\n","protected":false},"excerpt":{"rendered":"<p>Il 25 Aprile, alle ore 19.30 e il 27 Aprile, alle ore 15.00 presso il Performing &amp; Fine Arts Center [&hellip;]<\/p>\n","protected":false},"author":1,"featured_media":0,"comment_status":"open","ping_status":"open","sticky":false,"template":"","format":"standard","meta":{"footnotes":""},"categories":[33,10],"tags":[],"class_list":["post-71135","post","type-post","status-publish","format-standard","hentry","category-espectaculo","category-italiano"],"_links":{"self":[{"href":"https:\/\/www.ecoitaliano.com.ar\/index.php?rest_route=\/wp\/v2\/posts\/71135","targetHints":{"allow":["GET"]}}],"collection":[{"href":"https:\/\/www.ecoitaliano.com.ar\/index.php?rest_route=\/wp\/v2\/posts"}],"about":[{"href":"https:\/\/www.ecoitaliano.com.ar\/index.php?rest_route=\/wp\/v2\/types\/post"}],"author":[{"embeddable":true,"href":"https:\/\/www.ecoitaliano.com.ar\/index.php?rest_route=\/wp\/v2\/users\/1"}],"replies":[{"embeddable":true,"href":"https:\/\/www.ecoitaliano.com.ar\/index.php?rest_route=%2Fwp%2Fv2%2Fcomments&post=71135"}],"version-history":[{"count":4,"href":"https:\/\/www.ecoitaliano.com.ar\/index.php?rest_route=\/wp\/v2\/posts\/71135\/revisions"}],"predecessor-version":[{"id":71148,"href":"https:\/\/www.ecoitaliano.com.ar\/index.php?rest_route=\/wp\/v2\/posts\/71135\/revisions\/71148"}],"wp:attachment":[{"href":"https:\/\/www.ecoitaliano.com.ar\/index.php?rest_route=%2Fwp%2Fv2%2Fmedia&parent=71135"}],"wp:term":[{"taxonomy":"category","embeddable":true,"href":"https:\/\/www.ecoitaliano.com.ar\/index.php?rest_route=%2Fwp%2Fv2%2Fcategories&post=71135"},{"taxonomy":"post_tag","embeddable":true,"href":"https:\/\/www.ecoitaliano.com.ar\/index.php?rest_route=%2Fwp%2Fv2%2Ftags&post=71135"}],"curies":[{"name":"wp","href":"https:\/\/api.w.org\/{rel}","templated":true}]}}