{"id":71519,"date":"2025-04-13T17:48:10","date_gmt":"2025-04-13T17:48:10","guid":{"rendered":"https:\/\/www.ecoitaliano.com.ar\/?p=71519"},"modified":"2025-04-13T17:48:46","modified_gmt":"2025-04-13T17:48:46","slug":"le-stanze-dellaffetto-umanita-e-rinascita-oltre-le-sbarre","status":"publish","type":"post","link":"https:\/\/www.ecoitaliano.com.ar\/?p=71519","title":{"rendered":"Le stanze dell\u2019affetto: umanit\u00e0 e rinascita oltre le sbarre"},"content":{"rendered":"\n<p><em>Carlo Di Stanislao<\/em><\/p>\n\n\n<div class=\"wp-block-image\">\n<figure class=\"aligncenter size-full is-resized\"><a href=\"http:\/\/www.ecoitaliano.com.ar\/wp-content\/uploads\/2025\/04\/1000014516-1.jpg\"><img decoding=\"async\" width=\"960\" height=\"932\" src=\"http:\/\/www.ecoitaliano.com.ar\/wp-content\/uploads\/2025\/04\/1000014516-1.jpg\" alt=\"\" class=\"wp-image-71133\" style=\"width:334px;height:auto\" srcset=\"https:\/\/www.ecoitaliano.com.ar\/wp-content\/uploads\/2025\/04\/1000014516-1.jpg 960w, https:\/\/www.ecoitaliano.com.ar\/wp-content\/uploads\/2025\/04\/1000014516-1-300x291.jpg 300w, https:\/\/www.ecoitaliano.com.ar\/wp-content\/uploads\/2025\/04\/1000014516-1-768x746.jpg 768w, https:\/\/www.ecoitaliano.com.ar\/wp-content\/uploads\/2025\/04\/1000014516-1-150x146.jpg 150w\" sizes=\"(max-width: 960px) 100vw, 960px\" \/><\/a><\/figure><\/div>\n\n\n<p><em>\u00abLa misura dell\u2019umanit\u00e0 di una societ\u00e0 si giudica da come tratta i suoi detenuti.\u00bb<\/em>&nbsp;\u2014&nbsp;<strong>F\u00ebdor Dostoevskij<\/strong><\/p>\n\n\n\n<p>In un\u2019Italia dove il tema della detenzione \u00e8 spesso ridotto a una questione di ordine pubblico o sicurezza, le&nbsp;<em>stanze dell\u2019affetto<\/em>&nbsp;si impongono come una rivoluzione silenziosa, ma profonda. Sono spazi dedicati all\u2019incontro privato e dignitoso tra i detenuti e i loro familiari, un diritto ancora troppo poco conosciuto ma essenziale per il rispetto della persona e per la funzione rieducativa del carcere. Non si tratta solo di un luogo fisico, ma di un simbolo potente: quello dell\u2019umanit\u00e0 che resiste, che persiste anche tra le mura spesse dell\u2019istituzione penitenziaria.<\/p>\n\n\n\n<p><strong>Un bisogno umano, non un privilegio<\/strong><\/p>\n\n\n\n<p>La realt\u00e0 \u00e8 semplice e sotto gli occhi di tutti: chi \u00e8 detenuto non smette di essere padre, madre, figlio, marito o moglie. La detenzione interrompe la libert\u00e0, ma non cancella gli affetti. Anzi, spesso li rende ancora pi\u00f9 centrali per chi, da un giorno all\u2019altro, si ritrova a fare i conti con l\u2019isolamento, il tempo sospeso, il peso degli errori commessi.<\/p>\n\n\n\n<p>\u00c8 in questo contesto che le&nbsp;<em>stanze dell\u2019affetto<\/em>&nbsp;assumono un valore enorme. Ambienti arredati con cura, protetti dalla sorveglianza visiva, dove \u00e8 possibile abbracciare senza fretta, parlare senza interruzioni, perfino condividere un pasto o leggere una fiaba a un bambino. Ogni gesto, in quel contesto, acquista un\u2019importanza doppia. Quella stanza non \u00e8 solo un luogo d\u2019incontro: \u00e8 un ponte tra la vita di fuori e quella di dentro.<\/p>\n\n\n\n<p><strong>Dalla sperimentazione alla svolta culturale<\/strong><\/p>\n\n\n\n<p>Nate come progetti pilota in pochi istituti aperti al cambiamento, le&nbsp;<em>stanze dell\u2019affetto<\/em>&nbsp;hanno trovato negli anni un crescente riconoscimento istituzionale. Oggi sono presenti in numerose carceri italiane, anche se con diseguaglianze territoriali marcate. La svolta \u00e8 avvenuta quando si \u00e8 capito che non si trattava di un lusso, ma di una necessit\u00e0. Le famiglie dei detenuti, spesso gi\u00e0 segnate da povert\u00e0 economica e sociale, hanno trovato in questi spazi una possibilit\u00e0 reale di mantenere relazioni stabili.<\/p>\n\n\n\n<p><strong>Oggi la svolta pi\u00f9 attesa: approvati anche i rapporti intimi<\/strong><\/p>\n\n\n\n<p>Con un atto di grande significato, oggi \u00e8 arrivata l\u2019approvazione ufficiale che estende la funzione delle stanze dell\u2019affetto: sar\u00e0 finalmente possibile vivere anche la propria intimit\u00e0 con il partner. Una novit\u00e0 attesa da anni, invocata da detenuti, associazioni e operatori del settore, e che finalmente riceve un riconoscimento formale.<\/p>\n\n\n\n<p>Non si parla di \u201cvisite coniugali\u201d nel senso tradizionale, ma di un diritto pi\u00f9 ampio alla relazione affettiva e sessuale, che non pu\u00f2 essere annullata dalla reclusione. Come accade gi\u00e0 in molti Paesi europei e del mondo, anche l\u2019Italia ha scelto di compiere questo passo, con l\u2019obiettivo di umanizzare ulteriormente la detenzione.<\/p>\n\n\n\n<p><strong>Uno sguardo all\u2019Europa e al mondo<\/strong><\/p>\n\n\n\n<p>L\u2019Italia arriva oggi a colmare un ritardo culturale e giuridico che la separava da molti altri Paesi. In Francia, ad esempio, esistono da tempo i cosiddetti&nbsp;<em>UVF<\/em>&nbsp;(<em>Unit\u00e9s de Vie Familiale<\/em>), veri e propri mini-alloggi all\u2019interno delle carceri dove i detenuti possono trascorrere fino a 72 ore con le loro famiglie, senza sorveglianza diretta. In Spagna, le&nbsp;<em>visitas \u00edntimas<\/em>&nbsp;sono garantite ogni 15 giorni per tutti i detenuti che abbiano un legame affettivo riconosciuto. Anche in Germania le carceri prevedono incontri in ambienti protetti, spesso arredati come appartamenti, per favorire la continuit\u00e0 affettiva.<\/p>\n\n\n\n<p>Nel Nord Europa, l\u2019attenzione alla vita privata dei detenuti \u00e8 ancora pi\u00f9 marcata: in Norvegia, per esempio, le carceri a custodia attenuata permettono una gestione quasi domestica della detenzione, con libert\u00e0 di movimento interna, cucine personali, e incontri familiari regolari. Nei Paesi Bassi e in Svezia, il concetto di \u201cnormalizzazione\u201d guida tutto il sistema penitenziario: la vita dentro deve assomigliare il pi\u00f9 possibile a quella fuori, per preparare il detenuto a un reinserimento reale.<\/p>\n\n\n\n<p>Anche in America Latina \u2013 seppure con molte differenze \u2013 esistono programmi di visite intime, nati in molti casi per prevenire violenze interne o contagi da HIV. In Brasile e in Messico, ad esempio, sono previsti appuntamenti regolari per coniugi e partner stabili.<\/p>\n\n\n\n<p>Negli Stati Uniti, la situazione \u00e8 pi\u00f9 complessa: solo alcuni stati (come la California o il New Mexico) consentono visite coniugali, mentre in molti altri sono vietate. Il dibattito \u00e8 ancora acceso, diviso tra chi invoca maggiore umanizzazione del sistema e chi insiste su una linea punitiva.<\/p>\n\n\n\n<p><strong>Un gesto rivoluzionario nella sua semplicit\u00e0<\/strong><\/p>\n\n\n\n<p>Permettere a due persone che si amano di avere un momento di intimit\u00e0 non \u00e8 un favore. \u00c8 il riconoscimento di un bisogno fondamentale. \u00c8 il rifiuto dell\u2019idea che il carcere debba annientare ogni forma di identit\u00e0, fino a spersonalizzare l\u2019individuo. \u00c8 una risposta concreta a chi pensa che chi \u00e8 detenuto debba essere solo punito, dimenticato, escluso.<\/p>\n\n\n\n<p>L\u2019intimit\u00e0 non \u00e8 solo una questione fisica: \u00e8 contatto, confidenza, condivisione. \u00c8 la possibilit\u00e0 di sentirsi ancora umani, ancora desiderati, ancora parte di un legame. In carcere, dove tutto \u00e8 controllato e scandito da regole, anche dieci minuti di vicinanza possono rappresentare un\u2019ancora psicologica potentissima.<\/p>\n\n\n\n<p><strong>Il valore educativo e la ricaduta sociale<\/strong><\/p>\n\n\n\n<p>Tutto questo ha una ricaduta profonda sul piano sociale e rieducativo. Chi ha una relazione sana, chi continua ad avere una famiglia, chi si sente amato e supportato, ha molte pi\u00f9 probabilit\u00e0 di non ricadere negli stessi errori. Le statistiche europee mostrano chiaramente che un buon mantenimento dei legami affettivi riduce la recidiva. Le&nbsp;<em>stanze dell\u2019affetto<\/em>, e oggi anche la possibilit\u00e0 di vivere l\u2019intimit\u00e0, sono quindi anche una misura di prevenzione.<\/p>\n\n\n\n<p>Molti detenuti hanno testimoniato come questi momenti siano determinanti nel percorso di cambiamento: \u201c\u00c8 per loro che voglio uscire diverso\u201d, dicono. Dietro ogni incontro c\u2019\u00e8 un progetto di vita, un figlio che chiede un padre migliore, un amore che non si arrende.<\/p>\n\n\n\n<p><strong>Conclusione: pi\u00f9 forti con l\u2019affetto<\/strong><\/p>\n\n\n\n<p>Le&nbsp;<em>stanze dell\u2019affetto<\/em>&nbsp;\u2014 oggi anche stanze dell\u2019intimit\u00e0 \u2014 sono una conquista di civilt\u00e0. Sono la prova che si pu\u00f2 fare un carcere diverso: pi\u00f9 umano, pi\u00f9 giusto, pi\u00f9 efficace. Investire nei legami, nell\u2019amore, nella dignit\u00e0, non \u00e8 un\u2019utopia. \u00c8 un modo concreto per restituire valore alle persone, anche a quelle che hanno sbagliato. Perch\u00e9 solo riconoscendo l\u2019umanit\u00e0 in ciascuno possiamo costruire una societ\u00e0 pi\u00f9 sicura, pi\u00f9 coesa, e davvero pi\u00f9 giusta.<\/p>\n\n\n\n<p><em><strong>Tutte l\u2019opinioni versati nel sito correspondono solo a chi la manifesta. Non e necessariamente l\u2019opinione della Direzione<\/strong><\/em><\/p>\n","protected":false},"excerpt":{"rendered":"<p>Carlo Di Stanislao \u00abLa misura dell\u2019umanit\u00e0 di una societ\u00e0 si giudica da come tratta i suoi detenuti.\u00bb&nbsp;\u2014&nbsp;F\u00ebdor Dostoevskij In un\u2019Italia [&hellip;]<\/p>\n","protected":false},"author":1,"featured_media":0,"comment_status":"open","ping_status":"open","sticky":false,"template":"","format":"standard","meta":{"footnotes":""},"categories":[10,35],"tags":[],"class_list":["post-71519","post","type-post","status-publish","format-standard","hentry","category-italiano","category-opiniones"],"_links":{"self":[{"href":"https:\/\/www.ecoitaliano.com.ar\/index.php?rest_route=\/wp\/v2\/posts\/71519","targetHints":{"allow":["GET"]}}],"collection":[{"href":"https:\/\/www.ecoitaliano.com.ar\/index.php?rest_route=\/wp\/v2\/posts"}],"about":[{"href":"https:\/\/www.ecoitaliano.com.ar\/index.php?rest_route=\/wp\/v2\/types\/post"}],"author":[{"embeddable":true,"href":"https:\/\/www.ecoitaliano.com.ar\/index.php?rest_route=\/wp\/v2\/users\/1"}],"replies":[{"embeddable":true,"href":"https:\/\/www.ecoitaliano.com.ar\/index.php?rest_route=%2Fwp%2Fv2%2Fcomments&post=71519"}],"version-history":[{"count":1,"href":"https:\/\/www.ecoitaliano.com.ar\/index.php?rest_route=\/wp\/v2\/posts\/71519\/revisions"}],"predecessor-version":[{"id":71520,"href":"https:\/\/www.ecoitaliano.com.ar\/index.php?rest_route=\/wp\/v2\/posts\/71519\/revisions\/71520"}],"wp:attachment":[{"href":"https:\/\/www.ecoitaliano.com.ar\/index.php?rest_route=%2Fwp%2Fv2%2Fmedia&parent=71519"}],"wp:term":[{"taxonomy":"category","embeddable":true,"href":"https:\/\/www.ecoitaliano.com.ar\/index.php?rest_route=%2Fwp%2Fv2%2Fcategories&post=71519"},{"taxonomy":"post_tag","embeddable":true,"href":"https:\/\/www.ecoitaliano.com.ar\/index.php?rest_route=%2Fwp%2Fv2%2Ftags&post=71519"}],"curies":[{"name":"wp","href":"https:\/\/api.w.org\/{rel}","templated":true}]}}