{"id":71533,"date":"2025-04-14T08:20:30","date_gmt":"2025-04-14T08:20:30","guid":{"rendered":"https:\/\/www.ecoitaliano.com.ar\/?p=71533"},"modified":"2025-04-14T08:20:49","modified_gmt":"2025-04-14T08:20:49","slug":"addio-a-mario-vargas-llosa-gigante-della-letteratura-mondiale","status":"publish","type":"post","link":"https:\/\/www.ecoitaliano.com.ar\/?p=71533","title":{"rendered":"Addio a Mario Vargas Llosa, gigante della letteratura mondiale"},"content":{"rendered":"\n<p><em>Carlo Di Stanislao<\/em><\/p>\n\n\n<div class=\"wp-block-image\">\n<figure class=\"aligncenter size-full\"><a href=\"http:\/\/www.ecoitaliano.com.ar\/wp-content\/uploads\/2025\/04\/images.jpeg\"><img decoding=\"async\" width=\"271\" height=\"186\" src=\"http:\/\/www.ecoitaliano.com.ar\/wp-content\/uploads\/2025\/04\/images.jpeg\" alt=\"\" class=\"wp-image-71534\" srcset=\"https:\/\/www.ecoitaliano.com.ar\/wp-content\/uploads\/2025\/04\/images.jpeg 271w, https:\/\/www.ecoitaliano.com.ar\/wp-content\/uploads\/2025\/04\/images-150x103.jpeg 150w\" sizes=\"(max-width: 271px) 100vw, 271px\" \/><\/a><\/figure><\/div>\n\n\n<p><em>\u00abIl romanzo \u00e8 finzione, \u00e8 menzogna, eppure ci dice pi\u00f9 della verit\u00e0 di mille saggi.\u00bb<\/em>&nbsp;\u2013 Mario Vargas Llosa<\/p>\n\n\n\n<p>Lutto nel mondo della cultura. Si \u00e8 spento a Lima, domenica 13 aprile 2025, lo scrittore peruviano&nbsp;<strong>Mario Vargas Llosa<\/strong>, Premio Nobel per la Letteratura nel 2010 e membro dell\u2019<strong>Acad\u00e9mie fran\u00e7aise<\/strong>, all\u2019et\u00e0 di&nbsp;<strong>89 anni<\/strong>. A darne l\u2019annuncio \u00e8 stato il figlio maggiore \u00c1lvaro, con un messaggio condiviso sui social e firmato anche dai fratelli Gonzalo e Morgana:&nbsp;<em>\u201c\u00c8 con profonda tristezza che annunciamo che nostro padre \u00e8 morto oggi a Lima, circondato dalla sua famiglia e in pace.\u201d<\/em><\/p>\n\n\n\n<p>Negli ultimi mesi si erano moltiplicate le voci sul peggioramento delle sue condizioni di salute, mentre Vargas Llosa era tornato a vivere nella capitale peruviana. \u201c\u00c8 alla vigilia dei 90 anni, un\u2019et\u00e0 in cui bisogna ridurre un po\u2019 l\u2019intensit\u00e0 delle proprie attivit\u00e0\u201d, aveva dichiarato lo stesso \u00c1lvaro lo scorso ottobre, senza entrare nei dettagli della malattia. Durante la pandemia da Covid, lo scrittore aveva gi\u00e0 affrontato un lungo ricovero ospedaliero.<\/p>\n\n\n\n<p><strong>Una vita tra letteratura e impegno civile<\/strong><br>Autore prolifico e figura centrale della narrativa latinoamericana, Vargas Llosa aveva ricevuto il Nobel per aver raccontato la \u201c<strong>cartografia delle strutture del potere<\/strong>\u201d e per aver saputo descrivere con lucidit\u00e0 \u201c<strong>la resistenza, la rivolta e la sconfitta dell\u2019individuo<\/strong>\u201d. Primo scrittore peruviano a ricevere il pi\u00f9 prestigioso riconoscimento letterario mondiale, ha attraversato con la sua opera le trasformazioni storiche, sociali e culturali del Novecento e del nostro secolo.<\/p>\n\n\n\n<p>Intellettuale impegnato, non ha mai separato il ruolo dello scrittore da quello del cittadino, partecipando attivamente alla vita politica del suo Paese e del mondo ispanico, fino a candidarsi alla presidenza del Per\u00f9 nel 1990.<\/p>\n\n\n\n<p><strong>L&#8217;eredit\u00e0 di un romanziere totale<\/strong><br>Per Vargas Llosa, il romanzo era il genere letterario per eccellenza: \u201c<strong>Solo il romanzo pu\u00f2 beneficiare dell&#8217;intera esperienza umana<\/strong>\u201d, sosteneva, seguendo le orme di Flaubert, suo maestro ideale. La sua vasta produzione, pubblicata in Italia da Einaudi, comprende capolavori come&nbsp;<em>\u00abLa citt\u00e0 e i cani\u00bb<\/em>,&nbsp;<em>\u00abLa guerra della fine del mondo\u00bb<\/em>,&nbsp;<em>\u00abLa zia Julia e lo scribacchino\u00bb<\/em>,&nbsp;<em>\u00abConversazione nella \u00abCatedral\u00bb\u00bb<\/em>&nbsp;e&nbsp;<em>\u00abLa festa del Caprone\u00bb<\/em>, fino ai pi\u00f9 recenti&nbsp;<em>\u00abCrocevia\u00bb<\/em>&nbsp;e&nbsp;<em>\u00abLe dedico il mio silenzio\u00bb<\/em>&nbsp;(2024).<\/p>\n\n\n\n<p>Romanzi, saggi, racconti e articoli: ogni pagina firmata da Vargas Llosa \u00e8 una testimonianza profonda dell\u2019essere umano, delle sue contraddizioni e dei suoi sogni. Con la sua scomparsa, il mondo perde una voce colta, ironica, appassionata. Ma il suo lascito continuer\u00e0 a parlarci, a interrogarci, a commuoverci.<\/p>\n\n\n\n<p><strong>Mario Vargas Llosa rester\u00e0, come i grandi, vivo nelle parole che ha scritto.<\/strong><\/p>\n","protected":false},"excerpt":{"rendered":"<p>Carlo Di Stanislao \u00abIl romanzo \u00e8 finzione, \u00e8 menzogna, eppure ci dice pi\u00f9 della verit\u00e0 di mille saggi.\u00bb&nbsp;\u2013 Mario Vargas [&hellip;]<\/p>\n","protected":false},"author":1,"featured_media":0,"comment_status":"open","ping_status":"open","sticky":false,"template":"","format":"standard","meta":{"footnotes":""},"categories":[10,22,1],"tags":[],"class_list":["post-71533","post","type-post","status-publish","format-standard","hentry","category-italiano","category-libros-y-revistas-literatura","category-sin-categoria"],"_links":{"self":[{"href":"https:\/\/www.ecoitaliano.com.ar\/index.php?rest_route=\/wp\/v2\/posts\/71533","targetHints":{"allow":["GET"]}}],"collection":[{"href":"https:\/\/www.ecoitaliano.com.ar\/index.php?rest_route=\/wp\/v2\/posts"}],"about":[{"href":"https:\/\/www.ecoitaliano.com.ar\/index.php?rest_route=\/wp\/v2\/types\/post"}],"author":[{"embeddable":true,"href":"https:\/\/www.ecoitaliano.com.ar\/index.php?rest_route=\/wp\/v2\/users\/1"}],"replies":[{"embeddable":true,"href":"https:\/\/www.ecoitaliano.com.ar\/index.php?rest_route=%2Fwp%2Fv2%2Fcomments&post=71533"}],"version-history":[{"count":1,"href":"https:\/\/www.ecoitaliano.com.ar\/index.php?rest_route=\/wp\/v2\/posts\/71533\/revisions"}],"predecessor-version":[{"id":71535,"href":"https:\/\/www.ecoitaliano.com.ar\/index.php?rest_route=\/wp\/v2\/posts\/71533\/revisions\/71535"}],"wp:attachment":[{"href":"https:\/\/www.ecoitaliano.com.ar\/index.php?rest_route=%2Fwp%2Fv2%2Fmedia&parent=71533"}],"wp:term":[{"taxonomy":"category","embeddable":true,"href":"https:\/\/www.ecoitaliano.com.ar\/index.php?rest_route=%2Fwp%2Fv2%2Fcategories&post=71533"},{"taxonomy":"post_tag","embeddable":true,"href":"https:\/\/www.ecoitaliano.com.ar\/index.php?rest_route=%2Fwp%2Fv2%2Ftags&post=71533"}],"curies":[{"name":"wp","href":"https:\/\/api.w.org\/{rel}","templated":true}]}}