{"id":71538,"date":"2025-04-14T10:02:07","date_gmt":"2025-04-14T10:02:07","guid":{"rendered":"https:\/\/www.ecoitaliano.com.ar\/?p=71538"},"modified":"2025-04-14T10:03:25","modified_gmt":"2025-04-14T10:03:25","slug":"albino-barresi-ricordi-lievi-ed-oltre-poesie-1985-2024-guido-miano-editore-milano-2025","status":"publish","type":"post","link":"https:\/\/www.ecoitaliano.com.ar\/?p=71538","title":{"rendered":"Albino Barresi, Ricordi lievi ed oltre. Poesie (1985 \u2013 2024). Guido Miano Editore, Milano 2025."},"content":{"rendered":"\n<p><em>Recensione di Raffaele Piazza<\/em><\/p>\n\n\n\n<figure class=\"wp-block-gallery has-nested-images columns-default is-cropped wp-block-gallery-1 is-layout-flex wp-block-gallery-is-layout-flex\">\n<figure class=\"wp-block-image size-large\"><a href=\"https:\/\/www.ecoitaliano.com.ar\/wp-content\/uploads\/2025\/04\/Barresi-Albino-2025-Ricordi-lievi-ed-oltre-fronte3D.png\"><img decoding=\"async\" width=\"591\" height=\"1024\" data-id=\"71539\" src=\"https:\/\/www.ecoitaliano.com.ar\/wp-content\/uploads\/2025\/04\/Barresi-Albino-2025-Ricordi-lievi-ed-oltre-fronte3D-591x1024.png\" alt=\"\" class=\"wp-image-71539\" srcset=\"https:\/\/www.ecoitaliano.com.ar\/wp-content\/uploads\/2025\/04\/Barresi-Albino-2025-Ricordi-lievi-ed-oltre-fronte3D-591x1024.png 591w, https:\/\/www.ecoitaliano.com.ar\/wp-content\/uploads\/2025\/04\/Barresi-Albino-2025-Ricordi-lievi-ed-oltre-fronte3D-173x300.png 173w, https:\/\/www.ecoitaliano.com.ar\/wp-content\/uploads\/2025\/04\/Barresi-Albino-2025-Ricordi-lievi-ed-oltre-fronte3D-87x150.png 87w, https:\/\/www.ecoitaliano.com.ar\/wp-content\/uploads\/2025\/04\/Barresi-Albino-2025-Ricordi-lievi-ed-oltre-fronte3D.png 741w\" sizes=\"(max-width: 591px) 100vw, 591px\" \/><\/a><\/figure>\n\n\n\n<figure class=\"wp-block-image size-large\"><a href=\"https:\/\/www.ecoitaliano.com.ar\/wp-content\/uploads\/2025\/04\/Barresi-Albino-2025-Ricordi-lievi-ed-oltre-fronte.jpg\"><img decoding=\"async\" width=\"663\" height=\"1024\" data-id=\"71540\" src=\"https:\/\/www.ecoitaliano.com.ar\/wp-content\/uploads\/2025\/04\/Barresi-Albino-2025-Ricordi-lievi-ed-oltre-fronte-663x1024.jpg\" alt=\"\" class=\"wp-image-71540\" srcset=\"https:\/\/www.ecoitaliano.com.ar\/wp-content\/uploads\/2025\/04\/Barresi-Albino-2025-Ricordi-lievi-ed-oltre-fronte-663x1024.jpg 663w, https:\/\/www.ecoitaliano.com.ar\/wp-content\/uploads\/2025\/04\/Barresi-Albino-2025-Ricordi-lievi-ed-oltre-fronte-194x300.jpg 194w, https:\/\/www.ecoitaliano.com.ar\/wp-content\/uploads\/2025\/04\/Barresi-Albino-2025-Ricordi-lievi-ed-oltre-fronte-768x1186.jpg 768w, https:\/\/www.ecoitaliano.com.ar\/wp-content\/uploads\/2025\/04\/Barresi-Albino-2025-Ricordi-lievi-ed-oltre-fronte-995x1536.jpg 995w, https:\/\/www.ecoitaliano.com.ar\/wp-content\/uploads\/2025\/04\/Barresi-Albino-2025-Ricordi-lievi-ed-oltre-fronte-97x150.jpg 97w, https:\/\/www.ecoitaliano.com.ar\/wp-content\/uploads\/2025\/04\/Barresi-Albino-2025-Ricordi-lievi-ed-oltre-fronte.jpg 1100w\" sizes=\"(max-width: 663px) 100vw, 663px\" \/><\/a><\/figure>\n<\/figure>\n\n\n\n<p>La silloge di poesie <em>Ricordi lievi ed oltre <\/em>(Guido Miano Editore, 2025)di Albino Barresi, che prendiamo in considerazione in questa sede presenta una prefazione di Michele Miano acuta e ricca di acribia.<\/p>\n\n\n\n<p>La memoria involontaria di proustiana ascendenza, con tutte le sue implicazioni \u00e8 un costante argomento per ogni poeta nel suo poiein perch\u00e9 la riattualizzazione, il senso di una provenienza temporale e anche spaziale \u00e8 incontrovertibile e lo scopo nel momento in cui si scrive diviene il desiderio di fermare il tempo stesso nell\u2019attimo, istante di passaggio tra passato e futuro se la poesia \u00e8 sempre metafisica.<\/p>\n\n\n\n<p>In un certo senso nella sua sorgiva ricerca d\u2019infinit\u00e0 il poeta si fa veggente e il discorso si collega al tentativo di abitare poeticamente la terra che si traduce per i poeti lirici nell\u2019esprimersi attraverso versi che bene s\u2019intonato alla ricerca che porta al risultato della linearit\u00e0 dell\u2019incanto.<\/p>\n\n\n\n<p>La raccolta di poesie di Albino Barresi, nato a Villa San Giovanni (R.C.), manifesta a partire dal suo esplicito titolo la tematica del ricordo e l\u2019intento di trattare il tema del tempo \u00e8 sugellato dalla specificazione dell\u2019autore stesso che ci fa sapere che le poesie della silloge sono state scritte in un periodo che va dal 1985 al 2024.<\/p>\n\n\n\n<p>Se i ricordi del poeta sono lievi bene s\u2019intonano alla manifesta leggerezza dei dettati sempre ben controllati in una poetica che ha per cifra distintiva la matrice neo lirica ed elegiaca.<\/p>\n\n\n\n<p>Il volume \u00e8 scandito in due sezioni e i componimenti sgorgano in ognuna delle due parti in ordine cronologico.<\/p>\n\n\n\n<p>Le parti in cui si compone sono due: <em>Ricordi lievi ed oltre (1985-2010) e La mia vita\u2026 qui (2020-2034).<\/em><\/p>\n\n\n\n<p>Particolarmente bella la poesia che apre la raccolta intitolata <em>Sogno <\/em>nella quale il poeta si rivolge ad un tu che \u00e8 presumibilmente la persona amata che in questo caso si fa Musa.<\/p>\n\n\n\n<p>La suddetta poesia \u00e8 suddivisa in quattro strofe ed \u00e8 presente, nell\u2019accorato rivolgersi del poeta alla figura femminile, qualcosa di unico nel suo genere perch\u00e9 Albino non canta la sua donna attraverso la fisicit\u00e0 la materialit\u00e0 del corpo come avviene quasi sempre nel genere della poesia amorosa ma attraverso la tensione verso la sua anima, la sua coscienza, la sua interiorit\u00e0 cos\u00ec che il risultato del poeta diviene un interanimarsi con la persona nel dichiarare di volerle carezzare appunto l\u2019anima e di voler percorrere le sue sfumature interiori.<\/p>\n\n\n\n<p><em>Sogno: <\/em>\u00ab<em>Sogno\/ di accarezzarti l\u2019anima\/ lievemente condiscendere\/ i suoi contorni\/ le sfumature interiori percorrere\/ mentre mi fingo\/ attraversare altri mondi\/ di sensazioni alternative.\/\/ Sogno\/ di seguire i tuoi occhi\/ fintantoch\u00e9 sfioro\/ le tue gote fascinose\/ e le labbra si schiudono\/ in un pallido sorriso\/ visione di vissuti interiori\/ indicibilmente reali.\/\/ \u2026 sensazioni scarnificate\/ smarrimenti dell\u2019anima\/ altre vite immaginate\/ dentro il quotidiano\/ calpestare la nera terra\u2026<\/em>\u00bb.<\/p>\n\n\n\n<p>C\u2019\u00e8 nella suddetta composizione un\u2019estasi controllata dell\u2019io-poetante una fortissima carica affettiva e di desiderio verso la persona amata detta con urgenza e una straordinaria originalit\u00e0 che diviene il pregio pi\u00f9 prezioso di questa scrittura.<\/p>\n\n\n\n<p>In <em>Come passano gli anni <\/em>il poeta scrive: \u00ab<em>\u00c8<\/em><em> dell\u2019altro giorno\/ vivere in altri luoghi\/ in realt\u00e0 diverse\/ convinti dell\u2019umanit\u00e0 di tutti.\/\/ <\/em><em>\u00c8<\/em><em> di ieri la delusione\/ del ritrovare a tutte le latitudini\/ miserie e nobilt\u00e0\/ accomunate da biechi interessi.\/\/ <\/em><em>\u00c8<\/em><em> di oggi\/ la certezza che un uomo\/ non cambia il suo essere\/ con l\u2019incipiente progresso\u00bb.<\/em><\/p>\n\n\n\n<p>Un fare poesia quello di Barresi sotteso ad un andamento dei versi, a un ritmo inconfondibili e ottima \u00e8 la fusione tra forma e contenuti che provoca nei lettori salutari emozioni.<\/p>\n\n\n\n<p>Raffaele Piazza<\/p>\n","protected":false},"excerpt":{"rendered":"<p>Recensione di Raffaele Piazza La silloge di poesie Ricordi lievi ed oltre (Guido Miano Editore, 2025)di Albino Barresi, che prendiamo [&hellip;]<\/p>\n","protected":false},"author":1,"featured_media":0,"comment_status":"open","ping_status":"open","sticky":false,"template":"","format":"standard","meta":{"footnotes":""},"categories":[10,22],"tags":[],"class_list":["post-71538","post","type-post","status-publish","format-standard","hentry","category-italiano","category-libros-y-revistas-literatura"],"_links":{"self":[{"href":"https:\/\/www.ecoitaliano.com.ar\/index.php?rest_route=\/wp\/v2\/posts\/71538","targetHints":{"allow":["GET"]}}],"collection":[{"href":"https:\/\/www.ecoitaliano.com.ar\/index.php?rest_route=\/wp\/v2\/posts"}],"about":[{"href":"https:\/\/www.ecoitaliano.com.ar\/index.php?rest_route=\/wp\/v2\/types\/post"}],"author":[{"embeddable":true,"href":"https:\/\/www.ecoitaliano.com.ar\/index.php?rest_route=\/wp\/v2\/users\/1"}],"replies":[{"embeddable":true,"href":"https:\/\/www.ecoitaliano.com.ar\/index.php?rest_route=%2Fwp%2Fv2%2Fcomments&post=71538"}],"version-history":[{"count":1,"href":"https:\/\/www.ecoitaliano.com.ar\/index.php?rest_route=\/wp\/v2\/posts\/71538\/revisions"}],"predecessor-version":[{"id":71541,"href":"https:\/\/www.ecoitaliano.com.ar\/index.php?rest_route=\/wp\/v2\/posts\/71538\/revisions\/71541"}],"wp:attachment":[{"href":"https:\/\/www.ecoitaliano.com.ar\/index.php?rest_route=%2Fwp%2Fv2%2Fmedia&parent=71538"}],"wp:term":[{"taxonomy":"category","embeddable":true,"href":"https:\/\/www.ecoitaliano.com.ar\/index.php?rest_route=%2Fwp%2Fv2%2Fcategories&post=71538"},{"taxonomy":"post_tag","embeddable":true,"href":"https:\/\/www.ecoitaliano.com.ar\/index.php?rest_route=%2Fwp%2Fv2%2Ftags&post=71538"}],"curies":[{"name":"wp","href":"https:\/\/api.w.org\/{rel}","templated":true}]}}