{"id":71598,"date":"2025-04-15T08:41:47","date_gmt":"2025-04-15T08:41:47","guid":{"rendered":"https:\/\/www.ecoitaliano.com.ar\/?p=71598"},"modified":"2025-04-15T08:42:10","modified_gmt":"2025-04-15T08:42:10","slug":"anche-warren-haynes-e-blackberry-smoke-per-un-tocco-molto-southern-rock-al-comfort-festival-2025-dal-4-luglio","status":"publish","type":"post","link":"https:\/\/www.ecoitaliano.com.ar\/?p=71598","title":{"rendered":"Anche Warren Haynes e Blackberry Smoke per un tocco molto \u201csouthern rock\u201d al Comfort Festival\u00ae 2025 dal 4 luglio"},"content":{"rendered":"\n<figure class=\"wp-block-table\"><table><tbody><tr><td><a href=\"https:\/\/9y314.r.a.d.sendibm1.com\/mk\/cl\/f\/sh\/1t6Af4OiGsDg0aWkFVanxMq7L3adtN\/9EgelemXS7ad\" target=\"_blank\" rel=\"noreferrer noopener\"><\/a><strong>ANCHE WARREN HAYNES E BLACKBERRY SMOKE PER UN TOCCO MOLTO \u201cSOUTHERN ROCK\u201d AL COMFORT FESTIVAL\u00ae 2025<\/strong><strong>DAL 4 LUGLIO<\/strong><img decoding=\"async\" src=\"https:\/\/ci3.googleusercontent.com\/meips\/ADKq_NZ_old7eBMgMRLLNFhvbexbOHunti3c2ywCw6oMA4fet5NXgpr7qSAJpK2cAiKdzCF8B1Fz0LizI2fwegoowAOYRO42kRkkzxO4R-Gv6VTgWqEtf8JWgYtaS1hdw597Fpe3zJ5_Q3t32bgF5mZXHoS4gA=s0-d-e1-ft#https:\/\/9y314.img.a.d.sendibm1.com\/im\/sh\/YuN4cTXptzu3.jpg?u=WtVElij8PJZGcrw574nv9HTdjrgLG1rB\" width=\"600\">Saranno&nbsp;<strong>Warren Haynes<\/strong>&nbsp;e&nbsp;<strong>Blackberry Smoke<\/strong>&nbsp;con il loro sound tipicamente \u201csouthern\u201d- e non solo<strong>&nbsp;Ben Harper &amp; The Innocent Criminals<\/strong>, la<strong>&nbsp;SatchVai Band (Joe Satriani &amp; Steve Vai)<\/strong>&nbsp;e i&nbsp;<strong>Wolfmother<\/strong>&nbsp;&#8211; a rendere speciale l\u2019edizione 2025 del&nbsp;<a href=\"https:\/\/9y314.r.a.d.sendibm1.com\/mk\/cl\/f\/sh\/1t6Af4OiGsE8LIjAdrgj7ctwisZNbR\/KqtnpWmoWtoK\" target=\"_blank\" rel=\"noreferrer noopener\"><strong>Comfort Festival\u00ae<\/strong>,<\/a>&nbsp;l\u2019evento ideato ed organizzato da&nbsp;&nbsp;<strong>Barley Arts<\/strong>&nbsp;\u2013 societ\u00e0 organizzatrice di spettacoli fondata da&nbsp;<a href=\"https:\/\/9y314.r.a.d.sendibm1.com\/mk\/cl\/f\/sh\/1t6Af4OiGsEag0vb2DmeHsxm6hY7JV\/su87mVKAS6Et\" target=\"_blank\" rel=\"noreferrer noopener\"><strong>Claudio Trotta<\/strong><\/a>&nbsp;\u2013 che si terr\u00e0,&nbsp;<strong>a partire da venerd\u00ec 4 luglio<\/strong>&nbsp;nella magnifica cornice del&nbsp;<strong>Parco di Villa Casati Stampa, a Cinisello Balsamo<\/strong>, nell\u2019hinterland milanese.\u00ad<strong>WARREN HAYNES<\/strong><img decoding=\"async\" src=\"https:\/\/ci3.googleusercontent.com\/meips\/ADKq_NbfojgHzeYS8dfEzVAcugrA014eXeg3-Z3dzD45EgFjyUQicp-U9bsr_d7GpP3k5RzyndkVkoGZSnFyByeoNiUpm9zqMUiCL96EuSKHFAMQZ-I68nIR51lLTUOCsrOYLglHka5bzZlWQu1ToEXBSgltNg=s0-d-e1-ft#https:\/\/9y314.img.a.d.sendibm1.com\/im\/sh\/wFn8_pXBU0Jb.jpg?u=WtVElij8PJZGdKGnJVCHFCdtnh4AElZF\" width=\"570\">Sicuramente uno dei chitarristi pi\u00f9 importanti del panorama \u201cSouthern Rock\u201d per&nbsp;<strong>Warren Haynes<\/strong>&nbsp;\u00e8 addirittura riduttivo etichettarlo in questa categoria.&nbsp;&nbsp;Cos\u00ec come la formazione che lo ha reso celebre in tutto il mondo \u2013 la&nbsp;<strong>Allman Brothers Band<\/strong>&nbsp;\u2013 il sessantacinquenne songwriter di Asherville (North Carolina) \u00e8 un artista a tutto tondo, libero da barriere, che vanta una carriera che lo ha visto dividere il palco e lo studio di registrazione con i migliori nomi del rock mondiale.&nbsp;Dotato di una mirabile tecnica chitarristica Haynes \u00e8 famoso anche per la sua intensa voce e per la sua scrittura, nonch\u00e9 per il saper re-interpretare brani storici del rock regalandogli una nuova vita.&nbsp;Dopo il debutto da giovanissimo come chitarrista nella band di&nbsp;<strong>David Allan Coe<\/strong>&nbsp;e una breve parentesi alla corte della blues band&nbsp;<strong>Nighthawks<\/strong>&nbsp;arriva nel 1987 l\u2019incontro con&nbsp;<strong>Dickey Betts<\/strong>&nbsp;per i suoi progetti solisti e che porteranno alla rinascita della Allman Brothers Band che \u2013 sotto la guida dei due chitarristi \u2013 torner\u00e0 agli splendori iniziali, con la pubblicazione di 4 album in studio pi\u00f9 una serie infinita di incredibili esibizioni live.&nbsp;Parallelamente nascer\u00e0 il progetto&nbsp;<strong>Gov\u2019t Mule<\/strong>&nbsp;che confermer\u00e0 ancora di pi\u00f9 la bravura di Haynes come compositore ed esecutore.&nbsp;Warren Haynes avr\u00e0 anche l\u2019onore di poter far parte di alcune formazioni nate dopo lo scioglimento dei&nbsp;<strong>Grateful Dead<\/strong>&nbsp;e di poter condividere la propria chitarra in tantissimi progetti oltre che ad una personalissima carriera musicale, fino alla recente pubblicazione dell\u2019eccellente album \u2018<strong>Million Voices Whisper\u2019<\/strong>&nbsp;che sar\u00e0 l\u2019ossatura dello spettacolo al&nbsp;<strong>Comfort Festival\u00ae<\/strong>&nbsp;di quest\u2019anno,&nbsp;<strong>venerd\u00ec 4 luglio<\/strong>.&nbsp;In apertura avremo la possibilit\u00e0 di assistere ai concerti di&nbsp;<strong>Ana Popovi\u0107<\/strong>, artista molto conosciuta ed apprezzata dal pubblico italiano, e la bravissima&nbsp;<strong>Bette Smith<\/strong>&nbsp;che sapr\u00e0 sicuramente stupire con il suo stile distintivo.&nbsp;<a href=\"https:\/\/9y314.r.a.d.sendibm1.com\/mk\/cl\/f\/sh\/1t6Af4OiGsF30j81QZsZS91bUWWr1Z\/-nd-jPzJ6UXb\" target=\"_blank\" rel=\"noreferrer noopener\"><strong>LEGGI IL PROGRAMMA COMPLETO E PRENOTA IL TUO POSTO QUI<\/strong><\/a><strong>BLACKBERRY SMOKE<\/strong><img decoding=\"async\" src=\"https:\/\/ci3.googleusercontent.com\/meips\/ADKq_NazG3JPMY0ammFYvGuFF9Y7G2lN8KTCG-WnNgviMUz4dQznMdj6HuOEt7598bpBOnwIqej6dxA6JK8KHxG8_EB00xSIqHS5oIF3-pUe0SFeMclTq1ywLbS7PTyaw3FEaUQCW0PT7zZ9pXv-91JwyYRTLg=s0-d-e1-ft#https:\/\/9y314.img.a.d.sendibm1.com\/im\/sh\/TmXiz_s5Akdu.jpg?u=WtVElij8PJZGdmbVVvadL7o9rWRzDVHJ\" width=\"570\">Considerati come tra i principali portavoce del nuovo Southern Rock i&nbsp;<strong>Blackberry Smoke<\/strong>&nbsp;tornano in Italia dopo le apprezzatissime esibizioni degli scorsi anni.&nbsp;L\u2019attuale sestetto proveniente da&nbsp;<strong>Atlanta<\/strong>, Georgia, sa mischiare le personali passioni per il blues, la country music ed il rock\u2019n\u2019roll con grande capacit\u00e0, regalando uno spettacolo sempre di altissimo livello, passando da delicate ballate a rocciosi brani rock blues di puro carattere, come nella migliore tradizione \u201csouthern\u201d.&nbsp;Nel 2024 hanno pubblicato il loro ottavo album in studio, quel \u2018<strong>Be Righ Here<\/strong>\u2019 particolarmente apprezzato da critica e pubblico, sempre pi\u00f9 affezionato a questa bellissima realt\u00e0 del rock americano.&nbsp;Ad aprire il loro concerto \u2013&nbsp;<strong>venerd\u00ec 11 luglio<\/strong>&nbsp;\u2013 il paladino del blues di casa nostra,&nbsp;<strong>Fabio Treves<\/strong>&nbsp;che con la sua&nbsp;<strong>Treves Blues Band<\/strong>&nbsp;ha festeggiato, lo scorso anno, i 50 anni di una carriera stellare.<br>E se Treves \u00e8 il veterano del blues italiano i&nbsp;<strong>The Sonic Rootz<\/strong>&nbsp;sono sicuramente la band blues rock pi\u00f9 giovane di sempre ad aver composto e pubblicato brani inediti.Sar\u00e0 una serata di grande musica al&nbsp;<strong>Comfort Festival\u00ae<\/strong>.&nbsp;<a href=\"https:\/\/9y314.r.a.d.sendibm1.com\/mk\/cl\/f\/sh\/1t6Af4OiGsFVLRKRovyUcP5QsLVajd\/V3HRcV7CONFc\" target=\"_blank\" rel=\"noreferrer noopener\"><strong>LEGGI IL PROGRAMMA COMPLETO E PRENOTA IL TUO POSTO QUI<\/strong><\/a>\u00ad<strong>COS\u2019\u00c8 IL COMFORT FESTIVAL\u00ae 2025<\/strong>Dopo le prime edizioni che hanno visto Ferrara ospitare questo evento che si contraddistingue per la sua struttura di musica, buon cibo e relax, per la prossima estate la manifestazione si trasferisce nella Citt\u00e0 Metropolitana di Milano, per la precisione nel bellissimo parco di&nbsp;<strong>Villa Casati Stampa<\/strong>&nbsp;a&nbsp;<strong>Cinisello Balsamo<\/strong>, dove&nbsp; si prevedono giornate particolarmente intense per i veri amanti della musica da vivere in tutte le sue varie sfaccettature, senza lo stress dei grandi eventi di massa, dando la possibilit\u00e0 al pubblico di vivere la bellezza dello stare insieme, in un ambiente&nbsp; naturale ma urbano, con prezzi contenuti e con musica di grande qualit\u00e0, cos\u00ec come il cibo proposto, a cura di&nbsp;<a href=\"https:\/\/9y314.r.a.d.sendibm1.com\/mk\/cl\/f\/sh\/1t6Af4OiGsFxg9WsDI4Pmf9GGAUKRh\/3XkA--5MU1xf\" target=\"_blank\" rel=\"noreferrer noopener\"><strong>STREEAT\u00ae Food Truck Festival<\/strong>.<\/a>&nbsp;L\u2019edizione 2025 del Comfort Festival\u00ae vedr\u00e0, infatti la partecipazione di grandi big della musica americana, abbinati a nomi tutti da scoprire o riscoprire per giornate indimenticabili.&nbsp;<strong>Comfort Festival\u00ae<\/strong>&nbsp;\u00e8 parte di&nbsp;<strong>Yourope \u2013 The European Festival Association<\/strong>.&nbsp;<strong>Virgin Radio<\/strong>&nbsp;\u00e8 radio ufficiale di&nbsp;<strong>Comfort Festival\u00ae<\/strong>.<br><strong>La Citt\u00e0<\/strong>&nbsp;e&nbsp;<strong>NordMilano24&nbsp;<\/strong>sono media partner del Festival.\u00ad<strong>IL PROGRAMMA COMPLETO DEL COMFORT FESTIVAL\u00ae 2025<\/strong><strong>Venerd\u00ec 4 luglio<\/strong>:&nbsp;<a href=\"https:\/\/9y314.r.a.d.sendibm1.com\/mk\/cl\/f\/sh\/1t6Af4OiGsGQ0rjIbeAKwvD5dzT49l\/ftr0385GNvdQ\" target=\"_blank\" rel=\"noreferrer noopener\"><strong>Warren Haynes Band<\/strong>&nbsp;<strong>+ Ana Popovi\u0107 + Bette Smith<\/strong><\/a>&nbsp;\u2013 Apertura porte ore 17:00 con musica diffusa e ristorazione, Inizio concerti ore 18:30<strong>Sabato 5 luglio<\/strong>:&nbsp;<a href=\"https:\/\/9y314.r.a.d.sendibm1.com\/mk\/cl\/f\/sh\/1t6Af4OiGsGsLZvj00GG7BGv1oRnrp\/ZZZPJ2sldAUn\" target=\"_blank\" rel=\"noreferrer noopener\"><strong>Ben Harper &amp; The Innocent Criminals<\/strong>&nbsp;+&nbsp;<strong>Fink<\/strong>&nbsp;<strong>+ Dario Sansone<\/strong><\/a><strong>&nbsp;Ensemble&nbsp;<\/strong>\u2013 Apertura porte ore 17:00 con musica diffusa e ristorazione, Inizio concerti ore 18:30<strong>Mercoled\u00ec 9 luglio<\/strong>:&nbsp;<a href=\"https:\/\/9y314.r.a.d.sendibm1.com\/mk\/cl\/f\/sh\/1t6Af4OiGsHKgI89OMMBHRKkPdQXZt\/PBF9Oz6cvje8\" target=\"_blank\" rel=\"noreferrer noopener\"><strong>Wolfmother<\/strong>&nbsp;+&nbsp;<strong>Dirty Honey<\/strong>&nbsp;+&nbsp;<strong>Life In The Woods<\/strong><\/a>&nbsp;\u2013 Apertura porte ore 17:00 con musica diffusa e ristorazione, Inizio concerti ore 18:30<strong>Venerd\u00ec 11 luglio<\/strong>:&nbsp;<a href=\"https:\/\/9y314.r.a.d.sendibm1.com\/mk\/cl\/f\/sh\/1t6Af4OiGsHn10KZmiS6RhOZnSPHHx\/JKklLe_T194i\" target=\"_blank\" rel=\"noreferrer noopener\"><strong>Blackberry Smoke<\/strong>&nbsp;+&nbsp;<strong>Treves Blues Band<\/strong>&nbsp;+&nbsp;<strong>The Sonic Rootz<\/strong><\/a>&nbsp;\u2013 Apertura porte ore 17:00 con musica diffusa e ristorazione, Inizio concerti ore 18:30<strong>Domenica 13 luglio<\/strong>:&nbsp;<a href=\"https:\/\/9y314.r.a.d.sendibm1.com\/mk\/cl\/f\/sh\/7nVU1aA2nfsZpYhxU8lGPdVqsQbMVr3\/XQoJnSKlTldq\" target=\"_blank\" rel=\"noreferrer noopener\"><strong>SATCHVAI Band<\/strong>&nbsp;(<strong>Joe Satriani &amp; Steve Vai<\/strong>) +&nbsp;<strong>Blues For Pino<\/strong>&nbsp;<strong>+ Ned Evett<\/strong><\/a>&nbsp;\u2013 Apertura porte ore 17:00 con musica diffusa e ristorazione, Inizio concerti ore 18:30\u00ad<strong>COME ARRIVARE<\/strong><a href=\"https:\/\/9y314.r.a.d.sendibm1.com\/mk\/cl\/f\/sh\/7nVU1aA2nfuSp5DGShziRzpf2n69FnZ\/0_YgIGOoULLA\" target=\"_blank\" rel=\"noreferrer noopener\"><\/a><strong>Ufficio Stampa<\/strong>&nbsp;<a href=\"https:\/\/9y314.r.a.d.sendibm1.com\/mk\/cl\/f\/sh\/7nVU1aA2nfwLobiZRHEAUM9TD9avzk5\/341s0hvwpu5Q\" target=\"_blank\" rel=\"noreferrer noopener\">A-Z Press<\/a><a href=\"mailto:info@a-zpress.com\" target=\"_blank\" rel=\"noreferrer noopener\">info@a-zpress.com<\/a><\/td><\/tr><\/tbody><\/table><\/figure>\n","protected":false},"excerpt":{"rendered":"<p>ANCHE WARREN HAYNES E BLACKBERRY SMOKE PER UN TOCCO MOLTO \u201cSOUTHERN ROCK\u201d AL COMFORT FESTIVAL\u00ae 2025DAL 4 LUGLIOSaranno&nbsp;Warren Haynes&nbsp;e&nbsp;Blackberry Smoke&nbsp;con [&hellip;]<\/p>\n","protected":false},"author":1,"featured_media":0,"comment_status":"open","ping_status":"open","sticky":false,"template":"","format":"standard","meta":{"footnotes":""},"categories":[33,10],"tags":[],"class_list":["post-71598","post","type-post","status-publish","format-standard","hentry","category-espectaculo","category-italiano"],"_links":{"self":[{"href":"https:\/\/www.ecoitaliano.com.ar\/index.php?rest_route=\/wp\/v2\/posts\/71598","targetHints":{"allow":["GET"]}}],"collection":[{"href":"https:\/\/www.ecoitaliano.com.ar\/index.php?rest_route=\/wp\/v2\/posts"}],"about":[{"href":"https:\/\/www.ecoitaliano.com.ar\/index.php?rest_route=\/wp\/v2\/types\/post"}],"author":[{"embeddable":true,"href":"https:\/\/www.ecoitaliano.com.ar\/index.php?rest_route=\/wp\/v2\/users\/1"}],"replies":[{"embeddable":true,"href":"https:\/\/www.ecoitaliano.com.ar\/index.php?rest_route=%2Fwp%2Fv2%2Fcomments&post=71598"}],"version-history":[{"count":1,"href":"https:\/\/www.ecoitaliano.com.ar\/index.php?rest_route=\/wp\/v2\/posts\/71598\/revisions"}],"predecessor-version":[{"id":71599,"href":"https:\/\/www.ecoitaliano.com.ar\/index.php?rest_route=\/wp\/v2\/posts\/71598\/revisions\/71599"}],"wp:attachment":[{"href":"https:\/\/www.ecoitaliano.com.ar\/index.php?rest_route=%2Fwp%2Fv2%2Fmedia&parent=71598"}],"wp:term":[{"taxonomy":"category","embeddable":true,"href":"https:\/\/www.ecoitaliano.com.ar\/index.php?rest_route=%2Fwp%2Fv2%2Fcategories&post=71598"},{"taxonomy":"post_tag","embeddable":true,"href":"https:\/\/www.ecoitaliano.com.ar\/index.php?rest_route=%2Fwp%2Fv2%2Ftags&post=71598"}],"curies":[{"name":"wp","href":"https:\/\/api.w.org\/{rel}","templated":true}]}}