{"id":71600,"date":"2025-04-15T08:44:56","date_gmt":"2025-04-15T08:44:56","guid":{"rendered":"https:\/\/www.ecoitaliano.com.ar\/?p=71600"},"modified":"2025-04-15T08:45:15","modified_gmt":"2025-04-15T08:45:15","slug":"25-aprile-80-anniversario-della-liberazione-dal-nazifascismo-e-la-resistenza-guerra-patriottica-per-lindipendenza-dellitalia","status":"publish","type":"post","link":"https:\/\/www.ecoitaliano.com.ar\/?p=71600","title":{"rendered":"25 Aprile, 80\u00b0 anniversario della Liberazione dal nazifascismo, e la Resistenza, guerra patriottica per l\u2019indipendenza dell\u2019Italia"},"content":{"rendered":"\n<p><em>Angela Casilli<\/em><\/p>\n\n\n<div class=\"wp-block-image\">\n<figure class=\"aligncenter size-large is-resized\"><a href=\"http:\/\/www.ecoitaliano.com.ar\/wp-content\/uploads\/2025\/04\/Angela-Casilli-1.jpg\"><img decoding=\"async\" width=\"818\" height=\"1024\" src=\"http:\/\/www.ecoitaliano.com.ar\/wp-content\/uploads\/2025\/04\/Angela-Casilli-1-818x1024.jpg\" alt=\"\" class=\"wp-image-71601\" style=\"width:306px;height:auto\" srcset=\"https:\/\/www.ecoitaliano.com.ar\/wp-content\/uploads\/2025\/04\/Angela-Casilli-1-818x1024.jpg 818w, https:\/\/www.ecoitaliano.com.ar\/wp-content\/uploads\/2025\/04\/Angela-Casilli-1-240x300.jpg 240w, https:\/\/www.ecoitaliano.com.ar\/wp-content\/uploads\/2025\/04\/Angela-Casilli-1-768x962.jpg 768w, https:\/\/www.ecoitaliano.com.ar\/wp-content\/uploads\/2025\/04\/Angela-Casilli-1-120x150.jpg 120w, https:\/\/www.ecoitaliano.com.ar\/wp-content\/uploads\/2025\/04\/Angela-Casilli-1.jpg 1094w\" sizes=\"(max-width: 818px) 100vw, 818px\" \/><\/a><\/figure><\/div>\n\n\n<p>Mai, come adesso, tempo di gran temperie, il termine di resistenza \u00e8 attuale, come quella lontana difesa della libert\u00e0 e momento di rivendicazione di un\u2019identit\u00e0 nazionale che sembrava perduta per sempre e port\u00f2, invece, alla rinascita del nostro Paese.<\/p>\n\n\n\n<p>Gli Alleati avrebbero voluto una <strong>Resistenza <\/strong>diversa, fatta di semplici\u201ccolpi di mano, sabotaggi, attentati\u201dad opera di piccoli gruppi, facilmente controllabili, per questo si opposero, finch\u00e9 poterono farlo, alla formazione di bande permanenti istituzionalizzate.<\/p>\n\n\n\n<p>Invece accadde proprio quello che loro temevano: la progressiva organizzazione del movimento partigiano ebbe il significato politico di guerra patriottica per l\u2019indipendenza del nostro Paese.<\/p>\n\n\n\n<p>Dir\u00e0 pi\u00f9 tardi <strong>Ferruccio Parri<\/strong>, esponente di spicco del Partito d\u2019Azione e responsabile militare <strong>CLNAI<\/strong> \u2013 Comitato di Liberazione Nazionale Alta Italia, futuro Presidente del Consiglio dei Ministri: \u201cA noi prima di tutto interessava il carattere dichiarato e manifesto di insurrezione nazionale \u201c.<\/p>\n\n\n\n<p>La distonia creatasi tra Alleati e partigiani risaliva all\u2019inverno del 1944, quando gli Alleati sospesero ogni azione bellica dietro il fronte tedesco, lungo la \u201c<strong>linea Gotica<\/strong>\u201d,a ridosso degli Appennini.<\/p>\n\n\n\n<p>Era chiaro che le loro esigenze belliche non erano le stesse dei partigiani, impegnati in una lotta che era politica prima ancora che militare, e che gli <strong>Alleati <\/strong>costrinsero a chiarire nei loro intenti in un documento redatto dal comunista <strong>Luigi Longo<\/strong>, dove si definiva il movimento partigiano come un movimento \u201cnato dal basso\u201d, espressione della solidariet\u00e0 popolare e nazionale, come testimoniavano anche le numerose lettere di partigiani indomiti, condannati a morte.<\/p>\n\n\n\n<p>Oggi che vengono meno certezze, che sembravano consolidate nella storia del nostro tempo, comprendiamo meglio come il movimento partigiano fu anche momento di rivendicazione di un\u2019identit\u00e0 nazionale che sembrava perduta.<\/p>\n\n\n\n<p><a><\/a> Dentro per\u00f2 quell\u2019idea di Nazione, pari nel sentire e nel volere a qualsiasi altra Nazione, non c\u2019erano n\u00e9 il <em><strong>sovranismo<\/strong><\/em> n\u00e9 il <em><strong>nazionalismo<\/strong><\/em>con le degenerazioni che avevamo subito. Semmai c\u2019era il germe di quello che sar\u00e0 l\u2019articolo 11 della <strong>Costituzione<\/strong>, cio\u00e8, una sovranit\u00e0 pronta a riconoscere i propri limiti, in condizioni di parit\u00e0 con altre Nazioni, in un ordinamento che assicuri fra loro la pace e la giustizia.<\/p>\n\n\n\n<p>Era il concetto di \u201cpace giusta\u201d che sar\u00e0 incorporato nel progetto europeo, come meta da raggiungere. Ed \u00e8 la sovranit\u00e0 condivisa il progetto che oggi incontra l\u2019ostilit\u00e0 di neo-imperialismi militarizzati che disegnano opposte egemonie per la spartizione del mondo.<\/p>\n\n\n\n<p>Profetico, proprio per quanto detto, si rivela il discorso tenuto da <strong>Alcide De Gasperi<\/strong> a Strasburgo il 10 dicembre 1951 per la creazione di una forza di difesa europea, in cui lo statista trentino chiede la collaborazione di tutte le forze democratiche ed una rinnovata fiducia, soprattutto dell\u2019<strong>America<\/strong>, nei destini dell\u2019<strong>Europa<\/strong>.<\/p>\n\n\n\n<p><em><strong>Tutte l\u2019opinioni versati nel sito correspondono solo a chi la manifesta. Non e necessariamente l\u2019opinione della Direzione<\/strong><\/em><\/p>\n","protected":false},"excerpt":{"rendered":"<p>Angela Casilli Mai, come adesso, tempo di gran temperie, il termine di resistenza \u00e8 attuale, come quella lontana difesa della [&hellip;]<\/p>\n","protected":false},"author":1,"featured_media":0,"comment_status":"open","ping_status":"open","sticky":false,"template":"","format":"standard","meta":{"footnotes":""},"categories":[10,35],"tags":[],"class_list":["post-71600","post","type-post","status-publish","format-standard","hentry","category-italiano","category-opiniones"],"_links":{"self":[{"href":"https:\/\/www.ecoitaliano.com.ar\/index.php?rest_route=\/wp\/v2\/posts\/71600","targetHints":{"allow":["GET"]}}],"collection":[{"href":"https:\/\/www.ecoitaliano.com.ar\/index.php?rest_route=\/wp\/v2\/posts"}],"about":[{"href":"https:\/\/www.ecoitaliano.com.ar\/index.php?rest_route=\/wp\/v2\/types\/post"}],"author":[{"embeddable":true,"href":"https:\/\/www.ecoitaliano.com.ar\/index.php?rest_route=\/wp\/v2\/users\/1"}],"replies":[{"embeddable":true,"href":"https:\/\/www.ecoitaliano.com.ar\/index.php?rest_route=%2Fwp%2Fv2%2Fcomments&post=71600"}],"version-history":[{"count":1,"href":"https:\/\/www.ecoitaliano.com.ar\/index.php?rest_route=\/wp\/v2\/posts\/71600\/revisions"}],"predecessor-version":[{"id":71602,"href":"https:\/\/www.ecoitaliano.com.ar\/index.php?rest_route=\/wp\/v2\/posts\/71600\/revisions\/71602"}],"wp:attachment":[{"href":"https:\/\/www.ecoitaliano.com.ar\/index.php?rest_route=%2Fwp%2Fv2%2Fmedia&parent=71600"}],"wp:term":[{"taxonomy":"category","embeddable":true,"href":"https:\/\/www.ecoitaliano.com.ar\/index.php?rest_route=%2Fwp%2Fv2%2Fcategories&post=71600"},{"taxonomy":"post_tag","embeddable":true,"href":"https:\/\/www.ecoitaliano.com.ar\/index.php?rest_route=%2Fwp%2Fv2%2Ftags&post=71600"}],"curies":[{"name":"wp","href":"https:\/\/api.w.org\/{rel}","templated":true}]}}