{"id":71608,"date":"2025-04-15T08:54:28","date_gmt":"2025-04-15T08:54:28","guid":{"rendered":"https:\/\/www.ecoitaliano.com.ar\/?p=71608"},"modified":"2025-04-15T08:54:47","modified_gmt":"2025-04-15T08:54:47","slug":"tra-privilegi-e-tensioni-globali-il-volto-contraddittorio-del-presente","status":"publish","type":"post","link":"https:\/\/www.ecoitaliano.com.ar\/?p=71608","title":{"rendered":"Tra privilegi e tensioni globali: il volto contraddittorio del presente"},"content":{"rendered":"\n<p><em>Carlo Di Stanislao<\/em><\/p>\n\n\n<div class=\"wp-block-image\">\n<figure class=\"aligncenter size-full is-resized\"><a href=\"http:\/\/www.ecoitaliano.com.ar\/wp-content\/uploads\/2025\/04\/1000014516-1.jpg\"><img decoding=\"async\" width=\"960\" height=\"932\" src=\"http:\/\/www.ecoitaliano.com.ar\/wp-content\/uploads\/2025\/04\/1000014516-1.jpg\" alt=\"\" class=\"wp-image-71133\" style=\"width:388px;height:auto\" srcset=\"https:\/\/www.ecoitaliano.com.ar\/wp-content\/uploads\/2025\/04\/1000014516-1.jpg 960w, https:\/\/www.ecoitaliano.com.ar\/wp-content\/uploads\/2025\/04\/1000014516-1-300x291.jpg 300w, https:\/\/www.ecoitaliano.com.ar\/wp-content\/uploads\/2025\/04\/1000014516-1-768x746.jpg 768w, https:\/\/www.ecoitaliano.com.ar\/wp-content\/uploads\/2025\/04\/1000014516-1-150x146.jpg 150w\" sizes=\"(max-width: 960px) 100vw, 960px\" \/><\/a><\/figure><\/div>\n\n\n<p><em>\u201cOgni privilegio \u00e8 un&#8217;ingiustizia travestita.\u201d \u2013 Anatole France<\/em><\/p>\n\n\n\n<p>Viviamo in un\u2019epoca segnata da paradossi. Da un lato, l\u2019informazione corre pi\u00f9 veloce che mai, rendendo quasi impossibile celare favoritismi, abusi e contraddizioni. Dall\u2019altro, proprio questa valanga di notizie sembra anestetizzare le coscienze, rendendo l\u2019indignazione pi\u00f9 breve e l\u2019ingiustizia pi\u00f9 tollerata. In questo scenario si inserisce l\u2019ultimo caso che ha scosso l\u2019opinione pubblica italiana: alcuni magistrati avrebbero goduto di sconti e favori sui voli aerei, trattamenti di favore che sembrerebbero inopportuni per chi ricopre ruoli di assoluta imparzialit\u00e0 e dovrebbe, per primo, incarnare i valori della trasparenza e dell&#8217;equit\u00e0.<\/p>\n\n\n\n<p>L\u2019opinione pubblica si divide. C&#8217;\u00e8 chi minimizza, parlando di agevolazioni irrilevanti rispetto ai problemi reali del Paese, e chi invece grida allo scandalo, vedendo in questi \u00abpiccoli\u00bb favori il sintomo di una cultura opaca, dove il potere si autoalimenta a scapito della fiducia collettiva. In un momento in cui la giustizia dovrebbe essere un faro, ogni cedimento, ogni zona grigia, rischia di spegnere quella luce.<\/p>\n\n\n\n<p>Ma il malessere non si ferma entro i confini nazionali. Sulla scacchiera internazionale si muovono pedine molto pi\u00f9 pesanti. La Cina ha recentemente annunciato una drastica riduzione dell\u2019export di terre rare, elementi chimici essenziali per la produzione di componenti elettronici, veicoli elettrici, tecnologie militari e green economy. Un colpo strategico che non \u00e8 solo economico, ma fortemente politico. Con questa decisione, Pechino mette pressione a tutto l\u2019Occidente, in particolare agli Stati Uniti e all\u2019Europa, rendendoli consapevoli di quanto siano dipendenti da un flusso commerciale che pu\u00f2 essere interrotto con un decreto.<\/p>\n\n\n\n<p>La guerra commerciale, ormai cronica, tra Stati Uniti e Cina assume cos\u00ec toni sempre pi\u00f9 simili a una guerra fredda tecnologica. E nel frattempo, sul versante mediorientale, l\u2019amministrazione americana torna a puntare il dito contro l\u2019Iran, con dichiarazioni che lasciano poco spazio alla diplomazia. Le accuse riguardano non solo il programma nucleare di Teheran, ma anche presunti attacchi a interessi americani nella regione. Il linguaggio si fa duro, i venti di guerra tornano a soffiare.<\/p>\n\n\n\n<p>Questi scenari alimentano un senso di incertezza globale. La stabilit\u00e0 che ha retto \u2013 pur con tutte le sue crepe \u2013 l\u2019ordine internazionale negli ultimi decenni sembra vacillare. Le alleanze tradizionali sono in discussione, i mercati ondeggiano, e nel frattempo milioni di persone si chiedono che futuro avranno.<\/p>\n\n\n\n<p>In Italia, questa crisi globale si riflette in modo sempre pi\u00f9 evidente anche nei comportamenti individuali. Sempre pi\u00f9 cittadini si allontanano dalle citt\u00e0, attratti da un ritorno alla terra che \u00e8 insieme economico, sociale e simbolico. Non \u00e8 solo una fuga dalle metropoli, ma una protesta silenziosa contro un sistema che appare distante, iniquo, incomprensibile. Le campagne tornano a popolarsi, non per romanticismo, ma per sopravvivenza, per bisogno di senso, per ritrovare un rapporto autentico con il tempo e con il lavoro.<\/p>\n\n\n\n<p>Questo fenomeno, che qualcuno etichetta semplicemente come \u201cneo-ruralismo\u201d, \u00e8 in realt\u00e0 il segno di una frattura sempre pi\u00f9 profonda tra le \u00e9lite urbane e una parte crescente della popolazione che si sente esclusa dalle decisioni, dagli investimenti, dall\u2019attenzione dei media. \u00c8 il riflesso di un disagio che si esprime anche nelle urne, nell\u2019astensionismo, nelle proteste, nella rinascita di movimenti alternativi e nella richiesta di nuovi modelli di sviluppo.<\/p>\n\n\n\n<p>Il mondo, oggi, \u00e8 come una tela sfilacciata: ogni nodo che si allenta \u2013 un favore fuori luogo, un embargo silenzioso, una minaccia militare \u2013 contribuisce a renderla pi\u00f9 fragile. E mentre i potenti giocano le loro partite nei palazzi o nelle conferenze internazionali, la gente comune cerca vie d\u2019uscita. A volte nei campi, a volte nella rete, a volte nel silenzio.<\/p>\n\n\n\n<p>La domanda che resta sospesa \u00e8 la pi\u00f9 semplice e la pi\u00f9 urgente: chi ci guider\u00e0 fuori da questo intreccio di crisi? Chi sapr\u00e0 rinunciare ai propri privilegi per restituire credibilit\u00e0 alle istituzioni? Chi sapr\u00e0 scegliere la cooperazione invece dello scontro? Chi ascolter\u00e0 davvero le voci di chi non ha voce?<\/p>\n\n\n\n<p>Forse, come sempre, la risposta non verr\u00e0 dall\u2019alto. Ma da chi oggi, lontano dai riflettori, sta gi\u00e0 seminando un altro modo di vivere.<\/p>\n\n\n\n<p><em><strong>Tutte l\u2019opinioni versati nel sito correspondono solo a chi la manifesta. Non e necessariamente l\u2019opinione della Direzione<\/strong><\/em><\/p>\n","protected":false},"excerpt":{"rendered":"<p>Carlo Di Stanislao \u201cOgni privilegio \u00e8 un&#8217;ingiustizia travestita.\u201d \u2013 Anatole France Viviamo in un\u2019epoca segnata da paradossi. Da un lato, [&hellip;]<\/p>\n","protected":false},"author":1,"featured_media":0,"comment_status":"open","ping_status":"open","sticky":false,"template":"","format":"standard","meta":{"footnotes":""},"categories":[10,35],"tags":[],"class_list":["post-71608","post","type-post","status-publish","format-standard","hentry","category-italiano","category-opiniones"],"_links":{"self":[{"href":"https:\/\/www.ecoitaliano.com.ar\/index.php?rest_route=\/wp\/v2\/posts\/71608","targetHints":{"allow":["GET"]}}],"collection":[{"href":"https:\/\/www.ecoitaliano.com.ar\/index.php?rest_route=\/wp\/v2\/posts"}],"about":[{"href":"https:\/\/www.ecoitaliano.com.ar\/index.php?rest_route=\/wp\/v2\/types\/post"}],"author":[{"embeddable":true,"href":"https:\/\/www.ecoitaliano.com.ar\/index.php?rest_route=\/wp\/v2\/users\/1"}],"replies":[{"embeddable":true,"href":"https:\/\/www.ecoitaliano.com.ar\/index.php?rest_route=%2Fwp%2Fv2%2Fcomments&post=71608"}],"version-history":[{"count":1,"href":"https:\/\/www.ecoitaliano.com.ar\/index.php?rest_route=\/wp\/v2\/posts\/71608\/revisions"}],"predecessor-version":[{"id":71609,"href":"https:\/\/www.ecoitaliano.com.ar\/index.php?rest_route=\/wp\/v2\/posts\/71608\/revisions\/71609"}],"wp:attachment":[{"href":"https:\/\/www.ecoitaliano.com.ar\/index.php?rest_route=%2Fwp%2Fv2%2Fmedia&parent=71608"}],"wp:term":[{"taxonomy":"category","embeddable":true,"href":"https:\/\/www.ecoitaliano.com.ar\/index.php?rest_route=%2Fwp%2Fv2%2Fcategories&post=71608"},{"taxonomy":"post_tag","embeddable":true,"href":"https:\/\/www.ecoitaliano.com.ar\/index.php?rest_route=%2Fwp%2Fv2%2Ftags&post=71608"}],"curies":[{"name":"wp","href":"https:\/\/api.w.org\/{rel}","templated":true}]}}