{"id":71610,"date":"2025-04-15T08:57:23","date_gmt":"2025-04-15T08:57:23","guid":{"rendered":"https:\/\/www.ecoitaliano.com.ar\/?p=71610"},"modified":"2025-04-15T08:57:55","modified_gmt":"2025-04-15T08:57:55","slug":"camerata-musicale-di-sulmona-bilanci-e-prospettive-72-anni-di-storia-e-1561-concerti-anticipazioni-per-l-estate-2025","status":"publish","type":"post","link":"https:\/\/www.ecoitaliano.com.ar\/?p=71610","title":{"rendered":"Camerata Musicale Di Sulmona \u2013 Bilanci e prospettive 72 anni di storia e 1561 concerti &#8211; ANTICIPAZIONI PER L\u2019 ESTATE 2025"},"content":{"rendered":"<div class=\"wp-block-image\">\n<figure class=\"aligncenter size-large is-resized\"><a href=\"http:\/\/www.ecoitaliano.com.ar\/wp-content\/uploads\/2025\/04\/teatro-Caniglia-scaled.jpg\"><img decoding=\"async\" width=\"1024\" height=\"768\" src=\"http:\/\/www.ecoitaliano.com.ar\/wp-content\/uploads\/2025\/04\/teatro-Caniglia-1024x768.jpg\" alt=\"\" class=\"wp-image-71611\" style=\"width:484px;height:auto\" srcset=\"https:\/\/www.ecoitaliano.com.ar\/wp-content\/uploads\/2025\/04\/teatro-Caniglia-1024x768.jpg 1024w, https:\/\/www.ecoitaliano.com.ar\/wp-content\/uploads\/2025\/04\/teatro-Caniglia-300x225.jpg 300w, https:\/\/www.ecoitaliano.com.ar\/wp-content\/uploads\/2025\/04\/teatro-Caniglia-768x576.jpg 768w, https:\/\/www.ecoitaliano.com.ar\/wp-content\/uploads\/2025\/04\/teatro-Caniglia-1536x1152.jpg 1536w, https:\/\/www.ecoitaliano.com.ar\/wp-content\/uploads\/2025\/04\/teatro-Caniglia-2048x1536.jpg 2048w, https:\/\/www.ecoitaliano.com.ar\/wp-content\/uploads\/2025\/04\/teatro-Caniglia-150x113.jpg 150w\" sizes=\"(max-width: 1024px) 100vw, 1024px\" \/><\/a><\/figure><\/div>\n\n\n<figure class=\"wp-block-image\"><img decoding=\"async\" src=\"https:\/\/mail.google.com\/mail\/u\/2?ui=2&amp;ik=a91c2962d6&amp;attid=0.0.1&amp;permmsgid=msg-f:1829456740536016652&amp;th=196389366f97df0c&amp;view=fimg&amp;fur=ip&amp;permmsgid=msg-f:1829456740536016652&amp;sz=s0-l75-ft&amp;attbid=ANGjdJ_Gmph-EKCJ-WwcmYmxZ9ilS9sCwC2JCk1Qe0dxasINI67VNWlecNl8nokoR43bDxrDUf2GZ91zpZPK4YVzSscN40Vc_9akQw7-pZ-SpzmNDigOc4hSbbKqaJA&amp;disp=emb&amp;realattid=ii_m9hgxmdx0&amp;zw\" alt=\"image.png\"\/><\/figure>\n\n\n\n<p><strong>Presidente Lando Sciuba<\/strong><\/p>\n\n\n\n<p><strong>Direttore Artistico Gaetano Di Bacco<\/strong><\/p>\n\n\n\n<p><strong>Camerata Musicale Di Sulmona \u2013 Bilanci e prospettive &nbsp;<\/strong><\/p>\n\n\n\n<p><strong>72 anni di storia e 1561 concerti&nbsp;&nbsp;<\/strong><\/p>\n\n\n\n<p><strong>&nbsp;ANTICIPAZIONI PER L\u2019 ESTATE<\/strong><\/p>\n\n\n\n<p>Archiviata la stagione invernale dopo l\u2019ultimo concerto sold out al botteghino e grande accoglienza del pubblico per la compagine di 160 musicisti (tre corali, orchestra e 5 solisti) &nbsp;che ha rappresentato per la prima volta in Abruzzo&nbsp; la complessa opera di Mendelssohn, la Camerata Musicale di Sulmona fa i suoi bilanci per il 72\u00b0 anno di attivit\u00e0 particolarmente fortunato, conclusosi al Teatro Caniglia che da anni accoglie il programma dei concerti della storica Associazione Musicale.<\/p>\n\n\n\n<p>700 musicisti per 22 serate,&nbsp; 6 orchestre sinfoniche, due appuntamenti con l\u2019opera, poi solisti, quartetti e band e, naturalmente, il classico \u201ctris natalizio\u201d (Gospel, Gran Concerto e Balletto),<\/p>\n\n\n\n<p>&nbsp;il tutto realizzando risultati che si riassumono cos\u00ec: &nbsp;<strong>s<\/strong><strong>ette serate sold out, oltre 7 mila presenze complessive con un incremento che supera il 30%<\/strong>&nbsp;, senza calcolare le attivit\u00e0 parallele come la Stagione Concertistica al Teatro Tosti di Castel di Sangro, ormai alla sua IV edizione con 7 appuntamenti invernali. E non entrano nel conteggio ufficiale neanche gli appuntamenti in anteprima di stagione come quello con l\u2019Orchestra Sinfonica di Sanremo dedicato a Domenico Modugno e ospitato a settembre nello splendido Cortile di Palazzo San Francesco, sede del Comune di Sulmona.<strong><\/strong><\/p>\n\n\n\n<p>Ma l\u2019attivit\u00e0 non si ferma. Dopo una breve pausa pasquale si torna alla musica&nbsp;<strong>gioved\u00ec 22 maggio con \u201cScuole in concerto\u201d:<\/strong>&nbsp;sul palcoscenico del Teatro Caniglia&nbsp;<strong>110 ragazzi&nbsp;<\/strong>selezionati tra gli allievi&nbsp;degli Istituti Comprensivi delle Scuole Medie di Sulmona ad indirizzo musicale: \u201cMazzini- Capograssi\u201d e \u201cPanfilo Serafini-Lola Di Stefano\u201d&nbsp;si esibiranno in un<strong>&nbsp;concerto che conclude la rassegna dei Gioved\u00ec nel Foyer dedicata ai giovani talenti musicali del territorio<\/strong>&nbsp;<strong>d\u2019Abruzzo<\/strong>.<\/p>\n\n\n\n<p>Un\u2019 occasione speciale per i 110 giovanissimi musicisti che avranno l\u2019opportunit\u00e0 di esibirsi su un importante palcoscenico che con i suoi 92 anni \u00e8 testimone, del passaggio di grandi nomi della musica mondiale. &nbsp;<\/p>\n\n\n\n<p>Nella storica sede dell\u2019Associazione Musicale, tra le vecchie mura di vico dei Sardi, non si fermano le attivit\u00e0 didattiche per il&nbsp;coro delle voci bianche della Camerata Musicale \u201cPiccoli Polifonici\u201d diretto dal M\u00b0 Anna Galterio; 18 i ragazzi e ragazze di et\u00e0 compresa tra 8 e 13 anni, provenienti dagli Istituti di scuola Media a indirizzo musicale e formatisi &nbsp;presso l\u2019Ateneo della Lirica di Sulmona, si sono gi\u00e0 contraddistinti per la partecipazione al cast delle produzioni di opere liriche rappresentate al Teatro Caniglia nelle ultime due&nbsp; stagioni.<\/p>\n\n\n\n<p>Nella sala prove della Camerata c\u2019\u00e8 anche spazio per&nbsp;<strong>masterclass di sax e di tromba<\/strong>.<\/p>\n\n\n\n<p><strong>I prossimi eventi<\/strong>&nbsp;<strong>estivi<\/strong>&nbsp;&nbsp;vedono in primo piano la&nbsp;<strong>Rassegna Organistica&nbsp;<\/strong>alla sua&nbsp;<strong>V Edizione:&nbsp;<\/strong>&nbsp;tre appuntamenti nella prima met\u00e0 di giugno a partire da &nbsp;gioved\u00ec 5, sabato 7 e gioved\u00ec 12 , come sempre a ingresso libero, ospitati nella preziosa cornice barocca della chiesa del Complesso Monumentale SS. Annunziata a Sulmona. Un progetto avviato nel 2018 dal Direttore Artistico Gaetano Di Bacco con l\u2019intento di promuovere tra i giovani e dare il giusto spazio ad uno strumento importante come l\u2019organo, assente nella stagione dei concerti realizzati in teatro. Progetto che nasce anche con lo scopo di offrire al pubblico l\u2019opportunit\u00e0 di poter ascoltare quei capolavori della storia della musica che grandi compositori hanno dedicato all\u2019organo.&nbsp; &nbsp;<\/p>\n\n\n\n<p>Sono in fase di definizione i programmi e gli artisti della rassegna d\u2019organo. Come pure il programma degli appuntamenti in decentramento nei borghi della Valle Peligna e Alto Sangro che rientrano nel piano delle attivit\u00e0 estive della CMS.<\/p>\n\n\n\n<p>&nbsp;Per ora&nbsp;<strong>il totale dei concerti e spettacoli con musica<\/strong>&nbsp;contabilizzati&nbsp;<strong>in 72 anni di storia&nbsp;<\/strong>dell\u2019Associazione Musicale sale&nbsp;<strong>oggi&nbsp;<\/strong>a&nbsp;<strong>1561<\/strong>.&nbsp; Sono esclusi quelli in calendario per la prossima estate &nbsp;ma non ancora realizzati.<\/p>\n\n\n\n<p>L\u2019 Associazione C.M.S. Onlus, di cui oggi \u00e8 Presidente l\u2019Avvocato Lando Sciuba e Direttore Artistico il M\u00b0Gaetano Di Bacco, da anni \u00e8 impegnata nella raccolta fondi &nbsp;a favore di ANffAS Sulmona e con INNER WHILL &nbsp;per i diritti delle donne. &nbsp;&nbsp;&nbsp;<\/p>\n\n\n\n<p>Per le attivit\u00e0 dell\u2019Associazione principali sostenitori sono: primo tra tutti il pubblico di affezionati e abbonati a cui si aggiungono Enti pubblici, Sponsor, Aziende e privati cittadini che danno il loro contributo con&nbsp;donazioni, Art Bonus e 5Xmille.<\/p>\n\n\n\n<p><a href=\"mailto:camusic@libero.it\" target=\"_blank\" rel=\"noreferrer noopener\"><strong>camusic<\/strong><strong>@<\/strong><strong>libero.it<\/strong><\/a><strong><\/strong><\/p>\n\n\n\n<p><a href=\"http:\/\/www.cameratamusicalesulmonese.it\/\" target=\"_blank\" rel=\"noreferrer noopener\"><strong>www.cameratamusicalesulmonese.it<\/strong><\/a>&nbsp;<\/p>\n","protected":false},"excerpt":{"rendered":"<p>Presidente Lando Sciuba Direttore Artistico Gaetano Di Bacco Camerata Musicale Di Sulmona \u2013 Bilanci e prospettive &nbsp; 72 anni di [&hellip;]<\/p>\n","protected":false},"author":1,"featured_media":0,"comment_status":"open","ping_status":"open","sticky":false,"template":"","format":"standard","meta":{"footnotes":""},"categories":[10,46],"tags":[],"class_list":["post-71610","post","type-post","status-publish","format-standard","hentry","category-italiano","category-musica"],"_links":{"self":[{"href":"https:\/\/www.ecoitaliano.com.ar\/index.php?rest_route=\/wp\/v2\/posts\/71610","targetHints":{"allow":["GET"]}}],"collection":[{"href":"https:\/\/www.ecoitaliano.com.ar\/index.php?rest_route=\/wp\/v2\/posts"}],"about":[{"href":"https:\/\/www.ecoitaliano.com.ar\/index.php?rest_route=\/wp\/v2\/types\/post"}],"author":[{"embeddable":true,"href":"https:\/\/www.ecoitaliano.com.ar\/index.php?rest_route=\/wp\/v2\/users\/1"}],"replies":[{"embeddable":true,"href":"https:\/\/www.ecoitaliano.com.ar\/index.php?rest_route=%2Fwp%2Fv2%2Fcomments&post=71610"}],"version-history":[{"count":1,"href":"https:\/\/www.ecoitaliano.com.ar\/index.php?rest_route=\/wp\/v2\/posts\/71610\/revisions"}],"predecessor-version":[{"id":71612,"href":"https:\/\/www.ecoitaliano.com.ar\/index.php?rest_route=\/wp\/v2\/posts\/71610\/revisions\/71612"}],"wp:attachment":[{"href":"https:\/\/www.ecoitaliano.com.ar\/index.php?rest_route=%2Fwp%2Fv2%2Fmedia&parent=71610"}],"wp:term":[{"taxonomy":"category","embeddable":true,"href":"https:\/\/www.ecoitaliano.com.ar\/index.php?rest_route=%2Fwp%2Fv2%2Fcategories&post=71610"},{"taxonomy":"post_tag","embeddable":true,"href":"https:\/\/www.ecoitaliano.com.ar\/index.php?rest_route=%2Fwp%2Fv2%2Ftags&post=71610"}],"curies":[{"name":"wp","href":"https:\/\/api.w.org\/{rel}","templated":true}]}}