{"id":71627,"date":"2025-04-15T22:24:55","date_gmt":"2025-04-15T22:24:55","guid":{"rendered":"https:\/\/www.ecoitaliano.com.ar\/?p=71627"},"modified":"2025-04-15T22:25:35","modified_gmt":"2025-04-15T22:25:35","slug":"gianni-letta-ha-tagliato-un-traguardo-volante","status":"publish","type":"post","link":"https:\/\/www.ecoitaliano.com.ar\/?p=71627","title":{"rendered":"Gianni Letta ha tagliato un \u201ctraguardo volante \u201c !"},"content":{"rendered":"\n<p><em>Giorgio Girelli<\/em><\/p>\n\n\n<div class=\"wp-block-image\">\n<figure class=\"aligncenter size-large is-resized\"><a href=\"http:\/\/www.ecoitaliano.com.ar\/wp-content\/uploads\/2025\/04\/Giorgio-Girelli-e-Gianni-Letta-1.jpg\"><img decoding=\"async\" width=\"1024\" height=\"768\" src=\"http:\/\/www.ecoitaliano.com.ar\/wp-content\/uploads\/2025\/04\/Giorgio-Girelli-e-Gianni-Letta-1-1024x768.jpg\" alt=\"\" class=\"wp-image-71628\" style=\"width:361px;height:auto\" srcset=\"https:\/\/www.ecoitaliano.com.ar\/wp-content\/uploads\/2025\/04\/Giorgio-Girelli-e-Gianni-Letta-1-1024x768.jpg 1024w, https:\/\/www.ecoitaliano.com.ar\/wp-content\/uploads\/2025\/04\/Giorgio-Girelli-e-Gianni-Letta-1-300x225.jpg 300w, https:\/\/www.ecoitaliano.com.ar\/wp-content\/uploads\/2025\/04\/Giorgio-Girelli-e-Gianni-Letta-1-768x576.jpg 768w, https:\/\/www.ecoitaliano.com.ar\/wp-content\/uploads\/2025\/04\/Giorgio-Girelli-e-Gianni-Letta-1-1536x1152.jpg 1536w, https:\/\/www.ecoitaliano.com.ar\/wp-content\/uploads\/2025\/04\/Giorgio-Girelli-e-Gianni-Letta-1-150x113.jpg 150w, https:\/\/www.ecoitaliano.com.ar\/wp-content\/uploads\/2025\/04\/Giorgio-Girelli-e-Gianni-Letta-1.jpg 1600w\" sizes=\"(max-width: 1024px) 100vw, 1024px\" \/><\/a><\/figure><\/div>\n\n\n<p>Il 15 aprile per l&#8217;Italia e per i tanti estimatori di Gianni Letta si \u00e8 conclusa una giornata&nbsp;gratificante&nbsp;per lo splendido&nbsp;traguardo (90 anni !!) &nbsp; raggiunto dall\u2019apprezzato direttore di quotidiani, illuminato statista, presidente di tanti enti culturali, tra i quali la Fondazione Rossini, e , per i pesaresi, pure concittadino per essere stato tempo fa insignito della distinzione onorifica di cittadino onorario della citt\u00e0 adriatica. Si badi bene: \u00abtraguardo&#8230;&nbsp;volante \u00bb , come direbbero gli amanti&nbsp;del ciclismo, non conclusione di tappa tuttora ben lontana !&nbsp; Il Paese &#8211; lo attestano i numerosi apprezzamenti espressi dalle Istituzioni e dai media &#8211; \u00e8 ben lieto di riconoscere in Gianni Letta un Italiano colto, generoso, costruttore &#8211; cos\u00ec si dice oggi&nbsp;&#8211; di \u00abponti\u00bb atti a favorire convivenza laboriosa anche tra avversari.&nbsp; E l&#8217;Italia ammira con gratitudine&nbsp; questo suo esponente&nbsp; &nbsp;che con impegno,&nbsp;alta&nbsp;competenza,&nbsp;grande discrezione&nbsp;ed umilt\u00e0 ha reso servizi eccezionali alla sicurezza ed alla prosperit\u00e0 della Comunit\u00e0&nbsp;Nazionale.<\/p>\n\n\n\n<p>Congratulazioni ed affettuosi auguri !<\/p>\n\n\n\n<p><em>Coordinatore Centro Studi Sociali \u201cDe Gasperi\u201d<\/em><\/p>\n","protected":false},"excerpt":{"rendered":"<p>Giorgio Girelli Il 15 aprile per l&#8217;Italia e per i tanti estimatori di Gianni Letta si \u00e8 conclusa una giornata&nbsp;gratificante&nbsp;per [&hellip;]<\/p>\n","protected":false},"author":1,"featured_media":0,"comment_status":"open","ping_status":"open","sticky":false,"template":"","format":"standard","meta":{"footnotes":""},"categories":[2,10],"tags":[],"class_list":["post-71627","post","type-post","status-publish","format-standard","hentry","category-informacion","category-italiano"],"_links":{"self":[{"href":"https:\/\/www.ecoitaliano.com.ar\/index.php?rest_route=\/wp\/v2\/posts\/71627","targetHints":{"allow":["GET"]}}],"collection":[{"href":"https:\/\/www.ecoitaliano.com.ar\/index.php?rest_route=\/wp\/v2\/posts"}],"about":[{"href":"https:\/\/www.ecoitaliano.com.ar\/index.php?rest_route=\/wp\/v2\/types\/post"}],"author":[{"embeddable":true,"href":"https:\/\/www.ecoitaliano.com.ar\/index.php?rest_route=\/wp\/v2\/users\/1"}],"replies":[{"embeddable":true,"href":"https:\/\/www.ecoitaliano.com.ar\/index.php?rest_route=%2Fwp%2Fv2%2Fcomments&post=71627"}],"version-history":[{"count":1,"href":"https:\/\/www.ecoitaliano.com.ar\/index.php?rest_route=\/wp\/v2\/posts\/71627\/revisions"}],"predecessor-version":[{"id":71629,"href":"https:\/\/www.ecoitaliano.com.ar\/index.php?rest_route=\/wp\/v2\/posts\/71627\/revisions\/71629"}],"wp:attachment":[{"href":"https:\/\/www.ecoitaliano.com.ar\/index.php?rest_route=%2Fwp%2Fv2%2Fmedia&parent=71627"}],"wp:term":[{"taxonomy":"category","embeddable":true,"href":"https:\/\/www.ecoitaliano.com.ar\/index.php?rest_route=%2Fwp%2Fv2%2Fcategories&post=71627"},{"taxonomy":"post_tag","embeddable":true,"href":"https:\/\/www.ecoitaliano.com.ar\/index.php?rest_route=%2Fwp%2Fv2%2Ftags&post=71627"}],"curies":[{"name":"wp","href":"https:\/\/api.w.org\/{rel}","templated":true}]}}