{"id":71636,"date":"2025-04-16T08:20:28","date_gmt":"2025-04-16T08:20:28","guid":{"rendered":"https:\/\/www.ecoitaliano.com.ar\/?p=71636"},"modified":"2025-04-16T08:20:48","modified_gmt":"2025-04-16T08:20:48","slug":"scadenza-premio-m-llo-ciro-siciliano","status":"publish","type":"post","link":"https:\/\/www.ecoitaliano.com.ar\/?p=71636","title":{"rendered":"Scadenza Premio M.llo Ciro Siciliano"},"content":{"rendered":"<div class=\"wp-block-image\">\n<figure class=\"aligncenter size-large is-resized\"><a href=\"http:\/\/www.ecoitaliano.com.ar\/wp-content\/uploads\/2025\/04\/premio-ciro-siciliano-2024.jpg\"><img decoding=\"async\" width=\"1024\" height=\"671\" src=\"http:\/\/www.ecoitaliano.com.ar\/wp-content\/uploads\/2025\/04\/premio-ciro-siciliano-2024-1024x671.jpg\" alt=\"\" class=\"wp-image-71637\" style=\"width:395px;height:auto\" srcset=\"https:\/\/www.ecoitaliano.com.ar\/wp-content\/uploads\/2025\/04\/premio-ciro-siciliano-2024-1024x671.jpg 1024w, https:\/\/www.ecoitaliano.com.ar\/wp-content\/uploads\/2025\/04\/premio-ciro-siciliano-2024-300x197.jpg 300w, https:\/\/www.ecoitaliano.com.ar\/wp-content\/uploads\/2025\/04\/premio-ciro-siciliano-2024-768x503.jpg 768w, https:\/\/www.ecoitaliano.com.ar\/wp-content\/uploads\/2025\/04\/premio-ciro-siciliano-2024-1536x1007.jpg 1536w, https:\/\/www.ecoitaliano.com.ar\/wp-content\/uploads\/2025\/04\/premio-ciro-siciliano-2024-150x98.jpg 150w, https:\/\/www.ecoitaliano.com.ar\/wp-content\/uploads\/2025\/04\/premio-ciro-siciliano-2024.jpg 1562w\" sizes=\"(max-width: 1024px) 100vw, 1024px\" \/><\/a><\/figure><\/div>\n\n\n<p>Invito alle scuole: \u00e8 stata fissata per il giorno 7 maggio 2025 la scadenza del Premio Maresciallo Ciro Siciliano, concorso aperto a tutte le classi, a gruppi di studenti e a singoli studenti delle scuole primarie e secondarie di primo e secondo grado. Il premio si articola in due sezioni: manifesti e componimenti, incluso materiale su supporto multimediale che illustri la tematica. \u201cPace, giustizia, libert\u00e0, democrazia\u201d \u00e8 il tema a cui si ispira il premio dedicato a Ciro Siciliano, giovane maresciallo della stazione dei carabinieri di Forno trucidato nella strage nazifascista del 13 giugno 1944 a Sant\u2019Anna di Forno. Il bando include anche il Premio Bont\u00e0 Maestro Giuseppe Fruzzetti. Premi in denaro, per l\u2019ammontare complessivo di oltre 1.500 euro saranno messi a disposizione delle scuole vincitrici. Coppe, medaglie e diplomi saranno consegnati agli studenti che si distingueranno per i lavori realizzati. Il premio \u00e8 giunto alla diciottesima edizione, onorato dalla Medaglia del Presidente della Repubblica. Ideato dall\u2019associazione Eventi sul Frigido in collaborazione con la famiglia Siciliano e il Comune di Massa, ha il patrocinio della Regione Toscana, la Provincia di Massa Carrara, l\u2019Arma dei Carabinieri, il sostegno delle associazioni Accademia apuana della Pace, Anpi, Fivl, Anvcg, Anfcdg, Confimpresa e associazione Insieme,Occhioni&amp;Magrini. Partnership:<\/p>\n\n\n\n<p>Premio letterario San Domenichino, Premio Massa Citt\u00e0 Fiabesca di Mare e di Marmo, Premio Carit\u00e0 \u00e8 donarsi, Premio Insieme, Premio Il Gioiello.<\/p>\n\n\n\n<p>Le opere vanno spedite (o consegnate a mano) entro il giorno 7 maggio 2025 presso l\u2019 Ufficio cultura del Comune di Massa oppure contattando direttamente l\u2019associazione al numero 3208336417. Per ulteriori informazioni consultare la pagina https:\/\/www.facebook.com\/premiocirosiciliano?locale=it_IT<\/p>\n\n\n\n<blockquote class=\"wp-block-quote is-layout-flow wp-block-quote-is-layout-flow\">\n<blockquote class=\"wp-block-quote is-layout-flow wp-block-quote-is-layout-flow\">\n<blockquote class=\"wp-block-quote is-layout-flow wp-block-quote-is-layout-flow\">\n<blockquote class=\"wp-block-quote is-layout-flow wp-block-quote-is-layout-flow\">\n<blockquote class=\"wp-block-quote is-layout-flow wp-block-quote-is-layout-flow\">\n<blockquote class=\"wp-block-quote is-layout-flow wp-block-quote-is-layout-flow\">\n<p>Tara comunicazione<\/p>\n<\/blockquote>\n<\/blockquote>\n<\/blockquote>\n<\/blockquote>\n<\/blockquote>\n<\/blockquote>\n","protected":false},"excerpt":{"rendered":"<p>Invito alle scuole: \u00e8 stata fissata per il giorno 7 maggio 2025 la scadenza del Premio Maresciallo Ciro Siciliano, concorso [&hellip;]<\/p>\n","protected":false},"author":1,"featured_media":0,"comment_status":"open","ping_status":"open","sticky":false,"template":"","format":"standard","meta":{"footnotes":""},"categories":[76,10],"tags":[],"class_list":["post-71636","post","type-post","status-publish","format-standard","hentry","category-education","category-italiano"],"_links":{"self":[{"href":"https:\/\/www.ecoitaliano.com.ar\/index.php?rest_route=\/wp\/v2\/posts\/71636","targetHints":{"allow":["GET"]}}],"collection":[{"href":"https:\/\/www.ecoitaliano.com.ar\/index.php?rest_route=\/wp\/v2\/posts"}],"about":[{"href":"https:\/\/www.ecoitaliano.com.ar\/index.php?rest_route=\/wp\/v2\/types\/post"}],"author":[{"embeddable":true,"href":"https:\/\/www.ecoitaliano.com.ar\/index.php?rest_route=\/wp\/v2\/users\/1"}],"replies":[{"embeddable":true,"href":"https:\/\/www.ecoitaliano.com.ar\/index.php?rest_route=%2Fwp%2Fv2%2Fcomments&post=71636"}],"version-history":[{"count":1,"href":"https:\/\/www.ecoitaliano.com.ar\/index.php?rest_route=\/wp\/v2\/posts\/71636\/revisions"}],"predecessor-version":[{"id":71638,"href":"https:\/\/www.ecoitaliano.com.ar\/index.php?rest_route=\/wp\/v2\/posts\/71636\/revisions\/71638"}],"wp:attachment":[{"href":"https:\/\/www.ecoitaliano.com.ar\/index.php?rest_route=%2Fwp%2Fv2%2Fmedia&parent=71636"}],"wp:term":[{"taxonomy":"category","embeddable":true,"href":"https:\/\/www.ecoitaliano.com.ar\/index.php?rest_route=%2Fwp%2Fv2%2Fcategories&post=71636"},{"taxonomy":"post_tag","embeddable":true,"href":"https:\/\/www.ecoitaliano.com.ar\/index.php?rest_route=%2Fwp%2Fv2%2Ftags&post=71636"}],"curies":[{"name":"wp","href":"https:\/\/api.w.org\/{rel}","templated":true}]}}