{"id":71775,"date":"2025-04-18T07:27:54","date_gmt":"2025-04-18T07:27:54","guid":{"rendered":"https:\/\/www.ecoitaliano.com.ar\/?p=71775"},"modified":"2025-04-18T07:37:44","modified_gmt":"2025-04-18T07:37:44","slug":"dal-venerdi-santo-allalchimia-del-cuore-cristo-ombra-e-trasformazione-nel-film-di-piccioni","status":"publish","type":"post","link":"https:\/\/www.ecoitaliano.com.ar\/?p=71775","title":{"rendered":"Dal Venerd\u00ec Santo all&#8217;alchimia del cuore: Cristo, ombra e trasformazione nel film di Piccioni"},"content":{"rendered":"\n<p><em>Carlo Di Stanislao<\/em><\/p>\n\n\n\n<blockquote class=\"wp-block-quote is-layout-flow wp-block-quote-is-layout-flow\">\n<p>\u201cFinch\u00e9 non renderai l\u2019inconscio conscio, diriger\u00e0 la tua vita e tu lo chiamerai destino.\u201d<br>\u2014 Carl Gustav Jung<\/p>\n\n\n\n<figure class=\"wp-block-gallery has-nested-images columns-default is-cropped wp-block-gallery-1 is-layout-flex wp-block-gallery-is-layout-flex\">\n<figure class=\"wp-block-image size-large\"><a href=\"https:\/\/www.ecoitaliano.com.ar\/wp-content\/uploads\/2025\/04\/descarga-2-1.jpeg\"><img decoding=\"async\" width=\"188\" height=\"268\" data-id=\"71776\" src=\"https:\/\/www.ecoitaliano.com.ar\/wp-content\/uploads\/2025\/04\/descarga-2-1.jpeg\" alt=\"\" class=\"wp-image-71776\" srcset=\"https:\/\/www.ecoitaliano.com.ar\/wp-content\/uploads\/2025\/04\/descarga-2-1.jpeg 188w, https:\/\/www.ecoitaliano.com.ar\/wp-content\/uploads\/2025\/04\/descarga-2-1-105x150.jpeg 105w\" sizes=\"(max-width: 188px) 100vw, 188px\" \/><\/a><\/figure>\n\n\n\n<figure class=\"wp-block-image size-large\"><a href=\"https:\/\/www.ecoitaliano.com.ar\/wp-content\/uploads\/2025\/04\/1000014516-1-1.jpg\"><img decoding=\"async\" width=\"960\" height=\"932\" data-id=\"71653\" src=\"https:\/\/www.ecoitaliano.com.ar\/wp-content\/uploads\/2025\/04\/1000014516-1-1.jpg\" alt=\"\" class=\"wp-image-71653\" srcset=\"https:\/\/www.ecoitaliano.com.ar\/wp-content\/uploads\/2025\/04\/1000014516-1-1.jpg 960w, https:\/\/www.ecoitaliano.com.ar\/wp-content\/uploads\/2025\/04\/1000014516-1-1-300x291.jpg 300w, https:\/\/www.ecoitaliano.com.ar\/wp-content\/uploads\/2025\/04\/1000014516-1-1-768x746.jpg 768w, https:\/\/www.ecoitaliano.com.ar\/wp-content\/uploads\/2025\/04\/1000014516-1-1-150x146.jpg 150w\" sizes=\"(max-width: 960px) 100vw, 960px\" \/><\/a><\/figure>\n<\/figure>\n<\/blockquote>\n\n\n\n<p>Il Venerd\u00ec Santo \u00e8 il punto pi\u00f9 oscuro del mistero cristologico, non solo nella fede, ma anche nel simbolismo universale della morte e rinascita interiore. \u00c8 la fase \u00abnigredo\u00bb dell\u2019alchimia spirituale, dove tutto crolla affinch\u00e9 qualcosa possa risorgere su nuove fondamenta.<\/p>\n\n\n\n<p>In senso profondo, il Venerd\u00ec Santo rappresenta l&#8217;accettazione del dolore, dell&#8217;ingiustizia e del silenzio di Dio come parte di un mistero pi\u00f9 grande. Non \u00e8 solo la commemorazione di una morte, ma l&#8217;inizio di un cammino di trasformazione. Ges\u00f9 non fugge dalla croce, ma la attraversa: \u00e8 il momento della discesa agli inferi dell&#8217;umano, della solidariet\u00e0 con ogni sofferenza e perdita, del vuoto che precede la rivelazione. \u00c8 il giorno in cui la speranza si cela sotto il velo del lutto, e l&#8217;amore non ha ancora trovato la sua parola finale. Ogni uomo, prima o poi, vive un proprio Venerd\u00ec Santo: un tempo in cui tutto sembra perduto, in cui la fede \u00e8 spogliata di consolazioni e si presenta come atto nudo di resistenza spirituale.<\/p>\n\n\n\n<p>In questa lente, sorprende e commuove come&nbsp;<em>L\u2019Ombra del giorno<\/em>, film di Giuseppe Piccioni andato in onda ieri in prima serata su Rai 3, abbia saputo anticipare magistralmente proprio questo tema. Il film parla s\u00ec di storia e di amore, ma in profondit\u00e0 \u00e8 un viaggio simbolico nella morte di un\u2019identit\u00e0, nella possibilit\u00e0 di una trasformazione, in una narrazione dove il male non \u00e8 mai spettacolarizzato ma insinuante, quotidiano, sottile.<\/p>\n\n\n\n<p>La pellicola, ambientata nell\u2019Italia cupa e opprimente del regime fascista, non \u00e8 solo una storia d\u2019amore. \u00c8 un racconto sul peso dell\u2019ombra, sull\u2019attraversamento del dolore e della colpa, e sulla possibilit\u00e0 \u2014 cristologica ma non necessariamente cattolica \u2014 di redenzione attraverso l\u2019altro. Come in un\u2019opera alchemica, i personaggi si muovono tra materia e spirito, tra oscurit\u00e0 e luce, fino a una possibile \u201cresurrezione\u201d interiore.<\/p>\n\n\n\n<p><strong>L\u2019Ombra come Nigredo: la discesa nel buio<\/strong><\/p>\n\n\n\n<p>Il protagonista, Luciano, ex militare segnato dalla Grande Guerra, vive un\u2019esistenza apparentemente ordinata ma congelata. Il suo ristorante \u00e8 una prigione dorata, ordinata come una liturgia civile che nasconde un vuoto spirituale. Tutto \u00e8 ritualizzato, immobile, come se il tempo si fosse fermato in una sorta di purgatorio terreno. L\u2019Italia fascista fa da sfondo, ma in realt\u00e0 \u00e8 specchio della sua interiorit\u00e0: un mondo dove tutto \u00e8 inquadrato, represso, controllato. \u00c8 la fase del&nbsp;<em>nigredo<\/em>, la morte simbolica, lo stadio in cui l\u2019anima si confronta con la sua ombra.<\/p>\n\n\n\n<p>Luciano \u00e8 un uomo paralizzato, bloccato nel passato, e la sua lealt\u00e0 formale al regime \u00e8 in realt\u00e0 una forma di difesa dal caos, dalla vulnerabilit\u00e0, dal sentire. Come il piombo nelle immagini alchemiche, la sua coscienza \u00e8 pesante, opaca, incapace di elevarsi. Cristologicamente, il Venerd\u00ec Santo \u00e8 proprio questo: non solo la morte fisica di Ges\u00f9, ma l&#8217;esperienza dell&#8217;abbandono, del fallimento umano, della notte dell\u2019anima. Luciano \u00e8 un Cristo senza coscienza salvifica: ha bisogno di attraversare la sua personale passione per risorgere. E questo attraversamento avverr\u00e0 solo grazie all&#8217;incontro con l&#8217;altro, con colei che incarna la ferita del tempo e la possibilit\u00e0 della speranza.<\/p>\n\n\n\n<p><strong>Anna: l\u2019anima, la luce nascosta nella materia<\/strong><\/p>\n\n\n\n<p>Quando Anna entra nella vita di Luciano, lo fa in silenzio, quasi come un\u2019apparizione. \u00c8 giovane, fragile, ma anche portatrice di un mistero: \u00e8 ebrea, dunque segnata, perseguitata, ma anche custode di una verit\u00e0 che il mondo nega. In chiave junghiana, Anna rappresenta l\u2019<em>anima<\/em>, la parte luminosa e vitale che chiama al cambiamento, ma solo se si \u00e8 pronti ad accettare la distruzione delle maschere.<\/p>\n\n\n\n<p>Anna non \u00e8 un semplice personaggio femminile: \u00e8 archetipo. \u00c8 la Sophia nascosta, la scintilla divina che sopravvive sotto la cenere dell\u2019oppressione. La sua dolcezza non \u00e8 debolezza, ma resistenza. Il suo silenzio \u00e8 densit\u00e0. \u00c8 lei a rompere il cerchio della ripetizione, a insinuare il dubbio, a evocare in Luciano il coraggio di ricordare. Come nel processo alchemico, \u00e8 lei a portare il caos fecondo che costringer\u00e0 Luciano a scegliere: continuare a servire il sistema dell\u2019ombra, oppure disobbedire, rischiare, trasformarsi.<\/p>\n\n\n\n<p>In termini cristologici, \u00e8 l\u2019incontro col volto dell\u2019altro \u2014 il volto del sofferente, del perseguitato \u2014 che diventa rivelazione del divino. Anna \u00e8 il corpo del Cristo crocifisso nel presente storico, il segno che invita alla compassione attiva. Lei \u00e8 quella ferita che non pu\u00f2 essere ignorata, che chiede una risposta etica, umana e spirituale.<\/p>\n\n\n\n<p><strong>Il&nbsp;<\/strong><strong>sacrificio e la salvezza: la resurrezione silenziosa<\/strong><\/p>\n\n\n\n<p>Quando Luciano compie la sua scelta finale, \u00e8 un atto di&nbsp;<em>kenosi<\/em>, di svuotamento. Rinuncia alla sua sicurezza, alla sua posizione, alla maschera. In questo, si compie la&nbsp;<em>morte dell\u2019uomo vecchio<\/em>&nbsp;e l\u2019inizio di una trasformazione. Non c&#8217;\u00e8 trionfo, non c\u2019\u00e8 gloria: come nel Vangelo di Marco, tutto resta sospeso, ma qualcosa si \u00e8 rotto e qualcosa si \u00e8 aperto. \u00c8 la tomba vuota. \u00c8 la possibilit\u00e0 della resurrezione.<\/p>\n\n\n\n<p>Luciano non salva Anna con eroismo, ma con fedelt\u00e0. Non si proclama giusto, ma compie un atto giusto. \u00c8 l\u2019umilt\u00e0 dell\u2019azione che redime, non la proclamazione ideologica. Il silenzio finale, la fuga, l\u2019incertezza del futuro, tutto parla il linguaggio del Sabato Santo: quel tempo sospeso tra morte e rinascita, in cui la speranza non \u00e8 ancora visibile, ma pulsa gi\u00e0 sotto la terra.<\/p>\n\n\n\n<p>La resurrezione non \u00e8 urlata, non \u00e8 miracolosa. \u00c8 discreta, quotidiana, nascosta nei piccoli gesti, nella scelta di non voltarsi dall\u2019altra parte. \u00c8 questo il miracolo pi\u00f9 grande del film: suggerire che il divino pu\u00f2 manifestarsi proprio laddove l\u2019uomo abbandona se stesso per accogliere l\u2019altro.<\/p>\n\n\n\n<p><strong>Conclusione: un film pasquale senza volerlo<\/strong><\/p>\n\n\n\n<p><em>L\u2019Ombra del giorno<\/em>&nbsp;non \u00e8 un film religioso, ma profondamente spirituale. Il suo essere andato in onda proprio alla vigilia del Venerd\u00ec Santo non \u00e8 solo coincidenza, ma sincronicit\u00e0. In un tempo di guerre e confusione, questo film ci ricorda che la redenzione non \u00e8 un atto di potere, ma un processo lento, doloroso e personale. Proprio come l\u2019alchimia dell\u2019anima, o come il Cristo crocifisso che muore \u2014 per amore \u2014 prima di poter risorgere.<\/p>\n\n\n\n<p>Questa pellicola parla a chiunque stia attraversando un tempo oscuro, a chi ha perso riferimenti, a chi cerca un senso nel dolore. E lo fa con uno stile narrativo lieve, quasi sommesso, ma potentissimo nel suo richiamo simbolico. In questo senso,&nbsp;<em>L\u2019Ombra del giorno<\/em>&nbsp;\u00e8 davvero un film pasquale: perch\u00e9 indica la via della trasformazione interiore, della rinascita possibile, della resurrezione come atto umano prima che divino.<\/p>\n","protected":false},"excerpt":{"rendered":"<p>Carlo Di Stanislao Il Venerd\u00ec Santo \u00e8 il punto pi\u00f9 oscuro del mistero cristologico, non solo nella fede, ma anche [&hellip;]<\/p>\n","protected":false},"author":1,"featured_media":0,"comment_status":"open","ping_status":"open","sticky":false,"template":"","format":"standard","meta":{"footnotes":""},"categories":[33,10],"tags":[],"class_list":["post-71775","post","type-post","status-publish","format-standard","hentry","category-espectaculo","category-italiano"],"_links":{"self":[{"href":"https:\/\/www.ecoitaliano.com.ar\/index.php?rest_route=\/wp\/v2\/posts\/71775","targetHints":{"allow":["GET"]}}],"collection":[{"href":"https:\/\/www.ecoitaliano.com.ar\/index.php?rest_route=\/wp\/v2\/posts"}],"about":[{"href":"https:\/\/www.ecoitaliano.com.ar\/index.php?rest_route=\/wp\/v2\/types\/post"}],"author":[{"embeddable":true,"href":"https:\/\/www.ecoitaliano.com.ar\/index.php?rest_route=\/wp\/v2\/users\/1"}],"replies":[{"embeddable":true,"href":"https:\/\/www.ecoitaliano.com.ar\/index.php?rest_route=%2Fwp%2Fv2%2Fcomments&post=71775"}],"version-history":[{"count":2,"href":"https:\/\/www.ecoitaliano.com.ar\/index.php?rest_route=\/wp\/v2\/posts\/71775\/revisions"}],"predecessor-version":[{"id":71778,"href":"https:\/\/www.ecoitaliano.com.ar\/index.php?rest_route=\/wp\/v2\/posts\/71775\/revisions\/71778"}],"wp:attachment":[{"href":"https:\/\/www.ecoitaliano.com.ar\/index.php?rest_route=%2Fwp%2Fv2%2Fmedia&parent=71775"}],"wp:term":[{"taxonomy":"category","embeddable":true,"href":"https:\/\/www.ecoitaliano.com.ar\/index.php?rest_route=%2Fwp%2Fv2%2Fcategories&post=71775"},{"taxonomy":"post_tag","embeddable":true,"href":"https:\/\/www.ecoitaliano.com.ar\/index.php?rest_route=%2Fwp%2Fv2%2Ftags&post=71775"}],"curies":[{"name":"wp","href":"https:\/\/api.w.org\/{rel}","templated":true}]}}