{"id":72252,"date":"2025-04-26T15:34:27","date_gmt":"2025-04-26T15:34:27","guid":{"rendered":"https:\/\/www.ecoitaliano.com.ar\/?p=72252"},"modified":"2025-04-26T15:34:49","modified_gmt":"2025-04-26T15:34:49","slug":"francesco-e-francesco-il-cammino-di-due-cuori-tra-le-rovine-del-mondo","status":"publish","type":"post","link":"https:\/\/www.ecoitaliano.com.ar\/?p=72252","title":{"rendered":"Francesco e Francesco: il cammino di due cuori tra le rovine del mondo"},"content":{"rendered":"\n<figure class=\"wp-block-table\"><table><tbody><tr><td><em>Carlo Di Stanislao<\/em><\/td><\/tr><\/tbody><\/table><\/figure>\n\n\n\n<figure class=\"wp-block-gallery has-nested-images columns-default is-cropped wp-block-gallery-1 is-layout-flex wp-block-gallery-is-layout-flex\">\n<figure class=\"wp-block-image size-large\"><a href=\"https:\/\/www.ecoitaliano.com.ar\/wp-content\/uploads\/2025\/04\/images-5.jpeg\"><img decoding=\"async\" width=\"293\" height=\"171\" data-id=\"72250\" src=\"https:\/\/www.ecoitaliano.com.ar\/wp-content\/uploads\/2025\/04\/images-5.jpeg\" alt=\"\" class=\"wp-image-72250\" srcset=\"https:\/\/www.ecoitaliano.com.ar\/wp-content\/uploads\/2025\/04\/images-5.jpeg 293w, https:\/\/www.ecoitaliano.com.ar\/wp-content\/uploads\/2025\/04\/images-5-150x88.jpeg 150w\" sizes=\"(max-width: 293px) 100vw, 293px\" \/><\/a><\/figure>\n\n\n\n<figure class=\"wp-block-image size-large\"><a href=\"https:\/\/www.ecoitaliano.com.ar\/wp-content\/uploads\/2025\/04\/1000014516-1-1.jpg\"><img decoding=\"async\" width=\"960\" height=\"932\" data-id=\"71653\" src=\"https:\/\/www.ecoitaliano.com.ar\/wp-content\/uploads\/2025\/04\/1000014516-1-1.jpg\" alt=\"\" class=\"wp-image-71653\" srcset=\"https:\/\/www.ecoitaliano.com.ar\/wp-content\/uploads\/2025\/04\/1000014516-1-1.jpg 960w, https:\/\/www.ecoitaliano.com.ar\/wp-content\/uploads\/2025\/04\/1000014516-1-1-300x291.jpg 300w, https:\/\/www.ecoitaliano.com.ar\/wp-content\/uploads\/2025\/04\/1000014516-1-1-768x746.jpg 768w, https:\/\/www.ecoitaliano.com.ar\/wp-content\/uploads\/2025\/04\/1000014516-1-1-150x146.jpg 150w\" sizes=\"(max-width: 960px) 100vw, 960px\" \/><\/a><\/figure>\n<\/figure>\n\n\n\n<p><br><em>\u00abCominciate col fare ci\u00f2 che \u00e8 necessario, poi ci\u00f2 che \u00e8 possibile. E all\u2019improvviso vi sorprenderete a fare l\u2019impossibile.\u00bb<\/em>&nbsp;\u2014 San Francesco d\u2019Assisi<\/p>\n\n\n\n<p>Nel cuore silenzioso della valle di Assisi, dove il vento sussurra ancora preghiere e l&#8217;eco dei passi di San Francesco non ha mai smesso di risuonare, nasce la domanda:&nbsp;<strong>San Francesco riconoscerebbe oggi Papa Francesco?<\/strong>&nbsp;Entrambi portano il nome che ha segnato il cammino di una vita: Francesco, il poverello, il giullare di Dio; Francesco, il Papa venuto \u00abdalla fine del mondo\u00bb. E se nel nome si cela la missione,&nbsp;<strong>il cammino di Papa Bergoglio non \u00e8 che la continuazione di un sogno iniziato secoli prima nella terra umile di Assisi<\/strong>.<\/p>\n\n\n\n<p><strong>Un nome, una missione.<\/strong><br>Quando Jorge Mario Bergoglio scelse il nome di Francesco per s\u00e9, non fece un semplice omaggio al santo d\u2019Assisi. Scelse di vivere come Francesco, scegliendo la povert\u00e0 come cammino, abbracciando la solitudine e il dolore degli ultimi come via per la redenzione. Da gesuita, Bergoglio aveva gi\u00e0 conosciuto la lotta spirituale, il discernimento e la disciplina. Ma nella sua scelta di San Francesco come modello, ha sentito il richiamo a un cammino pi\u00f9 radicale, uno che non \u00e8 solo di mente, ma anche di cuore.<\/p>\n\n\n\n<p><strong>Gesuita e francescano: due cammini che si intrecciano.<\/strong><br>In San Francesco, la povert\u00e0 non era solo una scelta di vita, ma una forma di rivoluzione spirituale contro le strutture del potere e della ricchezza. La sua radicalit\u00e0 non riguardava soltanto i poveri, ma la Chiesa stessa, che doveva tornare alle origini, alla verit\u00e0 del Vangelo, all\u2019umilt\u00e0 del Cristo crocifisso. Allo stesso modo, Papa Francesco, da gesuita, ha preso quella stessa croce e l\u2019ha sollevata tra le rovine di un mondo che si dimentica dei pi\u00f9 deboli, dei pi\u00f9 indifesi.<\/p>\n\n\n\n<p><strong>Il dialogo tra i due Francesco.<\/strong><br>Nel cuore della Chiesa, oggi pi\u00f9 che mai, sembra risuonare il grido di San Francesco:&nbsp;<strong>\u00abRiforma, ma non con le armi del mondo; riforma con l\u2019amore, con il sacrificio, con la povert\u00e0.\u00bb<\/strong>&nbsp;E Papa Francesco, abbracciando quella chiamata, ha scelto di camminare tra i poveri, di piegarsi sui piedi dei migranti, di ascoltare le sofferenze di chi \u00e8 ai margini. La sua \u00e8 una Chiesa ospedale da campo, che cura con l\u2019olio della misericordia.<\/p>\n\n\n\n<p>Tuttavia,&nbsp;<strong>San Francesco<\/strong>, uomo radicale e puro, non avrebbe esitato a ricordare a Papa Bergoglio che&nbsp;<strong>la povert\u00e0 evangelica non \u00e8 un concetto astratto<\/strong>, ma una ferita da abitare. La vera povert\u00e0 \u00e8 quella che non ha paura di perdere tutto, che non si rifugia nelle sicurezze del potere o nella diplomazia.&nbsp;<strong>La povert\u00e0 \u00e8 una ferita che segna, una roccia che frantuma ogni forma di egoismo e di ego.<\/strong><\/p>\n\n\n\n<p><strong>Eppure, tra le rovine e i sogni, tra le stelle e la polvere, la voce di Francesco continua a guidare.<\/strong><br>San Francesco, che parlava agli uccelli e ai lupi, capirebbe benissimo la profonda solitudine di Papa Francesco, che non ha paura di essere l\u2019ultimo, di abbracciare i disprezzati, di affrontare il potere con la semplicit\u00e0 del cuore. Il Santo d\u2019Assisi vedrebbe nei gesti di Bergoglio una continuit\u00e0 radicale del suo sogno: che il Vangelo sia l\u2019unico tesoro da difendere, che la vera ricchezza \u00e8 quella che non si vede, che il cuore \u00e8 la sola moneta che conta.<\/p>\n\n\n\n<p>E in un sussurro, forse, San Francesco, il piccolo uomo che camminava senza paura, dir\u00e0 al Papa di oggi:<br><em>\u00abFratello, non ti fermare. Il Vangelo \u00e8 la fiamma che brucia e chi la porta non pu\u00f2 mai fermarsi. Non temere la solitudine del cuore, non temere di essere scandaloso, perch\u00e9 la Croce \u00e8 il solo scudo che ci salva.\u00bb<\/em><\/p>\n\n\n\n<p>Cos\u00ec, tra le rovine di un mondo che ha dimenticato il suo destino celeste, i due Francesco si abbracciano nel vento invisibile della fede. Due uomini, diversi nel tempo e nella forma, ma uniti dalla stessa passione: vivere il Vangelo senza compromessi, nella povert\u00e0 radicale del cuore.<\/p>\n\n\n\n<p><strong>Poesia: \u201cFrancesco e Francesco\u201d<\/strong><\/p>\n\n\n\n<p><em>(Scritt da Italo Nostromo)<\/em><\/p>\n\n\n\n<hr class=\"wp-block-separator has-alpha-channel-opacity\"\/>\n\n\n\n<p>Nel cuore di un mondo che grida al vento,<br>sento il passo di chi \u00e8 venuto dal nulla,<br>Francesco, povero, nudo sotto il cielo,<br>e Francesco, Papa, con il volto solcato dal dolore.<\/p>\n\n\n\n<p>L\u00e0, dove il sole si fa tramonto,<br>dove le stelle sono pi\u00f9 vicine del cuore,<br>due anime si sfiorano nell&#8217;eco di un sogno:<br><strong>\u00abSiate ci\u00f2 che non temete,<br>Amate senza limiti,<br>Perch\u00e9 il Regno non \u00e8 nelle mani del potente,<br>Ma nei passi di chi cammina scalzo\u00bb<\/strong>.<\/p>\n\n\n\n<p>San Francesco, nelle rovine del mondo,<br>chiede silenzio al rumore della terra,<br>e Papa Francesco, tra le macerie del cuore,<br>insegna a non temere la polvere,<br>a raccogliere il volto di chi soffre<br>come fosse il volto di Dio.<\/p>\n\n\n\n<p><em>\u201cFratello, non ti guardare indietro,<br>Non temere la solitudine della verit\u00e0,<br>Perch\u00e9 il Vangelo \u00e8 una fiamma che brucia<br>e chi la porta non pu\u00f2 mai fermarsi.\u201d<\/em><\/p>\n\n\n\n<p>Il vento porta la voce di un santo e di un Papa,<br>e l\u2019uomo cammina, inciampa, si rialza,<br>nel silenzio di chi non ha paura di essere ultimo,<br>nel respiro di chi sa che il cielo \u00e8 pi\u00f9 vicino<br>quando ci si inginocchia tra le stelle pi\u00f9 lontane.<\/p>\n\n\n\n<p>Francesco, il povero, siede tra i lupi,<br>e Francesco, il Papa, bacia i piedi degli scarti.<br>In questa danza invisibile,<br>tra il cuore e la polvere,<br>il Vangelo non \u00e8 mai troppo lontano.<br>\u00c8 il passo che si fa leggera strada.<\/p>\n\n\n\n<p>E il mondo, stanco di parole,<br>ascolta un grido che non \u00e8 mai stato detto,<br>un segreto che si svela in un abbraccio di pace,<br>un silenzio che diventa la lingua di Dio.<br>Cos\u00ec camminano, a testa alta,<br>due Francesco, uno nell\u2019altro,<br>e in ogni loro passo risuona la voce di un cuore:<br><strong>\u00abAmate. Amate sempre. Anche quando la strada non \u00e8 che rovi.\u00bb<\/strong><\/p>\n\n\n\n<hr class=\"wp-block-separator has-alpha-channel-opacity\"\/>\n\n\n\n<p>In questo incontro tra il Francesco di ieri e quello di oggi, il cammino di fede, di povert\u00e0 e di radicalit\u00e0 evangelica continua. Il Vangelo, come una fiamma, brucia nel cuore di chi ha scelto di non temere il sacrificio. \u00c8 un cammino che non ha paura di perdere, ma che sa che&nbsp;<strong>il Regno di Dio si costruisce solo con le mani sporche di polvere e con il cuore nudo di amore<\/strong>.<\/p>\n","protected":false},"excerpt":{"rendered":"<p>Carlo Di Stanislao \u00abCominciate col fare ci\u00f2 che \u00e8 necessario, poi ci\u00f2 che \u00e8 possibile. E all\u2019improvviso vi sorprenderete a [&hellip;]<\/p>\n","protected":false},"author":1,"featured_media":0,"comment_status":"open","ping_status":"open","sticky":false,"template":"","format":"standard","meta":{"footnotes":""},"categories":[10,42],"tags":[],"class_list":["post-72252","post","type-post","status-publish","format-standard","hentry","category-italiano","category-religion"],"_links":{"self":[{"href":"https:\/\/www.ecoitaliano.com.ar\/index.php?rest_route=\/wp\/v2\/posts\/72252","targetHints":{"allow":["GET"]}}],"collection":[{"href":"https:\/\/www.ecoitaliano.com.ar\/index.php?rest_route=\/wp\/v2\/posts"}],"about":[{"href":"https:\/\/www.ecoitaliano.com.ar\/index.php?rest_route=\/wp\/v2\/types\/post"}],"author":[{"embeddable":true,"href":"https:\/\/www.ecoitaliano.com.ar\/index.php?rest_route=\/wp\/v2\/users\/1"}],"replies":[{"embeddable":true,"href":"https:\/\/www.ecoitaliano.com.ar\/index.php?rest_route=%2Fwp%2Fv2%2Fcomments&post=72252"}],"version-history":[{"count":1,"href":"https:\/\/www.ecoitaliano.com.ar\/index.php?rest_route=\/wp\/v2\/posts\/72252\/revisions"}],"predecessor-version":[{"id":72253,"href":"https:\/\/www.ecoitaliano.com.ar\/index.php?rest_route=\/wp\/v2\/posts\/72252\/revisions\/72253"}],"wp:attachment":[{"href":"https:\/\/www.ecoitaliano.com.ar\/index.php?rest_route=%2Fwp%2Fv2%2Fmedia&parent=72252"}],"wp:term":[{"taxonomy":"category","embeddable":true,"href":"https:\/\/www.ecoitaliano.com.ar\/index.php?rest_route=%2Fwp%2Fv2%2Fcategories&post=72252"},{"taxonomy":"post_tag","embeddable":true,"href":"https:\/\/www.ecoitaliano.com.ar\/index.php?rest_route=%2Fwp%2Fv2%2Ftags&post=72252"}],"curies":[{"name":"wp","href":"https:\/\/api.w.org\/{rel}","templated":true}]}}