{"id":72733,"date":"2025-05-05T18:53:57","date_gmt":"2025-05-05T18:53:57","guid":{"rendered":"https:\/\/www.ecoitaliano.com.ar\/?p=72733"},"modified":"2025-05-05T18:53:57","modified_gmt":"2025-05-05T18:53:57","slug":"serena-conduce-operaclassica-eco-italiano-4299","status":"publish","type":"post","link":"https:\/\/www.ecoitaliano.com.ar\/?p=72733","title":{"rendered":"Serena conduce operaclassica eco italiano"},"content":{"rendered":"<div class=\"wp-block-image\">\n<figure class=\"aligncenter size-full\"><a href=\"https:\/\/www.ecoitaliano.com.ar\/wp-content\/uploads\/2025\/05\/image-10.png\"><img decoding=\"async\" width=\"300\" height=\"97\" src=\"https:\/\/www.ecoitaliano.com.ar\/wp-content\/uploads\/2025\/05\/image-10.png\" alt=\"\" class=\"wp-image-72734\" srcset=\"https:\/\/www.ecoitaliano.com.ar\/wp-content\/uploads\/2025\/05\/image-10.png 300w, https:\/\/www.ecoitaliano.com.ar\/wp-content\/uploads\/2025\/05\/image-10-150x49.png 150w\" sizes=\"(max-width: 300px) 100vw, 300px\" \/><\/a><\/figure><\/div>\n\n\n<p><strong>COMUNICATO STAMPA<\/strong><\/p>\n\n\n\n<p><strong>DUE CELEBRI \u201cQUINTE\u201d PER JAMES CONLON<\/strong><\/p>\n\n\n\n<p><strong>ALL\u2019OPERA DI ROMA<\/strong><\/p>\n\n\n\n<p><strong>Sabato 10 maggio il concerto sinfonico che vede in programma<\/strong><\/p>\n\n\n\n<p><strong>musiche di&nbsp;<\/strong><strong>Beethoven<\/strong><strong>&nbsp;di&nbsp;<\/strong><strong>\u0160ostakovi\u010d<\/strong><\/p>\n\n\n\n<p>Nei giorni in cui torna sul podio dell\u2019Opera di Roma per&nbsp;<em>Tosca<\/em>&nbsp;di Puccini, dal 9 al 13 maggio,&nbsp;<strong>James Conlon<\/strong>&nbsp;\u00e8 protagonista anche di un&nbsp;<strong>concerto sinfonico<\/strong>&nbsp;con l\u2019<strong>Orchestra dell\u2019Opera di Roma<\/strong>,&nbsp;<strong>sabato 10 maggio<\/strong>&nbsp;alle&nbsp;<strong>ore 20<\/strong>. Direttore musicale della Los Angeles Opera dal 2006, Conlon ha precedentemente guidato prestigiose istituzioni internazionali, tra cui l\u2019Op\u00e9ra di Parigi e l\u2019Orchestra Sinfonica Nazionale della Rai, di cui \u00e8 stato direttore principale, e insieme la G\u00fcrzenich-Orchester e l\u2019Oper K\u00f6ln come direttore musicale generale della Citt\u00e0 di Colonia. Nel concerto del 10 maggio interpreta, con l\u2019Orchestra della Fondazione capitolina, la&nbsp;<strong>Sinfonia n. 5<\/strong>&nbsp;in do minore op. 67 di&nbsp;<strong>Beethoven<\/strong>&nbsp;e la&nbsp;<strong>Sinfonia n. 5<\/strong>&nbsp;in re minore op. 47 di&nbsp;<strong>\u0160ostakovi\u010d<\/strong>.<\/p>\n\n\n\n<p>La celebre&nbsp;<strong>Sinfonia n. 5 in do minore op. 67 di Ludwig van Beethoven<\/strong>&nbsp;\u00e8 stata scritta tra il 1804 e il 1808. Nella sua aperta professione di eroismo, che raggiunge l\u2019apice nella possente cellula ritmica iniziale, definita dallo stesso compositore \u00abil destino che bussa alla porta\u00bb, il brano lascia intravedere le vette in cui l\u2019autore si avventurer\u00e0 negli anni successivi.<\/p>\n\n\n\n<p>La&nbsp;<strong>Sinfonia n. 5 in re minore op. 47 di Dmitrij \u0160ostakovi\u010d<\/strong>&nbsp;\u00e8 stata scritta nel 1937 all\u2019indomani degli attacchi della censura di regime contro le tendenze formalistiche dell\u2019opera&nbsp;<em>Una Lady Macbeth del Distretto di Mcensk<\/em>. Con il proposito di attenuare la sua immagine di artista pericolosamente al di fuori degli schemi del realismo socialista, \u0160ostakovi\u010d ritir\u00f2 la Quarta Sinfonia che aveva scritto nel frattempo e present\u00f2 la Quinta in occasione del ventesimo anniversario della Rivoluzione d\u2019ottobre. Grazie a un linguaggio solo in apparenza semplificato e ottimistico, il brano gli procur\u00f2 un immediato riscatto senza intaccare la sua personalit\u00e0 autoriale.<\/p>\n\n\n\n<p><strong><em>Tosca<\/em><\/strong><strong>&nbsp;di Puccini<\/strong>&nbsp;torna&nbsp;<strong>dal 9 al 13 maggio nella versione scenica della prima rappresentazione assoluta<\/strong>, di cui ricorre il 125\u00b0 anniversario. In questa ripresa \u00e8 impegnato un unico cast che vede&nbsp;<strong>Anna Pirozzi&nbsp;<\/strong>nel ruolo di Tosca,&nbsp;<strong>Luciano Ganci<\/strong>&nbsp;in quello di Cavaradossi,&nbsp;<strong>Ariunbaatar Ganbaatar<\/strong>, al debutto all\u2019Opera di Roma, come Scarpia.&nbsp;<strong>Orchestra e Coro<\/strong>, diretto da<strong>&nbsp;Ciro Visco<\/strong>, sono<strong>&nbsp;<\/strong>del<strong>&nbsp;Teatro dell\u2019Opera di Roma<\/strong>. Con la partecipazione della<strong>&nbsp;Scuola di Canto Corale<\/strong>. L\u2019allestimento vede le scene e i costumi ricostruiti, rispettivamente da&nbsp;<strong>Carlo Savi&nbsp;<\/strong>e&nbsp;<strong>Anna Biagiotti<\/strong>, a partire dagli originali bozzetti di&nbsp;<strong>Adolf Hohenstein<\/strong>. Lo spettacolo, una produzione della Fondazione capitolina in collaborazione con l\u2019<strong>Archivio Storico Ricordi<\/strong>, dal 2015 va in scena regolarmente al Costanzi con la regia di&nbsp;<strong>Alessandro Talevi<\/strong>, ripresa in questa occasione da<strong>&nbsp;Arianna Salzano<\/strong>.<\/p>\n\n\n\n<p><strong>Info:&nbsp;<\/strong>operaroma.it<\/p>\n\n\n\n<p><strong>Biglietti:&nbsp;<\/strong><a href=\"https:\/\/fondazioneteatrodelloperadirom.musvc2.net\/e\/tr?q=4%3d8gEY6%26J%3d7%26E%3d5d7W%26q%3dY9Y3b9%26L%3djRyGu_PVtR_aF_IS1U_SH_PVtR_ZKNyU.tGgPfIqKf.0v_PVtR_ZKJrCyKcAtCk_PVtR_ZKAcKjJ-eMsCqL_wrUx_7g%26f%3dKzJxA7.EgR%26nJ%3d8fAW%26vQ%3d7a4cEVBc6a4g7T%26j%3dff4dfjTeBE2hgEU6Z7R6A0Z3ZCUBghZ3hgXhdD2fAjWgDiUhaEZeAfUg2c9fBkZ7YgRg&amp;mupckp=mupAtu4m8OiX0wt\" target=\"_blank\" rel=\"noreferrer noopener\">https:\/\/www.operaroma.it\/spettacoli\/james-conlon\/<\/a><strong>&nbsp;<\/strong>e al Botteghino dell\u2019Opera di Roma<\/p>\n\n\n\n<p><\/p>\n\n\n\n<p><strong>5 maggio 2025<\/strong><\/p>\n\n\n\n<p><strong>TEATRO DELL\u2019OPERA DI ROMA<\/strong><\/p>\n\n\n\n<p><strong>Cosimo Manicone<\/strong><\/p>\n\n\n\n<p>ufficio stampa<\/p>\n\n\n\n<p><a href=\"mailto:cosimo.manicone@operaroma.it\" target=\"_blank\" rel=\"noreferrer noopener\">cosimo.manicone@operaroma.it<\/a><\/p>\n\n\n\n<p><strong>Paolo Cairoli<\/strong><\/p>\n\n\n\n<p>direttore della comunicazione<\/p>\n\n\n\n<p><a href=\"mailto:paolo.cairoli@operaroma.it\" target=\"_blank\" rel=\"noreferrer noopener\">paolo.cairoli@operaroma.it<\/a><\/p>\n\n\n\n<p><strong>VOLTI DEL POTERE &#8211; STAGIONE 2024\/25 DEL TEATRO DELL\u2019OPERA DI ROMA &#8211; CONCERTI<\/strong><\/p>\n\n\n\n<p><strong>TEATRO COSTANZI<\/strong><\/p>\n\n\n\n<p>sabato 10 maggio ore 20.00<\/p>\n\n\n\n<p>DIRETTORE&nbsp;<strong>JAMES CONLON<\/strong><\/p>\n\n\n\n<p><strong>Ludwig van Beethoven<\/strong><\/p>\n\n\n\n<p>Sinfonia n. 5&nbsp;in do minore, op. 67<\/p>\n\n\n\n<p><strong>Dmitrij \u0160ostakovi\u010d<\/strong><\/p>\n\n\n\n<p>Sinfonia n. 5&nbsp;in re minore, op. 47<\/p>\n\n\n\n<p><strong>ORCHESTRA DEL TEATRO DELL\u2019OPERA DI ROMA<\/strong><\/p>\n\n\n\n<p>foto<\/p>\n\n\n\n<figure class=\"wp-block-image size-full\"><a href=\"https:\/\/www.ecoitaliano.com.ar\/wp-content\/uploads\/2025\/05\/image-11.png\"><img decoding=\"async\" width=\"300\" height=\"147\" src=\"https:\/\/www.ecoitaliano.com.ar\/wp-content\/uploads\/2025\/05\/image-11.png\" alt=\"\" class=\"wp-image-72735\" srcset=\"https:\/\/www.ecoitaliano.com.ar\/wp-content\/uploads\/2025\/05\/image-11.png 300w, https:\/\/www.ecoitaliano.com.ar\/wp-content\/uploads\/2025\/05\/image-11-150x74.png 150w\" sizes=\"(max-width: 300px) 100vw, 300px\" \/><\/a><\/figure>\n","protected":false},"excerpt":{"rendered":"<p>COMUNICATO STAMPA DUE CELEBRI \u201cQUINTE\u201d PER JAMES CONLON ALL\u2019OPERA DI ROMA Sabato 10 maggio il concerto sinfonico che vede in [&hellip;]<\/p>\n","protected":false},"author":1,"featured_media":0,"comment_status":"open","ping_status":"open","sticky":false,"template":"","format":"standard","meta":{"footnotes":""},"categories":[1],"tags":[],"class_list":["post-72733","post","type-post","status-publish","format-standard","hentry","category-sin-categoria"],"_links":{"self":[{"href":"https:\/\/www.ecoitaliano.com.ar\/index.php?rest_route=\/wp\/v2\/posts\/72733","targetHints":{"allow":["GET"]}}],"collection":[{"href":"https:\/\/www.ecoitaliano.com.ar\/index.php?rest_route=\/wp\/v2\/posts"}],"about":[{"href":"https:\/\/www.ecoitaliano.com.ar\/index.php?rest_route=\/wp\/v2\/types\/post"}],"author":[{"embeddable":true,"href":"https:\/\/www.ecoitaliano.com.ar\/index.php?rest_route=\/wp\/v2\/users\/1"}],"replies":[{"embeddable":true,"href":"https:\/\/www.ecoitaliano.com.ar\/index.php?rest_route=%2Fwp%2Fv2%2Fcomments&post=72733"}],"version-history":[{"count":1,"href":"https:\/\/www.ecoitaliano.com.ar\/index.php?rest_route=\/wp\/v2\/posts\/72733\/revisions"}],"predecessor-version":[{"id":72736,"href":"https:\/\/www.ecoitaliano.com.ar\/index.php?rest_route=\/wp\/v2\/posts\/72733\/revisions\/72736"}],"wp:attachment":[{"href":"https:\/\/www.ecoitaliano.com.ar\/index.php?rest_route=%2Fwp%2Fv2%2Fmedia&parent=72733"}],"wp:term":[{"taxonomy":"category","embeddable":true,"href":"https:\/\/www.ecoitaliano.com.ar\/index.php?rest_route=%2Fwp%2Fv2%2Fcategories&post=72733"},{"taxonomy":"post_tag","embeddable":true,"href":"https:\/\/www.ecoitaliano.com.ar\/index.php?rest_route=%2Fwp%2Fv2%2Ftags&post=72733"}],"curies":[{"name":"wp","href":"https:\/\/api.w.org\/{rel}","templated":true}]}}