{"id":72988,"date":"2025-05-09T09:06:57","date_gmt":"2025-05-09T09:06:57","guid":{"rendered":"https:\/\/www.ecoitaliano.com.ar\/?p=72988"},"modified":"2025-05-09T09:07:22","modified_gmt":"2025-05-09T09:07:22","slug":"e-di-un-artista-italiano-il-primo-ritratto-del-volto-del-nuovo-papa-leone-xiv","status":"publish","type":"post","link":"https:\/\/www.ecoitaliano.com.ar\/?p=72988","title":{"rendered":"\u00c8 di un artista italiano il primo ritratto del volto del nuovo Papa Leone XIV"},"content":{"rendered":"<div class=\"wp-block-image\">\n<figure class=\"aligncenter size-full is-resized\"><a href=\"http:\/\/www.ecoitaliano.com.ar\/wp-content\/uploads\/2025\/05\/Francesco-Guadagnuolo-Il-primo-ritratto-a-Papa-Leone-XIV.jpg\"><img decoding=\"async\" width=\"906\" height=\"768\" src=\"http:\/\/www.ecoitaliano.com.ar\/wp-content\/uploads\/2025\/05\/Francesco-Guadagnuolo-Il-primo-ritratto-a-Papa-Leone-XIV.jpg\" alt=\"\" class=\"wp-image-72989\" style=\"width:379px;height:auto\" srcset=\"https:\/\/www.ecoitaliano.com.ar\/wp-content\/uploads\/2025\/05\/Francesco-Guadagnuolo-Il-primo-ritratto-a-Papa-Leone-XIV.jpg 906w, https:\/\/www.ecoitaliano.com.ar\/wp-content\/uploads\/2025\/05\/Francesco-Guadagnuolo-Il-primo-ritratto-a-Papa-Leone-XIV-300x254.jpg 300w, https:\/\/www.ecoitaliano.com.ar\/wp-content\/uploads\/2025\/05\/Francesco-Guadagnuolo-Il-primo-ritratto-a-Papa-Leone-XIV-768x651.jpg 768w, https:\/\/www.ecoitaliano.com.ar\/wp-content\/uploads\/2025\/05\/Francesco-Guadagnuolo-Il-primo-ritratto-a-Papa-Leone-XIV-150x127.jpg 150w\" sizes=\"(max-width: 906px) 100vw, 906px\" \/><\/a><\/figure><\/div>\n\n\n<p>Nel cuore vibrante della tela, emerge il volto di <strong>Papa Leone XIV <\/strong>al secolo <strong>Robert Francis Prevost<\/strong>, saldo e luminoso, come un faro in mezzo alla tempesta. L&#8217;opera nasce dall&#8217;ispirazione tratta dal primo discorso del Pontefice, il noto artista italiano Francesco Guadagnuolo, traduce emozione e visione in colore, creando un invito vibrante alla fratellanza e alla misericordia, un messaggio che risuona oltre il tempo e lo spazio. Guadagnuolo, noto per la sua capacit\u00e0 di tradurre in arte i grandi eventi della storia contemporanea, maestro del <strong>Transrealismo<\/strong>, non si limita a ritrarre, ma a raccontare con il colore e la luce, traducendo le parole pronunciate dal Pontefice nella sua prima apparizione dalla Loggia delle Benedizioni della Basilica di San Pietro: <em>\u00abLa Pace sia con tutti voi!\u00bb, <\/em><em>l\u20198 maggio 2025<\/em>.<\/p>\n\n\n\n<p>Il richiamo alla Pace in un&#8217;opera che \u00e8 pi\u00f9 di un semplice ritratto \u00e8 un simbolo, un testimone silenzioso di un&#8217;era che attende speranza e misericordia.<\/p>\n\n\n\n<p>Sul fondo, pennellate ardenti s\u2019intrecciano come venti impetuosi, urla silenziose di un mondo in subbuglio, frammentato, inquieto. Il caos non \u00e8 casuale: \u00e8 l&#8217;eco delle crisi globali, delle divisioni, delle battaglie interiori che l&#8217;umanit\u00e0 affronta ogni giorno. Tuttavia, il Papa non si perde in quella tempesta, ma vi si erge al di sopra, con una calma che sfida il tumulto. \u00c8 il ponte che connette il passato e il futuro, il baluardo della fiducia e della fratellanza.<\/p>\n\n\n\n<p>I colori raccontano pi\u00f9 di quanto le parole possano esprimere. <strong>Il rosso <\/strong><strong>sfumato<\/strong>, quasi drammatico, richiama le cicatrici del mondo, il dolore e il sacrificio. <strong>Il blu<\/strong>, profondo come un oceano di possibilit\u00e0, sussurra speranza. <strong>Il giallo<\/strong> <strong>oro<\/strong>, riverbero di un sole che non smette di sorgere, avvolge il volto del Pontefice, suggerendo un cammino illuminato dalla fede.<\/p>\n\n\n\n<p>Con un gioco sapiente tra ombra e luce, Guadagnuolo dona tridimensionalit\u00e0 non solo alla figura, ma al suo stesso messaggio. La sua opera diventa un dialogo tra la realt\u00e0 e il sogno, tra la visione e l\u2019azione. Papa <strong>Leone XIV<\/strong> non \u00e8 solo un uomo ritratto, ma il simbolo di un nuovo cammino, l\u2019inizio di una missione che ha il compito di placare le tempeste del mondo e risvegliare il senso pi\u00f9 profondo della misericordia.<\/p>\n\n\n\n<p>Questo dipinto non si contempla soltanto: si ascolta, si sente, si vive. \u00c8 un inno visivo alla Pace, un ponte tra l&#8217;arte e la spiritualit\u00e0. Un&#8217;opera che non cattura un istante, ma una promessa.<\/p>\n","protected":false},"excerpt":{"rendered":"<p>Nel cuore vibrante della tela, emerge il volto di Papa Leone XIV al secolo Robert Francis Prevost, saldo e luminoso, [&hellip;]<\/p>\n","protected":false},"author":1,"featured_media":0,"comment_status":"open","ping_status":"open","sticky":false,"template":"","format":"standard","meta":{"footnotes":""},"categories":[10,42],"tags":[],"class_list":["post-72988","post","type-post","status-publish","format-standard","hentry","category-italiano","category-religion"],"_links":{"self":[{"href":"https:\/\/www.ecoitaliano.com.ar\/index.php?rest_route=\/wp\/v2\/posts\/72988","targetHints":{"allow":["GET"]}}],"collection":[{"href":"https:\/\/www.ecoitaliano.com.ar\/index.php?rest_route=\/wp\/v2\/posts"}],"about":[{"href":"https:\/\/www.ecoitaliano.com.ar\/index.php?rest_route=\/wp\/v2\/types\/post"}],"author":[{"embeddable":true,"href":"https:\/\/www.ecoitaliano.com.ar\/index.php?rest_route=\/wp\/v2\/users\/1"}],"replies":[{"embeddable":true,"href":"https:\/\/www.ecoitaliano.com.ar\/index.php?rest_route=%2Fwp%2Fv2%2Fcomments&post=72988"}],"version-history":[{"count":1,"href":"https:\/\/www.ecoitaliano.com.ar\/index.php?rest_route=\/wp\/v2\/posts\/72988\/revisions"}],"predecessor-version":[{"id":72990,"href":"https:\/\/www.ecoitaliano.com.ar\/index.php?rest_route=\/wp\/v2\/posts\/72988\/revisions\/72990"}],"wp:attachment":[{"href":"https:\/\/www.ecoitaliano.com.ar\/index.php?rest_route=%2Fwp%2Fv2%2Fmedia&parent=72988"}],"wp:term":[{"taxonomy":"category","embeddable":true,"href":"https:\/\/www.ecoitaliano.com.ar\/index.php?rest_route=%2Fwp%2Fv2%2Fcategories&post=72988"},{"taxonomy":"post_tag","embeddable":true,"href":"https:\/\/www.ecoitaliano.com.ar\/index.php?rest_route=%2Fwp%2Fv2%2Ftags&post=72988"}],"curies":[{"name":"wp","href":"https:\/\/api.w.org\/{rel}","templated":true}]}}