{"id":72998,"date":"2025-05-09T12:02:36","date_gmt":"2025-05-09T12:02:36","guid":{"rendered":"https:\/\/www.ecoitaliano.com.ar\/?p=72998"},"modified":"2025-05-09T12:03:57","modified_gmt":"2025-05-09T12:03:57","slug":"nastri-dargento-grandi-serie-2025-le-candidature","status":"publish","type":"post","link":"https:\/\/www.ecoitaliano.com.ar\/?p=72998","title":{"rendered":"NASTRI d&#8217;ARGENTO GRANDI SERIE 2025 | LE CANDIDATURE"},"content":{"rendered":"\n<figure class=\"wp-block-gallery has-nested-images columns-default is-cropped wp-block-gallery-1 is-layout-flex wp-block-gallery-is-layout-flex\">\n<figure class=\"wp-block-image size-large\"><a href=\"https:\/\/www.ecoitaliano.com.ar\/wp-content\/uploads\/2025\/05\/M_EP4_120523_7315-scaled.jpg\"><img decoding=\"async\" width=\"1024\" height=\"683\" data-id=\"73000\" src=\"https:\/\/www.ecoitaliano.com.ar\/wp-content\/uploads\/2025\/05\/M_EP4_120523_7315-1024x683.jpg\" alt=\"\" class=\"wp-image-73000\" srcset=\"https:\/\/www.ecoitaliano.com.ar\/wp-content\/uploads\/2025\/05\/M_EP4_120523_7315-1024x683.jpg 1024w, https:\/\/www.ecoitaliano.com.ar\/wp-content\/uploads\/2025\/05\/M_EP4_120523_7315-300x200.jpg 300w, https:\/\/www.ecoitaliano.com.ar\/wp-content\/uploads\/2025\/05\/M_EP4_120523_7315-768x512.jpg 768w, https:\/\/www.ecoitaliano.com.ar\/wp-content\/uploads\/2025\/05\/M_EP4_120523_7315-1536x1025.jpg 1536w, https:\/\/www.ecoitaliano.com.ar\/wp-content\/uploads\/2025\/05\/M_EP4_120523_7315-2048x1366.jpg 2048w, https:\/\/www.ecoitaliano.com.ar\/wp-content\/uploads\/2025\/05\/M_EP4_120523_7315-150x100.jpg 150w\" sizes=\"(max-width: 1024px) 100vw, 1024px\" \/><\/a><\/figure>\n\n\n\n<figure class=\"wp-block-image size-large\"><a href=\"https:\/\/www.ecoitaliano.com.ar\/wp-content\/uploads\/2025\/05\/M_EP6_060223_0499-scaled.jpg\"><img decoding=\"async\" width=\"1024\" height=\"683\" data-id=\"73001\" src=\"https:\/\/www.ecoitaliano.com.ar\/wp-content\/uploads\/2025\/05\/M_EP6_060223_0499-1024x683.jpg\" alt=\"\" class=\"wp-image-73001\" srcset=\"https:\/\/www.ecoitaliano.com.ar\/wp-content\/uploads\/2025\/05\/M_EP6_060223_0499-1024x683.jpg 1024w, https:\/\/www.ecoitaliano.com.ar\/wp-content\/uploads\/2025\/05\/M_EP6_060223_0499-300x200.jpg 300w, https:\/\/www.ecoitaliano.com.ar\/wp-content\/uploads\/2025\/05\/M_EP6_060223_0499-768x512.jpg 768w, https:\/\/www.ecoitaliano.com.ar\/wp-content\/uploads\/2025\/05\/M_EP6_060223_0499-1536x1025.jpg 1536w, https:\/\/www.ecoitaliano.com.ar\/wp-content\/uploads\/2025\/05\/M_EP6_060223_0499-2048x1366.jpg 2048w, https:\/\/www.ecoitaliano.com.ar\/wp-content\/uploads\/2025\/05\/M_EP6_060223_0499-150x100.jpg 150w\" sizes=\"(max-width: 1024px) 100vw, 1024px\" \/><\/a><\/figure>\n<\/figure>\n\n\n\n<figure class=\"wp-block-image\"><img decoding=\"async\" src=\"https:\/\/mail.google.com\/mail\/u\/2?ui=2&amp;ik=a91c2962d6&amp;attid=0.0.1&amp;permmsgid=msg-f:1831643912746285349&amp;th=196b4e6f263fb925&amp;view=fimg&amp;fur=ip&amp;permmsgid=msg-f:1831643912746285349&amp;sz=s0-l75-ft&amp;attbid=ANGjdJ8TJawI6McH1Z1F3pZ-gyZ4sA711Phk_D9Oh1jNKMhgwXkk8Oy98VfqRhq_SSVlYB6ouxZQfUTQFB-ANYActLHqC1xk2Q22LF8XP37i8jbIsadj6m079uYegeQ&amp;disp=emb&amp;realattid=ii_magmom8p0&amp;zw\" alt=\"logo_Nastri d'Argento Grandi Serie.jpg\"\/><\/figure>\n\n\n\n<p><strong><em>&nbsp; &nbsp; &nbsp;&nbsp;&nbsp; M \u2013 Il figlio del secolo<\/em><\/strong><strong><\/strong><\/p>\n\n\n\n<p><strong>&nbsp;&nbsp;&nbsp; &nbsp;\u2018Serie dell\u2019anno\u2019 2025<\/strong><\/p>\n\n\n\n<p><strong>Con le \u2018cinquine\u2019 finaliste da oggi in voto<\/strong><\/p>\n\n\n\n<p><strong>nelle categorie Commedia, Crime, Drama, Dramedy e Film tv<\/strong><\/p>\n\n\n\n<p><strong>annunciati anche i primi Nastri d\u2019Argento<\/strong><\/p>\n\n\n\n<p><strong>per i protagonisti \u2018iconici\u2019 che hanno siglato l\u2019ultima stagione della grande fiction:<\/strong><\/p>\n\n\n\n<p><strong>Luca Marinelli&nbsp;<\/strong>(<em>M \u2013 Il figlio del secolo<\/em>),&nbsp;<strong>Kim Rossi Stuart&nbsp;<\/strong>(<em>Il Gattopardo<\/em>),<strong><\/strong><\/p>\n\n\n\n<p><strong>Alba Rohrwacher&nbsp;<\/strong>(<em>L\u2019amica geniale \u2013 Storia della bambina perduta<\/em>),<strong><\/strong><\/p>\n\n\n\n<p><strong>Monica Guerritore&nbsp;<\/strong>per<strong>&nbsp;<\/strong>(<em>Inganno<\/em>)<strong>&nbsp;<\/strong>e<strong>&nbsp;Vittoria Schisano&nbsp;<\/strong>(<em>La vita che volevi<\/em>)<strong><\/strong><\/p>\n\n\n\n<p><strong>Premiazione a Napoli Sabato 31 Maggio<\/strong><\/p>\n\n\n\n<p>Un evento dei Giornalisti Cinematografici<\/p>\n\n\n\n<p>in collaborazione con la Film Commission Regione Campania<\/p>\n\n\n\n<p><em>Roma, 9 Maggio<\/em>&nbsp;\u2013&nbsp;<strong><em>M \u2013 Il figlio del secolo<\/em>, protagonista uno straordinario Luca Marinelli \u00e8 la \u2018Serie dell\u2019anno\u2019 2025<\/strong>. Lo annunciano i Giornalisti Cinematografici Italiani (SNGCI) che anticipano oggi anche i Nastri d\u2019Argento gi\u00e0 assegnati ai protagonisti pi\u00f9 \u2018iconici\u2019 dell\u2019ultima stagione e le \u2018cinquine\u2019 finaliste da oggi al voto nelle categorie&nbsp;<strong>Commedia<\/strong>,&nbsp;<strong>Crime<\/strong>,&nbsp;<strong>Drama, Dramedy&nbsp;<\/strong>e<strong>&nbsp;Film Tv<\/strong>.&nbsp;Scritta da Stefano Bises e Davide Serino, dal best seller Premio Strega di Antonio Scurati, diretta da Joe Wright e prodotta da Sky Studios e da Lorenzo Mieli per The Apartment &#8211; societ\u00e0 del gruppo Fremantle (in collaborazione con Fremantle e Cinecitt\u00e0 S.p.A.)&nbsp;<strong><em>M \u2013 Il figlio del secolo<\/em><\/strong>&nbsp;sar\u00e0 premiata sabato 31 Maggio a Napoli, nella serata conclusiva dei Nastri d\u2019Argento Grandi Serie ancora una volta, in questa quinta edizione, evento dei Giornalisti Cinematografici (SNGCI) con la Film Commission Regione Campania e il sostegno del MiC &#8211; Direzione Generale Cinema e audiovisivo, partner istituzionali SIAE &#8211;&nbsp;Societ\u00e0 Italiana degli Autori ed Editori, Nuovo Imaie, Fondazione Nobis.<\/p>\n\n\n\n<p>Gi\u00e0 assegnati i&nbsp;<strong>Nastri d\u2019Argento per<\/strong>&nbsp;<strong>i pi\u00f9 \u2018iconici\u2019 protagonisti dell\u2019anno\u2019<\/strong>&nbsp;che hanno conquistato il grande pubblico: sono&nbsp;<strong>Luca Marinelli<\/strong>&nbsp;per&nbsp;<em>M \u2013 Il figlio del secolo<\/em>,&nbsp;<strong>Kim Rossi Stuart<\/strong>&nbsp;(<em>Il Gattopardo<\/em>),&nbsp;<strong>Alba Rohrwacher<\/strong>&nbsp;(<em>L\u2019amica geniale \u2013 Storia della bambina perduta<\/em>),&nbsp;<strong>Monica Guerritore<\/strong>&nbsp;(<em>Inganno<\/em>) e&nbsp;<strong>Vittoria Schisano<\/strong>&nbsp;(<em>La vita che volevi)<\/em>. A questi cinque Nastri d\u2019Argento si aggiungeranno, come sempre, Premi Speciali e riconoscimenti per il talento pi\u00f9 giovane ma soprattutto i Nastri ai titoli vincitori nelle diverse categorie e le attrici e gli attori pi\u00f9 votati.<\/p>\n\n\n\n<p><strong>Le \u2018cinquine\u2019 finaliste<\/strong><\/p>\n\n\n\n<p>Sono in tutto 23 i titoli in gara selezionati che concorrono nelle cinque categorie (Commedia, Crime, Drama, Dramedy e Film Tv) che ormai tradizionalmente sintetizzano la serialit\u00e0 in onda sulle piattaforme Disney+, Netflix, Paramount+, Prime Video, RaiPlay, Sky e sulle reti Rai e Mediaset. Autori, regia, produzioni e crediti sono in dettaglio nell\u2019elenco che segue e in allegato.<\/p>\n\n\n\n<p>I titoli in votazione, in ordine alfabetico sono&nbsp;nella<em>&nbsp;<strong>\u2018<\/strong><\/em><strong>Commedia\u2019:<\/strong><em>&nbsp;<strong>Hanno ucciso l\u2019uomo ragno \u2013 La leggendaria storia degli 883<\/strong><\/em>,<em>&nbsp;<strong>Imma Tataranni \u2013 Sostituto procuratore<\/strong>&nbsp;\u2013 quarta stagione<\/em>,<em>&nbsp;<strong>Sconfort Zone<\/strong><\/em>,<em>&nbsp;<strong>Vincenzo Malinconico, Avvocato d\u2019insuccesso 2<\/strong><\/em>,<em>&nbsp;<strong>Vita da Carlo<\/strong>&nbsp;\u2013 terza stagione<\/em>.Nel<em>&nbsp;<strong>\u2018<\/strong><\/em><strong>Crime\u2019&nbsp;<\/strong>sono in cinquina<strong>&nbsp;<em>Acab<\/em><\/strong>,&nbsp;<strong><em>Avetrana \u2013 Qui non \u00e8 Hollywood<\/em><\/strong>,<strong>&nbsp;<a><em>Dostoevskij<\/em><\/a><\/strong>,&nbsp;<strong><em>Stucky<\/em><\/strong>,&nbsp;<strong><em>The bad guy&nbsp;<\/em><\/strong><em>\u2013 seconda stagione<\/em>.Nel<strong><em>&nbsp;\u2018<\/em>Drama\u2019&nbsp;<\/strong>in gara<strong>&nbsp;<em>Fuochi d\u2019artificio<\/em><\/strong>,&nbsp;<strong><em>Il Gattopardo<\/em><\/strong>,<strong>&nbsp;<a><em>L\u2019amica geniale \u2013 Storia della bambina perduta<\/em><\/a><\/strong>,<strong>&nbsp;<em>L\u2019arte della gioia<\/em>&nbsp;<\/strong>e&nbsp;<strong><em>Leopardi \u2013 Il poeta dell\u2019infinito<\/em><\/strong>.Per il<strong>&nbsp;\u2018Dramedy\u2019&nbsp;<\/strong>sono candidati<strong>&nbsp;<em>La vita che volevi<\/em><\/strong>,<strong>&nbsp;<em>Miss Fallaci<\/em><\/strong>,&nbsp;<strong><em>Storia della mia famiglia<\/em><\/strong>,&nbsp;<strong><em>Tutto chiede salvezza&nbsp;<\/em><\/strong><em>\u2013 stagione 2<\/em>,<strong><em>&nbsp;Tutto quello che ho<\/em><\/strong>.Infine sono tre i titoli che concorrono per il miglior&nbsp;<strong>\u2018Film Tv\u2019<\/strong>:&nbsp;<strong><em>La bambina con la valigia<\/em><\/strong>,<strong><em>&nbsp;La farfalla impazzita<\/em><\/strong>,<strong><em>&nbsp;Questi fantasmi!<\/em><\/strong>.<\/p>\n\n\n\n<p><strong>Attrici e attori finalisti<\/strong><\/p>\n\n\n\n<p>Sono in \u2018cinquina\u2019 per il Nastro alla migliore attrice protagonista&nbsp;<strong>Tecla Insolia<\/strong><em>&nbsp;<\/em>(<em>L\u2019arte della gioia<\/em>),<strong>Irene Maiorino<\/strong>(<em>L\u2019amica geniale \u2013 Storia della bambina perduta<\/em>),<strong>&nbsp;Benedetta Porcaroli&nbsp;<\/strong>(<em>Il Gattopardo<\/em>),<strong>&nbsp;Lunetta Savino&nbsp;<\/strong>(<em>Libera<\/em>)e<strong>&nbsp;Vanessa Scalera&nbsp;<\/strong>(<em>Avetrana \u2013 Qui non \u00e8 Hollywood<\/em>).Tra le non protagoniste concorrono<strong>Valeria Bruni Tedeschi<\/strong>e<strong>Jasmine Trinca<\/strong>(<em>L\u2019arte della gioia<\/em>),<strong><em>Selene Caramazza<\/em><\/strong><a>(<em>The bad guy \u2013 seconda stagione<\/em><\/a>),<strong>Carlotta Gamba<\/strong>(<em>Dostoevskij<\/em>),&nbsp;<strong>Maria Paiato<\/strong>(<em>Vita da Carlo \u2013 terza stagione<\/em>)<em>&nbsp;e&nbsp;<\/em><strong>Anna Rita Vitolo<\/strong>(<em>L\u2019amica geniale \u2013 Storia della bambina perduta<\/em>).<\/p>\n\n\n\n<p>Candidati tra gli attori protagonisti&nbsp;<strong>Luigi Lo Cascio<\/strong>&nbsp;(<em>The bad guy \u2013 seconda stagione<\/em>),<strong>Fabrizio Gifuni<\/strong><em>&nbsp;<\/em>(<em>L\u2019amica geniale \u2013 Storia della bambina perduta<\/em>),<strong>Leonardo Maltese<\/strong><a>(<em>Leopardi \u2013 Il poeta dell\u2019infinit<\/em><\/a><em>o<\/em>),<strong>Eduardo Scarpetta<\/strong>(<em>Storia della mia famiglia<\/em>)e<strong>Filippo Timi<\/strong>per<em>&nbsp;Dostoevskij.&nbsp;<\/em>Per i non protagonisti&nbsp;<strong>Paolo Calabresi<\/strong>&nbsp;e&nbsp;<strong>Francesco Colella&nbsp;<\/strong>(<em>Il Gattopardo<\/em>),&nbsp;<strong>Guido Caprino&nbsp;<\/strong>(<em>L\u2019arte della gioia<\/em>),&nbsp;<strong>Antonio Catania<\/strong>&nbsp;e&nbsp;<strong>Vincenzo Pirrotta<\/strong>&nbsp;(<em>The bad guy \u2013 seconda stagione<\/em>),<strong>Gabriel Montesi<\/strong>(<em>Dostoevskij<\/em>)e<strong>Fausto Russo Alesi<\/strong>(<em>Leopardi \u2013 Il poeta dell\u2019infinito<\/em>).<\/p>\n\n\n\n<p><strong>A Napoli con la Film Commission Regione Campania<\/strong><\/p>\n\n\n\n<p>I Nastri Grandi Serie sono un evento dei Giornalisti Cinematografici Italiani realizzato<strong>&nbsp;<\/strong>con il sostegno del MiC &#8211; Direzione Generale Cinema e audiovisivo in collaborazione con<strong>&nbsp;<\/strong>la<strong>&nbsp;Film Commission Regione Campania,&nbsp;<\/strong>\u201cun appuntamento sempre pi\u00f9 atteso dal mondo della serialit\u00e0 che nei Nastri d\u2019Argento Grandi Serie\u201d \u2013 sottolinea a nome del Direttivo Nazionale Laura Delli Colli, Presidente \u2013 \u201channo trovato per la prima volta, ormai gi\u00e0 cinque anni fa, un\u2019occasione unica di visibilit\u00e0. La serialit\u00e0 sempre di pi\u00f9 esprime una declinazione importante del cinema e negli ultimi anni le grandi produzioni hanno dimostrato che sono in grado di conquistare nuovi spettatori e mercati internazionali. Anche per questo abbiamo accolto l\u2019invito di consegnare un Nastro d\u2019Argento speciale dedicato al valore della serialit\u00e0 internazionale &#8211; che annunceremo presto &#8211; sul palcoscenico del nuovo \u2018Italian Global Series Festival\u2019 in arrivo a Rimini e Riccione alla fine di Giugno\u201d.<\/p>\n\n\n\n<p>\u201cSiamo lieti di collaborare ancora una volta con il Sindacato Giornalisti Cinematografici alla realizzazione di questo prestigioso evento\u201d&nbsp;\u2013 dichiara Titta Fiore, Presidente della Film Commission Regione Campania.&nbsp;\u201cIn vent&#8217;anni di attivit\u00e0 la Film Commission ha affiancato e sostenuto un numero sempre crescente di produzioni che hanno contribuito a fare del nostro territorio una delle capitali dell&#8217;audiovisivo italiano.&nbsp;Napoli e la Campania si confermano protagoniste dell&#8217;immaginario grazie al lavoro dei tanti talenti, alla bellezza dei luoghi, al fermento creativo che continua a dare vita ad alcuni fra i maggiori successi della grande serialit\u00e0 delle ultime stagioni. Le grandi serie realizzate in Campania testimoniano che la domanda di contenuti fortemente identitari si \u00e8 andata efficacemente saldando con l\u2019azione della nostra Film Commission e della Regione Campania che mette l\u2019audiovisivo e l\u2019innovazione digitale al centro delle politiche regionali di sviluppo, promozione culturale,&nbsp; turistica e occupazionale.&nbsp;In questa edizione, tra&nbsp;titoli consolidati e nuovi progetti, avremo il piacere di festeggiare, con i Nastri d&#8217;argento Grandi Serie, anche un importante compleanno\u201d.<\/p>\n\n\n\n<p><strong>I partner e gli sponsor dell\u2019edizione 2025<\/strong><\/p>\n\n\n\n<p>Con il&nbsp;<strong>MiC &#8211; Direzione Generale Cinema e Audiovisivo<\/strong>&nbsp;e&nbsp;<strong>SIAE&nbsp;<\/strong><strong>&#8211;&nbsp;<\/strong><strong>Societ\u00e0 Italiana degli Autori ed Editori<\/strong>, sono partner istituzionali della manifestazione&nbsp;<strong>Nuovo Imaie<\/strong>&nbsp;e&nbsp;<strong>Fondazione Nobis<\/strong>.<\/p>\n\n\n\n<p>Sponsor ufficiali:&nbsp;<strong>Italo Treno<\/strong>,&nbsp;<strong>GE-Gruppo Eventi<\/strong>,&nbsp;<strong>Hamilton<\/strong>,&nbsp;<strong>Cotril<\/strong>,&nbsp;<strong>Campo Marzio<\/strong>&nbsp;e&nbsp;<strong>Benedetta Riccio service make up<\/strong>. Grazie all\u2019orafo&nbsp;<strong>Michele Affidato<\/strong>&nbsp;per la realizzazione esclusiva dei Nastri Serie. Partner tecnici:&nbsp;<strong>Brivido&amp;Sganascia<\/strong>,&nbsp;<strong>SuMa Events<\/strong>,&nbsp;<strong>IVDR<\/strong>.<\/p>\n\n\n\n<p>I Nastri d\u2019Argento sostengono anche quest\u2019anno la campagna<strong>&nbsp;Cinema Revolution<\/strong>.<\/p>\n\n\n\n<p><strong>La selezione<\/strong><\/p>\n\n\n\n<p>I titoli candidati sono stati selezionati tra le Serie andate in onda su reti e piattaforme dal 1\u00b0 Giugno 2024 al 31 Maggio 2025.<\/p>\n\n\n\n<p>La selezione \u00e8 a cura del Direttivo Nazionale dei Giornalisti Cinematografici Italiani: Laura Delli Colli (Presidente), Fulvia Caprara (Vicepresidente), Oscar Cosulich, Maurizio di Rienzo, Susanna Rotunno, Paolo Sommaruga, Stefania Ulivi, (Romano Milani Segretario Generale).<\/p>\n\n\n\n<p><strong>DI SEGUITO E NELLA SCHEDA IN ALLEGATO AUTORI, REGIA, PRODUZIONI&nbsp;<\/strong><strong>E CREDITI DEI TITOLI CANDIDATI<\/strong><\/p>\n\n\n\n<p><strong>LA \u2018SERIE DELL\u2019ANNO\u2019<\/strong><\/p>\n\n\n\n<p><a><strong>M \u2013 IL FIGLIO DEL SECOLO&nbsp;<\/strong><\/a>(SKY)<\/p>\n\n\n\n<p><a><strong>Regia&nbsp;<\/strong><\/a>Joe WRIGHT<\/p>\n\n\n\n<p>&nbsp;<strong>Protagonista<\/strong>&nbsp;Luca MARINELLI<\/p>\n\n\n\n<p><strong>&nbsp;Scritta da&nbsp;<\/strong>Stefano BISES e Davide SERINO<\/p>\n\n\n\n<p><strong>Prodotta da&nbsp;<\/strong>Sky Studios,&nbsp;The Apartment&nbsp;\u2013 societ\u00e0 del Gruppo&nbsp;Fremantle,<\/p>\n\n\n\n<p>in co-produzione con&nbsp;Path\u00e9, in associazione con&nbsp;Small Forward Productions,<\/p>\n\n\n\n<p>in collaborazione con&nbsp;Fremantle&nbsp;e CINECITT\u00c0 S.p.A.<\/p>\n\n\n\n<p><strong>LE \u2018ICONE\u2019 DELL\u2019ANNO<\/strong><\/p>\n\n\n\n<p><strong>Luca MARINELLI<\/strong>&nbsp;&nbsp;<em>M<\/em>&nbsp;\u2013&nbsp;<em>Il figlio del secolo<\/em><\/p>\n\n\n\n<p><strong>Kim ROSSI STUART<\/strong>&nbsp;&nbsp;<em>Il Gattopardo<\/em><\/p>\n\n\n\n<p><strong>Alba Rohrwacher<\/strong>&nbsp;&nbsp;<em>L\u2019amica geniale \u2013 Storia della bambina perduta<\/em><\/p>\n\n\n\n<p><strong>Monica Guerritore<\/strong>&nbsp;&nbsp;<em>Inganno<\/em><\/p>\n\n\n\n<p><strong>Vittoria Schisano<\/strong>&nbsp;&nbsp;<em>La vita che volevi<\/em><\/p>\n\n\n\n<p><strong>LE CANDIDATURE 2025<\/strong><\/p>\n\n\n\n<p><strong>MIGLIOR SERIE \u2018COMMEDIA\u2019<\/strong><\/p>\n\n\n\n<p><strong>HANNO UCCISO L\u2019UOMO RAGNO \u2013 LA LEGGENDARIA STORIA DEGLI 883&nbsp;<\/strong>(SKY)<\/p>\n\n\n\n<p><strong>Una serie di<\/strong>&nbsp;<a>Sydney SIBILIA<\/a><\/p>\n\n\n\n<p><strong>Regia&nbsp;<\/strong>Sydney SIBILIA&nbsp;(ep. 1, 2), Alice FILIPPI&nbsp;(ep. 3, 4, 6), Francesco EBBASTA (ep. 5, 7, 8)<\/p>\n\n\n\n<p><strong>Scritto da<\/strong>&nbsp;Francesco AGOSTINI, Chiara LAUDANI, Giorgio NERONE, Sydney SIBILIA<\/p>\n\n\n\n<p><strong>Una produzione&nbsp;<\/strong>Sky Studios&nbsp;e&nbsp;Gr\u00f8enlandia&nbsp;<a>(<\/a>societ\u00e0 del Gruppo&nbsp;Banijay)<\/p>\n\n\n\n<p><strong>IMMA TATARANNI \u2013 SOSTITUTO PROCURATORE&nbsp;<\/strong>| QUARTA STAGIONE(RAI)<\/p>\n\n\n\n<p><strong>Regia&nbsp;<\/strong>Francesco&nbsp;AMATO<\/p>\n\n\n\n<p><strong>Sceneggiatura&nbsp;<\/strong>Salvatore DE MOLA, Pier Paolo PICCIARELLI, Michele PELLEGRINI, Pierpaolo PIRONE,<\/p>\n\n\n\n<p>Filippo GILI, con la collaborazione di Francesco AMATO<\/p>\n\n\n\n<p><strong>Una coproduzione&nbsp;<\/strong>RAI FICTION, IBC MOVIE, RAI COM<\/p>\n\n\n\n<p><strong>SCONFORT ZONE&nbsp;<\/strong>(PRIME VIDEO)<\/p>\n\n\n\n<p><strong>Una serie di<\/strong>&nbsp;Maccio CAPATONDA<\/p>\n\n\n\n<p><strong>Regia&nbsp;<\/strong>Alessio DOGANA e Marcello MACCHIA<\/p>\n\n\n\n<p><strong>Scritta da&nbsp;<\/strong>Marcello&nbsp;Macchia, Alessandro&nbsp;Bosi, Mary Stella&nbsp;Brugiati, Danilo&nbsp;Carlani,&nbsp;Valerio&nbsp;Desir\u00f2<\/p>\n\n\n\n<p><strong>Prodotta da&nbsp;<\/strong>Banijay Italia&nbsp;in collaborazione con&nbsp;Prime Video<em>&nbsp;<\/em><\/p>\n\n\n\n<p><strong>VINCENZO MALINCONICO, AVVOCATO D\u2019INSUCCESSO 2&nbsp;<\/strong>(RAI)<\/p>\n\n\n\n<p><strong>Regia&nbsp;<\/strong>Luca&nbsp;MINIERO<\/p>\n\n\n\n<p><strong>Sceneggiature&nbsp;<\/strong>Diego DE SILVA, Gualtiero ROSELLA, Paola MAMMINI, Pierpaolo PICCIARELLI, Luca MINIERO<\/p>\n\n\n\n<p><strong>Una coproduzione&nbsp;<\/strong>rai fiction, VIOLA FILM<\/p>\n\n\n\n<p><strong>VITA DA CARLO&nbsp;<\/strong>| TERZA STAGIONE(PARAMOUNT+)<\/p>\n\n\n\n<p><strong>Creata da&nbsp;<\/strong>Carlo&nbsp;Verdone, Nicola&nbsp;GUaglianone, MENOTTI<\/p>\n\n\n\n<p><strong>Regia&nbsp;<\/strong>Carlo VERDONE e Valerio VESTOSO<\/p>\n\n\n\n<p><strong>Scritta da&nbsp;<\/strong>Carlo&nbsp;Verdone, Pasquale&nbsp;Plastino, Luca&nbsp;Mastrogiovanni<\/p>\n\n\n\n<p><strong>Prodotta da&nbsp;<\/strong>Luigi e Aurelio DE LAURENTIIS<\/p>\n\n\n\n<p><strong>MIGLIOR SERIE \u2018CRIME\u2019<\/strong><\/p>\n\n\n\n<p><strong>ACAB&nbsp;<\/strong>(NETFLIX)<\/p>\n\n\n\n<p><strong>Ideata da<\/strong>&nbsp;Carlo&nbsp;Bonini&nbsp;e&nbsp;Filippo&nbsp;Gravino<\/p>\n\n\n\n<p><a><strong>Regia&nbsp;<\/strong><\/a>Michele ALHAIQUE<\/p>\n\n\n\n<p><strong>Scritta da&nbsp;<\/strong>Filippo&nbsp;Gravino, Carlo&nbsp;Bonini, Elisa&nbsp;Dondi, Luca&nbsp;Giordano, Bernardo&nbsp;Pellegrini,<\/p>\n\n\n\n<p>con lo story editing di Filippo&nbsp;Gravino<\/p>\n\n\n\n<p><strong>Prodotta da&nbsp;<\/strong>CATTLEYA \u2013&nbsp;parte di&nbsp;ITV Studios<\/p>\n\n\n\n<p><strong>AVETRANA \u2013 QUI NON&nbsp;\u00e8&nbsp;HOLLYWOOD&nbsp;<\/strong>(DISNEY+)<\/p>\n\n\n\n<p><strong>Regia&nbsp;<\/strong>Pippo&nbsp;Mezzapesa<\/p>\n\n\n\n<p><strong>Sceneggiatura&nbsp;<\/strong>Antonella W.&nbsp;Gaeta, Pippo&nbsp;Mezzapesa, Davide&nbsp;Serino<\/p>\n\n\n\n<p>(ep. 1 in collaborazione con Flavia&nbsp;Piccinni&nbsp;e Carmine&nbsp;Gazzanni)<\/p>\n\n\n\n<p><strong>Una produzione&nbsp;<\/strong>Gr\u00f8enlandia (societ\u00e0 del Gruppo&nbsp;Banijay)<\/p>\n\n\n\n<p><strong>DOSTOEVSKIJ&nbsp;<\/strong>(SKY)<\/p>\n\n\n\n<p><strong>Ideata, scritta e diretta dai&nbsp;<\/strong>FRATELLI D\u2019INNOCENZO<\/p>\n\n\n\n<p><strong>Una produzione&nbsp;<\/strong>SKY STUDIOS&nbsp;con&nbsp;paco cinematografica<\/p>\n\n\n\n<p><strong>STUCKY<\/strong>&nbsp;(RAI)<\/p>\n\n\n\n<p><strong>Regia&nbsp;<\/strong>Valerio ATTANASIO<\/p>\n\n\n\n<p><strong>Scritta da<\/strong>&nbsp;Valerio&nbsp;ATTANASIO, Matteo&nbsp;VISCONTI, Marco&nbsp;PETTENELLO<\/p>\n\n\n\n<p><strong>Una coproduzione&nbsp;<\/strong>RAI FICTION, ROSAMONT, RAI COM<\/p>\n\n\n\n<p><strong>THE BAD GUY&nbsp;<\/strong>| SECONDA STAGIONE(PRIME VIDEO)<\/p>\n\n\n\n<p><a><strong>Creata da<\/strong><\/a><strong>&nbsp;<\/strong>Ludovica RAMPOLDI, Davide SERINO, Giuseppe G. STASI<\/p>\n\n\n\n<p><strong>Regia&nbsp;<\/strong>Giuseppe G. STASI e Giancarlo FONTANA<\/p>\n\n\n\n<p><strong>Scritta da<\/strong>&nbsp;Fortunata APICELLA, Giacomo BENDOTTI, Giordana MARI,<\/p>\n\n\n\n<p>Ludovica RAMPOLDI, Davide SERINO, Giuseppe G. STASI<\/p>\n\n\n\n<p><strong>Una coproduzione&nbsp;<\/strong>INDIGO FILM e AMAZON MGM STUDIOS<\/p>\n\n\n\n<p><strong>MIGLIOR SERIE \u2018DRAMA\u2019<\/strong><\/p>\n\n\n\n<p><strong>FUOCHI D\u2019ARTIFICIO&nbsp;<\/strong>(RAI)<\/p>\n\n\n\n<p><strong>Regia<\/strong>&nbsp;Susanna NICCHIARELLI<\/p>\n\n\n\n<p><strong>Sceneggiatura&nbsp;<\/strong>Marianna&nbsp;Cappi, Susanna&nbsp;Nicchiarelli&nbsp;con la collaborazione di Andrea&nbsp;Bouchard<\/p>\n\n\n\n<p><strong>Una produzione&nbsp;<\/strong>FANDANGO, MATRIOSKA in collaborazione con RAI FICTION<\/p>\n\n\n\n<p><strong>IL GATTOPARDO&nbsp;<\/strong><a>(NETFLIX)<\/a><\/p>\n\n\n\n<p><strong>Creato da&nbsp;<\/strong>Richard&nbsp;Warlow<\/p>\n\n\n\n<p><strong>Regia<\/strong>&nbsp;Tom&nbsp;Shankland&nbsp;(ep. 1-2-3-6), Giuseppe&nbsp;Capotondi&nbsp;(ep. 4), Laura&nbsp;Luchetti&nbsp;(ep. 5)<\/p>\n\n\n\n<p><strong>Sceneggiatura&nbsp;<\/strong>Richard&nbsp;Warlow&nbsp;(ep.&nbsp;1-2-3-4-6), Benji&nbsp;Walters (ep.&nbsp;4-5)<\/p>\n\n\n\n<p><strong>Prodotto da&nbsp;<\/strong>Indiana Production&nbsp;e&nbsp;Moonage Pictures<\/p>\n\n\n\n<p><strong>L\u2019AMICA GENIALE \u2013 STORIA DELLA BAMBINA PERDUTA&nbsp;<\/strong>(RAI)<\/p>\n\n\n\n<p><strong>Regia&nbsp;<\/strong>Laura BISPURI<\/p>\n\n\n\n<p><strong>Scritto da&nbsp;<\/strong>Elena&nbsp;Ferrante, Francesco&nbsp;Piccolo, Laura&nbsp;Paolucci, Saverio&nbsp;Costanzo<\/p>\n\n\n\n<p><strong>Una produzione&nbsp;<\/strong>Fandango,&nbsp;The Apartment,&nbsp;Fremantle Italy,&nbsp;Wildside&nbsp;e&nbsp;Mowe<\/p>\n\n\n\n<p>in collaborazione con&nbsp;Rai Fiction&nbsp;e HBO&nbsp;Entertainment<\/p>\n\n\n\n<p><strong>L\u2019ARTE DELLA GIOIA&nbsp;<\/strong>(SKY)<\/p>\n\n\n\n<p><strong>Regia&nbsp;<\/strong>Valeria GOLINO, Nicolangelo&nbsp;Gelormini&nbsp;(ep. 5)<\/p>\n\n\n\n<p><strong>Sceneggiature&nbsp;<\/strong>Valeria&nbsp;Golino, Francesca&nbsp;Marciano, Valia&nbsp;Santella, Luca&nbsp;Infascelli, Stefano&nbsp;Sardo<\/p>\n\n\n\n<p><strong>Prodotta da&nbsp;<\/strong>Sky Studios, HT&nbsp;Film<\/p>\n\n\n\n<p><strong>LEOPARDI \u2013 IL POETA DELL\u2019INFINITO&nbsp;<\/strong>(RAI)<\/p>\n\n\n\n<p><strong>Regia&nbsp;<\/strong>Sergio&nbsp;rubini<\/p>\n\n\n\n<p><strong>Scritto da&nbsp;<\/strong>Carla&nbsp;Cavalluzzi, Angelo&nbsp;Pasquini, Sergio&nbsp;Rubini<\/p>\n\n\n\n<p><strong>Una coproduzione&nbsp;<\/strong>RAI FICTION, IBC MOVIE, RAI COM, OPLON FILM<\/p>\n\n\n\n<p><strong>MIGLIOR SERIE \u2018<\/strong><strong>DRAMEDY\u2019&nbsp;&nbsp;&nbsp;<\/strong><\/p>\n\n\n\n<p><strong>LA VITA CHE VOLEVI&nbsp;<\/strong>(NETFLIX)<\/p>\n\n\n\n<p><strong>Creata e scritta da<\/strong>&nbsp;Ivan COTRONEO e Monica RAMETTA<\/p>\n\n\n\n<p><strong>Regia<\/strong>&nbsp;Ivan COTRONEO<\/p>\n\n\n\n<p><strong>Prodotta da<\/strong>&nbsp;Banijay Studios Italy<\/p>\n\n\n\n<p><strong>&nbsp;MISS FALLACI&nbsp;<\/strong>(trasmesso da RAI 1)<\/p>\n\n\n\n<p><strong>Una serie di&nbsp;<\/strong>Luca&nbsp;Ribuoli, Giacomo&nbsp;Martelli, Alessandra&nbsp;Gonnella<\/p>\n\n\n\n<p><strong>Regia&nbsp;<\/strong>Luca&nbsp;Ribuoli&nbsp;(Head Director, ep. 1-4), Giacomo&nbsp;Martelli&nbsp;(ep. 5,7,8), Alessandra&nbsp;Gonnella<\/p>\n\n\n\n<p><strong>Sceneggiatura&nbsp;<\/strong>Viola&nbsp;Rispoli&nbsp;(Head writer, ep. 1, 8), Tom&nbsp;Grieves&nbsp;(Head writer, ep. 3, 7),<\/p>\n\n\n\n<p>Laura&nbsp;Grimaldi&nbsp;(ep. 4, 6), Alice&nbsp;Urciuolo&nbsp;(ep. 5), Alessandra&nbsp;Gonnella&nbsp;(ep. 6), Miriam&nbsp;Leone&nbsp;(ep. 6)<\/p>\n\n\n\n<p><strong>Prodotto da<\/strong>&nbsp;Paramount Television International Studios&nbsp;e&nbsp;Minerva Pictures<\/p>\n\n\n\n<p><strong>STORIA DELLA MIA FAMIGLIA<\/strong><strong>&nbsp;<\/strong>(NETFLIX)<\/p>\n\n\n\n<p><strong>Creata da<\/strong>&nbsp;Filippo&nbsp;Gravino<\/p>\n\n\n\n<p><strong>Regia&nbsp;<\/strong>Claudio CUPELLINI<\/p>\n\n\n\n<p><strong>Sceneggiatura<\/strong>&nbsp;Filippo&nbsp;Gravino, Elisa&nbsp;Dondi&nbsp;(ep. 2, 4, 5)<\/p>\n\n\n\n<p><strong>Prodotta da&nbsp;<\/strong>PALOMAR (a&nbsp;Mediawan Company)<strong><\/strong><\/p>\n\n\n\n<p><strong>TUTTO CHIEDE SALVEZZA&nbsp;<\/strong>| STAGIONE 2(NETFLIX)<\/p>\n\n\n\n<p><strong>Regia&nbsp;<\/strong>Francesco BRUNI<\/p>\n\n\n\n<p><strong>Scritta da&nbsp;<\/strong>Francesco&nbsp;Bruni,&nbsp;Daniele&nbsp;Mencarelli, Daniela&nbsp;Gambaro<\/p>\n\n\n\n<p><strong>Prodotta da&nbsp;<\/strong>PICOMEDIA<\/p>\n\n\n\n<p><strong>TUTTO QUELLO CHE HO<\/strong><strong>&nbsp;<\/strong>(MEDIASET)<strong><\/strong><\/p>\n\n\n\n<p><strong>Regia&nbsp;<\/strong>Monica VULLO e Riccardo MOSCA<\/p>\n\n\n\n<p><strong>Sceneggiatura&nbsp;<\/strong>Fabrizio BETTELLI (Head writer), Giorgio GLAVIANO, Flaminia PADUA<\/p>\n\n\n\n<p><strong>Una coproduzione&nbsp;<\/strong>RTI, 7 VERTICALE<strong><\/strong><\/p>\n\n\n\n<p><strong>MIGLIOR \u2018FILM TV\u2019<\/strong><\/p>\n\n\n\n<p><strong>LA BAMBINA CON LA VALIGIA&nbsp;<\/strong>(RAI)<\/p>\n\n\n\n<p><strong>Regia&nbsp;<\/strong>Gianluca MAZZELLA<\/p>\n\n\n\n<p><strong>Sceneggiatura&nbsp;<\/strong>Andrea PORPORATI<\/p>\n\n\n\n<p><strong>Una produzione&nbsp;<\/strong>CLEMART in collaborazione conrai fiction<\/p>\n\n\n\n<p><strong>LA FARFALLA IMPAZZITA&nbsp;<\/strong>(RAI)<\/p>\n\n\n\n<p><a><strong>Regia&nbsp;<\/strong><\/a>Kiko ROSATI<\/p>\n\n\n\n<p><strong>Sceneggiatura&nbsp;<\/strong>Mauro CAPORICCIO, Andrea PORPORATI con la collaborazione di Maria PORPORATI<\/p>\n\n\n\n<p><strong>Una produzione&nbsp;<\/strong>11 MARZO FILMin collaborazione conrai fiction<\/p>\n\n\n\n<p><strong>QUESTI FANTASMI!&nbsp;<\/strong>(RAI)<\/p>\n\n\n\n<p><strong>Regia&nbsp;<\/strong>Alessandro GASSMANN<\/p>\n\n\n\n<p><strong>Sceneggiatura&nbsp;<\/strong>Massimo GAUDIOSO, Filippo GILI<\/p>\n\n\n\n<p><strong>Una produzione&nbsp;<\/strong>PICOMEDIA in collaborazione conrai fiction<\/p>\n\n\n\n<p><strong>&nbsp;<\/strong><strong>ATTRICE PROTAGONISTA<\/strong><\/p>\n\n\n\n<p>Tecla INSOLIA&nbsp;&nbsp;<em>L\u2019arte della gioia<\/em><\/p>\n\n\n\n<p>Irene MAIORINO&nbsp;&nbsp;<em>L\u2019amica geniale \u2013 Storia della bambina perduta<\/em><\/p>\n\n\n\n<p>Benedetta PORCAROLI&nbsp;&nbsp;<a><em>Il Gattopardo<\/em><\/a><\/p>\n\n\n\n<p>Lunetta SAVINO&nbsp;&nbsp;<em>Libera<\/em><\/p>\n\n\n\n<p>Vanessa SCALERA&nbsp;&nbsp;<em>Avetrana \u2013 Qui non \u00e8 Hollywood<\/em><\/p>\n\n\n\n<p><strong>ATTORE PROTAGONISTA<\/strong><\/p>\n\n\n\n<p>Luigi LO CASCIO&nbsp;&nbsp;<em>The bad guy \u2013 Seconda stagione<\/em><\/p>\n\n\n\n<p>Fabrizio GIFUNI&nbsp;&nbsp;<em>L\u2019amica geniale \u2013 Storia della bambina perduta<\/em><\/p>\n\n\n\n<p>Leonardo MALTESE&nbsp;&nbsp;<a><em>Leopardi \u2013 Il poeta dell\u2019infinito<\/em><\/a><\/p>\n\n\n\n<p>Eduardo SCARPETTA&nbsp;&nbsp;<em>Storia della mia famiglia<\/em><\/p>\n\n\n\n<p>Filippo TIMI&nbsp;&nbsp;<em>Dostoevskij<\/em><\/p>\n\n\n\n<p><strong>ATTRICE NON PROTAGONISTA<\/strong><\/p>\n\n\n\n<p>Valeria BRUNI TEDESCHI \u2013 Jasmine TRINCA&nbsp;&nbsp;<a><em>L\u2019arte della gioia<\/em><\/a><em><\/em><\/p>\n\n\n\n<p>Selene CARAMAZZA&nbsp;&nbsp;<em>The bad guy \u2013 Seconda stagione<\/em><\/p>\n\n\n\n<p>Carlotta GAMBA&nbsp;&nbsp;<a><em>Dostoevskij<\/em><\/a><\/p>\n\n\n\n<p>Maria PAIATO&nbsp;&nbsp;<em>Vita da Carlo \u2013 Terza stagione<\/em><\/p>\n\n\n\n<p>Anna Rita VITOLO&nbsp;&nbsp;<em>L\u2019amica geniale \u2013 Storia della bambina perduta<\/em><\/p>\n\n\n\n<p><strong>ATTORE NON PROTAGONISTA<\/strong><\/p>\n\n\n\n<p>Paolo CALABRESI \u2013 Francesco COLELLA&nbsp;&nbsp;<em>Il Gattopardo<\/em><\/p>\n\n\n\n<p>Guido CAPRINO&nbsp;&nbsp;<em>L\u2019arte della gioia<\/em><\/p>\n\n\n\n<p>Antonio CATANIA \u2013 Vincenzo PIRROTTA&nbsp;&nbsp;<em>The bad guy \u2013 Seconda stagione<\/em><\/p>\n\n\n\n<p>Gabriel MONTESI&nbsp;&nbsp;<em>Dostoevskij<\/em><\/p>\n\n\n\n<p>Fausto RUSSO ALESI&nbsp;&nbsp;<em>Leopardi \u2013 Il poeta dell\u2019infinito<\/em><\/p>\n\n\n\n<p><strong>I NASTRI d\u2019ARGENTO GRANDI SERIE<\/strong><\/p>\n\n\n\n<p>sono un progetto speciale dei Nastri d\u2019Argento<\/p>\n\n\n\n<p><strong>in collaborazione con Film Commission Regione Campania<\/strong><\/p>\n\n\n\n<p>Premio di interesse culturale nazionale,&nbsp;i&nbsp;<strong>NASTRI d\u2019ARGENTO&nbsp;<\/strong>nel 2025 alla&nbsp;<a href=\"http:\/\/79.ma\/\" target=\"_blank\" rel=\"noreferrer noopener\">79.ma<\/a>&nbsp;edizione<\/p>\n\n\n\n<p>&nbsp;sono realizzati dal SNGCI Sindacato Nazionale Giornalisti Cinematografici Italiani<\/p>\n\n\n\n<p>con il sostegno del&nbsp;<strong>MiC<\/strong>&nbsp;&#8211;&nbsp;<strong>Ministero della Cultura Direzione Generale per il Cinema e l\u2019audiovisivo<\/strong><\/p>\n\n\n\n<p>e con il supporto di partner istituzionali e sponsor privati&nbsp;<\/p>\n\n\n\n<p>Partner istituzionali &nbsp;<strong>SIAE<a>&nbsp;&#8211; Societ\u00e0 Italiana degli Autori ed Editori<\/a><\/strong><\/p>\n\n\n\n<p><strong>Nuovo Imaie, Fondazione Nobis<\/strong><\/p>\n\n\n\n<p><strong><u>Sponsor 2025<\/u><\/strong><\/p>\n","protected":false},"excerpt":{"rendered":"<p>&nbsp; &nbsp; &nbsp;&nbsp;&nbsp; M \u2013 Il figlio del secolo &nbsp;&nbsp;&nbsp; &nbsp;\u2018Serie dell\u2019anno\u2019 2025 Con le \u2018cinquine\u2019 finaliste da oggi in [&hellip;]<\/p>\n","protected":false},"author":1,"featured_media":0,"comment_status":"open","ping_status":"open","sticky":false,"template":"","format":"standard","meta":{"footnotes":""},"categories":[33,10],"tags":[],"class_list":["post-72998","post","type-post","status-publish","format-standard","hentry","category-espectaculo","category-italiano"],"_links":{"self":[{"href":"https:\/\/www.ecoitaliano.com.ar\/index.php?rest_route=\/wp\/v2\/posts\/72998","targetHints":{"allow":["GET"]}}],"collection":[{"href":"https:\/\/www.ecoitaliano.com.ar\/index.php?rest_route=\/wp\/v2\/posts"}],"about":[{"href":"https:\/\/www.ecoitaliano.com.ar\/index.php?rest_route=\/wp\/v2\/types\/post"}],"author":[{"embeddable":true,"href":"https:\/\/www.ecoitaliano.com.ar\/index.php?rest_route=\/wp\/v2\/users\/1"}],"replies":[{"embeddable":true,"href":"https:\/\/www.ecoitaliano.com.ar\/index.php?rest_route=%2Fwp%2Fv2%2Fcomments&post=72998"}],"version-history":[{"count":2,"href":"https:\/\/www.ecoitaliano.com.ar\/index.php?rest_route=\/wp\/v2\/posts\/72998\/revisions"}],"predecessor-version":[{"id":73002,"href":"https:\/\/www.ecoitaliano.com.ar\/index.php?rest_route=\/wp\/v2\/posts\/72998\/revisions\/73002"}],"wp:attachment":[{"href":"https:\/\/www.ecoitaliano.com.ar\/index.php?rest_route=%2Fwp%2Fv2%2Fmedia&parent=72998"}],"wp:term":[{"taxonomy":"category","embeddable":true,"href":"https:\/\/www.ecoitaliano.com.ar\/index.php?rest_route=%2Fwp%2Fv2%2Fcategories&post=72998"},{"taxonomy":"post_tag","embeddable":true,"href":"https:\/\/www.ecoitaliano.com.ar\/index.php?rest_route=%2Fwp%2Fv2%2Ftags&post=72998"}],"curies":[{"name":"wp","href":"https:\/\/api.w.org\/{rel}","templated":true}]}}