{"id":73014,"date":"2025-05-10T14:23:29","date_gmt":"2025-05-10T14:23:29","guid":{"rendered":"https:\/\/www.ecoitaliano.com.ar\/?p=73014"},"modified":"2025-05-10T14:23:29","modified_gmt":"2025-05-10T14:23:29","slug":"serena-conduce-operaclassica-eco-italiano-4314","status":"publish","type":"post","link":"https:\/\/www.ecoitaliano.com.ar\/?p=73014","title":{"rendered":"Serena conduce operaclassica eco italiano"},"content":{"rendered":"<div class=\"wp-block-image\">\n<figure class=\"aligncenter size-full\"><a href=\"http:\/\/www.ecoitaliano.com.ar\/wp-content\/uploads\/2025\/05\/Screenshot-280-1.png\"><img decoding=\"async\" width=\"432\" height=\"117\" src=\"http:\/\/www.ecoitaliano.com.ar\/wp-content\/uploads\/2025\/05\/Screenshot-280-1.png\" alt=\"\" class=\"wp-image-73015\" srcset=\"https:\/\/www.ecoitaliano.com.ar\/wp-content\/uploads\/2025\/05\/Screenshot-280-1.png 432w, https:\/\/www.ecoitaliano.com.ar\/wp-content\/uploads\/2025\/05\/Screenshot-280-1-300x81.png 300w, https:\/\/www.ecoitaliano.com.ar\/wp-content\/uploads\/2025\/05\/Screenshot-280-1-150x41.png 150w\" sizes=\"(max-width: 432px) 100vw, 432px\" \/><\/a><\/figure><\/div>\n\n\n<p><strong>comunicato stampa<\/strong><\/p>\n\n\n\n<p><strong>Le stelle del Balletto dell\u2019Opera Nazionale di Riga in<\/strong><\/p>\n\n\n\n<p><strong><em>La bella addormentata<\/em><\/strong><strong> di \u010cajkovskij, su coreografia di Aivars Leimanis,<\/strong><\/p>\n\n\n\n<p><strong>per la Stagione lirica e di balletto 2024-2025<\/strong><\/p>\n\n\n\n<p><strong>Marted\u00ec 13 maggio alle 20.30<\/strong> (turno A) va in scena il settimo appuntamento della <strong>Stagione lirica e di balletto 2024-2025<\/strong> del Teatro Lirico di Cagliari: ritorna la grande danza classica con <strong><em>La bella addormentata<\/em><\/strong>, balletto in tre atti dalla fiaba <em>La belle au bois dormant<\/em> di Charles Perrault, su musica di <strong>P\u00ebtr Il\u2019i\u010d \u010cajkovskij<\/strong> e coreografia di <strong>Aivars Leimanis<\/strong>, da Marius Petipa.<\/p>\n\n\n\n<p>Sul palcoscenico cagliaritano si esibisce il <strong>Balletto dell\u2019Opera Nazionale di Riga<\/strong>, uno dei pi\u00f9 importanti e prestigiosi corpi di ballo della Repubblica di Lettonia che vanta una ricca tradizione artistica. L\u2019altissimo livello professionale raggiunto, tanto dal corpo di ballo che dai solisti, permette alla compagine di poter offrire un repertorio che spazia dalla tradizione classica alle coreografie contemporanee. Numerosi solisti hanno ricevuto importanti premi, tanto nei concorsi nazionali che in quelli internazionali. Questo prestigioso corpo di ballo, massimo esempio della tradizione coreografica romantica, ritorna al Teatro Lirico di Cagliari dopo il successo ottenuto, nel 2010 con <em>Lo schiaccianoci<\/em> di \u010cajkovskij e nel 2009 con <em>Le corsaire<\/em> di Adam.<\/p>\n\n\n\n<p>L\u2019<strong>Orchestra<\/strong><strong> del Teatro Lirico di Cagliari<\/strong> \u00e8 diretta da <strong>M\u0101rti\u0146\u0161 Ozoli\u0146\u0161<\/strong>, direttore principale dell\u2019Opera e Balletto Nazionale Lettone.<\/p>\n\n\n\n<p>La messinscena \u00e8 dello stesso <strong>Aivars Leimanis<\/strong>, che \u00e8 anche coreografo e direttore artistico del Balletto, mentre le scene e i costumi sono di <strong>In\u0101ra Gauja<\/strong>, le luci di <strong>K\u0101rlis Kaupu\u017e<\/strong> e il <em>designer<\/em> trucco di <strong>Ingr\u012bda Bandeniece<\/strong> ed <strong>Elita Kl\u0101ra<\/strong>. Questo allestimento \u00e8 stato rappresentato, per la prima volta, l\u20198 maggio 2010 all\u2019Opera Nazionale Lettone di Riga.<\/p>\n\n\n\n<p>Interpreti principali della <em>Bella addormentata<\/em> sono alcune delle pi\u00f9 celebri stelle del Balletto dell\u2019Opera Nazionale di Riga che si alternano nelle diverse recite: <strong>Sab\u012bne Strok\u0161a<\/strong> (13-17p)\/<strong>Yuliya Brauer<\/strong> (14-18)\/<strong>Elza Leimane<\/strong> (15-17s)\/<strong>Jolanta Lub\u0113ja<\/strong> (16)(<em>Principessa Aurora<\/em>); <strong>Philip Fedulov<\/strong> (13-15-17p-17s)\/<strong>K\u0101rlis C\u012brulis<\/strong> (14-16-18)(<em>Principe D\u00e9sir\u00e9<\/em>); <strong>Alise Prud\u0101ne-Spridz\u0101ne<\/strong> (13-15-17p-18)\/<strong>Emma Lag\u016bna<\/strong> (14-16-17s)(<em>La fata dei lill\u00e0<\/em>); <strong>Annija Kop\u0161t\u0101le<\/strong> (13-14-16-17s)\/<strong>Laine Pai\u0137e<\/strong> (15-17p-18)(<em>La fata malvagia Carabosse<\/em>); <strong>Jolanta Lub\u0113ja<\/strong> (13-18)\/<strong>Izabella Monastirska-Urt\u0101ne<\/strong> (14-17s)\/<strong>Krista \u0160trausa<\/strong> (15-16)\/<strong>Yuliya Brauer<\/strong> (17p)(<em>Principessa Florine<\/em>); <strong>Finnian Patrick Hepting<\/strong> (13-15-16)\/<strong>Germans \u0160ev\u010denko<\/strong> (14-17s)\/<strong>Darius Florian Catana<\/strong> (17p-18)(<em>L\u2019uccello azzurro<\/em>); <strong>Emma Lag\u016bna<\/strong> (13-17p)\/<strong>Alisa Tomkovi\u010da<\/strong> (14-16)\/<strong>Annija Kop\u0161t\u0101le<\/strong> (15-18)(<em>Diamante<\/em>); <strong>Antons Freimans<\/strong><em> <\/em>(<em>Maestro delle cerimonie<\/em>); <strong>Ints Rozi\u0146\u0161<\/strong><em> <\/em>(<em>Re<\/em>); <strong>Aishe Sila<\/strong><em> <\/em>(<em>Regina<\/em>).<\/p>\n\n\n\n<p><em>La bella addormentata<\/em>, come <em>Il lago dei cigni<\/em> e <em>Schiaccianoci<\/em>, \u00e8 un dei balletti pi\u00f9 eseguiti dalle compagnie di danza del mondo. Rappresentato per la prima volta al Teatro Mariinskij di San Pietroburgo il 15 gennaio 1890, <em>La bella addormentata<\/em> \u00e8 considerato il capolavoro ballettistico di P\u00ebtr Il\u2019i\u010d \u010cajkovskij (Kamsko-Votkinsk, governatorato di Vjatka, 1840 &#8211; San Pietroburgo, 1893) e un\u2019opera fondamentale del repertorio. Marius Petipa ne fece l\u2019apice del balletto accademico-romantico, anche dal punto di vista del linguaggio coreografico, che raggiunge in questo balletto una maturit\u00e0 e una purezza formale esemplari.<\/p>\n\n\n\n<p><strong><em>La bella addormentata<\/em><\/strong>, la cui ultima rappresentazione al Teatro Lirico di Cagliari risale al dicembre 2012, viene replicato: <strong>mercoled\u00ec 14 maggio alle 20.30<\/strong> (turno B); <strong>gioved\u00ec 15 maggio alle 19<\/strong> (turno F); <strong>venerd\u00ec 16 maggio alle 20.30<\/strong> (turno C); <strong>sabato 17 maggio alle 15.30<\/strong> (turno E); <strong>sabato 17 maggio alle 21<\/strong> (turno G); <strong>domenica 18 maggio alle 17<\/strong> (turno D).<\/p>\n\n\n\n<p><strong>Il balletto ha una durata complessiva di 2 ore e 50 minuti circa compresi due intervalli<a>.<\/a><\/strong><\/p>\n\n\n\n<p>La bellissima musica di \u010cajkovskij, insieme alla magnifica scenografia, porta il pubblico nel meraviglioso mondo delle fate, di personaggi delle fiabe, principesse e malfattori. In un lontano regno, le fate arrivano alla cerimonia di battesimo della piccola principessa Aurora per donare alla bambina bellezza, saggezza e bont\u00e0. La fata malvagia Carabosse che il Maestro di cerimonie ha dimenticato di invitare, si vendica lanciando una maledizione: al suo sedicesimo compleanno, la principessa si punger\u00e0 il dito con un fuso e morir\u00e0. \u00abLa bella addormentata <em>\u00e8 un punto di riferimento del balletto classico. Ai ballerini \u00e8 richiesto un senso dello stile impeccabile, in particolare posizioni perfette di mani e piedi.<\/em> [..] <em>\u00c8 adatto alla nostra compagnia poich\u00e9 ha molti ruoli grandi e piccoli, con danze tecnicamente impegnative non solo per i solisti principali, ma anche per le fate, i gioielli e altri ruoli. Penso che questo balletto possa anche vantare uno dei ruoli femminili pi\u00f9 impegnativi del balletto classico, quello della principessa Aurora, che pu\u00f2 essere interpretato solo dalle migliori ballerine.<\/em>\u00bb (Aivars Leimanis, Direttore artistico Balletto dell\u2019Opera Nazionale di Riga)<\/p>\n\n\n\n<p>Da <strong>gioved\u00ec 17 ottobre 2024<\/strong> si possono acquistare i <strong>biglietti<\/strong> per tutti gli spettacoli della Stagione lirica e di balletto; lo stesso servizio \u00e8 possibile anche <em>online<\/em> attraverso il circuito di prevendita www.vivaticket.it.<\/p>\n\n\n\n<p>I posti in teatro sono identificati, come sempre, per ordine (platea, prima e seconda loggia) e per settore (giallo, rosso e blu). Ad ogni settore corrisponde un prezzo, secondo il diverso valore dei posti.<\/p>\n\n\n\n<p><strong>Prezzi biglietti<\/strong>: platea da \u20ac 75,00 a \u20ac 50,00 (settore giallo), da \u20ac 60,00 a \u20ac 40,00 (settore rosso), da \u20ac 50,00 a \u20ac 30,00 (settore blu); I loggia da \u20ac 55,00 a \u20ac 40,00 (settore giallo), da \u20ac 45,00 a \u20ac 30,00 (settore rosso), da \u20ac 40,00 a \u20ac 25,00 (settore blu); II loggia da \u20ac 35,00 a \u20ac 25,00 (settore giallo), da \u20ac 25,00 a \u20ac 20,00 (settore rosso), da \u20ac 20,00 a \u20ac 15,00 (settore blu).<\/p>\n\n\n\n<p><strong>Ai giovani <em>under<\/em> 35 ed ai disabili sono applicate riduzioni del 50% sull\u2019acquisto di biglietti. Ulteriori agevolazioni sono previste per gruppi organizzati.<\/strong><\/p>\n\n\n\n<p>Il Teatro Lirico di Cagliari continua ad offrire la possibilit\u00e0, al variegato e multiforme pubblico di giovani e giovanissimi studenti di tutte le scuole sarde di qualsiasi ordine e grado, di avvicinarsi ancora una volta o, in alcuni casi, per la prima volta all\u2019affascinante mondo del teatro musicale a condizioni davvero vantaggiose ed agevolate.<\/p>\n\n\n\n<p>Anche in occasione di questo spettacolo, sono a disposizione biglietti, al <strong>prezzo promozionale di \u20ac 5<\/strong>, per tutte le scuole della Sardegna, compresi i conservatori e le universit\u00e0.<\/p>\n\n\n\n<p><strong>La Biglietteria del Teatro Lirico \u00e8 aperta luned\u00ec, marted\u00ec, gioved\u00ec, venerd\u00ec e sabato dalle 9 alle 13, mercoled\u00ec dalle 16 alle 20 e, nei giorni di spettacolo, anche da due ore prima dell\u2019inizio. \u00c8 chiusa, invece, <\/strong><strong>i giorni festivi e i luned\u00ec successivi alle domeniche di spettacolo.<\/strong><\/p>\n\n\n\n<p><strong>Per informazioni<\/strong>: <strong>Biglietteria del Teatro Lirico<\/strong>, via Sant\u2019Alenixedda, 09128 Cagliari, telefono 0704082230 &#8211; 0704082249, <a href=\"mailto:biglietteria@teatroliricodicagliari.it;\">biglietteria@teatroliricodicagliari.it<\/a>, <a href=\"http:\/\/www.teatroliricodicagliari.it\/\">www.teatroliricodicagliari.it<\/a>. Il Teatro Lirico di Cagliari si pu\u00f2 seguire anche su Facebook, Twitter, YouTube, Instagram, Linkedin. Biglietteria <em>online<\/em>: <a href=\"http:\/\/www.vivaticket.com\">www.vivaticket.com<\/a>. <strong>Servizio promozione culturale<\/strong> <a href=\"mailto:scuola@teatroliricodicagliari.it\">scuola@teatroliricodicagliari.it<\/a>.<\/p>\n\n\n\n<p>La Direzione si riserva di apportare al programma le modifiche che si rendessero necessarie per esigenze tecniche o per cause di forza maggiore. Eventuali modifiche al cartellone saranno indicate nel sito internet del teatro www.teatroliricodicagliari.it.<\/p>\n\n\n\n<p>Cagliari, 9 maggio 2025<\/p>\n\n\n\n<p>Pierluigi Corona<\/p>\n\n\n\n<p>Responsabile Ufficio Stampa<\/p>\n\n\n\n<p>Teatro Lirico di Cagliari, via Efisio Cao di San Marco, 09128 Cagliari &#8211; Italia telefono +39 0704082209 &#8211; <a href=\"mailto:stampa@teatroliricodicagliari.it\">stampa@teatroliricodicagliari.it<\/a> &#8211; <a href=\"http:\/\/www.teatroliricodicagliari.it\/\">www.teatroliricodicagliari.it<\/a><\/p>\n\n\n\n<p><strong>Stagione lirica e di balletto 2024-2025<\/strong><\/p>\n\n\n\n<p><strong>La bella addormentata<\/strong><\/p>\n\n\n\n<p><em>coreografia<\/em> Aivars Leimanis, da Marius Petipa<\/p>\n\n\n\n<p><em>musica<\/em> Petr Il\u2019i\u010d \u010cajkovskij<\/p>\n\n\n\n<p><strong>Gli interpreti<\/strong><\/p>\n\n\n\n<p><strong>Balletto dell\u2019Opera Nazionale di Riga<\/strong><\/p>\n\n\n\n<p>Il Balletto dell\u2019Opera Nazionale di Riga \u00e8 l\u2019unica compagnia di balletto professionale della Lettonia. La storia quasi centenaria del balletto lettone \u00e8 strettamente legata alle migliori tradizioni della scuola russa di balletto classico. In questo modo, le tradizioni del balletto classico russo sono state tramandate di generazione in generazione, dando vita a stelle del balletto come Mikhail Baryshnikov, M\u0101ris Liepa e Alexandr Godunov, ognuno dei quali si \u00e8 formato proprio a Riga. Il Balletto dell\u2019Opera Nazionale di Riga \u00e8 composto da pi\u00f9 di 60 ballerini, tra i quali alcuni sono vincitori di prestigiosi concorsi internazionali di balletto, quali Concorso Internazionale di Balletto di Mosca, Concorso Internazionale di Balletto della Corea, Concorso Internazionale di Balletto di Valentina Kozlova, Concorso Internazionale di Balletto del Sud Africa. Oggi il repertorio del Balletto dell\u2019Opera Nazionale di Riga si basa su \u201cperle\u201d del balletto classico come: <em>Giselle<\/em>, <em>Il lago dei cigni<\/em>, <em>Lo schiaccianoci<\/em>, <em>Don Chisciotte<\/em> e <em>La fille mal gard\u00e9e<\/em>. Parte importante del repertorio sono anche i balletti neoclassici e contemporanei come: <em>Dracula<\/em>, <em>Peer Gynt<\/em>, <em>Nijinski<\/em>, <em>Serenade<\/em> e <em>Carmina Burana<\/em>. Il coreografo Aivars Leimanis \u00e8 Direttore artistico del Balletto dell\u2019Opera Nazionale di Riga dal 1993. Ha concentrato la sua attenzione sia sulle rivisitazioni di balletti classici, sia su progetti di collaborazione con coreografi di fama internazionale, tra cui: Marco Goecke, Boris Eifman, Krzyzstof Pastor, Edward Klug, Hans van Manen, Thierry Malandain, Christian Spuck e Petr Zuska. Il Balletto dell\u2019Opera Nazionale di Riga \u00e8 stato ospite di teatri quali: Ch\u00e2telet di Parigi, Bolshoi di Mosca, China National Centre for the Performing Arts di Pechino, Staatsoper di Hannover, Fenice di Venezia, Opera di Roma, Opera di Israele, Festival Theater di Edimburgo, Maison de la Danse di Lione, Stanislavsky Nemirovich-Danchenko di Mosca e di molti altri palcoscenici in tutto il mondo.<\/p>\n\n\n\n<p><strong>Yuliya Brauer &#8211; <em>Principessa Aurora<\/em><\/strong><\/p>\n\n\n\n<p>Si diploma alla Scuola di Coreografia di Riga nel 2011 ed entra a far parte del Balletto dell\u2019Opera Nazionale di Riga nel 2013. Nel 2011 riceve il \u201cBallet Chairman\u2019s Award\u201d al Concorso Internazionale di Balletto della Corea e una borsa di studio per studiare alla Washington School of Ballet. L\u2019anno successivo prosegue la sua formazione alla Boston Ballet School. Il suo repertorio include: Principessa Aurora in <em>La bella addormentata<\/em>, protagonista in <em>La Esmeralda<\/em>, Odette\/Odile in <em>Il lago dei cigni<\/em>, Maria in <em>Lo schiaccianoci<\/em>, Lise in <em>La fille mal gard\u00e9e<\/em>, Mina in <em>Dracula<\/em>, protagonista in <em>Giselle<\/em>, Giulietta in <em>Romeo e Giulietta<\/em>, Nikiya in <em>La Bayad\u00e8re<\/em>, Constance in <em>I tre moschettieri<\/em>. Yuliya Brauer riceve il Premio Lettone della Danza nel 2019 come Miglior Solista Femminile di Balletto e il Premio della Fondazione dell\u2019Opera Nazionale Lettone nel 2018 come Miglior Solista di Balletto. Nel 2020 \u00e8 stata insignita del Premio Hel\u0113na Tangijeva-Birzniece. Ha interpretato Giulietta con il Balletto Nazionale Sloveno a Maribor. Ha inoltre partecipato a <em>tourn\u00e9e<\/em> internazionali con il Balletto dell\u2019Opera Nazionale di Riga in Italia, Grecia, Spagna, Finlandia.<\/p>\n\n\n\n<p><strong>K\u0101rlis C\u012brulis &#8211; <em>Principe D\u00e9sir\u00e9<\/em><\/strong><\/p>\n\n\n\n<p>Diplomato alla Scuola di Coreografia di Riga nel 2016, \u00e8 entrato a far parte del Balletto dell\u2019Opera Nazionale di Riga nello stesso anno. Il suo repertorio include Pierre Gringoire e Act\u00e9on in <em>La Esmeralda<\/em>, Colas in <em>La fille mal gard\u00e9e<\/em>, Basilio in <em>Don Chisciotte<\/em>, Jonathan Harker in <em>Dracula<\/em>, il ruolo principale in <em>Lo schiaccianoci<\/em>, Schiavo in <em>Le Corsaire<\/em>, Principe D\u00e9sir\u00e9 e Uccello Azzurro in <em>La bella addormentata<\/em>, Rothbart e il <em>pas de deux<\/em> in <em>Il lago dei cigni<\/em>. Nel 2016, K\u0101rlis C\u012brulis ha vinto il 1\u00b0 Premio al Concorso Internazionale di Balletto del Baltico e il 2\u00b0 Premio al Concorso Internazionale di Balletto della Corea. Nel 2017 ha ricevuto la Medaglia di Bronzo al Concorso Internazionale di Balletto di Mosca. Ha ricevuto il Premio Lettone della Danza nel 2019, nella categoria Miglior Interprete di Danza Classica.<\/p>\n\n\n\n<p><strong>Philip Fedulov &#8211; <em>Principe D\u00e9sir\u00e9<\/em><\/strong><\/p>\n\n\n\n<p>Nato a Philadelphia (USA), studia danza all\u2019Ellison Ballet di New York. Ha danzato con lo Houston Ballet e l\u2019Orlando Ballet. Nel 2011 \u00e8 finalista del prestigioso Concorso di Balletto Youth America Grand Prix di New York e, nel 2015, riceve un premio al Concorso Internazionale di Balletto e Danza Contemporanea Domenico Modugno di Bari. Dal 2013 al 2021 \u00e8 Solista principale del Balletto Statale della Georgia. Nel 2021 entra a far parte del Balletto dell\u2019Opera Nazionale di Riga come Primo Ballerino. Il suo repertorio comprende Colas in <em>La fille mal gard\u00e9e<\/em> di Frederick Ashton, Principe D\u00e9sir\u00e9 in <em>La bella addormentata<\/em>, il ruolo principale in <em>Casanova<\/em>, Pierre Gringoire e Act\u00e9on in <em>La Esmeralda<\/em>, Diaghilev in <em>Nijinski<\/em> di Marco Goecke, Principe Siegfried in <em>Il lago dei cigni<\/em>, Basilio in <em>Don Chisciotte<\/em>, Khan Girey in <em>La fontana di Bakhchisaray<\/em>, Principe Albrecht in <em>Giselle<\/em>, Principe in <em>Lo schiaccianoci<\/em>, giovane Conte Dracula in <em>Dracula<\/em>, cos\u00ec come ruoli in balletti lettoni quali Aleksis in <em>Antonija #Silma\u010di<\/em> e <em>Karlsson vola<\/em>.<\/p>\n\n\n\n<p><strong>Elza Leimane &#8211; <em>Principessa Aurora<\/em><\/strong><\/p>\n\n\n\n<p>Si diploma alla Scuola di Coreografia di Riga nel 2001 e, nello stesso anno, entra a far parte del Corpo di Ballo dell\u2019Opera Nazionale di Riga. \u00c8 stata anche membro dell\u2019European Youth Ballet (2000 e 2004). Ha arricchito la sua formazione al Conservatorio di Musica di Parigi, ai corsi estivi dell\u2019Anaheim Ballet (USA), ai corsi estivi del Conservatorio di Vienna, durante uno <em>stage<\/em> al Teatro Mariinsky di San Pietroburgo e nella Compagnia del Balletto di Amburgo (Germania). Nel 2002 e 2003, Elza Leimane partecipa al Seminario Internazionale di Balletto Bartolin (Danimarca). La ballerina ha vinto: il 3\u00b0 posto al Concorso di Balletto di Yalta (1998); il titolo di Miglior Giovane Danzatrice al Concorso Rudolf Nureyev e il Premio Speciale Diaghilev (Budapest); il 1\u00b0 posto al Concorso di Balletto di Vienna (1999); una menzione speciale al concorso Eurovision Young Dancers (1999); una menzione speciale alla New York International Ballet Competition (2005). Nel 1998 e 1999 ha ricevuto il Premio del Ministero della Cultura Lettone. Nel 2005 \u00e8 stata insignita del Premio Annuale Aldaris come miglior solista di balletto e del Premio \u201cSp\u0113lma\u0146u nakts\u201d del Teatro Lettone come Miglior Danzatrice dell\u2019Anno per la sua interpretazione di Giselle e della Marchesa de Merteuil (2006). Nel 2011 ha ricevuto il Premio Annuale dell\u2019Opera \u201cLatvijas G\u0101ze\u201d come Miglior Solista di Balletto. Ha ricevuto anche il Premio Lettone della Danza 2019-2021 come Miglior Coreografa di Balletto. Nel 2018 ha ricevuto la prestigiosa Onorificenza dell\u2019Ordine delle Tre Stelle. Elza Leimane si \u00e8 esibita, tra gli altri, anche in Gran Bretagna, Israele, Italia, Spagna, Portogallo, Svezia, Norvegia, Finlandia, Danimarca, Olanda, Germania, Lussemburgo, Svizzera. Nel gennaio 2009 partecipa come ospite agli spettacoli del Ballet Russe interpretando Giselle. I suoi ruoli all\u2019Opera Nazionale di Riga includono la protagonista in <em>Romeo e Giulietta<\/em>, <em>La Sylphide<\/em>, <em>Giselle<\/em>, Kitri in <em>Don Chisciotte<\/em>, Katarina in <em>La bisbetica domata<\/em>, Gulnare e Odalisca in <em>Le Corsaire<\/em>, la Ballerina in <em>Petroushka<\/em>, la principessa Tsarevna in <em>L\u2019uccello di fuoco<\/em>, la Ballerina in <em>The Bright Stream<\/em>, Odile in <em>Il lago dei cigni<\/em>, Clara in <em>Der Sandmann<\/em> di Christian Spuck, Zarema in <em>La fontana di Bakhchisaray<\/em>, Marquise de Merteuil in <em>Les liaisons dangereuses<\/em>. Con il Cape Town City Ballet ha interpretato Giulietta (<em>Romeo e Giulietta<\/em> di Veronica Paeper) e Anna Glawari (<em>La vedova allegra<\/em> di Paeper). Si \u00e8 esibita in gala in Europa, Stati Uniti e Corea del Sud, con l\u2019European Youth Ballet e le <em>star troupes<\/em> di Ulyana Lopatkina, nonch\u00e9 nel ruolo di Giselle con il Ballet Russes a Londra. Come ospite del Cape Town Ballet e del Johannesburg Ballet ha interpretato Kitri in <em>Don Chisciotte<\/em>. Nel 2015 consegue la laurea in coreografia all\u2019Accademia Lettone di Musica J\u0101zeps V\u012btols. Il suo atto unico <em>Images of Presence<\/em> \u00e8 stato inserito in <em>Unknown Territories<\/em> (2015), mentre le sue coreografie <em>Cattle<\/em> e <em>The Ballet of Unhatched Chicks<\/em> sono state incluse in <em>Pictures at an Exhibition<\/em>. In collaborazione con Raimonds Martinovs ha creato i pezzi <em>Gems<\/em> (per il Concerto del 150\u00b0 Anniversario della LNO) e <em>Three<\/em> (Premio \u201cLatvijas G\u0101ze\u201d 2011). Elza Leimane \u00e8 coreografa degli atti unici <em>Tell Me (No) Tales<\/em> (2019) e <em>Fellow Human<\/em> (2021). Le sue coreografie sono state rappresentate in gala negli Stati Uniti, Germania, Estonia, Russia e in vari concorsi internazionali.<\/p>\n\n\n\n<p><strong>Aivars Leimanis &#8211; <em>Direttore artistico e coreografia<\/em><\/strong><\/p>\n\n\n\n<p>\u00c8 il Direttore Artistico del Balletto dell\u2019Opera Nazionale di Riga dal 1993. Nel 1976 si diploma alla Scuola di Coreografia di Riga. Dal 1989 al 1995 studia alla Facolt\u00e0 dei Maestri di Balletto dell\u2019Accademia Russa delle Arti Teatrali (GITIS), specializzandosi come coreografo. Nel 1995 ottiene il titolo di \u201cMaster of Arts\u201d. \u00c8 stato solista del Balletto dell\u2019Opera Nazionale di Riga dal 1976 al 1996, dove interpreta ruoli principali in balletti quali: <em>Lo schiaccianoci<\/em>, <em>Giselle<\/em>, <em>Don Chisciotte<\/em>, <em>La bella addormentata<\/em>, <em>Le Corsaire<\/em>, <em>Cenerentola<\/em>. Ha rappresentato l\u2019arte lettone in oltre 40 paesi, tra cui USA, Francia, Cina, Gran Bretagna, Argentina. Come solista ospite ha danzato insieme al Bolshoi Ballet, Ballet Philippines, Moscow Festival Ballet e altre compagnie di balletto in Repubblica Ceca, Russia, Azerbaigian e Tagikistan. Dal 1989 al 1993 ha fatto parte del gruppo \u201cStar Group\u201d di Vladimir Vasilyev e Yekaterina Maksimova. Al Balletto dell\u2019Opera Nazionale di Riga ha coreografato e messo in scena numerosi balletti fra cui: <em>Francesca da Rimini<\/em>, <em>The Life<\/em>, <em>Fuete<\/em>, <em>Atlantis<\/em>, <em>La Bayad\u00e8re<\/em>, <em>Le Corsaire<\/em>, <em>Il lago dei cigni<\/em>, <em>Lo schiaccianoci<\/em>, <em>La bella addormentata<\/em>, <em>Giselle<\/em>, <em>Raymonda<\/em>, <em>Don Chisciotte<\/em>, <em>Copp\u00e9lia<\/em>, <em>La fontana di Bakhchisaray<\/em>, <em>Karlsson vola&#8230;<\/em>, <em>Antonija#Silma\u010di<\/em>. <em>Antonija#Silma\u010di<\/em> ha vinto il Premio Lettone della Danza 2019 come Miglior Produzione di Balletto, mentre <em>Karlsson vola&#8230;<\/em> ha vinto il Gran Premio Lettone della Musica e il premio speciale di \u201cLatvijas G\u0101ze\u201d come Miglior Spettacolo dell\u2019anno. Nel 2008 Aivars Leimanis riceve il Premio \u201cHel\u0113na Tangijeva &#8211; Birzniece\u201d per i risultati eccezionali nell\u2019arte del balletto, mentre nel 1999 vince il Premio \u201cPlayers\u2019 Night\u201d per la coreografia del balletto <em>Copp\u00e9lia<\/em>. Nel 2003 viene insignito dell\u2019Ordine delle Tre Stelle della Lettonia. Aivars Leimanis ha coreografato le danze per l\u2019opera <em>Aida<\/em> (produzioni a Riga e in Slovenia) e per l\u2019opera <em>Rose and Blood<\/em>, nonch\u00e9 miniature di balletto (Premio come Miglior Coreografo a Budapest nel 1998). Ha messo in scena <em>Le Corsaire<\/em> (2016) in Slovenia, <em>Lake of a Hundred Swans<\/em> (2013) a Tallinn (coproduzione tra il balletto lettone ed estone), <em>Giselle<\/em> (2008), <em>Le Corsaire<\/em> (2018) e <em>Copp\u00e9lia<\/em> (2019) in Croazia. Dal 1999 al 2005 affianca il lavoro al Balletto Nazionale Lettone alla carica di Membro del Consiglio Comunale di Riga. Dal 1999 al 2001 \u00e8 il Presidente della Commissione per la Cultura, l\u2019Arte e la Religione del Consiglio Comunale di Riga. Attualmente \u00e8 Presidente della Giuria del Concorso Internazionale di Balletto del Baltico ed \u00e8 membro di giuria in concorsi di balletto in USA, Svezia, Austria, Russia e Corea.<\/p>\n\n\n\n<p><strong>Jolanta Lub\u0113ja &#8211; <em>Principessa Aurora<\/em><\/strong><\/p>\n\n\n\n<p>Nata in Lettonia, si diploma alla Scuola di Coreografia di Riga nel 2009 ed entra a far parte del Balletto dell\u2019Opera Nazionale di Riga lo stesso anno. I suoi premi includono: Medaglia d\u2019Oro al Concorso Internazionale di Balletto della Corea (2016), Medaglie di Bronzo al Concorso Internazionale Baltic Ballet (2013 e 2016), Medaglia di Bronzo al Concorso Internazionale Stora Daldansen (2008), Borsa di Studio della Fondazione M\u0101ris Liepa (2006, 2007, 2008). Ha inoltre partecipato al Concorso Internazionale di Balletto di Varna (2012). Jolanta Lub\u0113ja viene nominata al Premio Teatrale Lettone \u201cSp\u0113lma\u0146u nakts\u201d nel 2016 e al Premio Lettone della Danza nel 2019 e 2024. Nel 2024 riceve il Premio Hel\u0113na Tangijeva-Birzniece. Nel settembre 2023 completa un programma avanzato di formazione artistica nel Balletto dell\u2019Opera di Parigi sotto la guida di Gilbert Mayer. Il suo repertorio include: Principessa Aurora in <em>La bella addormentata<\/em>, Odette\/Odile in <em>Il lago dei cigni<\/em>, Kitri in <em>Don Chisciotte<\/em>, Maria in <em>Lo schiaccianoci<\/em>, Lise in <em>La fille mal gard\u00e9e<\/em>, protagonista in <em>Giselle<\/em>. Si \u00e8 esibita in Italia, Spagna, Finlandia, Estonia, Lituania, Grecia, Svezia, Ucraina, Bielorussia, Cina, Israele, Corea del Sud.<\/p>\n\n\n\n<p><strong>Orchestra del Teatro Lirico di Cagliari<\/strong><\/p>\n\n\n\n<p>\u00c8 stata fondata nel 1933 e ha consolidato, negli anni, un fecondo rapporto con i maggiori direttori italiani, tra cui Tullio Serafin, Vittorio Gui, Antonino Votto, Guido Cantelli, Franco Ferrara, Franco Capuana, Willy Ferrero, e con compositori quali Ottorino Respighi, Ildebrando Pizzetti, Ermanno Wolf Ferrari, Riccardo Zandonai, Alfredo Casella. Risalgono agli anni \u201850-\u201960 le apparizioni sul podio di Lorin Maazel, Lovro von Matacic, Claudio Abbado, Sergiu Celibidache, Riccardo Muti, e le collaborazioni con Gioconda De Vito, Leonid Kogan, Henryk Szering, Andr\u00e9s Navarra, Dino Ciani, Maria Tipo, Nikita Magaloff, Wilhem Kempff, Martha Argerich. In questi ultimi anni l\u2019Orchestra ha collaborato, tra gli altri, con direttori come Lorin Maazel, Georges Pr\u00eatre, Emmanuel Krivine, Mstislav Rostropovich, Ton Koopman, Iv\u00e1n Fischer, Frans Br\u00fcggen, Carlo Maria Giulini, Gennadi Rozhdestvensky, Rafael Fr\u00fchbeck de Burgos, Neville Marriner, Christopher Hogwood, Hartmut Haenchen e con solisti come Martha Argerich, Aldo Ciccolini, Kim Kashkashian, Viktoria Mullova, Misha Maisky, Truls M\u00f8rk, Sabine Meyer, Yuri Bashmet, Salvatore Accardo. Dal 1999 al 2005 G\u00e9rard Korsten ha ricoperto il ruolo di direttore musicale e ha, fra l\u2019altro, diretto in prima esecuzione nazionale, <em>Die \u00e4gyptische Helena<\/em> di Richard Strauss, <em>Euryanthe<\/em> di Weber e <em>A Village Romeo and Juliet<\/em> di Delius, mentre nella stagione 2007-2008 George Pehlivanian \u00e8 stato direttore ospite principale. Negli ultimi anni l\u2019Orchestra ha collaborato regolarmente con Lorin Maazel, compiendo nel 1999 una <em>tourn\u00e9e<\/em> in Europa ed eseguendo con successo una serie di concerti. Nel 2002 ha rappresentato l\u2019Italia nella rassegna \u201cItalienische Nacht\u201d, organizzata dalla Bayerischer Rundfunk al Gasteig di Monaco di Baviera e trasmessa in diretta dalla radio bavarese. Nel 2005 ha suonato in un concerto in onore del Presidente della Repubblica Italiana Carlo Azeglio Ciampi. Nel 2010 ha partecipato al 98\u00b0 Festival di Wiesbaden con <em>Lucia di Lammermoor<\/em> per la direzione di Stefano Ranzani e la regia di Denis Krief, riscuotendo un grande successo. Recentemente, nell\u2019ambito di un progetto di internazionalizzazione del Teatro Lirico di Cagliari, realizzato e promosso in collaborazione con l\u2019Unione Europea, il Governo Italiano e la Regione Sardegna, l\u2019Orchestra \u00e8 stata invitata dalla New York City Opera per l\u2019esecuzione di <em>La campana sommersa<\/em> di Respighi, ricevendo il plauso del pubblico e della critica. Negli ultimi anni, anche nell\u2019ambito della rassegna \u201cCinque passi nel Novecento\u201d, ha eseguito, in prima assoluta, composizioni per orchestra che il Teatro Lirico di Cagliari ha commissionato a compositori come Sylvano Bussotti, Giorgio Tedde, Azio Corghi, Fabio Nieder, Alberto Colla, Carlo Boccadoro, Franco Oppo, Francesco Antonioni, Ivan Fedele, Michele Dall\u2019Ongaro, Filippo Del Corno, Vittorio Testa, Sergio Rendine, Orazio Sciortino. Per la casa discografica Dynamic ha inciso opere in prima esecuzione in Italia, quali: <em>Die Feen<\/em> di Wagner, <em>Dalibor<\/em> di Smetana, (premiate, rispettivamente, da \u201cMusica e Dischi\u201d quale miglior disco operistico italiano del 1997, e da \u201cOp\u00e9ra International\u201d col \u201cTimbre de Platine\u201d &#8211; gennaio 2001), <em>\u010cerevi\u010dki<\/em> e <em>Opri\u010dnik<\/em> di \u010cajkovskij, <em>Die \u00e4gyptische Helena<\/em> di Richard Strauss, <em>Euryanthe<\/em> di Weber, <em>Alfonso und Estrella<\/em> di Schubert, <em>Hans Heiling<\/em> di Marschner, <em>Ch\u00e9rubin<\/em> di Massenet, <em>Lucia di Lammermoor<\/em> di Donizetti. Ha inciso, inoltre, <em>Goyescas<\/em> di Granados e <em>La vida breve<\/em> di De Falla, <em>La Passione secondo Giovanni<\/em> di Bach, <em>La sonnambula<\/em> di Bellini, <em>I Shardana<\/em> di Porrino per la Dynamic, <em>Don Pasquale<\/em> per Rai Trade e <em>La leggenda della citt\u00e0 invisibile di Kite\u017e e della fanciulla Fevronija<\/em> di Rimskij-Korsakov per Naxos. Per la Rai ha registrato, nel 1998, <em>La Boh\u00e8me<\/em> trasmessa in tutto il mondo.<\/p>\n\n\n\n<p><strong>M\u0101rti\u0146\u0161 Ozoli\u0146\u0161 &#8211; <em>Direttore<\/em><\/strong><\/p>\n\n\n\n<p>\u00c8 il Direttore Principale dell\u2019Opera e Balletto Nazionale Lettone e Professore Associato all\u2019Accademia Lettone di Musica J\u0101zeps V\u012btols. \u00c8 vincitore del prestigioso IV Concorso Internazionale di Direzione d\u2019Orchestra Jorma Panula. Ha debuttato all\u2019Opera Nazionale Lettone nel 2003 dirigendo <em>Nabucco<\/em> di Verdi. M\u0101rti\u0146\u0161 Ozoli\u0146\u0161 ha diretto numerose rappresentazioni di balletti, opere, concerti di gala e sinfonie corali ed \u00e8 stato Direttore Musicale per la maggior parte delle nuove produzioni e delle riprese di precedenti allestimenti dell\u2019Opera e Balletto Nazionale Lettone. Il direttore ha collaborato con numerose orchestre internazionali tra cui: Orchestra Sinfonica Nazionale Lettone, Orchestra del Gewandhaus di Lipsia, Orchestra Sinfonica Nazionale Lituana, Orchestra del Teatro Lirico Giuseppe Verdi di Trieste, Orchestra del Teatro Massimo Bellini di Catania, Orchestra Sinfonica Siciliana, Tampere Philharmonic Orchestra, Orchestra Sinfonica Statale Lituana, Orchestra dell\u2019Opera Statale Georgiana, Hong Kong Sinfonietta. Ha diretto spettacoli e <em>tourn\u00e9e<\/em> a Mosca, Tampere, Lipsia, San Pietroburgo, Messico, Trieste, Catania, Mascate, Tbilisi. M\u0101rti\u0146\u0161 Ozoli\u0146\u0161 \u00e8 stato Direttore Ospite in due dei maggiori teatri cinesi a Tianjin e Harbin con <em>La Traviata<\/em> di Verdi, ha lavorato a Hong Kong con <em>Don Giovanni<\/em> di Mozart e ha partecipato al Festival Puccini di Torre del Lago dirigendo <em>Turandot<\/em>, <em>Manon Lescaut<\/em> e <em>La Boh\u00e8me<\/em>.<\/p>\n\n\n\n<p><strong>Sab\u012bne Strok\u0161a &#8211; <em>Principessa Aurora<\/em><\/strong><\/p>\n\n\n\n<p>Si diploma alla Scuola di Coreografia di Riga nel 2006 ed entra a far parte del Balletto dell\u2019Opera Nazionale di Riga lo stesso anno. Attualmente ricopre il ruolo di Prima Ballerina. Tra i suoi riconoscimenti figurano: 2\u00b0 posto al XVI Concorso Internazionale di Danza Classica di Grasse (2003), 2\u00b0 posto al Concorso Internazionale per Giovani Danzatori \u201cDaldansen\u201d in Svezia (2003), 3\u00b0 posto al Concorso Internazionale di Balletto \u201cJunostj Baleta\u201d in Ucraina (2002). \u00c8 finalista all\u2019XI Concorso Eurovision per Giovani Danzatori (2005) e al I Concorso Internazionale per Giovani Danzatori \u201cFouett\u00e9\u201d in Estonia (2000). Il suo repertorio al Balletto dell\u2019Opera Nazionale di Riga include: Lise in <em>La fille mal gard\u00e9e<\/em> di Frederick Ashton, Mina\/Elisabeth in <em>Dracula<\/em> di Krzysztof Pastor, protagonista in <em>La Esmeralda<\/em>, Odette\/Odile in <em>Il lago dei cigni<\/em>, Franziska in <em>Sul Danubio blu<\/em>, Maria in <em>Lo schiaccianoci<\/em>, Gamzatti in <em>La Bayad\u00e8re<\/em>, Principessa Aurora in <em>La bella addormentata<\/em>. Sab\u012bne Strok\u0161a ha partecipato come ospite a spettacoli in Francia, Croazia, Russia e Spagna. \u00c8 stata insignita del Premio Annuale Latvijas G\u0101ze come Miglior Solista di Balletto per la Stagione 2012\/2013 e del Premio Lettone della Danza 2021-2022 come Miglior Danzatrice di Balletto. Nel 2023 riceve il Premio Hel\u0113na Tangijeva-Birzniece.<\/p>\n\n\n\n<p>Cagliari, 9 maggio 2025<\/p>\n\n\n\n<p>Pierluigi Corona<\/p>\n\n\n\n<p>Responsabile Ufficio Stampa<\/p>\n\n\n\n<p>Teatro Lirico di Cagliari, via Efisio Cao di San Marco, 09128 Cagliari &#8211; Italia telefono +39 0704082209 &#8211; <a href=\"mailto:stampa@teatroliricodicagliari.it\">stampa@teatroliricodicagliari.it<\/a> &#8211; <a href=\"http:\/\/www.teatroliricodicagliari.it\/\">www.teatroliricodicagliari.it<\/a><\/p>\n\n\n\n<figure class=\"wp-block-gallery has-nested-images columns-default is-cropped wp-block-gallery-1 is-layout-flex wp-block-gallery-is-layout-flex\">\n<figure class=\"wp-block-image size-large\"><a href=\"https:\/\/www.ecoitaliano.com.ar\/wp-content\/uploads\/2025\/05\/complesso-artistico-La-bella-addormentata.jpg\"><img decoding=\"async\" width=\"724\" height=\"1024\" data-id=\"73016\" src=\"https:\/\/www.ecoitaliano.com.ar\/wp-content\/uploads\/2025\/05\/complesso-artistico-La-bella-addormentata-724x1024.jpg\" alt=\"\" class=\"wp-image-73016\" srcset=\"https:\/\/www.ecoitaliano.com.ar\/wp-content\/uploads\/2025\/05\/complesso-artistico-La-bella-addormentata-724x1024.jpg 724w, https:\/\/www.ecoitaliano.com.ar\/wp-content\/uploads\/2025\/05\/complesso-artistico-La-bella-addormentata-212x300.jpg 212w, https:\/\/www.ecoitaliano.com.ar\/wp-content\/uploads\/2025\/05\/complesso-artistico-La-bella-addormentata-768x1086.jpg 768w, https:\/\/www.ecoitaliano.com.ar\/wp-content\/uploads\/2025\/05\/complesso-artistico-La-bella-addormentata-1086x1536.jpg 1086w, https:\/\/www.ecoitaliano.com.ar\/wp-content\/uploads\/2025\/05\/complesso-artistico-La-bella-addormentata-1448x2048.jpg 1448w, https:\/\/www.ecoitaliano.com.ar\/wp-content\/uploads\/2025\/05\/complesso-artistico-La-bella-addormentata-106x150.jpg 106w, https:\/\/www.ecoitaliano.com.ar\/wp-content\/uploads\/2025\/05\/complesso-artistico-La-bella-addormentata.jpg 1654w\" sizes=\"(max-width: 724px) 100vw, 724px\" \/><\/a><\/figure>\n<\/figure>\n\n\n\n<figure class=\"wp-block-gallery has-nested-images columns-default is-cropped wp-block-gallery-2 is-layout-flex wp-block-gallery-is-layout-flex\">\n<figure class=\"wp-block-image size-large\"><a href=\"https:\/\/www.ecoitaliano.com.ar\/wp-content\/uploads\/2025\/05\/532d9c2b9795b6691f5fd6c05f71ba8f-0.jpg\"><img decoding=\"async\" width=\"724\" height=\"1024\" data-id=\"73017\" src=\"https:\/\/www.ecoitaliano.com.ar\/wp-content\/uploads\/2025\/05\/532d9c2b9795b6691f5fd6c05f71ba8f-0-724x1024.jpg\" alt=\"\" class=\"wp-image-73017\" srcset=\"https:\/\/www.ecoitaliano.com.ar\/wp-content\/uploads\/2025\/05\/532d9c2b9795b6691f5fd6c05f71ba8f-0-724x1024.jpg 724w, https:\/\/www.ecoitaliano.com.ar\/wp-content\/uploads\/2025\/05\/532d9c2b9795b6691f5fd6c05f71ba8f-0-212x300.jpg 212w, https:\/\/www.ecoitaliano.com.ar\/wp-content\/uploads\/2025\/05\/532d9c2b9795b6691f5fd6c05f71ba8f-0-768x1086.jpg 768w, https:\/\/www.ecoitaliano.com.ar\/wp-content\/uploads\/2025\/05\/532d9c2b9795b6691f5fd6c05f71ba8f-0-1086x1536.jpg 1086w, https:\/\/www.ecoitaliano.com.ar\/wp-content\/uploads\/2025\/05\/532d9c2b9795b6691f5fd6c05f71ba8f-0-1448x2048.jpg 1448w, https:\/\/www.ecoitaliano.com.ar\/wp-content\/uploads\/2025\/05\/532d9c2b9795b6691f5fd6c05f71ba8f-0-106x150.jpg 106w, https:\/\/www.ecoitaliano.com.ar\/wp-content\/uploads\/2025\/05\/532d9c2b9795b6691f5fd6c05f71ba8f-0.jpg 1654w\" sizes=\"(max-width: 724px) 100vw, 724px\" \/><\/a><\/figure>\n\n\n\n<figure class=\"wp-block-image size-large\"><a href=\"https:\/\/www.ecoitaliano.com.ar\/wp-content\/uploads\/2025\/05\/532d9c2b9795b6691f5fd6c05f71ba8f-1.jpg\"><img decoding=\"async\" width=\"724\" height=\"1024\" data-id=\"73018\" src=\"https:\/\/www.ecoitaliano.com.ar\/wp-content\/uploads\/2025\/05\/532d9c2b9795b6691f5fd6c05f71ba8f-1-724x1024.jpg\" alt=\"\" class=\"wp-image-73018\" srcset=\"https:\/\/www.ecoitaliano.com.ar\/wp-content\/uploads\/2025\/05\/532d9c2b9795b6691f5fd6c05f71ba8f-1-724x1024.jpg 724w, https:\/\/www.ecoitaliano.com.ar\/wp-content\/uploads\/2025\/05\/532d9c2b9795b6691f5fd6c05f71ba8f-1-212x300.jpg 212w, https:\/\/www.ecoitaliano.com.ar\/wp-content\/uploads\/2025\/05\/532d9c2b9795b6691f5fd6c05f71ba8f-1-768x1086.jpg 768w, https:\/\/www.ecoitaliano.com.ar\/wp-content\/uploads\/2025\/05\/532d9c2b9795b6691f5fd6c05f71ba8f-1-1086x1536.jpg 1086w, https:\/\/www.ecoitaliano.com.ar\/wp-content\/uploads\/2025\/05\/532d9c2b9795b6691f5fd6c05f71ba8f-1-1448x2048.jpg 1448w, https:\/\/www.ecoitaliano.com.ar\/wp-content\/uploads\/2025\/05\/532d9c2b9795b6691f5fd6c05f71ba8f-1-106x150.jpg 106w, https:\/\/www.ecoitaliano.com.ar\/wp-content\/uploads\/2025\/05\/532d9c2b9795b6691f5fd6c05f71ba8f-1.jpg 1654w\" sizes=\"(max-width: 724px) 100vw, 724px\" \/><\/a><\/figure>\n<\/figure>\n\n\n\n<figure class=\"wp-block-gallery has-nested-images columns-default is-cropped wp-block-gallery-3 is-layout-flex wp-block-gallery-is-layout-flex\">\n<figure class=\"wp-block-image size-large\"><a href=\"https:\/\/www.ecoitaliano.com.ar\/wp-content\/uploads\/2025\/05\/locandina-La-bella-addormentata.jpg\"><img decoding=\"async\" width=\"724\" height=\"1024\" data-id=\"73019\" src=\"https:\/\/www.ecoitaliano.com.ar\/wp-content\/uploads\/2025\/05\/locandina-La-bella-addormentata-724x1024.jpg\" alt=\"\" class=\"wp-image-73019\" srcset=\"https:\/\/www.ecoitaliano.com.ar\/wp-content\/uploads\/2025\/05\/locandina-La-bella-addormentata-724x1024.jpg 724w, https:\/\/www.ecoitaliano.com.ar\/wp-content\/uploads\/2025\/05\/locandina-La-bella-addormentata-212x300.jpg 212w, https:\/\/www.ecoitaliano.com.ar\/wp-content\/uploads\/2025\/05\/locandina-La-bella-addormentata-768x1086.jpg 768w, https:\/\/www.ecoitaliano.com.ar\/wp-content\/uploads\/2025\/05\/locandina-La-bella-addormentata-1086x1536.jpg 1086w, https:\/\/www.ecoitaliano.com.ar\/wp-content\/uploads\/2025\/05\/locandina-La-bella-addormentata-1448x2048.jpg 1448w, https:\/\/www.ecoitaliano.com.ar\/wp-content\/uploads\/2025\/05\/locandina-La-bella-addormentata-106x150.jpg 106w, https:\/\/www.ecoitaliano.com.ar\/wp-content\/uploads\/2025\/05\/locandina-La-bella-addormentata.jpg 1654w\" sizes=\"(max-width: 724px) 100vw, 724px\" \/><\/a><\/figure>\n<\/figure>\n\n\n\n<figure class=\"wp-block-gallery has-nested-images columns-default is-cropped wp-block-gallery-4 is-layout-flex wp-block-gallery-is-layout-flex\">\n<figure class=\"wp-block-image size-large\"><a href=\"https:\/\/www.ecoitaliano.com.ar\/wp-content\/uploads\/2025\/05\/tempi-La-bella-addormentata.jpg\"><img decoding=\"async\" width=\"724\" height=\"1024\" data-id=\"73020\" src=\"https:\/\/www.ecoitaliano.com.ar\/wp-content\/uploads\/2025\/05\/tempi-La-bella-addormentata-724x1024.jpg\" alt=\"\" class=\"wp-image-73020\" srcset=\"https:\/\/www.ecoitaliano.com.ar\/wp-content\/uploads\/2025\/05\/tempi-La-bella-addormentata-724x1024.jpg 724w, https:\/\/www.ecoitaliano.com.ar\/wp-content\/uploads\/2025\/05\/tempi-La-bella-addormentata-212x300.jpg 212w, https:\/\/www.ecoitaliano.com.ar\/wp-content\/uploads\/2025\/05\/tempi-La-bella-addormentata-768x1086.jpg 768w, https:\/\/www.ecoitaliano.com.ar\/wp-content\/uploads\/2025\/05\/tempi-La-bella-addormentata-1086x1536.jpg 1086w, https:\/\/www.ecoitaliano.com.ar\/wp-content\/uploads\/2025\/05\/tempi-La-bella-addormentata-1448x2048.jpg 1448w, https:\/\/www.ecoitaliano.com.ar\/wp-content\/uploads\/2025\/05\/tempi-La-bella-addormentata-106x150.jpg 106w, https:\/\/www.ecoitaliano.com.ar\/wp-content\/uploads\/2025\/05\/tempi-La-bella-addormentata.jpg 1654w\" sizes=\"(max-width: 724px) 100vw, 724px\" \/><\/a><\/figure>\n<\/figure>\n\n\n\n<figure class=\"wp-block-gallery has-nested-images columns-default is-cropped wp-block-gallery-5 is-layout-flex wp-block-gallery-is-layout-flex\">\n<figure class=\"wp-block-image size-large\"><a href=\"https:\/\/www.ecoitaliano.com.ar\/wp-content\/uploads\/2025\/05\/ca5a7518747b1e61d75b1cde9be97d2f-0.jpg\"><img decoding=\"async\" width=\"724\" height=\"1024\" data-id=\"73021\" src=\"https:\/\/www.ecoitaliano.com.ar\/wp-content\/uploads\/2025\/05\/ca5a7518747b1e61d75b1cde9be97d2f-0-724x1024.jpg\" alt=\"\" class=\"wp-image-73021\" srcset=\"https:\/\/www.ecoitaliano.com.ar\/wp-content\/uploads\/2025\/05\/ca5a7518747b1e61d75b1cde9be97d2f-0-724x1024.jpg 724w, https:\/\/www.ecoitaliano.com.ar\/wp-content\/uploads\/2025\/05\/ca5a7518747b1e61d75b1cde9be97d2f-0-212x300.jpg 212w, https:\/\/www.ecoitaliano.com.ar\/wp-content\/uploads\/2025\/05\/ca5a7518747b1e61d75b1cde9be97d2f-0-768x1086.jpg 768w, https:\/\/www.ecoitaliano.com.ar\/wp-content\/uploads\/2025\/05\/ca5a7518747b1e61d75b1cde9be97d2f-0-1086x1536.jpg 1086w, https:\/\/www.ecoitaliano.com.ar\/wp-content\/uploads\/2025\/05\/ca5a7518747b1e61d75b1cde9be97d2f-0-1448x2048.jpg 1448w, https:\/\/www.ecoitaliano.com.ar\/wp-content\/uploads\/2025\/05\/ca5a7518747b1e61d75b1cde9be97d2f-0-106x150.jpg 106w, https:\/\/www.ecoitaliano.com.ar\/wp-content\/uploads\/2025\/05\/ca5a7518747b1e61d75b1cde9be97d2f-0.jpg 1654w\" sizes=\"(max-width: 724px) 100vw, 724px\" \/><\/a><\/figure>\n\n\n\n<figure class=\"wp-block-image size-large\"><a href=\"https:\/\/www.ecoitaliano.com.ar\/wp-content\/uploads\/2025\/05\/ca5a7518747b1e61d75b1cde9be97d2f-1.jpg\"><img decoding=\"async\" width=\"724\" height=\"1024\" data-id=\"73022\" src=\"https:\/\/www.ecoitaliano.com.ar\/wp-content\/uploads\/2025\/05\/ca5a7518747b1e61d75b1cde9be97d2f-1-724x1024.jpg\" alt=\"\" class=\"wp-image-73022\" srcset=\"https:\/\/www.ecoitaliano.com.ar\/wp-content\/uploads\/2025\/05\/ca5a7518747b1e61d75b1cde9be97d2f-1-724x1024.jpg 724w, https:\/\/www.ecoitaliano.com.ar\/wp-content\/uploads\/2025\/05\/ca5a7518747b1e61d75b1cde9be97d2f-1-212x300.jpg 212w, https:\/\/www.ecoitaliano.com.ar\/wp-content\/uploads\/2025\/05\/ca5a7518747b1e61d75b1cde9be97d2f-1-768x1086.jpg 768w, https:\/\/www.ecoitaliano.com.ar\/wp-content\/uploads\/2025\/05\/ca5a7518747b1e61d75b1cde9be97d2f-1-1086x1536.jpg 1086w, https:\/\/www.ecoitaliano.com.ar\/wp-content\/uploads\/2025\/05\/ca5a7518747b1e61d75b1cde9be97d2f-1-1448x2048.jpg 1448w, https:\/\/www.ecoitaliano.com.ar\/wp-content\/uploads\/2025\/05\/ca5a7518747b1e61d75b1cde9be97d2f-1-106x150.jpg 106w, https:\/\/www.ecoitaliano.com.ar\/wp-content\/uploads\/2025\/05\/ca5a7518747b1e61d75b1cde9be97d2f-1.jpg 1654w\" sizes=\"(max-width: 724px) 100vw, 724px\" \/><\/a><\/figure>\n<\/figure>\n\n\n\n<figure class=\"wp-block-gallery has-nested-images columns-default is-cropped wp-block-gallery-6 is-layout-flex wp-block-gallery-is-layout-flex\">\n<figure class=\"wp-block-image size-large\"><a href=\"https:\/\/www.ecoitaliano.com.ar\/wp-content\/uploads\/2025\/05\/35da53ca37acaa7cc3ac41aaa046aefa-0.jpg\"><img decoding=\"async\" width=\"724\" height=\"1024\" data-id=\"73023\" src=\"https:\/\/www.ecoitaliano.com.ar\/wp-content\/uploads\/2025\/05\/35da53ca37acaa7cc3ac41aaa046aefa-0-724x1024.jpg\" alt=\"\" class=\"wp-image-73023\" srcset=\"https:\/\/www.ecoitaliano.com.ar\/wp-content\/uploads\/2025\/05\/35da53ca37acaa7cc3ac41aaa046aefa-0-724x1024.jpg 724w, https:\/\/www.ecoitaliano.com.ar\/wp-content\/uploads\/2025\/05\/35da53ca37acaa7cc3ac41aaa046aefa-0-212x300.jpg 212w, https:\/\/www.ecoitaliano.com.ar\/wp-content\/uploads\/2025\/05\/35da53ca37acaa7cc3ac41aaa046aefa-0-768x1086.jpg 768w, https:\/\/www.ecoitaliano.com.ar\/wp-content\/uploads\/2025\/05\/35da53ca37acaa7cc3ac41aaa046aefa-0-1086x1536.jpg 1086w, https:\/\/www.ecoitaliano.com.ar\/wp-content\/uploads\/2025\/05\/35da53ca37acaa7cc3ac41aaa046aefa-0-1448x2048.jpg 1448w, https:\/\/www.ecoitaliano.com.ar\/wp-content\/uploads\/2025\/05\/35da53ca37acaa7cc3ac41aaa046aefa-0-106x150.jpg 106w, https:\/\/www.ecoitaliano.com.ar\/wp-content\/uploads\/2025\/05\/35da53ca37acaa7cc3ac41aaa046aefa-0.jpg 1654w\" sizes=\"(max-width: 724px) 100vw, 724px\" \/><\/a><\/figure>\n\n\n\n<figure class=\"wp-block-image size-large\"><a href=\"https:\/\/www.ecoitaliano.com.ar\/wp-content\/uploads\/2025\/05\/35da53ca37acaa7cc3ac41aaa046aefa-1.jpg\"><img decoding=\"async\" width=\"724\" height=\"1024\" data-id=\"73024\" src=\"https:\/\/www.ecoitaliano.com.ar\/wp-content\/uploads\/2025\/05\/35da53ca37acaa7cc3ac41aaa046aefa-1-724x1024.jpg\" alt=\"\" class=\"wp-image-73024\" srcset=\"https:\/\/www.ecoitaliano.com.ar\/wp-content\/uploads\/2025\/05\/35da53ca37acaa7cc3ac41aaa046aefa-1-724x1024.jpg 724w, https:\/\/www.ecoitaliano.com.ar\/wp-content\/uploads\/2025\/05\/35da53ca37acaa7cc3ac41aaa046aefa-1-212x300.jpg 212w, https:\/\/www.ecoitaliano.com.ar\/wp-content\/uploads\/2025\/05\/35da53ca37acaa7cc3ac41aaa046aefa-1-768x1086.jpg 768w, https:\/\/www.ecoitaliano.com.ar\/wp-content\/uploads\/2025\/05\/35da53ca37acaa7cc3ac41aaa046aefa-1-1086x1536.jpg 1086w, https:\/\/www.ecoitaliano.com.ar\/wp-content\/uploads\/2025\/05\/35da53ca37acaa7cc3ac41aaa046aefa-1-1448x2048.jpg 1448w, https:\/\/www.ecoitaliano.com.ar\/wp-content\/uploads\/2025\/05\/35da53ca37acaa7cc3ac41aaa046aefa-1-106x150.jpg 106w, https:\/\/www.ecoitaliano.com.ar\/wp-content\/uploads\/2025\/05\/35da53ca37acaa7cc3ac41aaa046aefa-1.jpg 1654w\" sizes=\"(max-width: 724px) 100vw, 724px\" \/><\/a><\/figure>\n\n\n\n<figure class=\"wp-block-image size-large\"><a href=\"https:\/\/www.ecoitaliano.com.ar\/wp-content\/uploads\/2025\/05\/35da53ca37acaa7cc3ac41aaa046aefa-2.jpg\"><img decoding=\"async\" width=\"724\" height=\"1024\" data-id=\"73025\" src=\"https:\/\/www.ecoitaliano.com.ar\/wp-content\/uploads\/2025\/05\/35da53ca37acaa7cc3ac41aaa046aefa-2-724x1024.jpg\" alt=\"\" class=\"wp-image-73025\" srcset=\"https:\/\/www.ecoitaliano.com.ar\/wp-content\/uploads\/2025\/05\/35da53ca37acaa7cc3ac41aaa046aefa-2-724x1024.jpg 724w, https:\/\/www.ecoitaliano.com.ar\/wp-content\/uploads\/2025\/05\/35da53ca37acaa7cc3ac41aaa046aefa-2-212x300.jpg 212w, https:\/\/www.ecoitaliano.com.ar\/wp-content\/uploads\/2025\/05\/35da53ca37acaa7cc3ac41aaa046aefa-2-768x1086.jpg 768w, https:\/\/www.ecoitaliano.com.ar\/wp-content\/uploads\/2025\/05\/35da53ca37acaa7cc3ac41aaa046aefa-2-1086x1536.jpg 1086w, https:\/\/www.ecoitaliano.com.ar\/wp-content\/uploads\/2025\/05\/35da53ca37acaa7cc3ac41aaa046aefa-2-1448x2048.jpg 1448w, https:\/\/www.ecoitaliano.com.ar\/wp-content\/uploads\/2025\/05\/35da53ca37acaa7cc3ac41aaa046aefa-2-106x150.jpg 106w, https:\/\/www.ecoitaliano.com.ar\/wp-content\/uploads\/2025\/05\/35da53ca37acaa7cc3ac41aaa046aefa-2.jpg 1654w\" sizes=\"(max-width: 724px) 100vw, 724px\" \/><\/a><\/figure>\n\n\n\n<figure class=\"wp-block-image size-large\"><a href=\"https:\/\/www.ecoitaliano.com.ar\/wp-content\/uploads\/2025\/05\/35da53ca37acaa7cc3ac41aaa046aefa-3.jpg\"><img decoding=\"async\" width=\"724\" height=\"1024\" data-id=\"73026\" src=\"https:\/\/www.ecoitaliano.com.ar\/wp-content\/uploads\/2025\/05\/35da53ca37acaa7cc3ac41aaa046aefa-3-724x1024.jpg\" alt=\"\" class=\"wp-image-73026\" srcset=\"https:\/\/www.ecoitaliano.com.ar\/wp-content\/uploads\/2025\/05\/35da53ca37acaa7cc3ac41aaa046aefa-3-724x1024.jpg 724w, https:\/\/www.ecoitaliano.com.ar\/wp-content\/uploads\/2025\/05\/35da53ca37acaa7cc3ac41aaa046aefa-3-212x300.jpg 212w, https:\/\/www.ecoitaliano.com.ar\/wp-content\/uploads\/2025\/05\/35da53ca37acaa7cc3ac41aaa046aefa-3-768x1086.jpg 768w, https:\/\/www.ecoitaliano.com.ar\/wp-content\/uploads\/2025\/05\/35da53ca37acaa7cc3ac41aaa046aefa-3-1086x1536.jpg 1086w, https:\/\/www.ecoitaliano.com.ar\/wp-content\/uploads\/2025\/05\/35da53ca37acaa7cc3ac41aaa046aefa-3-1448x2048.jpg 1448w, https:\/\/www.ecoitaliano.com.ar\/wp-content\/uploads\/2025\/05\/35da53ca37acaa7cc3ac41aaa046aefa-3-106x150.jpg 106w, https:\/\/www.ecoitaliano.com.ar\/wp-content\/uploads\/2025\/05\/35da53ca37acaa7cc3ac41aaa046aefa-3.jpg 1654w\" sizes=\"(max-width: 724px) 100vw, 724px\" \/><\/a><\/figure>\n\n\n\n<figure class=\"wp-block-image size-large\"><a href=\"https:\/\/www.ecoitaliano.com.ar\/wp-content\/uploads\/2025\/05\/35da53ca37acaa7cc3ac41aaa046aefa-4.jpg\"><img decoding=\"async\" width=\"724\" height=\"1024\" data-id=\"73027\" src=\"https:\/\/www.ecoitaliano.com.ar\/wp-content\/uploads\/2025\/05\/35da53ca37acaa7cc3ac41aaa046aefa-4-724x1024.jpg\" alt=\"\" class=\"wp-image-73027\" srcset=\"https:\/\/www.ecoitaliano.com.ar\/wp-content\/uploads\/2025\/05\/35da53ca37acaa7cc3ac41aaa046aefa-4-724x1024.jpg 724w, https:\/\/www.ecoitaliano.com.ar\/wp-content\/uploads\/2025\/05\/35da53ca37acaa7cc3ac41aaa046aefa-4-212x300.jpg 212w, https:\/\/www.ecoitaliano.com.ar\/wp-content\/uploads\/2025\/05\/35da53ca37acaa7cc3ac41aaa046aefa-4-768x1086.jpg 768w, https:\/\/www.ecoitaliano.com.ar\/wp-content\/uploads\/2025\/05\/35da53ca37acaa7cc3ac41aaa046aefa-4-1086x1536.jpg 1086w, https:\/\/www.ecoitaliano.com.ar\/wp-content\/uploads\/2025\/05\/35da53ca37acaa7cc3ac41aaa046aefa-4-1448x2048.jpg 1448w, https:\/\/www.ecoitaliano.com.ar\/wp-content\/uploads\/2025\/05\/35da53ca37acaa7cc3ac41aaa046aefa-4-106x150.jpg 106w, https:\/\/www.ecoitaliano.com.ar\/wp-content\/uploads\/2025\/05\/35da53ca37acaa7cc3ac41aaa046aefa-4.jpg 1654w\" sizes=\"(max-width: 724px) 100vw, 724px\" \/><\/a><\/figure>\n\n\n\n<figure class=\"wp-block-image size-large\"><a href=\"https:\/\/www.ecoitaliano.com.ar\/wp-content\/uploads\/2025\/05\/35da53ca37acaa7cc3ac41aaa046aefa-5.jpg\"><img decoding=\"async\" width=\"724\" height=\"1024\" data-id=\"73028\" src=\"https:\/\/www.ecoitaliano.com.ar\/wp-content\/uploads\/2025\/05\/35da53ca37acaa7cc3ac41aaa046aefa-5-724x1024.jpg\" alt=\"\" class=\"wp-image-73028\" srcset=\"https:\/\/www.ecoitaliano.com.ar\/wp-content\/uploads\/2025\/05\/35da53ca37acaa7cc3ac41aaa046aefa-5-724x1024.jpg 724w, https:\/\/www.ecoitaliano.com.ar\/wp-content\/uploads\/2025\/05\/35da53ca37acaa7cc3ac41aaa046aefa-5-212x300.jpg 212w, https:\/\/www.ecoitaliano.com.ar\/wp-content\/uploads\/2025\/05\/35da53ca37acaa7cc3ac41aaa046aefa-5-768x1086.jpg 768w, https:\/\/www.ecoitaliano.com.ar\/wp-content\/uploads\/2025\/05\/35da53ca37acaa7cc3ac41aaa046aefa-5-1086x1536.jpg 1086w, https:\/\/www.ecoitaliano.com.ar\/wp-content\/uploads\/2025\/05\/35da53ca37acaa7cc3ac41aaa046aefa-5-1448x2048.jpg 1448w, https:\/\/www.ecoitaliano.com.ar\/wp-content\/uploads\/2025\/05\/35da53ca37acaa7cc3ac41aaa046aefa-5-106x150.jpg 106w, https:\/\/www.ecoitaliano.com.ar\/wp-content\/uploads\/2025\/05\/35da53ca37acaa7cc3ac41aaa046aefa-5.jpg 1654w\" sizes=\"(max-width: 724px) 100vw, 724px\" \/><\/a><\/figure>\n\n\n\n<figure class=\"wp-block-image size-large\"><a href=\"https:\/\/www.ecoitaliano.com.ar\/wp-content\/uploads\/2025\/05\/35da53ca37acaa7cc3ac41aaa046aefa-6.jpg\"><img decoding=\"async\" width=\"724\" height=\"1024\" data-id=\"73029\" src=\"https:\/\/www.ecoitaliano.com.ar\/wp-content\/uploads\/2025\/05\/35da53ca37acaa7cc3ac41aaa046aefa-6-724x1024.jpg\" alt=\"\" class=\"wp-image-73029\" srcset=\"https:\/\/www.ecoitaliano.com.ar\/wp-content\/uploads\/2025\/05\/35da53ca37acaa7cc3ac41aaa046aefa-6-724x1024.jpg 724w, https:\/\/www.ecoitaliano.com.ar\/wp-content\/uploads\/2025\/05\/35da53ca37acaa7cc3ac41aaa046aefa-6-212x300.jpg 212w, https:\/\/www.ecoitaliano.com.ar\/wp-content\/uploads\/2025\/05\/35da53ca37acaa7cc3ac41aaa046aefa-6-768x1086.jpg 768w, https:\/\/www.ecoitaliano.com.ar\/wp-content\/uploads\/2025\/05\/35da53ca37acaa7cc3ac41aaa046aefa-6-1086x1536.jpg 1086w, https:\/\/www.ecoitaliano.com.ar\/wp-content\/uploads\/2025\/05\/35da53ca37acaa7cc3ac41aaa046aefa-6-1448x2048.jpg 1448w, https:\/\/www.ecoitaliano.com.ar\/wp-content\/uploads\/2025\/05\/35da53ca37acaa7cc3ac41aaa046aefa-6-106x150.jpg 106w, https:\/\/www.ecoitaliano.com.ar\/wp-content\/uploads\/2025\/05\/35da53ca37acaa7cc3ac41aaa046aefa-6.jpg 1654w\" sizes=\"(max-width: 724px) 100vw, 724px\" \/><\/a><\/figure>\n\n\n\n<figure class=\"wp-block-image size-large\"><a href=\"https:\/\/www.ecoitaliano.com.ar\/wp-content\/uploads\/2025\/05\/35da53ca37acaa7cc3ac41aaa046aefa-7.jpg\"><img decoding=\"async\" width=\"724\" height=\"1024\" data-id=\"73030\" src=\"https:\/\/www.ecoitaliano.com.ar\/wp-content\/uploads\/2025\/05\/35da53ca37acaa7cc3ac41aaa046aefa-7-724x1024.jpg\" alt=\"\" class=\"wp-image-73030\" srcset=\"https:\/\/www.ecoitaliano.com.ar\/wp-content\/uploads\/2025\/05\/35da53ca37acaa7cc3ac41aaa046aefa-7-724x1024.jpg 724w, https:\/\/www.ecoitaliano.com.ar\/wp-content\/uploads\/2025\/05\/35da53ca37acaa7cc3ac41aaa046aefa-7-212x300.jpg 212w, https:\/\/www.ecoitaliano.com.ar\/wp-content\/uploads\/2025\/05\/35da53ca37acaa7cc3ac41aaa046aefa-7-768x1086.jpg 768w, https:\/\/www.ecoitaliano.com.ar\/wp-content\/uploads\/2025\/05\/35da53ca37acaa7cc3ac41aaa046aefa-7-1086x1536.jpg 1086w, https:\/\/www.ecoitaliano.com.ar\/wp-content\/uploads\/2025\/05\/35da53ca37acaa7cc3ac41aaa046aefa-7-1448x2048.jpg 1448w, https:\/\/www.ecoitaliano.com.ar\/wp-content\/uploads\/2025\/05\/35da53ca37acaa7cc3ac41aaa046aefa-7-106x150.jpg 106w, https:\/\/www.ecoitaliano.com.ar\/wp-content\/uploads\/2025\/05\/35da53ca37acaa7cc3ac41aaa046aefa-7.jpg 1654w\" sizes=\"(max-width: 724px) 100vw, 724px\" \/><\/a><\/figure>\n\n\n\n<figure class=\"wp-block-image size-large\"><a href=\"https:\/\/www.ecoitaliano.com.ar\/wp-content\/uploads\/2025\/05\/35da53ca37acaa7cc3ac41aaa046aefa-8.jpg\"><img decoding=\"async\" width=\"724\" height=\"1024\" data-id=\"73031\" src=\"https:\/\/www.ecoitaliano.com.ar\/wp-content\/uploads\/2025\/05\/35da53ca37acaa7cc3ac41aaa046aefa-8-724x1024.jpg\" alt=\"\" class=\"wp-image-73031\" srcset=\"https:\/\/www.ecoitaliano.com.ar\/wp-content\/uploads\/2025\/05\/35da53ca37acaa7cc3ac41aaa046aefa-8-724x1024.jpg 724w, https:\/\/www.ecoitaliano.com.ar\/wp-content\/uploads\/2025\/05\/35da53ca37acaa7cc3ac41aaa046aefa-8-212x300.jpg 212w, https:\/\/www.ecoitaliano.com.ar\/wp-content\/uploads\/2025\/05\/35da53ca37acaa7cc3ac41aaa046aefa-8-768x1086.jpg 768w, https:\/\/www.ecoitaliano.com.ar\/wp-content\/uploads\/2025\/05\/35da53ca37acaa7cc3ac41aaa046aefa-8-1086x1536.jpg 1086w, https:\/\/www.ecoitaliano.com.ar\/wp-content\/uploads\/2025\/05\/35da53ca37acaa7cc3ac41aaa046aefa-8-1448x2048.jpg 1448w, https:\/\/www.ecoitaliano.com.ar\/wp-content\/uploads\/2025\/05\/35da53ca37acaa7cc3ac41aaa046aefa-8-106x150.jpg 106w, https:\/\/www.ecoitaliano.com.ar\/wp-content\/uploads\/2025\/05\/35da53ca37acaa7cc3ac41aaa046aefa-8.jpg 1654w\" sizes=\"(max-width: 724px) 100vw, 724px\" \/><\/a><\/figure>\n<\/figure>\n\n\n\n<p>foto<\/p>\n\n\n\n<figure class=\"wp-block-gallery has-nested-images columns-default is-cropped wp-block-gallery-7 is-layout-flex wp-block-gallery-is-layout-flex\">\n<figure class=\"wp-block-image size-large\"><a href=\"https:\/\/www.ecoitaliano.com.ar\/wp-content\/uploads\/2025\/05\/Aivars-Leimanis-foto-Ragelis-scaled.jpg\"><img decoding=\"async\" width=\"1024\" height=\"683\" data-id=\"73032\" src=\"https:\/\/www.ecoitaliano.com.ar\/wp-content\/uploads\/2025\/05\/Aivars-Leimanis-foto-Ragelis-1024x683.jpg\" alt=\"\" class=\"wp-image-73032\" srcset=\"https:\/\/www.ecoitaliano.com.ar\/wp-content\/uploads\/2025\/05\/Aivars-Leimanis-foto-Ragelis-1024x683.jpg 1024w, https:\/\/www.ecoitaliano.com.ar\/wp-content\/uploads\/2025\/05\/Aivars-Leimanis-foto-Ragelis-300x200.jpg 300w, https:\/\/www.ecoitaliano.com.ar\/wp-content\/uploads\/2025\/05\/Aivars-Leimanis-foto-Ragelis-768x512.jpg 768w, https:\/\/www.ecoitaliano.com.ar\/wp-content\/uploads\/2025\/05\/Aivars-Leimanis-foto-Ragelis-1536x1025.jpg 1536w, https:\/\/www.ecoitaliano.com.ar\/wp-content\/uploads\/2025\/05\/Aivars-Leimanis-foto-Ragelis-2048x1366.jpg 2048w, https:\/\/www.ecoitaliano.com.ar\/wp-content\/uploads\/2025\/05\/Aivars-Leimanis-foto-Ragelis-150x100.jpg 150w\" sizes=\"(max-width: 1024px) 100vw, 1024px\" \/><\/a><\/figure>\n\n\n\n<figure class=\"wp-block-image size-large\"><a href=\"https:\/\/www.ecoitaliano.com.ar\/wp-content\/uploads\/2025\/05\/Martins-Ozolins-foto-Deinats-scaled.jpg\"><img decoding=\"async\" width=\"683\" height=\"1024\" data-id=\"73033\" src=\"https:\/\/www.ecoitaliano.com.ar\/wp-content\/uploads\/2025\/05\/Martins-Ozolins-foto-Deinats-683x1024.jpg\" alt=\"\" class=\"wp-image-73033\" srcset=\"https:\/\/www.ecoitaliano.com.ar\/wp-content\/uploads\/2025\/05\/Martins-Ozolins-foto-Deinats-683x1024.jpg 683w, https:\/\/www.ecoitaliano.com.ar\/wp-content\/uploads\/2025\/05\/Martins-Ozolins-foto-Deinats-200x300.jpg 200w, https:\/\/www.ecoitaliano.com.ar\/wp-content\/uploads\/2025\/05\/Martins-Ozolins-foto-Deinats-768x1152.jpg 768w, https:\/\/www.ecoitaliano.com.ar\/wp-content\/uploads\/2025\/05\/Martins-Ozolins-foto-Deinats-1024x1536.jpg 1024w, https:\/\/www.ecoitaliano.com.ar\/wp-content\/uploads\/2025\/05\/Martins-Ozolins-foto-Deinats-1365x2048.jpg 1365w, https:\/\/www.ecoitaliano.com.ar\/wp-content\/uploads\/2025\/05\/Martins-Ozolins-foto-Deinats-100x150.jpg 100w, https:\/\/www.ecoitaliano.com.ar\/wp-content\/uploads\/2025\/05\/Martins-Ozolins-foto-Deinats-scaled.jpg 1707w\" sizes=\"(max-width: 683px) 100vw, 683px\" \/><\/a><\/figure>\n\n\n\n<figure class=\"wp-block-image size-large\"><a href=\"https:\/\/www.ecoitaliano.com.ar\/wp-content\/uploads\/2025\/05\/Sleeping-Beauty1-foto-Evelina-Vitola.jpg\"><img decoding=\"async\" width=\"1024\" height=\"683\" data-id=\"73034\" src=\"https:\/\/www.ecoitaliano.com.ar\/wp-content\/uploads\/2025\/05\/Sleeping-Beauty1-foto-Evelina-Vitola-1024x683.jpg\" alt=\"\" class=\"wp-image-73034\" srcset=\"https:\/\/www.ecoitaliano.com.ar\/wp-content\/uploads\/2025\/05\/Sleeping-Beauty1-foto-Evelina-Vitola-1024x683.jpg 1024w, https:\/\/www.ecoitaliano.com.ar\/wp-content\/uploads\/2025\/05\/Sleeping-Beauty1-foto-Evelina-Vitola-300x200.jpg 300w, https:\/\/www.ecoitaliano.com.ar\/wp-content\/uploads\/2025\/05\/Sleeping-Beauty1-foto-Evelina-Vitola-768x512.jpg 768w, https:\/\/www.ecoitaliano.com.ar\/wp-content\/uploads\/2025\/05\/Sleeping-Beauty1-foto-Evelina-Vitola-1536x1024.jpg 1536w, https:\/\/www.ecoitaliano.com.ar\/wp-content\/uploads\/2025\/05\/Sleeping-Beauty1-foto-Evelina-Vitola-2048x1366.jpg 2048w, https:\/\/www.ecoitaliano.com.ar\/wp-content\/uploads\/2025\/05\/Sleeping-Beauty1-foto-Evelina-Vitola-150x100.jpg 150w\" sizes=\"(max-width: 1024px) 100vw, 1024px\" \/><\/a><\/figure>\n\n\n\n<figure class=\"wp-block-image size-large\"><a href=\"https:\/\/www.ecoitaliano.com.ar\/wp-content\/uploads\/2025\/05\/Sleeping-Beauty2-foto-Evelina-Vitola.jpg\"><img decoding=\"async\" width=\"1024\" height=\"683\" data-id=\"73035\" src=\"https:\/\/www.ecoitaliano.com.ar\/wp-content\/uploads\/2025\/05\/Sleeping-Beauty2-foto-Evelina-Vitola-1024x683.jpg\" alt=\"\" class=\"wp-image-73035\" srcset=\"https:\/\/www.ecoitaliano.com.ar\/wp-content\/uploads\/2025\/05\/Sleeping-Beauty2-foto-Evelina-Vitola-1024x683.jpg 1024w, https:\/\/www.ecoitaliano.com.ar\/wp-content\/uploads\/2025\/05\/Sleeping-Beauty2-foto-Evelina-Vitola-300x200.jpg 300w, https:\/\/www.ecoitaliano.com.ar\/wp-content\/uploads\/2025\/05\/Sleeping-Beauty2-foto-Evelina-Vitola-768x512.jpg 768w, https:\/\/www.ecoitaliano.com.ar\/wp-content\/uploads\/2025\/05\/Sleeping-Beauty2-foto-Evelina-Vitola-1536x1024.jpg 1536w, https:\/\/www.ecoitaliano.com.ar\/wp-content\/uploads\/2025\/05\/Sleeping-Beauty2-foto-Evelina-Vitola-2048x1366.jpg 2048w, https:\/\/www.ecoitaliano.com.ar\/wp-content\/uploads\/2025\/05\/Sleeping-Beauty2-foto-Evelina-Vitola-150x100.jpg 150w\" sizes=\"(max-width: 1024px) 100vw, 1024px\" \/><\/a><\/figure>\n\n\n\n<figure class=\"wp-block-image size-large\"><a href=\"https:\/\/www.ecoitaliano.com.ar\/wp-content\/uploads\/2025\/05\/Sleeping-Beauty3-foto-Evelina-Vitola.jpg\"><img decoding=\"async\" width=\"1024\" height=\"683\" data-id=\"73036\" src=\"https:\/\/www.ecoitaliano.com.ar\/wp-content\/uploads\/2025\/05\/Sleeping-Beauty3-foto-Evelina-Vitola-1024x683.jpg\" alt=\"\" class=\"wp-image-73036\" srcset=\"https:\/\/www.ecoitaliano.com.ar\/wp-content\/uploads\/2025\/05\/Sleeping-Beauty3-foto-Evelina-Vitola-1024x683.jpg 1024w, https:\/\/www.ecoitaliano.com.ar\/wp-content\/uploads\/2025\/05\/Sleeping-Beauty3-foto-Evelina-Vitola-300x200.jpg 300w, https:\/\/www.ecoitaliano.com.ar\/wp-content\/uploads\/2025\/05\/Sleeping-Beauty3-foto-Evelina-Vitola-768x512.jpg 768w, https:\/\/www.ecoitaliano.com.ar\/wp-content\/uploads\/2025\/05\/Sleeping-Beauty3-foto-Evelina-Vitola-1536x1025.jpg 1536w, https:\/\/www.ecoitaliano.com.ar\/wp-content\/uploads\/2025\/05\/Sleeping-Beauty3-foto-Evelina-Vitola-2048x1366.jpg 2048w, https:\/\/www.ecoitaliano.com.ar\/wp-content\/uploads\/2025\/05\/Sleeping-Beauty3-foto-Evelina-Vitola-150x100.jpg 150w\" sizes=\"(max-width: 1024px) 100vw, 1024px\" \/><\/a><\/figure>\n\n\n\n<figure class=\"wp-block-image size-large\"><a href=\"https:\/\/www.ecoitaliano.com.ar\/wp-content\/uploads\/2025\/05\/Sleeping-Beauty4-foto-Evelina-Vitola.jpg\"><img decoding=\"async\" width=\"1024\" height=\"683\" data-id=\"73037\" src=\"https:\/\/www.ecoitaliano.com.ar\/wp-content\/uploads\/2025\/05\/Sleeping-Beauty4-foto-Evelina-Vitola-1024x683.jpg\" alt=\"\" class=\"wp-image-73037\" srcset=\"https:\/\/www.ecoitaliano.com.ar\/wp-content\/uploads\/2025\/05\/Sleeping-Beauty4-foto-Evelina-Vitola-1024x683.jpg 1024w, https:\/\/www.ecoitaliano.com.ar\/wp-content\/uploads\/2025\/05\/Sleeping-Beauty4-foto-Evelina-Vitola-300x200.jpg 300w, https:\/\/www.ecoitaliano.com.ar\/wp-content\/uploads\/2025\/05\/Sleeping-Beauty4-foto-Evelina-Vitola-768x512.jpg 768w, https:\/\/www.ecoitaliano.com.ar\/wp-content\/uploads\/2025\/05\/Sleeping-Beauty4-foto-Evelina-Vitola-1536x1024.jpg 1536w, https:\/\/www.ecoitaliano.com.ar\/wp-content\/uploads\/2025\/05\/Sleeping-Beauty4-foto-Evelina-Vitola-2048x1366.jpg 2048w, https:\/\/www.ecoitaliano.com.ar\/wp-content\/uploads\/2025\/05\/Sleeping-Beauty4-foto-Evelina-Vitola-150x100.jpg 150w\" sizes=\"(max-width: 1024px) 100vw, 1024px\" \/><\/a><\/figure>\n\n\n\n<figure class=\"wp-block-image size-large\"><a href=\"https:\/\/www.ecoitaliano.com.ar\/wp-content\/uploads\/2025\/05\/Sleeping-Beauty5-foto-Evelina-Vitola.jpg\"><img decoding=\"async\" width=\"1024\" height=\"683\" data-id=\"73038\" src=\"https:\/\/www.ecoitaliano.com.ar\/wp-content\/uploads\/2025\/05\/Sleeping-Beauty5-foto-Evelina-Vitola-1024x683.jpg\" alt=\"\" class=\"wp-image-73038\" srcset=\"https:\/\/www.ecoitaliano.com.ar\/wp-content\/uploads\/2025\/05\/Sleeping-Beauty5-foto-Evelina-Vitola-1024x683.jpg 1024w, https:\/\/www.ecoitaliano.com.ar\/wp-content\/uploads\/2025\/05\/Sleeping-Beauty5-foto-Evelina-Vitola-300x200.jpg 300w, https:\/\/www.ecoitaliano.com.ar\/wp-content\/uploads\/2025\/05\/Sleeping-Beauty5-foto-Evelina-Vitola-768x512.jpg 768w, https:\/\/www.ecoitaliano.com.ar\/wp-content\/uploads\/2025\/05\/Sleeping-Beauty5-foto-Evelina-Vitola-1536x1024.jpg 1536w, https:\/\/www.ecoitaliano.com.ar\/wp-content\/uploads\/2025\/05\/Sleeping-Beauty5-foto-Evelina-Vitola-2048x1366.jpg 2048w, https:\/\/www.ecoitaliano.com.ar\/wp-content\/uploads\/2025\/05\/Sleeping-Beauty5-foto-Evelina-Vitola-150x100.jpg 150w\" sizes=\"(max-width: 1024px) 100vw, 1024px\" \/><\/a><\/figure>\n<\/figure>\n","protected":false},"excerpt":{"rendered":"<p>comunicato stampa Le stelle del Balletto dell\u2019Opera Nazionale di Riga in La bella addormentata di \u010cajkovskij, su coreografia di Aivars [&hellip;]<\/p>\n","protected":false},"author":1,"featured_media":0,"comment_status":"open","ping_status":"open","sticky":false,"template":"","format":"standard","meta":{"footnotes":""},"categories":[1],"tags":[],"class_list":["post-73014","post","type-post","status-publish","format-standard","hentry","category-sin-categoria"],"_links":{"self":[{"href":"https:\/\/www.ecoitaliano.com.ar\/index.php?rest_route=\/wp\/v2\/posts\/73014","targetHints":{"allow":["GET"]}}],"collection":[{"href":"https:\/\/www.ecoitaliano.com.ar\/index.php?rest_route=\/wp\/v2\/posts"}],"about":[{"href":"https:\/\/www.ecoitaliano.com.ar\/index.php?rest_route=\/wp\/v2\/types\/post"}],"author":[{"embeddable":true,"href":"https:\/\/www.ecoitaliano.com.ar\/index.php?rest_route=\/wp\/v2\/users\/1"}],"replies":[{"embeddable":true,"href":"https:\/\/www.ecoitaliano.com.ar\/index.php?rest_route=%2Fwp%2Fv2%2Fcomments&post=73014"}],"version-history":[{"count":1,"href":"https:\/\/www.ecoitaliano.com.ar\/index.php?rest_route=\/wp\/v2\/posts\/73014\/revisions"}],"predecessor-version":[{"id":73039,"href":"https:\/\/www.ecoitaliano.com.ar\/index.php?rest_route=\/wp\/v2\/posts\/73014\/revisions\/73039"}],"wp:attachment":[{"href":"https:\/\/www.ecoitaliano.com.ar\/index.php?rest_route=%2Fwp%2Fv2%2Fmedia&parent=73014"}],"wp:term":[{"taxonomy":"category","embeddable":true,"href":"https:\/\/www.ecoitaliano.com.ar\/index.php?rest_route=%2Fwp%2Fv2%2Fcategories&post=73014"},{"taxonomy":"post_tag","embeddable":true,"href":"https:\/\/www.ecoitaliano.com.ar\/index.php?rest_route=%2Fwp%2Fv2%2Ftags&post=73014"}],"curies":[{"name":"wp","href":"https:\/\/api.w.org\/{rel}","templated":true}]}}