{"id":73040,"date":"2025-05-10T14:27:23","date_gmt":"2025-05-10T14:27:23","guid":{"rendered":"https:\/\/www.ecoitaliano.com.ar\/?p=73040"},"modified":"2025-05-10T14:27:23","modified_gmt":"2025-05-10T14:27:23","slug":"serena-conduce-operaclassica-eco-italiano-4315","status":"publish","type":"post","link":"https:\/\/www.ecoitaliano.com.ar\/?p=73040","title":{"rendered":"Serena conduce operaclassica eco italiano"},"content":{"rendered":"\n<figure class=\"wp-block-image size-full is-resized\"><a href=\"http:\/\/www.ecoitaliano.com.ar\/wp-content\/uploads\/2025\/05\/fghjk.jpg\"><img decoding=\"async\" width=\"493\" height=\"103\" src=\"http:\/\/www.ecoitaliano.com.ar\/wp-content\/uploads\/2025\/05\/fghjk.jpg\" alt=\"\" class=\"wp-image-72764\" style=\"width:454px;height:auto\" srcset=\"https:\/\/www.ecoitaliano.com.ar\/wp-content\/uploads\/2025\/05\/fghjk.jpg 493w, https:\/\/www.ecoitaliano.com.ar\/wp-content\/uploads\/2025\/05\/fghjk-300x63.jpg 300w, https:\/\/www.ecoitaliano.com.ar\/wp-content\/uploads\/2025\/05\/fghjk-150x31.jpg 150w\" sizes=\"(max-width: 493px) 100vw, 493px\" \/><\/a><\/figure>\n\n\n\n<p><strong>STAGIONE LIRICA E DI BALLETTO 2024-2025<\/strong><strong><\/strong><\/p>\n\n\n\n<p><strong>Rigoletto di Giuseppe Verdi<\/strong><strong><\/strong><\/p>\n\n\n\n<p>Ed. musicali: E. F. Kalmus &amp; Co., New York<\/p>\n\n\n\n<p><strong>Maestro Concertatore e Direttore DANIEL OREN<\/strong><\/p>\n\n\n\n<p><strong>Regia VIVIEN HEWITT<\/strong><\/p>\n\n\n\n<p><strong>Maestro del Coro PAOLO LONGO<\/strong><\/p>\n\n\n\n<p><strong>ALLESTIMENTO DELLA FONDAZIONE TEATRO LIRICO GIUSEPPE VERDI DI TRIESTE <\/strong><strong><\/strong><\/p>\n\n\n\n<p><strong>Personaggi e interpreti<\/strong><\/p>\n\n\n\n<p><strong>Rigoletto&nbsp;&nbsp;&nbsp;&nbsp;&nbsp;&nbsp;&nbsp;&nbsp;&nbsp;&nbsp;&nbsp;&nbsp;&nbsp;&nbsp;&nbsp;&nbsp;&nbsp;&nbsp;&nbsp;&nbsp;&nbsp;&nbsp;&nbsp;&nbsp;&nbsp;&nbsp;&nbsp;&nbsp;&nbsp;&nbsp;&nbsp;&nbsp;&nbsp;&nbsp;&nbsp;&nbsp;&nbsp;&nbsp;&nbsp;&nbsp;&nbsp;&nbsp;&nbsp;&nbsp;&nbsp;&nbsp;&nbsp;&nbsp;&nbsp;&nbsp;&nbsp;&nbsp;&nbsp;&nbsp;&nbsp; AMARTUVSHIN ENKHBAT (16, 18, 23, 25\/V)<\/strong><\/p>\n\n\n\n<p><em><strong>YOUNGJUN PARK <a>(17, 24\/V)<\/a><\/strong><\/em><strong><em><\/em><\/strong><\/p>\n\n\n\n<p><strong>Gilda&nbsp;&nbsp;&nbsp;&nbsp;&nbsp;&nbsp;&nbsp;&nbsp;&nbsp;&nbsp;&nbsp;&nbsp;&nbsp;&nbsp;&nbsp;&nbsp;&nbsp;&nbsp;&nbsp;&nbsp;&nbsp;&nbsp;&nbsp;&nbsp;&nbsp;&nbsp;&nbsp;&nbsp;&nbsp;&nbsp;&nbsp;&nbsp;&nbsp;&nbsp;&nbsp;&nbsp;&nbsp;&nbsp;&nbsp;&nbsp;&nbsp;&nbsp;&nbsp;&nbsp;&nbsp;&nbsp;&nbsp;&nbsp;&nbsp;&nbsp;&nbsp;&nbsp;&nbsp;&nbsp;&nbsp;&nbsp;&nbsp;&nbsp;&nbsp;&nbsp;&nbsp; ENKELEDA KAMANI (16, 18, 23, 25\/V)<\/strong><\/p>\n\n\n\n<p><strong>SABINA PU\u00c9RTOLAS<em> (17, 24\/V)<\/em><\/strong><\/p>\n\n\n\n<p><strong>Il Duca di Mantova&nbsp;&nbsp;&nbsp;&nbsp;&nbsp;&nbsp;&nbsp;&nbsp;&nbsp;&nbsp;&nbsp;&nbsp;&nbsp;&nbsp;&nbsp;&nbsp;&nbsp;&nbsp;&nbsp;&nbsp;&nbsp;&nbsp;&nbsp;&nbsp;&nbsp;&nbsp;&nbsp;&nbsp;&nbsp;&nbsp;&nbsp;&nbsp;&nbsp;&nbsp;&nbsp;&nbsp; GALEANO SALAS (16, 18, 23, 25\/V)<\/strong><\/p>\n\n\n\n<p><strong>IV\u00c1N&nbsp;AY\u00d3N-RIVAS <em>(17, 24\/V)<\/em><\/strong><\/p>\n\n\n\n<p><strong>Maddalena&nbsp;&nbsp;&nbsp;&nbsp;&nbsp;&nbsp;&nbsp;&nbsp;&nbsp;&nbsp;&nbsp;&nbsp;&nbsp;&nbsp;&nbsp;&nbsp;&nbsp;&nbsp;&nbsp;&nbsp;&nbsp;&nbsp;&nbsp;&nbsp;&nbsp;&nbsp;&nbsp;&nbsp;&nbsp;&nbsp;&nbsp;&nbsp;&nbsp;&nbsp;&nbsp;&nbsp;&nbsp;&nbsp;&nbsp;&nbsp;&nbsp;&nbsp;&nbsp;&nbsp;&nbsp;&nbsp;&nbsp;&nbsp;&nbsp;&nbsp; MARTINA BELLI<\/strong><\/p>\n\n\n\n<p><strong>Sparafucile&nbsp;&nbsp;&nbsp;&nbsp;&nbsp;&nbsp;&nbsp;&nbsp;&nbsp;&nbsp;&nbsp;&nbsp;&nbsp;&nbsp;&nbsp;&nbsp;&nbsp;&nbsp;&nbsp;&nbsp;&nbsp;&nbsp;&nbsp;&nbsp;&nbsp;&nbsp;&nbsp;&nbsp;&nbsp;&nbsp;&nbsp;&nbsp;&nbsp;&nbsp;&nbsp;&nbsp;&nbsp;&nbsp;&nbsp;&nbsp;&nbsp;&nbsp;&nbsp;&nbsp;&nbsp;&nbsp;&nbsp;&nbsp;&nbsp;&nbsp; CARLO STRIULI<\/strong><\/p>\n\n\n\n<p><strong>Giovanna&nbsp;&nbsp;&nbsp;&nbsp;&nbsp;&nbsp;&nbsp;&nbsp;&nbsp;&nbsp;&nbsp;&nbsp;&nbsp;&nbsp;&nbsp;&nbsp;&nbsp;&nbsp;&nbsp;&nbsp;&nbsp;&nbsp;&nbsp;&nbsp;&nbsp;&nbsp;&nbsp;&nbsp;&nbsp;&nbsp;&nbsp;&nbsp;&nbsp;&nbsp;&nbsp;&nbsp;&nbsp;&nbsp;&nbsp;&nbsp;&nbsp;&nbsp;&nbsp;&nbsp;&nbsp;&nbsp;&nbsp;&nbsp;&nbsp;&nbsp;&nbsp;&nbsp;&nbsp;&nbsp;&nbsp; CARLOTTA VICHI<\/strong><\/p>\n\n\n\n<p><strong>Il Conte di Monterone &nbsp;&nbsp;&nbsp;&nbsp;&nbsp;&nbsp;&nbsp;&nbsp;&nbsp;&nbsp;&nbsp;&nbsp;&nbsp;&nbsp;&nbsp;&nbsp;&nbsp;&nbsp;&nbsp;&nbsp;&nbsp;&nbsp;&nbsp;&nbsp;&nbsp;&nbsp;&nbsp;&nbsp;&nbsp;&nbsp;&nbsp;&nbsp;&nbsp;&nbsp;&nbsp;&nbsp;&nbsp;&nbsp;&nbsp;&nbsp;&nbsp;&nbsp;&nbsp;&nbsp;&nbsp; GABRIELE SAGONA<\/strong><\/p>\n\n\n\n<p><strong>La Contessa di Ceprano\/Paggio&nbsp;&nbsp;&nbsp;&nbsp;&nbsp;&nbsp;&nbsp;&nbsp;&nbsp;&nbsp;&nbsp;&nbsp;&nbsp;&nbsp; MIRIAM ARTIACO<\/strong><\/p>\n\n\n\n<p><strong>Matteo Borsa &nbsp;&nbsp;&nbsp;&nbsp;&nbsp;&nbsp;&nbsp;&nbsp;&nbsp;&nbsp;&nbsp;&nbsp;&nbsp;&nbsp;&nbsp;&nbsp;&nbsp;&nbsp;&nbsp;&nbsp;&nbsp;&nbsp;&nbsp;&nbsp;&nbsp;&nbsp;&nbsp;&nbsp;&nbsp;&nbsp;&nbsp;&nbsp;&nbsp;&nbsp;&nbsp;&nbsp;&nbsp;&nbsp;&nbsp;&nbsp;&nbsp;&nbsp;&nbsp;&nbsp;&nbsp;&nbsp; ENZO PERONI<\/strong><\/p>\n\n\n\n<p><strong>Marullo&nbsp;&nbsp;&nbsp;&nbsp;&nbsp;&nbsp;&nbsp;&nbsp;&nbsp;&nbsp;&nbsp;&nbsp;&nbsp;&nbsp;&nbsp;&nbsp;&nbsp;&nbsp;&nbsp;&nbsp;&nbsp;&nbsp;&nbsp;&nbsp;&nbsp;&nbsp;&nbsp;&nbsp;&nbsp;&nbsp;&nbsp;&nbsp;&nbsp;&nbsp;&nbsp;&nbsp;&nbsp;&nbsp;&nbsp;&nbsp;&nbsp;&nbsp;&nbsp;&nbsp;&nbsp;&nbsp;&nbsp;&nbsp;&nbsp;&nbsp;&nbsp;&nbsp;&nbsp;&nbsp;&nbsp;&nbsp;&nbsp;&nbsp;&nbsp;&nbsp;&nbsp;&nbsp;&nbsp;&nbsp;&nbsp;&nbsp;&nbsp;&nbsp;&nbsp;&nbsp;&nbsp;&nbsp;&nbsp; FABIO PREVIATI<\/strong><\/p>\n\n\n\n<p><strong>Il Conte di Ceprano&nbsp;&nbsp;&nbsp;&nbsp;&nbsp;&nbsp;&nbsp;&nbsp;&nbsp;&nbsp;&nbsp;&nbsp;&nbsp;&nbsp;&nbsp;&nbsp;&nbsp;&nbsp;&nbsp;&nbsp;&nbsp;&nbsp;&nbsp;&nbsp;&nbsp;&nbsp;&nbsp;&nbsp;&nbsp;&nbsp;&nbsp;&nbsp;&nbsp;&nbsp;&nbsp;&nbsp;&nbsp; <a>DARIO GIORGEL\u00c8<\/a><\/strong><\/p>\n\n\n\n<p><strong>Un usciere di corte&nbsp;&nbsp;&nbsp;&nbsp;&nbsp;&nbsp;&nbsp;&nbsp;&nbsp;&nbsp;&nbsp;&nbsp;&nbsp;&nbsp;&nbsp;&nbsp;&nbsp;&nbsp;&nbsp;&nbsp;&nbsp;&nbsp;&nbsp;&nbsp;&nbsp;&nbsp;&nbsp;&nbsp;&nbsp;&nbsp;&nbsp;&nbsp;&nbsp;&nbsp;&nbsp;&nbsp;&nbsp; DAMIANO LOCATELLI \/ GIULIANO PELIZON \/ DANIELE CUSARI<\/strong><\/p>\n\n\n\n<p><strong>ORCHESTRA, CORO E TECNICI DELLA FONDAZIONE TEATRO LIRICO GIUSEPPE VERDI DI TRIESTE<\/strong><\/p>\n\n\n\n<p><strong>Con il Rigoletto di Amartuvshin Enkhbat, considerato oggi il massimo interprete del ruolo dopo il debutto nel titolo in Scala, si giunge ad uno degli appuntamenti pi\u00f9 attesi della stagione, grazie anche alla presenza sul podio di Daniel Oren, amico della citt\u00e0 e consolidata bacchetta sul repertorio romantico, e alla ripresa dell\u2019ultima produzione del Verdi affidata alla regia dell\u2019irlandese Vivien Hewitt, sempre molto rispettosa del testo e che ha apportato importanti modifiche.<\/strong><\/p>\n\n\n\n<p><strong>L\u2019opera avr\u00e0 poi due repliche al Teatro Nuovo Giovanni da Udine il 30 e 31 maggio<\/strong><\/p>\n\n\n\n<p>Con il quarto allestimento creato in citt\u00e0 per questa vivace stagione d\u2019opera e ripreso, con importanti modifiche da quello del 2022, dalla regista Vivien Hewitt, che torna al titolo dopo il Rigoletto del Carlo Felice di Genova del 2013 basato sul lavoro di Rolando Panerai, si giunge all\u2019attesa seconda direzione consecutiva dello stimato maestro Daniel Oren, reduce dal trionfo di Lucia di Lammermoor e che ancora gode dell\u2019ottimo esito di pubblico e critica per il Rigoletto di Turturro al Teatro Massimo di Palermo lo scorso anno.<\/p>\n\n\n\n<p>Titolo assai amato da Trieste, esso vi giunse gi\u00e0 nel 1852, un solo anno dopo la fortunata prima veneziana, e vi \u00e8 sempre tornato con grande regolarit\u00e0 fino all\u2019ultima rappresentazione nella stagione del \u201922.<\/p>\n\n\n\n<p>Sul palco del Verdi, per un allestimento che si attende rispettoso della tradizione, due eccellenti protagonisti: Amartuvshin Enkhabat, oggi tra le stelle pi\u00f9 ricercate e che incastoner\u00e0 il ruolo che l\u2019ha consacrato in Scala, tra le recite di Traviata al Metropolitan di New York, e il giovane astro nascente del coreano Youngjun Park, che torner\u00e0 a Rigoletto nella nuova stagione dell\u2019Arena di Verona in chiusura a settembre.<\/p>\n\n\n\n<p>Gilda invece avr\u00e0 prima la voce della giovane albanese Enkeleda Kamani, gi\u00e0 scelta proprio da Oren per il ruolo nel 2019 e con alle spalle importanti debutti come la Scala, poi la spagnola Sabina Pu\u00e9rtolas, che ha gi\u00e0 dato voce alla sventurata fanciulla mantovana alla Royal Opera House di Londra. Il Duca di Mantova sar\u00e0 interpretato dal tenore messicano-statunitense Galeano Salas, da tempo sui migliori palchi del globo, e dall\u2019eccellente peruviano Iv\u00e1n Ay\u00f3n-Rivas con un\u2019ottima carriera internazionale in corso.<\/p>\n\n\n\n<p>L\u2019ampio cast del Rigoletto vedr\u00e0 poi sul palco del Verdi una parata di ottimi professionisti, data l\u2019importanza dei singoli ruoli, come il mezzosoprano Martina Belli per Maddalena, che ripeter\u00e0 in stagione in Scala; il solido basso-baritono Carlo Striuli come Sparafucile, Carlotta Vichi per Giovanna e gi\u00e0 nel ruolo in Fenice; Gabriele Sagona per il Conte Monterone, Miriam Artiaco come Contessa di Ceprano e Paggio, Enzo Peroni per Matteo Borsa, Fabio Previati come Marullo e Dario Giorgel\u00e8 come Conte di Ceprano.<\/p>\n\n\n\n<p>Rigoletto avr\u00e0 poi due repliche, di cui la prima per il progetto di divulgazione nelle scuole, al Teatro Nuovo Giovanni da Udine il 30 e 31 maggio, riconfermando il Verdi come primo centro di produzione d\u2019arti performate della Regione FVG.<\/p>\n\n\n\n<p><strong>Commenta cos\u00ec il Sovrintendente Giuliano Polo<\/strong>: <em>\u201cSiamo felici di chiudere in bellezza questa doppietta del Maestro Daniel Oren nel nostro teatro con due produzioni che hanno goduto entrambe di grande fortuna al botteghino e nel caso di Lucia non solo. Anche la doppia data a Udine sottolinea il nostro continuo sforzo a favore di tutto il territorio, che proseguir\u00e0 anche per il prossimo anno, i cui titoli di stagione sono gi\u00e0 stati annunciati, con un importante impegno da parte di tutti gli uffici del Verdi per essere sempre pi\u00f9 competitivi nell\u2019agone del turismo culturale internazionale, che ha bisogno di tempo per pianificare i suoi spostamenti e noi non dobbiamo certo mancare questa opportunit\u00e0 a favore dell\u2019economia della nostra citt\u00e0\u201d<\/em><\/p>\n\n\n\n<p><strong>Il Teatro Verdi ricorda inoltre che a partire dal Rigoletto il Lounge Victor de Sabata sar\u00e0 aperto col nuovo menu primaverile per tutte le prime tre recite del primo week end.<\/strong><\/p>\n\n\n\n<p><strong>RECITE:<\/strong><\/p>\n\n\n\n<p>A Venerd\u00ec 16 maggio 2025 ore 20.00<\/p>\n\n\n\n<p>B Sabato 17 maggio 2025 ore 19.00<\/p>\n\n\n\n<p>D Domenica 18 maggio 2025 ore 16.00<\/p>\n\n\n\n<p>C Venerd\u00ec 23 maggio 2025 ore 20.00<\/p>\n\n\n\n<p>S Sabato 24 maggio 2025 ore 16.00<\/p>\n\n\n\n<p>E Domenica 25 maggio 2025 ore 16.00<\/p>\n\n\n\n<p>foto<\/p>\n\n\n\n<figure class=\"wp-block-gallery has-nested-images columns-default is-cropped wp-block-gallery-1 is-layout-flex wp-block-gallery-is-layout-flex\">\n<figure class=\"wp-block-image size-large\"><a href=\"https:\/\/www.ecoitaliano.com.ar\/wp-content\/uploads\/2025\/05\/Enkhbat-c-Laura-Scaccabarozzi-1-scaled.jpeg\"><img decoding=\"async\" width=\"1024\" height=\"683\" data-id=\"73041\" src=\"https:\/\/www.ecoitaliano.com.ar\/wp-content\/uploads\/2025\/05\/Enkhbat-c-Laura-Scaccabarozzi-1-1024x683.jpeg\" alt=\"\" class=\"wp-image-73041\" srcset=\"https:\/\/www.ecoitaliano.com.ar\/wp-content\/uploads\/2025\/05\/Enkhbat-c-Laura-Scaccabarozzi-1-1024x683.jpeg 1024w, https:\/\/www.ecoitaliano.com.ar\/wp-content\/uploads\/2025\/05\/Enkhbat-c-Laura-Scaccabarozzi-1-300x200.jpeg 300w, https:\/\/www.ecoitaliano.com.ar\/wp-content\/uploads\/2025\/05\/Enkhbat-c-Laura-Scaccabarozzi-1-768x512.jpeg 768w, https:\/\/www.ecoitaliano.com.ar\/wp-content\/uploads\/2025\/05\/Enkhbat-c-Laura-Scaccabarozzi-1-1536x1024.jpeg 1536w, https:\/\/www.ecoitaliano.com.ar\/wp-content\/uploads\/2025\/05\/Enkhbat-c-Laura-Scaccabarozzi-1-2048x1365.jpeg 2048w, https:\/\/www.ecoitaliano.com.ar\/wp-content\/uploads\/2025\/05\/Enkhbat-c-Laura-Scaccabarozzi-1-150x100.jpeg 150w\" sizes=\"(max-width: 1024px) 100vw, 1024px\" \/><\/a><\/figure>\n<\/figure>\n","protected":false},"excerpt":{"rendered":"<p>STAGIONE LIRICA E DI BALLETTO 2024-2025 Rigoletto di Giuseppe Verdi Ed. musicali: E. F. Kalmus &amp; Co., New York Maestro [&hellip;]<\/p>\n","protected":false},"author":1,"featured_media":0,"comment_status":"open","ping_status":"open","sticky":false,"template":"","format":"standard","meta":{"footnotes":""},"categories":[1],"tags":[],"class_list":["post-73040","post","type-post","status-publish","format-standard","hentry","category-sin-categoria"],"_links":{"self":[{"href":"https:\/\/www.ecoitaliano.com.ar\/index.php?rest_route=\/wp\/v2\/posts\/73040","targetHints":{"allow":["GET"]}}],"collection":[{"href":"https:\/\/www.ecoitaliano.com.ar\/index.php?rest_route=\/wp\/v2\/posts"}],"about":[{"href":"https:\/\/www.ecoitaliano.com.ar\/index.php?rest_route=\/wp\/v2\/types\/post"}],"author":[{"embeddable":true,"href":"https:\/\/www.ecoitaliano.com.ar\/index.php?rest_route=\/wp\/v2\/users\/1"}],"replies":[{"embeddable":true,"href":"https:\/\/www.ecoitaliano.com.ar\/index.php?rest_route=%2Fwp%2Fv2%2Fcomments&post=73040"}],"version-history":[{"count":1,"href":"https:\/\/www.ecoitaliano.com.ar\/index.php?rest_route=\/wp\/v2\/posts\/73040\/revisions"}],"predecessor-version":[{"id":73042,"href":"https:\/\/www.ecoitaliano.com.ar\/index.php?rest_route=\/wp\/v2\/posts\/73040\/revisions\/73042"}],"wp:attachment":[{"href":"https:\/\/www.ecoitaliano.com.ar\/index.php?rest_route=%2Fwp%2Fv2%2Fmedia&parent=73040"}],"wp:term":[{"taxonomy":"category","embeddable":true,"href":"https:\/\/www.ecoitaliano.com.ar\/index.php?rest_route=%2Fwp%2Fv2%2Fcategories&post=73040"},{"taxonomy":"post_tag","embeddable":true,"href":"https:\/\/www.ecoitaliano.com.ar\/index.php?rest_route=%2Fwp%2Fv2%2Ftags&post=73040"}],"curies":[{"name":"wp","href":"https:\/\/api.w.org\/{rel}","templated":true}]}}