{"id":73051,"date":"2025-05-10T14:37:09","date_gmt":"2025-05-10T14:37:09","guid":{"rendered":"https:\/\/www.ecoitaliano.com.ar\/?p=73051"},"modified":"2025-05-10T14:37:09","modified_gmt":"2025-05-10T14:37:09","slug":"serena-conduce-operaclassica-eco-italiano-4318","status":"publish","type":"post","link":"https:\/\/www.ecoitaliano.com.ar\/?p=73051","title":{"rendered":"Serena conduce operaclassica eco italiano"},"content":{"rendered":"<div class=\"wp-block-image\">\n<figure class=\"aligncenter size-full\"><a href=\"http:\/\/www.ecoitaliano.com.ar\/wp-content\/uploads\/2025\/05\/ghjk-1.jpg\"><img decoding=\"async\" width=\"244\" height=\"119\" src=\"http:\/\/www.ecoitaliano.com.ar\/wp-content\/uploads\/2025\/05\/ghjk-1.jpg\" alt=\"\" class=\"wp-image-73052\" srcset=\"https:\/\/www.ecoitaliano.com.ar\/wp-content\/uploads\/2025\/05\/ghjk-1.jpg 244w, https:\/\/www.ecoitaliano.com.ar\/wp-content\/uploads\/2025\/05\/ghjk-1-150x73.jpg 150w\" sizes=\"(max-width: 244px) 100vw, 244px\" \/><\/a><\/figure><\/div>\n\n\n<p><br><strong>Comunicato Stampa<\/strong><\/p>\n\n\n\n<p><a><strong>Dialogo tra violini<\/strong><\/a><\/p>\n\n\n\n<p><strong>Il prossimo appuntamento della Stagione di Musica da Camera<\/strong><\/p>\n\n\n\n<p><strong>Teatro di San Carlo<\/strong><\/p>\n\n\n\n<p><strong>Domenica 11 maggio, ore 18.00<\/strong><\/p>\n\n\n\n<p>Si intitola <strong>\u201cDialogo tra violini\u201d<\/strong> il concerto che, <strong>domenica 11 maggio<\/strong> alle ore <strong>18:00<\/strong>, prosegue la <strong>Stagione di Musica da Camera<\/strong> del <strong>Teatro di San Carlo<\/strong>, la rassegna che vede impegnati i Professori d\u2019Orchestra del Lirico di Napoli in diverse formazioni.<\/p>\n\n\n\n<p>Protagonisti di questo appuntamento saranno <strong>Gabriele Pieranunzi<\/strong> e <strong>Giuseppe Carotenuto<\/strong> ai violini con <strong>Alexandra Brucher<\/strong> al pianoforte.<\/p>\n\n\n\n<p>Il programma apre con i <strong>\u201cCinque pezzi\u201d<\/strong> di <strong>Dmitrij \u0160ostakovi\u010d<\/strong>, una raccolta che nasce grazie alle trascrizioni realizzate da Levon Atovm\u2019jan e in cui, di \u0160ostakovi\u010d, confluiscono i pi\u00f9 disparati volti. Segue la <strong>Suite op. 71<\/strong> di <strong>Moritz Moszkowski<\/strong>, pagina di brillante virtuosismo. E ancora, i <strong>\u201cSei duetti\u201d<\/strong> di <strong>Robert Schumann<\/strong> nella trascrizione firmata da <strong>Alfredo D\u2019Ambrosio<\/strong>. Suggestioni iberiche in chiusura di concerto con la <strong>\u201cNavarra\u201d, op. 33<\/strong> di <strong>Pablo de Sarasate<\/strong>.<\/p>\n\n\n\n<p><strong><em>Con gentile preghiera di pubblicazione e\/o diffusione<\/em><\/strong><\/p>\n\n\n\n<p><strong>Rossana Russo<\/strong>,<\/p>\n\n\n\n<p>Responsabile della comunicazione creativa e strategica e relazioni con la Stampa<\/p>\n\n\n\n<p><a href=\"mailto:r.russo@teatrosancarlo.it\">r.russo@teatrosancarlo.it<\/a><\/p>\n\n\n\n<p>cell 3357431980<\/p>\n\n\n\n<p><strong>Dipartimento Ricerca, Editoria e Comunicazione<\/strong>,<\/p>\n\n\n\n<p><a href=\"mailto:dipartimentocomunicazione@teatrosancarlo.it\">dipartimentocomunicazione@teatrosancarlo.it<\/a><\/p>\n\n\n\n<p>0817972301<\/p>\n\n\n\n<p>\/ Musica da Camera<\/p>\n\n\n\n<p>11 Maggio 2025<\/p>\n\n\n\n<p><strong>Dialogo tra violini<\/strong><\/p>\n\n\n\n<p>Violino I | <strong>Gabriele Pieranunzi<\/strong><strong>\u266e\u266e<\/strong><\/p>\n\n\n\n<p>Violino II | <strong>Giuseppe Carotenuto<\/strong><strong>\u266e\u266e<\/strong><\/p>\n\n\n\n<p>Pianoforte | <strong>Alexandra Brucher<\/strong><\/p>\n\n\n\n<p><strong>Programma<\/strong><\/p>\n\n\n\n<p><strong>Dmitrij Dmitrievi\u010d \u0160ostak\u00f3vi\u010d<\/strong>, Cinque pezzi per due violini e pianoforte<\/p>\n\n\n\n<p><strong>Moritz Moszkowski<\/strong>, Suite per due violini e pianoforte, op. 71<\/p>\n\n\n\n<p><strong>Robert Schumann<\/strong>, Sei duetti per due violini (trascrizione A. D\u2019Ambrosio)<\/p>\n\n\n\n<p><strong>Pablo de Sarasate<\/strong>, Navarra per due violini e pianoforte, op. 33<\/p>\n\n\n\n<p>\u266e\u266e Professori d\u2019Orchestra del Teatro di San Carlo<\/p>\n\n\n\n<p>Teatro di San Carlo | MUSICA DA CAMERA<\/p>\n\n\n\n<p>domenica 11 maggio 2025, ore 18:00 \u2013 MUSICA DA CAMERA \u2013 IX<\/p>\n\n\n\n<p>Durata: 1 ora circa, senza intervallo<\/p>\n","protected":false},"excerpt":{"rendered":"<p>Comunicato Stampa Dialogo tra violini Il prossimo appuntamento della Stagione di Musica da Camera Teatro di San Carlo Domenica 11 [&hellip;]<\/p>\n","protected":false},"author":1,"featured_media":0,"comment_status":"open","ping_status":"open","sticky":false,"template":"","format":"standard","meta":{"footnotes":""},"categories":[1],"tags":[],"class_list":["post-73051","post","type-post","status-publish","format-standard","hentry","category-sin-categoria"],"_links":{"self":[{"href":"https:\/\/www.ecoitaliano.com.ar\/index.php?rest_route=\/wp\/v2\/posts\/73051","targetHints":{"allow":["GET"]}}],"collection":[{"href":"https:\/\/www.ecoitaliano.com.ar\/index.php?rest_route=\/wp\/v2\/posts"}],"about":[{"href":"https:\/\/www.ecoitaliano.com.ar\/index.php?rest_route=\/wp\/v2\/types\/post"}],"author":[{"embeddable":true,"href":"https:\/\/www.ecoitaliano.com.ar\/index.php?rest_route=\/wp\/v2\/users\/1"}],"replies":[{"embeddable":true,"href":"https:\/\/www.ecoitaliano.com.ar\/index.php?rest_route=%2Fwp%2Fv2%2Fcomments&post=73051"}],"version-history":[{"count":1,"href":"https:\/\/www.ecoitaliano.com.ar\/index.php?rest_route=\/wp\/v2\/posts\/73051\/revisions"}],"predecessor-version":[{"id":73053,"href":"https:\/\/www.ecoitaliano.com.ar\/index.php?rest_route=\/wp\/v2\/posts\/73051\/revisions\/73053"}],"wp:attachment":[{"href":"https:\/\/www.ecoitaliano.com.ar\/index.php?rest_route=%2Fwp%2Fv2%2Fmedia&parent=73051"}],"wp:term":[{"taxonomy":"category","embeddable":true,"href":"https:\/\/www.ecoitaliano.com.ar\/index.php?rest_route=%2Fwp%2Fv2%2Fcategories&post=73051"},{"taxonomy":"post_tag","embeddable":true,"href":"https:\/\/www.ecoitaliano.com.ar\/index.php?rest_route=%2Fwp%2Fv2%2Ftags&post=73051"}],"curies":[{"name":"wp","href":"https:\/\/api.w.org\/{rel}","templated":true}]}}