{"id":73072,"date":"2025-05-10T14:50:50","date_gmt":"2025-05-10T14:50:50","guid":{"rendered":"https:\/\/www.ecoitaliano.com.ar\/?p=73072"},"modified":"2025-05-10T14:50:50","modified_gmt":"2025-05-10T14:50:50","slug":"serena-conduce-operaclassica-eco-italiano-4321","status":"publish","type":"post","link":"https:\/\/www.ecoitaliano.com.ar\/?p=73072","title":{"rendered":"Serena conduce operaclassica eco italiano"},"content":{"rendered":"<div class=\"wp-block-image\">\n<figure class=\"aligncenter size-large is-resized\"><a href=\"http:\/\/www.ecoitaliano.com.ar\/wp-content\/uploads\/2025\/05\/TRP-24-Marchio-Teatro-Regio-Parma_Blu.png\"><img decoding=\"async\" width=\"1024\" height=\"724\" src=\"http:\/\/www.ecoitaliano.com.ar\/wp-content\/uploads\/2025\/05\/TRP-24-Marchio-Teatro-Regio-Parma_Blu-1024x724.png\" alt=\"\" class=\"wp-image-73073\" style=\"width:230px;height:auto\" srcset=\"https:\/\/www.ecoitaliano.com.ar\/wp-content\/uploads\/2025\/05\/TRP-24-Marchio-Teatro-Regio-Parma_Blu-1024x724.png 1024w, https:\/\/www.ecoitaliano.com.ar\/wp-content\/uploads\/2025\/05\/TRP-24-Marchio-Teatro-Regio-Parma_Blu-300x212.png 300w, https:\/\/www.ecoitaliano.com.ar\/wp-content\/uploads\/2025\/05\/TRP-24-Marchio-Teatro-Regio-Parma_Blu-768x543.png 768w, https:\/\/www.ecoitaliano.com.ar\/wp-content\/uploads\/2025\/05\/TRP-24-Marchio-Teatro-Regio-Parma_Blu-1536x1086.png 1536w, https:\/\/www.ecoitaliano.com.ar\/wp-content\/uploads\/2025\/05\/TRP-24-Marchio-Teatro-Regio-Parma_Blu-2048x1448.png 2048w, https:\/\/www.ecoitaliano.com.ar\/wp-content\/uploads\/2025\/05\/TRP-24-Marchio-Teatro-Regio-Parma_Blu-150x106.png 150w\" sizes=\"(max-width: 1024px) 100vw, 1024px\" \/><\/a><\/figure><\/div>\n\n\n<p><a><strong><em>LA NOSTRA PRIMA<\/em><\/strong><\/a><\/p>\n\n\n\n<p><a>Spettacoli, concerti, incontri, visite guidate,<\/a><\/p>\n\n\n\n<p>mostre, laboratori, proiezioni.<\/p>\n\n\n\n<p>Tra gli appuntamenti, la straordinaria partecipazione del Coro dei detenuti degli Istituti Penitenziari di Parma, preparato da Gabriella Corsaro, che si esibir\u00e0 sul palcoscenico del Regio.<\/p>\n\n\n\n<p>Una giornata di festa all\u2019insegna di <em>inclusione<\/em>, <em>partecipazione<\/em>, <em>integrazione<\/em>, per condividere il lungo percorso che stringe il Teatro Regio di Parma alle oltre 40 associazioni del terzo settore della Citt\u00e0 e della Provincia con le quali il Regio collabora da quasi 10 anni in occasione di<\/p>\n\n\n\n<p>Verdi Off, RegioInsieme, e per i progetti nati dal Manifesto Etico del Teatro Regio di Parma.<\/p>\n\n\n\n<p><strong>Teatro Regio di Parma<\/strong><\/p>\n\n\n\n<p><strong>sabato 10 maggio 2025, dalle ore 15.00<\/strong><\/p>\n\n\n\n<p><strong>ingresso libero<\/strong><\/p>\n\n\n\n<p>Il <strong>Teatro Regio di Parma sabato 10 maggio<\/strong> apre per il secondo anno i suoi spazi alla comunit\u00e0 per offrire con <strong><em>La nostra Prima<\/em><\/strong> <strong>spettacoli<\/strong>, <strong>concerti<\/strong>, <strong>incontri<\/strong>, <strong>visite guidate<\/strong>, <strong>mostre<\/strong>, <strong>laboratori<\/strong>, <strong>proiezioni <\/strong>nati e progettati insieme a oltre 40 associazioni del terzo settore della Citt\u00e0 e della Provincia dedicate ai giovani, impegnate nel sociale e nel volontariato, a sostengno delle persone pi\u00f9 fragili.<\/p>\n\n\n\n<p><strong>Una giornata di festa a ingresso libero<\/strong>, <a>all\u2019insegna di <strong>inclusione<\/strong>, <strong>partecipazione<\/strong>, <strong>integrazione<\/strong><\/a>, per condividere il lungo percorso che stringe il Teatro Regio di Parma alle realt\u00e0 con le quali collabora da quasi dieci anni in occasione di <strong>Verdi Off<\/strong>, <strong>RegioInsieme<\/strong>, e per i progetti nati dal <strong>Manifesto Etico del Teatro Regio di Parma<\/strong>, realizzato dal Teatro insieme a Comune di Parma, \u201cParma, io ci sto!\u201d, Fondazione Cariparma. <strong><em>La nostra Prima<\/em><\/strong> \u00e8 realizzata dal Teatro Regio nell\u2019ambito delle giornate &#8211; 9, 10, 11 maggio &#8211; dedicate al <a href=\"https:\/\/www.comune.parma.it\/it\/novita\/notizie\/le-giornate-del-patto-sociale\"><strong>Patto Sociale del Comune di Parma<\/strong><\/a><strong>,<\/strong> progetto nato come risposta integrata e strutturata ai bisogni complessi della comunit\u00e0, che pone al centro la persona, la coesione sociale e la capacit\u00e0 di fare rete.<\/p>\n\n\n\n<p><strong><em>La nostra Prima<\/em><\/strong> si aprir\u00e0 con un <strong>appuntamento straordinario<\/strong>: <strong>alle ore 15.00 <\/strong><a>il <strong>Coro dei detenuti degli Istituti Penitenziari di Parma <\/strong>preparato da<strong> Gabriella Corsaro <\/strong>si esibir\u00e0 <strong>al<\/strong> <strong>Teatro Regio di Parma<\/strong> in celebri arie di Giuseppe Verdi, Giacomo Puccini e Gaetano Donizetti. La presenza, per la prima volta in Italia, di un coro di detenuti che si esibisce in un repertorio lirico \u00e8 resa possibile grazie alla sinergia tra <strong>Teatro Regio di Parma<\/strong>, <strong>Istituti Penitenziari di Parma<\/strong>, <strong>Polizia Penitenziaria<\/strong>, <strong>Magistratura<\/strong>, <strong>Comune di Parma.<\/strong> Protagonisti sul palcoscenico del Regio <strong>18 artisti detenuti<\/strong>, tra i 27 che partecipano ai laboratori corali, insieme a <strong>Sandu Nagy<\/strong> primo flauto della Filarmonica Arturo Toscanini e a <strong>Milo Martani<\/strong> al pianoforte. Al progetto <em>Opera in carcere<\/em> del Teatro Regio di Parma \u00e8 stato assegnato nel 2024 il prestigioso <strong>Premio \u201cFilippo Siebaneck\u201d del 43\u00b0 Premio Abbiati<\/strong> assegnato dall\u2019<strong>Associazione Nazionale Critici Musicali<\/strong> per aver fatto \u201cdell&#8217;opera un veicolo di coinvolgimento civico ed emotivo, di incontro, riscatto, riscoperta di s\u00e9 e del prossimo\u201d.<\/a><\/p>\n\n\n\n<p><strong>A seguire alle ore 15.30 nel Foyer Arturo Toscanini, Citt\u00e0 in CAA (Comunicazione Aumentativa e Alternativa)<\/strong>, un progetto di comunicazione urbana inclusiva che mira a rimuovere le barriere comunicative e a promuovere l\u2019autonomia delle persone con bisogni comunicativi complessi. Nell\u2019ambito del Teatro Regio di Parma, il progetto prevede la realizzazione di segnaletica e materiali di supporto accessibili, utilizzando i simboli della Comunicazione Aumentativa e Alternativa (CAA). L\u2019obiettivo \u00e8 facilitare la comprensione e la fruizione degli spazi e delle attivit\u00e0 teatrali da parte di persone con difficolt\u00e0 nell\u2019uso del linguaggio verbale. I materiali permetteranno agli utenti di prepararsi all\u2019esperienza teatrale, orientarsi negli ambienti e accedere al lessico specifico del teatro, migliorando cos\u00ec la loro partecipazione e inclusione culturale. Il progetto contribuisce a rendere il teatro un luogo pi\u00f9 accogliente, accessibile e aperto a tutti. In collaborazione con Fare Leggere tutti.<\/p>\n\n\n\n<p><strong>Alle 15.30 nelle Sale del Ridotto<\/strong>, la Legacoop Emilia Ovest promuove<\/p>\n\n\n\n<p><strong>Go Young &#8211; Connessioni cooperative tra generazioni, <\/strong>un evento\/dibattito con un format innovativo: lo spazio sar\u00e0 allestito come un ring delimitato da due palchi e da due file laterali per gli spettatori. Al centro dell\u2019arena, i conduttori<\/p>\n\n\n\n<p>stimoleranno il confronto tra i relatori e il pubblico. Focus delle testimonianze sar\u00e0 il mondo dei giovani in tutte le sue sfaccettature: dalle difficolt\u00e0 ai sogni. Interverranno rappresentati del mondo cooperativo, istituzioni, scuole e universit\u00e0, studenti e volontari del servizio civile, con l&#8217;accompagnamento musicale del progetto \u00abSportpercussion\u00bb.<\/p>\n\n\n\n<p><strong>Alle 15.30 nella Sala Tebaldi del Ridotto<\/strong> l\u2019Associazione <strong>Parmawelfare<\/strong> presenta proiezioni e materiali dell\u2019attivit\u00e0 orientata lungo due strade:&nbsp;facilitare l\u2019accesso, l\u2019accompagnamento e l\u2019utilizzo delle opportunit\u00e0 gi\u00e0 presenti sul territorio e sviluppare modalit\u00e0 complementari soprattutto legate alla relazione, al supporto e alla prossimit\u00e0, che consentano alle persone di non vivere momenti difficili della vita in solitudine.<\/p>\n\n\n\n<p><strong>Alle 16.30 e 17.30 nella Sala Tebaldi del Ridotto<\/strong> Pato Valderrama e Migrantour Parma presentano <strong>Inclowntro<\/strong>, performance sul tema comunit\u00e0 e salute: uno \u201cstarnuto teatrale\u201d, ovvero l\u2019incontro tra una persona che cerca di stare bene ed altre persone, sollever\u00e0 sorrisi e riflessioni.<\/p>\n\n\n\n<p><strong>Alle 15.30 nella Sala Negri del Ridotto<\/strong> la Scuola di Edith gestita da Eid\u00e8 Soc.Coop. Sociale \u2013 ONLUS presenta il laboratorio <strong>Il piccolo Mozart<\/strong>, per bambini e bambine fra i 6 ed i 10 anni, nel quale verr\u00e0 raccontata la vita del compositore e i piccoli scopriranno i personaggi celebri delle sue opere, potranno creare suoni con strumenti musicali (strumentario Orff), imparando ad ascoltare la diversit\u00e0 dei suoni e accompagnando le sue melodie pi\u00f9 celebri.<\/p>\n\n\n\n<p><strong>Dalle 15.30 nei Fornici del Teatro<\/strong> spazio ai Centri Giovani di Parma gestiti da Colser Aurora Domus. Avr\u00e0 luogo un <strong>live painting<\/strong> e saranno esposti i pannelli ispirati alle opere della stagione lirica 2025 e creati dai giovani artisti coordinati da Alessandro Canu e da Sara Vincenzi nei laboratori creativi realizzati presso Il Punto, Hub Creativo in Piazza Garibaldi.<\/p>\n\n\n\n<p><strong>Alle ore 15.30 nelle Sale Ridotto<\/strong> la Cooperativa Insieme presenta la <strong>mostra interattiva Qualit\u00e0 di Vita, Valori e Opportunit\u00e0<\/strong>. Ciascuno potr\u00e0 condividere i propri pensieri e le proprie esperienze su temi diversi ed essenziali presentati da un coordinatore che coinvolger\u00e0 il pubblico.<\/p>\n\n\n\n<p>Il Teatro Regio aderisce al progetto \u201c<strong>Imprese Aperte<\/strong>\u201d, ideato e realizzato da Unione Parmense degli Industriali insieme a \u201cParma, io ci sto!\u201d, in collaborazione con l\u2019ente di formazione Cisita Parma e il patrocinio di Comune, che promuove le aziende e le istituzioni come attori sociali sul territorio e come luoghi di produzione di cultura. I cittadini potranno <a href=\"https:\/\/www.eventbrite.it\/o\/imprese-aperte-parma-55433234293\">prenotare la propria speciale visita guidata<\/a> che avr\u00e0 luogo <strong>a partire dalle ore 10.00<\/strong>.<\/p>\n\n\n\n<p><strong>IL MANIFESTO ETICO DEL TEATRO REGIO DI PARMA<\/strong><\/p>\n\n\n\n<p>Il Teatro Regio di Parma, insieme al Comune di Parma, all\u2019associazione \u201cParma, io ci sto!\u201d e a Fondazione Cariparma, ha elaborato il Manifesto Etico, un progetto di impegno sociale proposto agli artisti del Festival Verdi, di Verdi Off e della Stagione Lirica che vede il Teatro Regio riconoscere e strutturare, in una proposta ampia e articolata, la necessit\u00e0 di andare oltre la propria missione, per abbracciare i giovani, le comunit\u00e0 pi\u00f9 sensibili, fragili e periferiche, per coinvolgerle e farle sentire al centro, nel cuore della vita culturale della citt\u00e0.<\/p>\n\n\n\n<p>Sottoscrivendo il Manifesto Etico, gli artisti (cantanti, registi, scenografi, direttori d\u2019orchestra, coreografi\u2026) si impegnano a donare il proprio tempo in occasioni di incontro e dialogo facendo sentire la musica, il teatro, l\u2019arte pi\u00f9 vicini al cuore di ciascuno. Nelle rsa, negli istituti carcerari, negli ospedali e nelle case di cura, con i bambini, con i ciechi e gli ipovedenti, con le donne vittime di violenza, con i migranti, con coloro che soffrono o che si sono ritrovati improvvisamente ai margini, con le realt\u00e0 giovanili e di formazione, nelle associazioni culturali e nei gruppi universitari, secondo un calendario di appuntamenti distribuiti durante il periodo che li vede presenti nel nostro territorio.<\/p>\n\n\n\n<p><strong>PARTNER E SPONSOR<\/strong><\/p>\n\n\n\n<p><em>La Stagione del Teatro Regio di Parma e il Festival Verdi sono realizzati grazie al contributo di<\/em> Comune di Parma, Ministero della Cultura, Reggio Parma Festival, Regione Emilia-Romagna. <em>Major partner <\/em>Fondazione Cariparma. <em>Main<\/em> <em>partner <\/em>Chiesi. <em>Cultural partner <\/em>Cr\u00e9dit Agricole. <em>Media partner<\/em> Mediaset Publitalia \u201980. <em>Main sponsor <\/em>Iren, Barilla. <em>Sponsor <\/em>Agugiaro e Figna, CePIM, Dallara, Mutti, Upi, Grasselli, Parmacotto, Opem, GHC, Poliambulatorio Dalla Rosa Prati, Drill Pac, Rainieri, GloveICT, Amoretti. <em>Sostenitori<\/em> Colser, Delicius, Sicim, La Giovane, Cavalca linea ufficio <em>Security partner <\/em>Metronotte. <em>Educational partner<\/em> Parmalat. <em>Wine partner <\/em>Oinoe. <em>Mobility partner <\/em>Tep. <em>Radio Ufficiale<\/em> Radio Monte Carlo. <em>Fair Play partner<\/em> Zebre.<em> Con il contributo di <\/em>Ascom Confcommercio Parma Fondazione, Ascom Parma Confcommercio, Camera di Commercio dell\u2019Emilia, Fondazione Monteparma. <em>Legal counselling <\/em>Villa&amp;Partners <em>Digital Counseling<\/em> Unsocials, <em>Tour operator Partner<\/em> Parma Incoming <em>Con il supporto di<\/em> \u201cParma, io ci sto!\u201d. <em>Sostenitori tecnici<\/em> De Simoni, Teamwork, Graphital, Milosped. <em>Partner artistici e istituzionali <\/em>Casa della Musica, Coro del Teatro Regio di Parma, Conservatorio \u201cArrigo Boito\u201d, Societ\u00e0 dei Concerti di Parma, Fondazione Teatro Comunale di Bologna, La Toscanini. <em>La Stagione Concertistica del Teatro Regio di Parma \u00e8 realizzata dalla Societ\u00e0 dei Concerti di Parma grazie al supporto di<\/em> Comune di Parma, Regione Emilia-Romagna, Ministero della Cultura, Sinapsi Group, Chiesi Group. <em>Il Teatro Regio di Parma aderisce a <\/em>Fedora, Opera Europa, Operavision, Emilia taste, nature, culture.<\/p>\n\n\n\n<p>Parma, 9 maggio 2025<\/p>\n\n\n\n<p>Paolo Maier <em>Responsabile Comunicazione istituzionale, Ufficio Stampa, Archivio<\/em><\/p>\n\n\n\n<p>Teatro Regio di Parma strada Garibaldi, 16\/A, 43121 Parma \u2013 Italia<\/p>\n\n\n\n<p>Tel. +39 0521 203969&nbsp; |&nbsp; p.maier@teatroregioparma.it &nbsp;|&nbsp; stampa@teatroregioparma.it<\/p>\n\n\n\n<p>www.teatroregioparma.it<\/p>\n\n\n\n<p><a href=\"http:\/\/www.facebook.com\/teatroregioparma\"><\/a>&nbsp; &nbsp; &nbsp;<br><\/p>\n\n\n\n<p><strong>Teatro Regio di Parma<\/strong><\/p>\n\n\n\n<p><strong>10 maggio 2025<\/strong><\/p>\n\n\n\n<p><strong>ingresso libero<\/strong><\/p>\n\n\n\n<p><strong><em>LA NOSTRA PRIMA<\/em><\/strong><\/p>\n\n\n\n<p><strong>ore 15.00 Teatro Regio di Parma<\/strong><\/p>\n\n\n\n<p><strong>Concerto Coro dell\u2019Opera in carcere<\/strong><\/p>\n\n\n\n<p>Maestro del coro &#8211; Gabriella Corsaro<\/p>\n\n\n\n<p>Flauto solista &#8211; Sandu Nagy<\/p>\n\n\n\n<p>Artisti del Coro degli Istituti Penitenziari di Parma<\/p>\n\n\n\n<p>Arie di Giuseppe Verdi, Giacomo Puccini e Gaetano Donizetti<\/p>\n\n\n\n<p><strong>ore 15.30 \u2013 Foyer Arturo Toscanini<\/strong><\/p>\n\n\n\n<p><strong>Citt\u00e0 in CAA (Comunicazione Aumentativa e Alternativa)<\/strong><\/p>\n\n\n\n<p><a>In collaborazione con Fare Leggere tutti.<\/a><\/p>\n\n\n\n<p><a><strong>ore 15.30 \u2013 Sale del Ridotto<\/strong><\/a><\/p>\n\n\n\n<p><strong>\u201cGo Young\u201d &#8211;&nbsp; Connessioni cooperative tra generazioni<\/strong><\/p>\n\n\n\n<p>Legacoop Emilia Ovest<\/p>\n\n\n\n<p><strong>ore 15.30 \u2013 Sala Tebaldi del Ridotto<\/strong><\/p>\n\n\n\n<p><a>Parmawelfare<\/a><\/p>\n\n\n\n<p><strong>ore 16.30 e ore 17.30 Ridotto, Sala Tebaldi<\/strong><\/p>\n\n\n\n<p><strong>Inclowntro Starnuto teatrale<\/strong><\/p>\n\n\n\n<p>Pato Valderrama &#8211; Migrantour Parma.<\/p>\n\n\n\n<p><strong>ore 15.30 Ridotto, Sala Negri<\/strong><\/p>\n\n\n\n<p><strong>Il piccolo Mozart<\/strong><\/p>\n\n\n\n<p>Laboratorio per bambini e bambine fra i 6 ed i 10 anni<\/p>\n\n\n\n<p><a><strong>ore 15.30 Fornici del Teatro Regio<\/strong><\/a><\/p>\n\n\n\n<p><strong>Mostra e Live painting a cura dei Centri Giovani di Parma<\/strong><\/p>\n\n\n\n<p>Con il coordinamento di Alessandro Canu, Sara Vincenzi<\/p>\n\n\n\n<p><strong>ore 15.30 Sale Ridotto<\/strong><\/p>\n\n\n\n<p>Cooperativa Insieme<\/p>\n\n\n\n<p><strong>Paolo Maier<\/strong><br>Responsabile Comunicazione istituzionale,<\/p>\n\n\n\n<p>Ufficio Stampa, Archivio<br><br>Tel. +39 (0)521 203969 &#8211; 203982<br><a href=\"mailto:p.maier@teatroregioparma.it\">p.maier@teatroregioparma.it<\/a><br><a href=\"mailto:stampa@teatroregioparma.it\">stampa@teatroregioparma.it<\/a><br><br>Teatro Regio di Parma<br>strada Giuseppe Garibaldi, 16\/A<br>43121 Parma \u2013 Italia<br>Tel. +39 (0)521 203911<\/p>\n\n\n\n<p>teatroregioparma.it<\/p>\n","protected":false},"excerpt":{"rendered":"<p>LA NOSTRA PRIMA Spettacoli, concerti, incontri, visite guidate, mostre, laboratori, proiezioni. Tra gli appuntamenti, la straordinaria partecipazione del Coro dei [&hellip;]<\/p>\n","protected":false},"author":1,"featured_media":0,"comment_status":"open","ping_status":"open","sticky":false,"template":"","format":"standard","meta":{"footnotes":""},"categories":[1],"tags":[],"class_list":["post-73072","post","type-post","status-publish","format-standard","hentry","category-sin-categoria"],"_links":{"self":[{"href":"https:\/\/www.ecoitaliano.com.ar\/index.php?rest_route=\/wp\/v2\/posts\/73072","targetHints":{"allow":["GET"]}}],"collection":[{"href":"https:\/\/www.ecoitaliano.com.ar\/index.php?rest_route=\/wp\/v2\/posts"}],"about":[{"href":"https:\/\/www.ecoitaliano.com.ar\/index.php?rest_route=\/wp\/v2\/types\/post"}],"author":[{"embeddable":true,"href":"https:\/\/www.ecoitaliano.com.ar\/index.php?rest_route=\/wp\/v2\/users\/1"}],"replies":[{"embeddable":true,"href":"https:\/\/www.ecoitaliano.com.ar\/index.php?rest_route=%2Fwp%2Fv2%2Fcomments&post=73072"}],"version-history":[{"count":1,"href":"https:\/\/www.ecoitaliano.com.ar\/index.php?rest_route=\/wp\/v2\/posts\/73072\/revisions"}],"predecessor-version":[{"id":73074,"href":"https:\/\/www.ecoitaliano.com.ar\/index.php?rest_route=\/wp\/v2\/posts\/73072\/revisions\/73074"}],"wp:attachment":[{"href":"https:\/\/www.ecoitaliano.com.ar\/index.php?rest_route=%2Fwp%2Fv2%2Fmedia&parent=73072"}],"wp:term":[{"taxonomy":"category","embeddable":true,"href":"https:\/\/www.ecoitaliano.com.ar\/index.php?rest_route=%2Fwp%2Fv2%2Fcategories&post=73072"},{"taxonomy":"post_tag","embeddable":true,"href":"https:\/\/www.ecoitaliano.com.ar\/index.php?rest_route=%2Fwp%2Fv2%2Ftags&post=73072"}],"curies":[{"name":"wp","href":"https:\/\/api.w.org\/{rel}","templated":true}]}}